{"id":132940,"date":"2015-08-08T13:22:33","date_gmt":"2015-08-08T11:22:33","guid":{"rendered":"https:\/\/sandzakpress.net\/arhiva\/?p=132940"},"modified":"2015-08-08T13:22:33","modified_gmt":"2015-08-08T11:22:33","slug":"dacic-zasto-hapsiti-seselja-kad-je-thompson-slobodan","status":"publish","type":"post","link":"https:\/\/sandzakpress.net\/arhiva\/dacic-zasto-hapsiti-seselja-kad-je-thompson-slobodan\/","title":{"rendered":"Da\u010di\u0107: Za\u0161to hapsiti \u0160e\u0161elja, kad je Thompson slobodan"},"content":{"rendered":"<p><img decoding=\"async\" src=\"http:\/\/balkans.aljazeera.net\/sites\/staff.balkans.aljazeera.com\/files\/styles\/aljazeera_article_main_image\/public\/ivica_dacic_afp_main.jpg?itok=LMOOQUv0\" alt=\"Ivica Da\u010di\u0107\" \/><\/p>\n<p><strong>Srbija &#8211; \u0160ef diplomatije Srbije Ivica Da\u010di\u0107 poru\u010dio je da ne vidi za\u0161to bi Srbija hapsila lidera radikala Vojislava \u0160e\u0161elja zbog paljenja zastave Hrvatske kada hrvatskim zvani\u010dnicima ne pada na pamet da uhapse pjeva\u010da Marka Perkovi\u0107a Thompsona, koji je tokom proslave godi\u0161njice hrvatske vojno-policijske akcije &#8220;Oluja&#8221; u Kninu, kako tvrdi, otvoreno pokazivao usta\u0161ke i fa\u0161isti\u010dke simbole.<\/strong><\/p>\n<p>&#8220;Nisam primetio da je vlastima u Hrvatskoj palo na pamet da uhapse peva\u010da Thompsona, koji je otvoreno pozivao na usta\u0161tvo fa\u0161isti\u010dkim porukama. Neka oni srede svoje dvori\u0161te, a ne nama da tra\u017ee da hapsimo \u0160e\u0161elja&#8221;, rekao je Da\u010di\u0107 u intervjuu listu Kurir.<\/p>\n<p>&#8220;Srbija po\u0161tuje svoje zakone, Kao \u0161to smo ve\u0107 u protestnoj noti rekli, potez tokom obele\u017eavanja &#8216;Oluje&#8217; u Hrvatskoj je necivilizacijski i suprotan antifa\u0161isti\u010dkoj tradiciji i EU&#8221;, istakao je Da\u010di\u0107.<\/p>\n<p>Ministarstvo vanjskih i europskih poslova Hrvatske je, dan nakon obilje\u017eavanje godi\u0161njice &#8220;Oluje&#8221;, uputilo Srbiji protestnu notu zbog paljenja hrvatske zastave u Beogradu.<\/p>\n<p><strong>Razmjena protestnih nota<\/strong><\/p>\n<p>Istog dana Ministarstvo vanjskih posla Srbije uru\u010dilo je protestnu notu Hrvatskoj zbog, kako je navedeno, uzvikivanja parola tokom proslave &#8220;Oluje&#8221; koje su poziv na lin\u010d i uni\u0161tenje Srba, navode\u0107i neke od njih: &#8220;Ubij, ubij Srbina&#8221;, &#8220;Za dom &#8211; spremni&#8221; i &#8220;Mi Hrvati ne pijemo vina, pijemo krv \u010detnika iz Knina&#8221;.<\/p>\n<p>Iako Da\u010di\u0107 ka\u017ee da je Srbija do sada Hrvatskoj uputila vi\u0161e od 150 protestnih nota, sagovornici Kurira tvrde da &#8220;diplomatska razmena paljbe ne\u0107e imati znatnije posljedice&#8221;.<\/p>\n<p>&#8220;To je uobi\u010dajen na\u010din diplomatske korespondencije. Protestnih nota je uvek bilo mnogo. U aktuelnom slu\u010daju to je zvani\u010dno nezadovoljstvo na\u0161e vlade pona\u0161anjem zvani\u010dne Hrvatske, ali samo uru\u010divanje note ne\u0107e imati znatnije posledice, na ovaj na\u010din se jednostavno izneo zvani\u010dan stav&#8221;, ka\u017ee Borislav Stefanovi\u0107, \u0161ef poslani\u010dke grupe Demokratske stranke.<\/p>\n<p>Hrvatska je u svojoj protestnoj noti reagirala i na izjave predsjednika Srbije.<\/p>\n<p>\u201eIzjave Tomislava Nikoli\u0107a da Hrvatska &#8216;Olujom&#8217; slavi pobjedu i dan kad je obnovljena dr\u017eava koja je ostala od Paveli\u0107a, a bila priznata jedino od Hitlera, smatramo u potpunosti neto\u010dnim te uvredljivim, nedopustivim i neodgovornim\u201c, naveli su.<\/p>\n<p>Izvor: Agencije<\/p>\n","protected":false},"excerpt":{"rendered":"<p>Srbija &#8211; \u0160ef diplomatije Srbije Ivica Da\u010di\u0107 poru\u010dio je da ne vidi za\u0161to bi Srbija hapsila lidera radikala Vojislava \u0160e\u0161elja zbog paljenja zastave Hrvatske kada hrvatskim zvani\u010dnicima ne pada na pamet da uhapse pjeva\u010da Marka Perkovi\u0107a Thompsona, koji je tokom proslave godi\u0161njice hrvatske vojno-policijske akcije &#8220;Oluja&#8221; u Kninu, kako tvrdi, otvoreno pokazivao usta\u0161ke i fa\u0161isti\u010dke [&hellip;]<\/p>\n","protected":false},"author":83,"featured_media":132941,"comment_status":"open","ping_status":"open","sticky":false,"template":"","format":"standard","meta":{"footnotes":""},"categories":[1,10307,10306,10429],"tags":[],"class_list":{"0":"post-132940","1":"post","2":"type-post","3":"status-publish","4":"format-standard","5":"has-post-thumbnail","7":"category-politika","8":"category-srbija","9":"category-hrvatska","10":"category-vazno"},"yoast_head":"<!-- This site is optimized with the Yoast SEO Premium plugin v23.1 (Yoast SEO v24.9) - https:\/\/yoast.com\/wordpress\/plugins\/seo\/ -->\n<title>Da\u010di\u0107: Za\u0161to hapsiti \u0160e\u0161elja, kad je Thompson slobodan<\/title>\n<meta name=\"robots\" content=\"index, follow, max-snippet:-1, max-image-preview:large, max-video-preview:-1\" \/>\n<link rel=\"canonical\" href=\"https:\/\/sandzakpress.net\/arhiva\/dacic-zasto-hapsiti-seselja-kad-je-thompson-slobodan\/\" \/>\n<meta property=\"og:locale\" content=\"bs_BA\" \/>\n<meta property=\"og:type\" content=\"article\" \/>\n<meta property=\"og:title\" content=\"Da\u010di\u0107: Za\u0161to hapsiti \u0160e\u0161elja, kad je Thompson slobodan\" \/>\n<meta property=\"og:description\" content=\"Srbija &#8211; \u0160ef diplomatije Srbije Ivica Da\u010di\u0107 poru\u010dio je da ne vidi za\u0161to bi Srbija hapsila lidera radikala Vojislava \u0160e\u0161elja zbog paljenja zastave Hrvatske kada hrvatskim zvani\u010dnicima ne pada na pamet da uhapse pjeva\u010da Marka Perkovi\u0107a Thompsona, koji je tokom proslave godi\u0161njice hrvatske vojno-policijske akcije &#8220;Oluja&#8221; u Kninu, kako tvrdi, otvoreno pokazivao usta\u0161ke i fa\u0161isti\u010dke [&hellip;]\" \/>\n<meta property=\"og:url\" content=\"https:\/\/sandzakpress.net\/arhiva\/dacic-zasto-hapsiti-seselja-kad-je-thompson-slobodan\/\" \/>\n<meta property=\"og:site_name\" content=\"Sand\u017eak PRESS\" \/>\n<meta property=\"article:published_time\" content=\"2015-08-08T11:22:33+00:00\" \/>\n<meta property=\"og:image\" content=\"https:\/\/sandzakpress.net\/arhiva\/wp-content\/uploads\/2015\/08\/ivica_dacic_afp_main.jpg\" \/>\n\t<meta property=\"og:image:width\" content=\"900\" \/>\n\t<meta property=\"og:image:height\" content=\"600\" \/>\n\t<meta property=\"og:image:type\" content=\"image\/jpeg\" \/>\n<meta name=\"author\" content=\"bosniak\" \/>\n<meta name=\"twitter:card\" content=\"summary_large_image\" \/>\n<meta name=\"twitter:label1\" content=\"Written by\" \/>\n\t<meta name=\"twitter:data1\" content=\"bosniak\" \/>\n\t<meta name=\"twitter:label2\" content=\"Est. reading time\" \/>\n\t<meta name=\"twitter:data2\" content=\"2 minute\" \/>\n<script type=\"application\/ld+json\" class=\"yoast-schema-graph\">{\"@context\":\"https:\/\/schema.org\",\"@graph\":[{\"@type\":\"Article\",\"@id\":\"https:\/\/sandzakpress.net\/arhiva\/dacic-zasto-hapsiti-seselja-kad-je-thompson-slobodan\/#article\",\"isPartOf\":{\"@id\":\"https:\/\/sandzakpress.net\/arhiva\/dacic-zasto-hapsiti-seselja-kad-je-thompson-slobodan\/\"},\"author\":{\"name\":\"bosniak\",\"@id\":\"https:\/\/sandzakpress.net\/arhiva\/#\/schema\/person\/c8baee722073534b583ea7bdb2e36c02\"},\"headline\":\"Da\u010di\u0107: Za\u0161to hapsiti \u0160e\u0161elja, kad je Thompson slobodan\",\"datePublished\":\"2015-08-08T11:22:33+00:00\",\"mainEntityOfPage\":{\"@id\":\"https:\/\/sandzakpress.net\/arhiva\/dacic-zasto-hapsiti-seselja-kad-je-thompson-slobodan\/\"},\"wordCount\":386,\"commentCount\":110,\"publisher\":{\"@id\":\"https:\/\/sandzakpress.net\/arhiva\/#\/schema\/person\/6e72b67d6e51910a1117b3b483ba20bd\"},\"image\":{\"@id\":\"https:\/\/sandzakpress.net\/arhiva\/dacic-zasto-hapsiti-seselja-kad-je-thompson-slobodan\/#primaryimage\"},\"thumbnailUrl\":\"https:\/\/sandzakpress.net\/arhiva\/wp-content\/uploads\/2015\/08\/ivica_dacic_afp_main.jpg\",\"articleSection\":[\"Politika\",\"Srbija\",\"Hrvatska\",\"VA\u017dNO!\"],\"inLanguage\":\"bs-BA\",\"potentialAction\":[{\"@type\":\"CommentAction\",\"name\":\"Comment\",\"target\":[\"https:\/\/sandzakpress.net\/arhiva\/dacic-zasto-hapsiti-seselja-kad-je-thompson-slobodan\/#respond\"]}]},{\"@type\":\"WebPage\",\"@id\":\"https:\/\/sandzakpress.net\/arhiva\/dacic-zasto-hapsiti-seselja-kad-je-thompson-slobodan\/\",\"url\":\"https:\/\/sandzakpress.net\/arhiva\/dacic-zasto-hapsiti-seselja-kad-je-thompson-slobodan\/\",\"name\":\"Da\u010di\u0107: Za\u0161to hapsiti \u0160e\u0161elja, kad je Thompson slobodan\",\"isPartOf\":{\"@id\":\"https:\/\/sandzakpress.net\/arhiva\/#website\"},\"primaryImageOfPage\":{\"@id\":\"https:\/\/sandzakpress.net\/arhiva\/dacic-zasto-hapsiti-seselja-kad-je-thompson-slobodan\/#primaryimage\"},\"image\":{\"@id\":\"https:\/\/sandzakpress.net\/arhiva\/dacic-zasto-hapsiti-seselja-kad-je-thompson-slobodan\/#primaryimage\"},\"thumbnailUrl\":\"https:\/\/sandzakpress.net\/arhiva\/wp-content\/uploads\/2015\/08\/ivica_dacic_afp_main.jpg\",\"datePublished\":\"2015-08-08T11:22:33+00:00\",\"breadcrumb\":{\"@id\":\"https:\/\/sandzakpress.net\/arhiva\/dacic-zasto-hapsiti-seselja-kad-je-thompson-slobodan\/#breadcrumb\"},\"inLanguage\":\"bs-BA\",\"potentialAction\":[{\"@type\":\"ReadAction\",\"target\":[\"https:\/\/sandzakpress.net\/arhiva\/dacic-zasto-hapsiti-seselja-kad-je-thompson-slobodan\/\"]}]},{\"@type\":\"ImageObject\",\"inLanguage\":\"bs-BA\",\"@id\":\"https:\/\/sandzakpress.net\/arhiva\/dacic-zasto-hapsiti-seselja-kad-je-thompson-slobodan\/#primaryimage\",\"url\":\"https:\/\/sandzakpress.net\/arhiva\/wp-content\/uploads\/2015\/08\/ivica_dacic_afp_main.jpg\",\"contentUrl\":\"https:\/\/sandzakpress.net\/arhiva\/wp-content\/uploads\/2015\/08\/ivica_dacic_afp_main.jpg\",\"width\":900,\"height\":600},{\"@type\":\"BreadcrumbList\",\"@id\":\"https:\/\/sandzakpress.net\/arhiva\/dacic-zasto-hapsiti-seselja-kad-je-thompson-slobodan\/#breadcrumb\",\"itemListElement\":[{\"@type\":\"ListItem\",\"position\":1,\"name\":\"Home\",\"item\":\"https:\/\/sandzakpress.net\/arhiva\/\"},{\"@type\":\"ListItem\",\"position\":2,\"name\":\"Da\u010di\u0107: Za\u0161to hapsiti \u0160e\u0161elja, kad je Thompson slobodan\"}]},{\"@type\":\"WebSite\",\"@id\":\"https:\/\/sandzakpress.net\/arhiva\/#website\",\"url\":\"https:\/\/sandzakpress.net\/arhiva\/\",\"name\":\"Sand\u017eak PRESS\",\"description\":\"Prve elektronske novine u Sand\u017eaku\",\"publisher\":{\"@id\":\"https:\/\/sandzakpress.net\/arhiva\/#\/schema\/person\/6e72b67d6e51910a1117b3b483ba20bd\"},\"potentialAction\":[{\"@type\":\"SearchAction\",\"target\":{\"@type\":\"EntryPoint\",\"urlTemplate\":\"https:\/\/sandzakpress.net\/arhiva\/?s={search_term_string}\"},\"query-input\":{\"@type\":\"PropertyValueSpecification\",\"valueRequired\":true,\"valueName\":\"search_term_string\"}}],\"inLanguage\":\"bs-BA\"},{\"@type\":[\"Person\",\"Organization\"],\"@id\":\"https:\/\/sandzakpress.net\/arhiva\/#\/schema\/person\/6e72b67d6e51910a1117b3b483ba20bd\",\"name\":\"Kul\",\"image\":{\"@type\":\"ImageObject\",\"inLanguage\":\"bs-BA\",\"@id\":\"https:\/\/sandzakpress.net\/arhiva\/#\/schema\/person\/image\/\",\"url\":\"https:\/\/secure.gravatar.com\/avatar\/42263f39aa27ac04c43cab85c280eb2e?s=96&d=mm&r=pg\",\"contentUrl\":\"https:\/\/secure.gravatar.com\/avatar\/42263f39aa27ac04c43cab85c280eb2e?s=96&d=mm&r=pg\",\"caption\":\"Kul\"},\"logo\":{\"@id\":\"https:\/\/sandzakpress.net\/arhiva\/#\/schema\/person\/image\/\"}},{\"@type\":\"Person\",\"@id\":\"https:\/\/sandzakpress.net\/arhiva\/#\/schema\/person\/c8baee722073534b583ea7bdb2e36c02\",\"name\":\"bosniak\",\"image\":{\"@type\":\"ImageObject\",\"inLanguage\":\"bs-BA\",\"@id\":\"https:\/\/sandzakpress.net\/arhiva\/#\/schema\/person\/image\/\",\"url\":\"https:\/\/secure.gravatar.com\/avatar\/a04fd330bfe3a36a72a0ad4a6d89fca7?s=96&d=mm&r=pg\",\"contentUrl\":\"https:\/\/secure.gravatar.com\/avatar\/a04fd330bfe3a36a72a0ad4a6d89fca7?s=96&d=mm&r=pg\",\"caption\":\"bosniak\"},\"url\":\"https:\/\/sandzakpress.net\/arhiva\/author\/bosniak\/\"}]}<\/script>\n<!-- \/ Yoast SEO Premium plugin. -->","yoast_head_json":{"title":"Da\u010di\u0107: Za\u0161to hapsiti \u0160e\u0161elja, kad je Thompson slobodan","robots":{"index":"index","follow":"follow","max-snippet":"max-snippet:-1","max-image-preview":"max-image-preview:large","max-video-preview":"max-video-preview:-1"},"canonical":"https:\/\/sandzakpress.net\/arhiva\/dacic-zasto-hapsiti-seselja-kad-je-thompson-slobodan\/","og_locale":"bs_BA","og_type":"article","og_title":"Da\u010di\u0107: Za\u0161to hapsiti \u0160e\u0161elja, kad je Thompson slobodan","og_description":"Srbija &#8211; \u0160ef diplomatije Srbije Ivica Da\u010di\u0107 poru\u010dio je da ne vidi za\u0161to bi Srbija hapsila lidera radikala Vojislava \u0160e\u0161elja zbog paljenja zastave Hrvatske kada hrvatskim zvani\u010dnicima ne pada na pamet da uhapse pjeva\u010da Marka Perkovi\u0107a Thompsona, koji je tokom proslave godi\u0161njice hrvatske vojno-policijske akcije &#8220;Oluja&#8221; u Kninu, kako tvrdi, otvoreno pokazivao usta\u0161ke i fa\u0161isti\u010dke [&hellip;]","og_url":"https:\/\/sandzakpress.net\/arhiva\/dacic-zasto-hapsiti-seselja-kad-je-thompson-slobodan\/","og_site_name":"Sand\u017eak PRESS","article_published_time":"2015-08-08T11:22:33+00:00","og_image":[{"width":900,"height":600,"url":"https:\/\/sandzakpress.net\/arhiva\/wp-content\/uploads\/2015\/08\/ivica_dacic_afp_main.jpg","type":"image\/jpeg"}],"author":"bosniak","twitter_card":"summary_large_image","twitter_misc":{"Written by":"bosniak","Est. reading time":"2 minute"},"schema":{"@context":"https:\/\/schema.org","@graph":[{"@type":"Article","@id":"https:\/\/sandzakpress.net\/arhiva\/dacic-zasto-hapsiti-seselja-kad-je-thompson-slobodan\/#article","isPartOf":{"@id":"https:\/\/sandzakpress.net\/arhiva\/dacic-zasto-hapsiti-seselja-kad-je-thompson-slobodan\/"},"author":{"name":"bosniak","@id":"https:\/\/sandzakpress.net\/arhiva\/#\/schema\/person\/c8baee722073534b583ea7bdb2e36c02"},"headline":"Da\u010di\u0107: Za\u0161to hapsiti \u0160e\u0161elja, kad je Thompson slobodan","datePublished":"2015-08-08T11:22:33+00:00","mainEntityOfPage":{"@id":"https:\/\/sandzakpress.net\/arhiva\/dacic-zasto-hapsiti-seselja-kad-je-thompson-slobodan\/"},"wordCount":386,"commentCount":110,"publisher":{"@id":"https:\/\/sandzakpress.net\/arhiva\/#\/schema\/person\/6e72b67d6e51910a1117b3b483ba20bd"},"image":{"@id":"https:\/\/sandzakpress.net\/arhiva\/dacic-zasto-hapsiti-seselja-kad-je-thompson-slobodan\/#primaryimage"},"thumbnailUrl":"https:\/\/sandzakpress.net\/arhiva\/wp-content\/uploads\/2015\/08\/ivica_dacic_afp_main.jpg","articleSection":["Politika","Srbija","Hrvatska","VA\u017dNO!"],"inLanguage":"bs-BA","potentialAction":[{"@type":"CommentAction","name":"Comment","target":["https:\/\/sandzakpress.net\/arhiva\/dacic-zasto-hapsiti-seselja-kad-je-thompson-slobodan\/#respond"]}]},{"@type":"WebPage","@id":"https:\/\/sandzakpress.net\/arhiva\/dacic-zasto-hapsiti-seselja-kad-je-thompson-slobodan\/","url":"https:\/\/sandzakpress.net\/arhiva\/dacic-zasto-hapsiti-seselja-kad-je-thompson-slobodan\/","name":"Da\u010di\u0107: Za\u0161to hapsiti \u0160e\u0161elja, kad je Thompson slobodan","isPartOf":{"@id":"https:\/\/sandzakpress.net\/arhiva\/#website"},"primaryImageOfPage":{"@id":"https:\/\/sandzakpress.net\/arhiva\/dacic-zasto-hapsiti-seselja-kad-je-thompson-slobodan\/#primaryimage"},"image":{"@id":"https:\/\/sandzakpress.net\/arhiva\/dacic-zasto-hapsiti-seselja-kad-je-thompson-slobodan\/#primaryimage"},"thumbnailUrl":"https:\/\/sandzakpress.net\/arhiva\/wp-content\/uploads\/2015\/08\/ivica_dacic_afp_main.jpg","datePublished":"2015-08-08T11:22:33+00:00","breadcrumb":{"@id":"https:\/\/sandzakpress.net\/arhiva\/dacic-zasto-hapsiti-seselja-kad-je-thompson-slobodan\/#breadcrumb"},"inLanguage":"bs-BA","potentialAction":[{"@type":"ReadAction","target":["https:\/\/sandzakpress.net\/arhiva\/dacic-zasto-hapsiti-seselja-kad-je-thompson-slobodan\/"]}]},{"@type":"ImageObject","inLanguage":"bs-BA","@id":"https:\/\/sandzakpress.net\/arhiva\/dacic-zasto-hapsiti-seselja-kad-je-thompson-slobodan\/#primaryimage","url":"https:\/\/sandzakpress.net\/arhiva\/wp-content\/uploads\/2015\/08\/ivica_dacic_afp_main.jpg","contentUrl":"https:\/\/sandzakpress.net\/arhiva\/wp-content\/uploads\/2015\/08\/ivica_dacic_afp_main.jpg","width":900,"height":600},{"@type":"BreadcrumbList","@id":"https:\/\/sandzakpress.net\/arhiva\/dacic-zasto-hapsiti-seselja-kad-je-thompson-slobodan\/#breadcrumb","itemListElement":[{"@type":"ListItem","position":1,"name":"Home","item":"https:\/\/sandzakpress.net\/arhiva\/"},{"@type":"ListItem","position":2,"name":"Da\u010di\u0107: Za\u0161to hapsiti \u0160e\u0161elja, kad je Thompson slobodan"}]},{"@type":"WebSite","@id":"https:\/\/sandzakpress.net\/arhiva\/#website","url":"https:\/\/sandzakpress.net\/arhiva\/","name":"Sand\u017eak PRESS","description":"Prve elektronske novine u Sand\u017eaku","publisher":{"@id":"https:\/\/sandzakpress.net\/arhiva\/#\/schema\/person\/6e72b67d6e51910a1117b3b483ba20bd"},"potentialAction":[{"@type":"SearchAction","target":{"@type":"EntryPoint","urlTemplate":"https:\/\/sandzakpress.net\/arhiva\/?s={search_term_string}"},"query-input":{"@type":"PropertyValueSpecification","valueRequired":true,"valueName":"search_term_string"}}],"inLanguage":"bs-BA"},{"@type":["Person","Organization"],"@id":"https:\/\/sandzakpress.net\/arhiva\/#\/schema\/person\/6e72b67d6e51910a1117b3b483ba20bd","name":"Kul","image":{"@type":"ImageObject","inLanguage":"bs-BA","@id":"https:\/\/sandzakpress.net\/arhiva\/#\/schema\/person\/image\/","url":"https:\/\/secure.gravatar.com\/avatar\/42263f39aa27ac04c43cab85c280eb2e?s=96&d=mm&r=pg","contentUrl":"https:\/\/secure.gravatar.com\/avatar\/42263f39aa27ac04c43cab85c280eb2e?s=96&d=mm&r=pg","caption":"Kul"},"logo":{"@id":"https:\/\/sandzakpress.net\/arhiva\/#\/schema\/person\/image\/"}},{"@type":"Person","@id":"https:\/\/sandzakpress.net\/arhiva\/#\/schema\/person\/c8baee722073534b583ea7bdb2e36c02","name":"bosniak","image":{"@type":"ImageObject","inLanguage":"bs-BA","@id":"https:\/\/sandzakpress.net\/arhiva\/#\/schema\/person\/image\/","url":"https:\/\/secure.gravatar.com\/avatar\/a04fd330bfe3a36a72a0ad4a6d89fca7?s=96&d=mm&r=pg","contentUrl":"https:\/\/secure.gravatar.com\/avatar\/a04fd330bfe3a36a72a0ad4a6d89fca7?s=96&d=mm&r=pg","caption":"bosniak"},"url":"https:\/\/sandzakpress.net\/arhiva\/author\/bosniak\/"}]}},"_links":{"self":[{"href":"https:\/\/sandzakpress.net\/arhiva\/wp-json\/wp\/v2\/posts\/132940"}],"collection":[{"href":"https:\/\/sandzakpress.net\/arhiva\/wp-json\/wp\/v2\/posts"}],"about":[{"href":"https:\/\/sandzakpress.net\/arhiva\/wp-json\/wp\/v2\/types\/post"}],"author":[{"embeddable":true,"href":"https:\/\/sandzakpress.net\/arhiva\/wp-json\/wp\/v2\/users\/83"}],"replies":[{"embeddable":true,"href":"https:\/\/sandzakpress.net\/arhiva\/wp-json\/wp\/v2\/comments?post=132940"}],"version-history":[{"count":0,"href":"https:\/\/sandzakpress.net\/arhiva\/wp-json\/wp\/v2\/posts\/132940\/revisions"}],"wp:featuredmedia":[{"embeddable":true,"href":"https:\/\/sandzakpress.net\/arhiva\/wp-json\/wp\/v2\/media\/132941"}],"wp:attachment":[{"href":"https:\/\/sandzakpress.net\/arhiva\/wp-json\/wp\/v2\/media?parent=132940"}],"wp:term":[{"taxonomy":"category","embeddable":true,"href":"https:\/\/sandzakpress.net\/arhiva\/wp-json\/wp\/v2\/categories?post=132940"},{"taxonomy":"post_tag","embeddable":true,"href":"https:\/\/sandzakpress.net\/arhiva\/wp-json\/wp\/v2\/tags?post=132940"}],"curies":[{"name":"wp","href":"https:\/\/api.w.org\/{rel}","templated":true}]}}