{"id":13294,"date":"2011-02-28T23:30:49","date_gmt":"2011-02-28T22:30:49","guid":{"rendered":"https:\/\/sandzakpress.net\/arhiva\/?p=13294"},"modified":"2011-03-02T16:00:41","modified_gmt":"2011-03-02T15:00:41","slug":"vjeciti-putnik-voza-smrti","status":"publish","type":"post","link":"https:\/\/sandzakpress.net\/arhiva\/vjeciti-putnik-voza-smrti\/","title":{"rendered":"Vje\u010diti putnik voza smrti"},"content":{"rendered":"<p><a href=\"https:\/\/sandzakpress.net\/arhiva\/wp-content\/uploads\/2011\/02\/strpci.jpg\"><img loading=\"lazy\" decoding=\"async\" class=\"aligncenter size-full wp-image-13295\" title=\"strpci\" src=\"https:\/\/sandzakpress.net\/arhiva\/wp-content\/uploads\/2011\/02\/strpci.jpg\" alt=\"\" width=\"616\" height=\"284\" \/><\/a><\/p>\n<p><strong>U vagonu pohabanih sjedi\u0161ta, sa naslonima i\u0161aranim imenima i datumima grubo urezanim, ko zna kada i \u010dijom rukom, kroz tamu razbijenu svjetlom tinjaju\u0107e sijalice, nazirao se lik sitne \u017eene sklup\u010dane kraj prozora. Sna\u017eno drmusanje ve\u0107 davno islu\u017eenih vagona, zastra\u0161uju\u0107e lelujanje voza kroz tunel, zamijenila je \u0161kripa ko\u010dnica. Voz je usporio.<\/strong><\/p>\n<p>Pogleda kroz prozor. Kroz te\u0161ke obrise no\u0107i nasluti pusto\u0161 predjela u kojima se zaustavi\u0161e. Huk i udari hladnog vjetra prodirali su kroz prozor. Vrata vagona zaleluja\u0161e.<br \/>\nTeka tada, privu\u010dena tim zvukom, primijeti da nije sama u kupeu.<\/p>\n<p>Kao sjena u\u010dinio joj se lik dje\u010daka, ili tek mom\u010di\u0107a koji se, koliko se sje\u0107a, do prije neki tren, nije tu nalazio. Gledao je u nju neobi\u010dno velikim o\u010dima.<\/p>\n<p>Bilo je ne\u010dega \u010dudnog u njima. Nije mogla razlu\u010diti &#8211; da li je to sjeta, tuga, \u017eal ili pak onaj sjaj koji izvire iz mladosti opijene prvom ljubavlju.<\/p>\n<p>Kakva je to sila te joj ne da o\u010di odvojiti od njega?<br \/>\n&#8211; Kako se zove\u0161, odakle si? &#8211; upitala je tihim glasom, jer joj se \u010dinilo da bi mo\u017eda svaki \u0161um mogao uznemiriti \u010dudnog saputnika.<\/p>\n<p>&#8211; \u0160ta ako ti ka\u017eem ime? \u0160ta \u0107e ti ono zna\u010diti? Ime koje ro\u0111enjem dobija svaki Bo\u017eji stvor na ovoj zemlji? Ime koje mi je mater dala, kojim mi je tepala od ro\u0111enja? Ime zbog kojeg sam oti\u0161ao u smrt?<br \/>\n&#8212; O kavoj smrti govori &#8211; pomislila je, poku\u0161avaju\u0107i uhvatiti niti ovih, \u010dinilo se, nepovezanih re\u010denica.<\/p>\n<p>&#8212; Kad vidi\u0161 da me polo\u017ee u grob, ja ne\u0107u nestati.<br \/>\nZar mjesec i sunce nestanu kad za\u0111u?<\/p>\n<table border=\"0\" cellspacing=\"0\" cellpadding=\"5\" width=\"00\" align=\"right\" bgcolor=\"Gainsboro\">\n<tbody>\n<tr>\n<td align=\"left\"><span style=\"color: black;\"><img decoding=\"async\" src=\"http:\/\/www.bosnjaci.net\/foto\/300_Stanica_Strpci_031.jpg\" border=\"0\" alt=\"\" width=\"300\" \/><br \/>\n\u0160trpci, 27. februara 1993. &#8211; Oteti:<br \/>\nHalil Zup\u010devi\u0107 (1944),<br \/>\nSenad \u00d0e\u010devi\u0107 (1975),<br \/>\nEsad Kapetanovi\u0107 (1954),<br \/>\nIljaz Li\u010dina (1947),<br \/>\nFehim Bakija (1950),<br \/>\nRifat Husovi\u0107 (195,<br \/>\nIsmet Baba\u010di\u0107 (1963),<br \/>\n\u0160e\u0107o Softi\u0107 (1945),<br \/>\nAdem Alomerovi\u0107 (1935),<br \/>\nRasim \u0107ori\u0107 (1953),<br \/>\nFikret Memovi\u0107 (1939),<br \/>\nFevzija Zekovi\u0107 (1939),<br \/>\nD\u017eafer Topuzovi\u0107 (193,<br \/>\nMuhedin Hani\u0107 (1966),<br \/>\nSafet Preljevi\u0107 (1971),<br \/>\nNijazim Kajevi\u0107 (1963),<br \/>\nZvjezdan Zuli\u010di\u0107 (1960),<br \/>\nJusuf Rastoder (193<br \/>\ni Tomo Buzov (1940).<\/span><\/td>\n<\/tr>\n<\/tbody>\n<\/table>\n<p>O \u010demu govori\u0161, ti, nisam ti zamaptila ime?<br \/>\n&#8212; Mo\u017ee\u0161 me zvati Senad, Esad, Halil, Ilijaz, Fehim, Rifat, Jusuf, Ismet, Safet, Nijazim, Zvjezdan&#8230; Izaberi ono koje ti se najvi\u0161e svi\u0111a. Bio sam u ovom istom vozu, istom vagonu, prije osamanest godina. Voz je stao na istom ovom mjestu. Spavao sam. I sanjam, k'o na peronu mater mi stoji, ra\u0161irila ruke, i ja k njoj poletio, ali neka \u010dudna sila nas nosi sve dalje jedno od drugog.<\/p>\n<p>&#8211; Daj voznu kartu i li\u010dnu dokumentaciju! &#8211; \u010duo se grubi glas koji kao dao je dolazio iz dubine pakla, prenu me iz sna.<\/p>\n<p>Pogledah &#8211; vidim na vratima stoji visok, bradat vojnik ili ko li je, u nekoj maskirnoj uniformu na sebi. O\u0161inu me pogledom.<\/p>\n<p>&#8211; Uzmi stvari i iza\u0111i! &#8211; dreknuo je drugi lik sa pu\u0161kom u ruci.<\/p>\n<p>Vagon je bio prepun putnika &#8211; dok su me onako za\u010du\u0111enog izvodili svi su \u0107utali. Nikad ne\u0107u zaboravit tu stra\u0161nu ti\u0161inu. I niko glasa ne pusti, da upita &#8211; kuda ga vodite, za\u0161to ga vodite?<\/p>\n<p>Izveli me u hladnu i mra\u010dnu no\u0107. Vani je bilo jo\u0161 putnika, onako izbezumljenih i upla\u0161enih k'o ja. Drhtali smo, \u0161to od zime, \u0161to od straha, od zla koje je bilo tu svuda oko nas.<br \/>\nVidio sam da i oni kao i ja misle da je neka gre\u0161ka u pitanju, sad \u0107emo mi nazad u voz. Pa i ako malo kasnimo &#8211; to se uvijek de\u0161ava.<br \/>\nI posljednja nada nas je ostavila kad je voz krenuo i izgubio se iz na\u0161eg vidika.<\/p>\n<p>Nemam ti \u0161ta dalje re\u0107i osim da nam je svima bilo zajedni\u010dko &#8211; ime. Da, zbog imena su nas izveli na &#8220;ni\u010dijoj zemlji&#8221;, odveli krzo neke guste \u0161ume, ka nekoj rijeci&#8230;<\/p>\n<p>Da, rijeci&#8230; \u010cuo sam \u0161um nemirne vode&#8230; \u010cudo je da su taj mah, usred straha i bezna\u0111a, vratih u dan kad me babo prvi put odveo na kupanje, u\u010dio me plivati. I sjetih se njegove sre\u0107e kada sam prvi put sam doplivao do druge obale. Pa me tako misao zavede&#8230; odoh u dane djetinjstva.<\/p>\n<p>Mati me dr\u017ei u krilu dok se iz pe\u0107i \u0161iri miris krompiru\u0161e koju je moja nena najbolje u mahali pravila. Pa prvi \u0161kolski dani&#8230; dje\u010da\u010dki snovi&#8230; prvi poljupci&#8230;<br \/>\nTek najednom nestade svega, vidim one nakaze gdje nogama i rukama i \u010dim stignu, tuku neke od mojih sapatnika.<\/p>\n<p>Dok su, pijani, bradati i onako podbuhli upirali oru\u017eje k nama, mislio sam&#8230; Nije kraj&#8230; do\u0107i \u0107e neko po nas&#8230; sigurno nas tra\u017ee. Ne mo\u017ee biti da na ovom svijetu opet umiremo samo zato \u0161to se druga\u010dije zovemo. Mora biti da su putnici iz voza ve\u0107 nekom javili \u0161ta se desilo.<\/p>\n<p>Mislio sam &#8211; sve je ovo samo san. Probudi\u0107u se&#8230;<br \/>\nTrgoh se od krika koji ispusti crna ptica koja izletje iz sive, maglom okovane \u0161ume. Nekim \u010dudom, u svom tom ludilu oko mene, upijao sam sve do \u010dega mi je vidik dopirao. I gledam jedno usmaljeno stablo, ogoljeni korijeni vire iz zemlje, suhe grane ko da vape ka nebu, prizivaju pomo\u0107. Zbilja, ako ljudi ne poma\u017eu, priroda \u0107e.<br \/>\nEto &#8211; pretvori\u0107u se u to stablo, pusti\u0107u korijene, pote\u0107i \u0107e sokovi \u017eivota u njemu&#8230; Na prolje\u0107e \u0107u procvjetati, olistati, biti vje\u010dito mlad, svake godine iznova &#8230;<\/p>\n<p>&#8211; \u0160ta \u010deka\u0161, ubij balije! &#8211; vikao je jedan od onih naspram nas.<br \/>\n&#8211; \u010cuo sam pucnje. Eho je u meni jo\u0161 odzvanjao kad sam osjetio da me neka nevidljiva ruka gurnula u ponor. Moja du\u0161a se ve\u0107ma odovojila od tijela u kom je do tada \u017eivjela. Gledam a ne vjerujem &#8211; vidim sam sebe gdje padam u hladne brzake one rijeke \u010diji sam \u0161um ve\u0107 \u010duo. Taj dio mene nestao je u talasima Drine. I sada je negdje tamo. Du\u0161a moja jo\u0161 uvijek, ve\u0107 punih osamnaest godina luta, tra\u017ei pravdu za nas tek ro\u0111ene, za nas neosve\u0107ene, za nas pre\u0161u\u0107ene.<\/p>\n<p>\u201eOnaj ko ubije jednog \u010dovjeka, kao da je ubio cijeli svijet&#8230;\u201c, koliko su oni svjetova ubili?<\/p>\n<p>A krivi su, i oni \u0161to nas ubi\u0161e, jo\u0161 vi\u0161e oni koji smisli\u0161e zlo.<br \/>\nDa li ih nekada u no\u0107i, kada se susre\u0107u sa sobom samima i istinom, da li ih pohode na\u0161e du\u0161e?<\/p>\n<p>O, te\u0161ko njima. Kad do\u0111e onaj dan, Sudnji, od kojeg ne mo\u017eemo pobje\u0107i, kako \u0107e se sa svojim grijesima suo\u010diti?<\/p>\n<p>Nagli trzaj i glas konduktera koji objavi da voz kre\u0107e, prenu \u017eenu koja je bila kao u polusnu.<\/p>\n<p>Zausti da upita ne\u0161to svog saputnika. Istog trena, kondukter se pomoli na vratima kupea.<br \/>\n&#8211; Sami ste. Ne brinite. Evo kasnimo, ali va\u017eno je sti\u0107i.<br \/>\nU \u010dudu je gledala oko sebe. Kako sama? Jeste, zaista &#8211; mladi\u0107a vi\u0161e nije bilo tu.<br \/>\n&#8211; Jeste li mo\u017eda vidjeli da je sad iza\u0161ao neko odavde, si\u0161ao na ovoj stanici?<\/p>\n<p>&#8211; Ne, gospo\u0111o. Ovdje niko ne silazi. A oni koji su nekad silazili, nikad se nisu vratili &#8211; odgovori kondukter, smiju\u0107i se svojoj &#8220;uspjeloj&#8221; \u0161ali.<br \/>\n&#8211; Kako se zove ovo mjesto?<br \/>\n&#8211; \u0160trpci. Prijatan vam put \u017eelim.<br \/>\n\u0160trpci? Sjetila se u trenu. Tu su oteti putnici iz voza, ima tome dosta godina.<\/p>\n<p>Prvi obrisi novog dana nazirali su se u trenu kad je voz ulazio na podgori\u010dku stanicu. Iza\u0161la je. Peron je bio pust. A ona, jo\u0161 uvijek razmi\u0161lja o svom saputniku.<\/p>\n<table border=\"0\" cellspacing=\"0\" cellpadding=\"5\" width=\"390\" align=\"left\" bgcolor=\"Gainsboro\">\n<tbody>\n<tr>\n<td align=\"left\"><span style=\"color: black;\"><img decoding=\"async\" src=\"http:\/\/www.bosnjaci.net\/foto\/perucac-iskopavanje_posmrtnih_ostataka.jpg\" border=\"0\" alt=\"\" width=\"390\" \/>&#8220;U jezeru Peru\u0107ac prona\u0111eni skeletni ostaci dva putnika oteta u \u0160trpcima; Rasima \u0106ori\u0107a iz Prijepolja i Jusufa Rastodera iz Berana\u201d\u2026<\/span><\/td>\n<\/tr>\n<\/tbody>\n<\/table>\n<p>Zaboraviti nije mogla, ni te o\u010di, ni tugu, ni pri\u010du&#8230; Jedna trafika tek otvorena.<\/p>\n<p>\u017dena na kiosku raspakovala je dnevnu \u0161tampu. Uze jedan primjerak i sjeda na klupu, na jo\u0161 uvijek pustom peronu.<\/p>\n<p>Na naslovnici natpis: &#8220;Osamnaest godina od otmice putnika u \u0160trpcima &#8211; Crna Gore nije odgovorna za ovaj zlo\u010din &#8211; izjavio novoizabrani predsjednik Ko\u0161arka\u0161kog saveza Crne Gore a tada\u0161nji predsjednik Vlade Milo \u0110ukanovi\u0107&#8221;.<\/p>\n<p>&#8211;\tSrpski ministar policije Ivica Da\u010di\u0107 kazao \u2013 \u201eSPS i srpska Vlada u\u010dinile su sve \u0161to se moglo u slu\u010daju \u0160trpci&#8221;.<\/p>\n<p>&#8220;U jezeru Peru\u0107ac prona\u0111eni skeletni ostaci dva putnika oteta u \u0160trpcima; Rasima \u0106ori\u0107a iz Prijepolja i Jusufa Rastodera iz Berana\u201d\u2026<\/p>\n<p>&#8211; Koliko li \u0107e jo\u0161 godina i vozova pro\u0107i &#8211; koliko li \u0107e jo\u0161 putnika susresti Zvjezdana, Senada, ili kog god od njih &#8230; dok oni ne prona\u0111u svoj vje\u010dni mir.<\/p>\n<p>&#8211; Da li \u0107e ikada pravda si\u0107i na zemlju?<br \/>\nRazabra da pri\u010da sama sa sobom tek kada primjeti na sebi \u010dudne poglede onih koji su tek pristizali da \u010dekaju neke druge vozove&#8230;<\/p>\n<p>Silaze\u0107i niz soka\u010de Stare Varo\u0161i, zasta pored d\u017eamije, oslu\u0161kuju\u0107i rije\u010di koje su odnekud iz tog pravca dopirale:<br \/>\n&#8220;Sinovi Ademovi. Ne\u0107u dr\u017eati propovjed, ne bih mogao i kad bih htio. A vjerujem da biste mi zamjerili ako ne bih sad, u ovom \u010dasu, te\u017ei ne pamtim u \u017eivotu, govorio ba\u0161 o sebi. Nikad mi nije bilo va\u017enije ono \u0161to \u0107u da ka\u017eem, a ne \u017eelim ni\u0161ta da postignem. Ni\u0161ta, osim da vidim sau\u010de\u0161\u0107e u va\u0161im o\u010dima. Nisam vas nazvao bra\u0107om, iako ste mi to vi\u0161e nego ikad, ve\u0107 sinovima Ademovim, pozivaju\u0107i se na ono \u0161to je u svima nama zajedni\u010dko.<br \/>\nLjudi smo, i mislimo isto, naro\u010dito kad nam je te\u0161ko. \u010cekali ste, htjeli ste da ostanemo zajedno, da se pogledamo o\u010di u o\u010di, tu\u017eni zbog smrti nedu\u017ena \u010dovjeka, i uznemireni zbog zlo\u010dina. I vas se ti\u010de taj zlo\u010din, jer znate Bo\u017eije rije\u010di: \u201e&#8230;ko ubije nedu\u017ena \u010dovjeka, kao da je sve ljude pobio\u201c.<br \/>\nSve nas su ubili nebrojeno puta, bra\u0107o moja ubijena, a u\u017easnuti smo kad pogodi nekog ko nam je najdra\u017ei&#8230;<\/p>\n<p>Mog brata Haruna vi\u0161e nema, i mogu samo da ka\u017eem: Moj Bo\u017ee! Oja\u010daj njim mrtvim snagu moju. Njim mrtvim i nesahranjenim po zakonima Bo\u017ejim, nevi\u0111enim i necjelivanim od svojih najbli\u017eih pred veliki put s koga povratka nema.<\/p>\n<p>Nisam ga spasio \u017eivog, nisam ga vidio mrtvog. Sada nemam nikoga osim sebe i Tebe, Bo\u017ee moj, i tuge svoje. Daj mi snage da ne klonem od bratske i ljudske \u017ealosti i da se ne otrujem mr\u017enjom.<\/p>\n<p>Ponavljam rije\u010di Nuhove: &#8220;Rastavi mene i njih, i sudi nam. \u017divimo na zemlji samo jedan dan, ili manje. Daj mi snage da oprostim. Jer, ko oprosti , on je najve\u0107i. A znam, znam, zaboraviti ne mogu, nikada&#8221;.<\/p>\n<p>Autor: <strong>Sonja Rado\u0161evi\u0107<\/strong><\/p>\n<p><strong> <\/strong>Izvor: <strong>Bosnjaci.net<\/strong><\/p>\n<p><strong><br \/>\n<\/strong><\/p>\n","protected":false},"excerpt":{"rendered":"<p>U vagonu pohabanih sjedi\u0161ta, sa naslonima i\u0161aranim imenima i datumima grubo urezanim, ko zna kada i \u010dijom rukom, kroz tamu razbijenu svjetlom tinjaju\u0107e sijalice, nazirao se lik sitne \u017eene sklup\u010dane kraj prozora. Sna\u017eno drmusanje ve\u0107 davno islu\u017eenih vagona, zastra\u0161uju\u0107e lelujanje voza kroz tunel, zamijenila je \u0161kripa ko\u010dnica. Voz je usporio. Pogleda kroz prozor. Kroz te\u0161ke [&hellip;]<\/p>\n","protected":false},"author":83,"featured_media":13295,"comment_status":"open","ping_status":"open","sticky":false,"template":"","format":"standard","meta":{"footnotes":""},"categories":[392],"tags":[],"class_list":{"0":"post-13294","1":"post","2":"type-post","3":"status-publish","4":"format-standard","5":"has-post-thumbnail","7":"category-prijepolje_"},"yoast_head":"<!-- This site is optimized with the Yoast SEO Premium plugin v23.1 (Yoast SEO v24.9) - https:\/\/yoast.com\/wordpress\/plugins\/seo\/ -->\n<title>Vje\u010diti putnik voza smrti<\/title>\n<meta name=\"robots\" content=\"index, follow, max-snippet:-1, max-image-preview:large, max-video-preview:-1\" \/>\n<link rel=\"canonical\" href=\"https:\/\/sandzakpress.net\/arhiva\/vjeciti-putnik-voza-smrti\/\" \/>\n<meta property=\"og:locale\" content=\"bs_BA\" \/>\n<meta property=\"og:type\" content=\"article\" \/>\n<meta property=\"og:title\" content=\"Vje\u010diti putnik voza smrti\" \/>\n<meta property=\"og:description\" content=\"U vagonu pohabanih sjedi\u0161ta, sa naslonima i\u0161aranim imenima i datumima grubo urezanim, ko zna kada i \u010dijom rukom, kroz tamu razbijenu svjetlom tinjaju\u0107e sijalice, nazirao se lik sitne \u017eene sklup\u010dane kraj prozora. Sna\u017eno drmusanje ve\u0107 davno islu\u017eenih vagona, zastra\u0161uju\u0107e lelujanje voza kroz tunel, zamijenila je \u0161kripa ko\u010dnica. Voz je usporio. Pogleda kroz prozor. Kroz te\u0161ke [&hellip;]\" \/>\n<meta property=\"og:url\" content=\"https:\/\/sandzakpress.net\/arhiva\/vjeciti-putnik-voza-smrti\/\" \/>\n<meta property=\"og:site_name\" content=\"Sand\u017eak PRESS\" \/>\n<meta property=\"article:published_time\" content=\"2011-02-28T22:30:49+00:00\" \/>\n<meta property=\"article:modified_time\" content=\"2011-03-02T15:00:41+00:00\" \/>\n<meta property=\"og:image\" content=\"https:\/\/sandzakpress.net\/arhiva\/wp-content\/uploads\/2011\/02\/strpci.jpg\" \/>\n\t<meta property=\"og:image:width\" content=\"616\" \/>\n\t<meta property=\"og:image:height\" content=\"284\" \/>\n\t<meta property=\"og:image:type\" content=\"image\/jpeg\" \/>\n<meta name=\"author\" content=\"bosniak\" \/>\n<meta name=\"twitter:card\" content=\"summary_large_image\" \/>\n<meta name=\"twitter:label1\" content=\"Written by\" \/>\n\t<meta name=\"twitter:data1\" content=\"bosniak\" \/>\n\t<meta name=\"twitter:label2\" content=\"Est. reading time\" \/>\n\t<meta name=\"twitter:data2\" content=\"9 minuta\" \/>\n<script type=\"application\/ld+json\" class=\"yoast-schema-graph\">{\"@context\":\"https:\/\/schema.org\",\"@graph\":[{\"@type\":\"Article\",\"@id\":\"https:\/\/sandzakpress.net\/arhiva\/vjeciti-putnik-voza-smrti\/#article\",\"isPartOf\":{\"@id\":\"https:\/\/sandzakpress.net\/arhiva\/vjeciti-putnik-voza-smrti\/\"},\"author\":{\"name\":\"bosniak\",\"@id\":\"https:\/\/sandzakpress.net\/arhiva\/#\/schema\/person\/c8baee722073534b583ea7bdb2e36c02\"},\"headline\":\"Vje\u010diti putnik voza smrti\",\"datePublished\":\"2011-02-28T22:30:49+00:00\",\"dateModified\":\"2011-03-02T15:00:41+00:00\",\"mainEntityOfPage\":{\"@id\":\"https:\/\/sandzakpress.net\/arhiva\/vjeciti-putnik-voza-smrti\/\"},\"wordCount\":1823,\"commentCount\":1,\"publisher\":{\"@id\":\"https:\/\/sandzakpress.net\/arhiva\/#\/schema\/person\/6e72b67d6e51910a1117b3b483ba20bd\"},\"image\":{\"@id\":\"https:\/\/sandzakpress.net\/arhiva\/vjeciti-putnik-voza-smrti\/#primaryimage\"},\"thumbnailUrl\":\"https:\/\/sandzakpress.net\/arhiva\/wp-content\/uploads\/2011\/02\/strpci.jpg\",\"articleSection\":[\"Prijepolje\"],\"inLanguage\":\"bs-BA\",\"potentialAction\":[{\"@type\":\"CommentAction\",\"name\":\"Comment\",\"target\":[\"https:\/\/sandzakpress.net\/arhiva\/vjeciti-putnik-voza-smrti\/#respond\"]}]},{\"@type\":\"WebPage\",\"@id\":\"https:\/\/sandzakpress.net\/arhiva\/vjeciti-putnik-voza-smrti\/\",\"url\":\"https:\/\/sandzakpress.net\/arhiva\/vjeciti-putnik-voza-smrti\/\",\"name\":\"Vje\u010diti putnik voza smrti\",\"isPartOf\":{\"@id\":\"https:\/\/sandzakpress.net\/arhiva\/#website\"},\"primaryImageOfPage\":{\"@id\":\"https:\/\/sandzakpress.net\/arhiva\/vjeciti-putnik-voza-smrti\/#primaryimage\"},\"image\":{\"@id\":\"https:\/\/sandzakpress.net\/arhiva\/vjeciti-putnik-voza-smrti\/#primaryimage\"},\"thumbnailUrl\":\"https:\/\/sandzakpress.net\/arhiva\/wp-content\/uploads\/2011\/02\/strpci.jpg\",\"datePublished\":\"2011-02-28T22:30:49+00:00\",\"dateModified\":\"2011-03-02T15:00:41+00:00\",\"breadcrumb\":{\"@id\":\"https:\/\/sandzakpress.net\/arhiva\/vjeciti-putnik-voza-smrti\/#breadcrumb\"},\"inLanguage\":\"bs-BA\",\"potentialAction\":[{\"@type\":\"ReadAction\",\"target\":[\"https:\/\/sandzakpress.net\/arhiva\/vjeciti-putnik-voza-smrti\/\"]}]},{\"@type\":\"ImageObject\",\"inLanguage\":\"bs-BA\",\"@id\":\"https:\/\/sandzakpress.net\/arhiva\/vjeciti-putnik-voza-smrti\/#primaryimage\",\"url\":\"https:\/\/sandzakpress.net\/arhiva\/wp-content\/uploads\/2011\/02\/strpci.jpg\",\"contentUrl\":\"https:\/\/sandzakpress.net\/arhiva\/wp-content\/uploads\/2011\/02\/strpci.jpg\",\"width\":616,\"height\":284},{\"@type\":\"BreadcrumbList\",\"@id\":\"https:\/\/sandzakpress.net\/arhiva\/vjeciti-putnik-voza-smrti\/#breadcrumb\",\"itemListElement\":[{\"@type\":\"ListItem\",\"position\":1,\"name\":\"Home\",\"item\":\"https:\/\/sandzakpress.net\/arhiva\/\"},{\"@type\":\"ListItem\",\"position\":2,\"name\":\"Vje\u010diti putnik voza smrti\"}]},{\"@type\":\"WebSite\",\"@id\":\"https:\/\/sandzakpress.net\/arhiva\/#website\",\"url\":\"https:\/\/sandzakpress.net\/arhiva\/\",\"name\":\"Sand\u017eak PRESS\",\"description\":\"Prve elektronske novine u Sand\u017eaku\",\"publisher\":{\"@id\":\"https:\/\/sandzakpress.net\/arhiva\/#\/schema\/person\/6e72b67d6e51910a1117b3b483ba20bd\"},\"potentialAction\":[{\"@type\":\"SearchAction\",\"target\":{\"@type\":\"EntryPoint\",\"urlTemplate\":\"https:\/\/sandzakpress.net\/arhiva\/?s={search_term_string}\"},\"query-input\":{\"@type\":\"PropertyValueSpecification\",\"valueRequired\":true,\"valueName\":\"search_term_string\"}}],\"inLanguage\":\"bs-BA\"},{\"@type\":[\"Person\",\"Organization\"],\"@id\":\"https:\/\/sandzakpress.net\/arhiva\/#\/schema\/person\/6e72b67d6e51910a1117b3b483ba20bd\",\"name\":\"Kul\",\"image\":{\"@type\":\"ImageObject\",\"inLanguage\":\"bs-BA\",\"@id\":\"https:\/\/sandzakpress.net\/arhiva\/#\/schema\/person\/image\/\",\"url\":\"https:\/\/secure.gravatar.com\/avatar\/42263f39aa27ac04c43cab85c280eb2e?s=96&d=mm&r=pg\",\"contentUrl\":\"https:\/\/secure.gravatar.com\/avatar\/42263f39aa27ac04c43cab85c280eb2e?s=96&d=mm&r=pg\",\"caption\":\"Kul\"},\"logo\":{\"@id\":\"https:\/\/sandzakpress.net\/arhiva\/#\/schema\/person\/image\/\"}},{\"@type\":\"Person\",\"@id\":\"https:\/\/sandzakpress.net\/arhiva\/#\/schema\/person\/c8baee722073534b583ea7bdb2e36c02\",\"name\":\"bosniak\",\"image\":{\"@type\":\"ImageObject\",\"inLanguage\":\"bs-BA\",\"@id\":\"https:\/\/sandzakpress.net\/arhiva\/#\/schema\/person\/image\/\",\"url\":\"https:\/\/secure.gravatar.com\/avatar\/a04fd330bfe3a36a72a0ad4a6d89fca7?s=96&d=mm&r=pg\",\"contentUrl\":\"https:\/\/secure.gravatar.com\/avatar\/a04fd330bfe3a36a72a0ad4a6d89fca7?s=96&d=mm&r=pg\",\"caption\":\"bosniak\"},\"url\":\"https:\/\/sandzakpress.net\/arhiva\/author\/bosniak\/\"}]}<\/script>\n<!-- \/ Yoast SEO Premium plugin. -->","yoast_head_json":{"title":"Vje\u010diti putnik voza smrti","robots":{"index":"index","follow":"follow","max-snippet":"max-snippet:-1","max-image-preview":"max-image-preview:large","max-video-preview":"max-video-preview:-1"},"canonical":"https:\/\/sandzakpress.net\/arhiva\/vjeciti-putnik-voza-smrti\/","og_locale":"bs_BA","og_type":"article","og_title":"Vje\u010diti putnik voza smrti","og_description":"U vagonu pohabanih sjedi\u0161ta, sa naslonima i\u0161aranim imenima i datumima grubo urezanim, ko zna kada i \u010dijom rukom, kroz tamu razbijenu svjetlom tinjaju\u0107e sijalice, nazirao se lik sitne \u017eene sklup\u010dane kraj prozora. Sna\u017eno drmusanje ve\u0107 davno islu\u017eenih vagona, zastra\u0161uju\u0107e lelujanje voza kroz tunel, zamijenila je \u0161kripa ko\u010dnica. Voz je usporio. Pogleda kroz prozor. Kroz te\u0161ke [&hellip;]","og_url":"https:\/\/sandzakpress.net\/arhiva\/vjeciti-putnik-voza-smrti\/","og_site_name":"Sand\u017eak PRESS","article_published_time":"2011-02-28T22:30:49+00:00","article_modified_time":"2011-03-02T15:00:41+00:00","og_image":[{"width":616,"height":284,"url":"https:\/\/sandzakpress.net\/arhiva\/wp-content\/uploads\/2011\/02\/strpci.jpg","type":"image\/jpeg"}],"author":"bosniak","twitter_card":"summary_large_image","twitter_misc":{"Written by":"bosniak","Est. reading time":"9 minuta"},"schema":{"@context":"https:\/\/schema.org","@graph":[{"@type":"Article","@id":"https:\/\/sandzakpress.net\/arhiva\/vjeciti-putnik-voza-smrti\/#article","isPartOf":{"@id":"https:\/\/sandzakpress.net\/arhiva\/vjeciti-putnik-voza-smrti\/"},"author":{"name":"bosniak","@id":"https:\/\/sandzakpress.net\/arhiva\/#\/schema\/person\/c8baee722073534b583ea7bdb2e36c02"},"headline":"Vje\u010diti putnik voza smrti","datePublished":"2011-02-28T22:30:49+00:00","dateModified":"2011-03-02T15:00:41+00:00","mainEntityOfPage":{"@id":"https:\/\/sandzakpress.net\/arhiva\/vjeciti-putnik-voza-smrti\/"},"wordCount":1823,"commentCount":1,"publisher":{"@id":"https:\/\/sandzakpress.net\/arhiva\/#\/schema\/person\/6e72b67d6e51910a1117b3b483ba20bd"},"image":{"@id":"https:\/\/sandzakpress.net\/arhiva\/vjeciti-putnik-voza-smrti\/#primaryimage"},"thumbnailUrl":"https:\/\/sandzakpress.net\/arhiva\/wp-content\/uploads\/2011\/02\/strpci.jpg","articleSection":["Prijepolje"],"inLanguage":"bs-BA","potentialAction":[{"@type":"CommentAction","name":"Comment","target":["https:\/\/sandzakpress.net\/arhiva\/vjeciti-putnik-voza-smrti\/#respond"]}]},{"@type":"WebPage","@id":"https:\/\/sandzakpress.net\/arhiva\/vjeciti-putnik-voza-smrti\/","url":"https:\/\/sandzakpress.net\/arhiva\/vjeciti-putnik-voza-smrti\/","name":"Vje\u010diti putnik voza smrti","isPartOf":{"@id":"https:\/\/sandzakpress.net\/arhiva\/#website"},"primaryImageOfPage":{"@id":"https:\/\/sandzakpress.net\/arhiva\/vjeciti-putnik-voza-smrti\/#primaryimage"},"image":{"@id":"https:\/\/sandzakpress.net\/arhiva\/vjeciti-putnik-voza-smrti\/#primaryimage"},"thumbnailUrl":"https:\/\/sandzakpress.net\/arhiva\/wp-content\/uploads\/2011\/02\/strpci.jpg","datePublished":"2011-02-28T22:30:49+00:00","dateModified":"2011-03-02T15:00:41+00:00","breadcrumb":{"@id":"https:\/\/sandzakpress.net\/arhiva\/vjeciti-putnik-voza-smrti\/#breadcrumb"},"inLanguage":"bs-BA","potentialAction":[{"@type":"ReadAction","target":["https:\/\/sandzakpress.net\/arhiva\/vjeciti-putnik-voza-smrti\/"]}]},{"@type":"ImageObject","inLanguage":"bs-BA","@id":"https:\/\/sandzakpress.net\/arhiva\/vjeciti-putnik-voza-smrti\/#primaryimage","url":"https:\/\/sandzakpress.net\/arhiva\/wp-content\/uploads\/2011\/02\/strpci.jpg","contentUrl":"https:\/\/sandzakpress.net\/arhiva\/wp-content\/uploads\/2011\/02\/strpci.jpg","width":616,"height":284},{"@type":"BreadcrumbList","@id":"https:\/\/sandzakpress.net\/arhiva\/vjeciti-putnik-voza-smrti\/#breadcrumb","itemListElement":[{"@type":"ListItem","position":1,"name":"Home","item":"https:\/\/sandzakpress.net\/arhiva\/"},{"@type":"ListItem","position":2,"name":"Vje\u010diti putnik voza smrti"}]},{"@type":"WebSite","@id":"https:\/\/sandzakpress.net\/arhiva\/#website","url":"https:\/\/sandzakpress.net\/arhiva\/","name":"Sand\u017eak PRESS","description":"Prve elektronske novine u Sand\u017eaku","publisher":{"@id":"https:\/\/sandzakpress.net\/arhiva\/#\/schema\/person\/6e72b67d6e51910a1117b3b483ba20bd"},"potentialAction":[{"@type":"SearchAction","target":{"@type":"EntryPoint","urlTemplate":"https:\/\/sandzakpress.net\/arhiva\/?s={search_term_string}"},"query-input":{"@type":"PropertyValueSpecification","valueRequired":true,"valueName":"search_term_string"}}],"inLanguage":"bs-BA"},{"@type":["Person","Organization"],"@id":"https:\/\/sandzakpress.net\/arhiva\/#\/schema\/person\/6e72b67d6e51910a1117b3b483ba20bd","name":"Kul","image":{"@type":"ImageObject","inLanguage":"bs-BA","@id":"https:\/\/sandzakpress.net\/arhiva\/#\/schema\/person\/image\/","url":"https:\/\/secure.gravatar.com\/avatar\/42263f39aa27ac04c43cab85c280eb2e?s=96&d=mm&r=pg","contentUrl":"https:\/\/secure.gravatar.com\/avatar\/42263f39aa27ac04c43cab85c280eb2e?s=96&d=mm&r=pg","caption":"Kul"},"logo":{"@id":"https:\/\/sandzakpress.net\/arhiva\/#\/schema\/person\/image\/"}},{"@type":"Person","@id":"https:\/\/sandzakpress.net\/arhiva\/#\/schema\/person\/c8baee722073534b583ea7bdb2e36c02","name":"bosniak","image":{"@type":"ImageObject","inLanguage":"bs-BA","@id":"https:\/\/sandzakpress.net\/arhiva\/#\/schema\/person\/image\/","url":"https:\/\/secure.gravatar.com\/avatar\/a04fd330bfe3a36a72a0ad4a6d89fca7?s=96&d=mm&r=pg","contentUrl":"https:\/\/secure.gravatar.com\/avatar\/a04fd330bfe3a36a72a0ad4a6d89fca7?s=96&d=mm&r=pg","caption":"bosniak"},"url":"https:\/\/sandzakpress.net\/arhiva\/author\/bosniak\/"}]}},"_links":{"self":[{"href":"https:\/\/sandzakpress.net\/arhiva\/wp-json\/wp\/v2\/posts\/13294"}],"collection":[{"href":"https:\/\/sandzakpress.net\/arhiva\/wp-json\/wp\/v2\/posts"}],"about":[{"href":"https:\/\/sandzakpress.net\/arhiva\/wp-json\/wp\/v2\/types\/post"}],"author":[{"embeddable":true,"href":"https:\/\/sandzakpress.net\/arhiva\/wp-json\/wp\/v2\/users\/83"}],"replies":[{"embeddable":true,"href":"https:\/\/sandzakpress.net\/arhiva\/wp-json\/wp\/v2\/comments?post=13294"}],"version-history":[{"count":0,"href":"https:\/\/sandzakpress.net\/arhiva\/wp-json\/wp\/v2\/posts\/13294\/revisions"}],"wp:featuredmedia":[{"embeddable":true,"href":"https:\/\/sandzakpress.net\/arhiva\/wp-json\/wp\/v2\/media\/13295"}],"wp:attachment":[{"href":"https:\/\/sandzakpress.net\/arhiva\/wp-json\/wp\/v2\/media?parent=13294"}],"wp:term":[{"taxonomy":"category","embeddable":true,"href":"https:\/\/sandzakpress.net\/arhiva\/wp-json\/wp\/v2\/categories?post=13294"},{"taxonomy":"post_tag","embeddable":true,"href":"https:\/\/sandzakpress.net\/arhiva\/wp-json\/wp\/v2\/tags?post=13294"}],"curies":[{"name":"wp","href":"https:\/\/api.w.org\/{rel}","templated":true}]}}