{"id":132899,"date":"2015-08-07T23:43:13","date_gmt":"2015-08-07T21:43:13","guid":{"rendered":"https:\/\/sandzakpress.net\/arhiva\/?p=132899"},"modified":"2015-08-07T23:43:13","modified_gmt":"2015-08-07T21:43:13","slug":"teska-saobracajna-nesreca-u-novom-pazaru-video","status":"publish","type":"post","link":"https:\/\/sandzakpress.net\/arhiva\/teska-saobracajna-nesreca-u-novom-pazaru-video\/","title":{"rendered":"Te\u0161ka saobra\u0107ajna nesre\u0107a u Novom Pazaru! (Video)"},"content":{"rendered":"<p><strong><img loading=\"lazy\" decoding=\"async\" class=\"aligncenter size-full wp-image-132900\" src=\"https:\/\/sandzakpress.net\/arhiva\/wp-content\/uploads\/2015\/08\/11840307_10206515335675752_2025522303_o.jpg\" alt=\"11840307_10206515335675752_2025522303_o\" width=\"1280\" height=\"721\" srcset=\"https:\/\/sandzakpress.net\/arhiva\/wp-content\/uploads\/2015\/08\/11840307_10206515335675752_2025522303_o.jpg 1280w, https:\/\/sandzakpress.net\/arhiva\/wp-content\/uploads\/2015\/08\/11840307_10206515335675752_2025522303_o-616x347.jpg 616w\" sizes=\"(max-width: 1280px) 100vw, 1280px\" \/>Novi Pazar &#8211; Na magistralnom putu, dionica izme\u0111u Mura i Bajevice te\u0161ka saobra\u0107ajna nesre\u0107a. <\/strong><\/p>\n<p>Prema nezvani\u010dnim informacijama ima povrije\u0111enih.<\/p>\n<p>Troje automobila je u\u010destvovalo u udesu. <\/p>\n<p>Policija upravo vr\u0161i uvi\u0111aj.<\/p>\n<div style=\"width: 568px;\" class=\"wp-video\"><!--[if lt IE 9]><script>document.createElement('video');<\/script><![endif]-->\n<video class=\"wp-video-shortcode\" id=\"video-132899-1\" width=\"568\" height=\"320\" preload=\"metadata\" controls=\"controls\"><source type=\"video\/mp4\" src=\"https:\/\/sandzakpress.net\/arhiva\/wp-content\/uploads\/2015\/08\/video-1438983533.mp4.mp4?_=1\" \/><a href=\"https:\/\/sandzakpress.net\/arhiva\/wp-content\/uploads\/2015\/08\/video-1438983533.mp4.mp4\">https:\/\/sandzakpress.net\/arhiva\/wp-content\/uploads\/2015\/08\/video-1438983533.mp4.mp4<\/a><\/video><\/div>\n<p>(SANA)<\/p>\n","protected":false},"excerpt":{"rendered":"<p>Novi Pazar &#8211; Na magistralnom putu, dionica izme\u0111u Mura i Bajevice te\u0161ka saobra\u0107ajna nesre\u0107a. Prema nezvani\u010dnim informacijama ima povrije\u0111enih. Troje automobila je u\u010destvovalo u udesu. Policija upravo vr\u0161i uvi\u0111aj. (SANA)<\/p>\n","protected":false},"author":83,"featured_media":132900,"comment_status":"open","ping_status":"open","sticky":false,"template":"","format":"standard","meta":{"footnotes":""},"categories":[72,801,8957],"tags":[],"class_list":{"0":"post-132899","1":"post","2":"type-post","3":"status-publish","4":"format-standard","5":"has-post-thumbnail","7":"category-novi-pazar","8":"category-crna_hronika","9":"category-vijesti-dana"},"yoast_head":"<!-- This site is optimized with the Yoast SEO Premium plugin v23.1 (Yoast SEO v24.9) - https:\/\/yoast.com\/wordpress\/plugins\/seo\/ -->\n<title>Te\u0161ka saobra\u0107ajna nesre\u0107a u Novom Pazaru! (Video)<\/title>\n<meta name=\"robots\" content=\"index, follow, max-snippet:-1, max-image-preview:large, max-video-preview:-1\" \/>\n<link rel=\"canonical\" href=\"https:\/\/sandzakpress.net\/arhiva\/teska-saobracajna-nesreca-u-novom-pazaru-video\/\" \/>\n<meta property=\"og:locale\" content=\"bs_BA\" \/>\n<meta property=\"og:type\" content=\"article\" \/>\n<meta property=\"og:title\" content=\"Te\u0161ka saobra\u0107ajna nesre\u0107a u Novom Pazaru! (Video)\" \/>\n<meta property=\"og:description\" content=\"Novi Pazar &#8211; Na magistralnom putu, dionica izme\u0111u Mura i Bajevice te\u0161ka saobra\u0107ajna nesre\u0107a. Prema nezvani\u010dnim informacijama ima povrije\u0111enih. Troje automobila je u\u010destvovalo u udesu. Policija upravo vr\u0161i uvi\u0111aj. (SANA)\" \/>\n<meta property=\"og:url\" content=\"https:\/\/sandzakpress.net\/arhiva\/teska-saobracajna-nesreca-u-novom-pazaru-video\/\" \/>\n<meta property=\"og:site_name\" content=\"Sand\u017eak PRESS\" \/>\n<meta property=\"article:published_time\" content=\"2015-08-07T21:43:13+00:00\" \/>\n<meta property=\"og:image\" content=\"https:\/\/sandzakpress.net\/arhiva\/wp-content\/uploads\/2015\/08\/11840307_10206515335675752_2025522303_o.jpg\" \/>\n\t<meta property=\"og:image:width\" content=\"1280\" \/>\n\t<meta property=\"og:image:height\" content=\"721\" \/>\n\t<meta property=\"og:image:type\" content=\"image\/jpeg\" \/>\n<meta name=\"author\" content=\"bosniak\" \/>\n<meta name=\"twitter:card\" content=\"summary_large_image\" \/>\n<meta name=\"twitter:label1\" content=\"Written by\" \/>\n\t<meta name=\"twitter:data1\" content=\"bosniak\" \/>\n<script type=\"application\/ld+json\" class=\"yoast-schema-graph\">{\"@context\":\"https:\/\/schema.org\",\"@graph\":[{\"@type\":\"Article\",\"@id\":\"https:\/\/sandzakpress.net\/arhiva\/teska-saobracajna-nesreca-u-novom-pazaru-video\/#article\",\"isPartOf\":{\"@id\":\"https:\/\/sandzakpress.net\/arhiva\/teska-saobracajna-nesreca-u-novom-pazaru-video\/\"},\"author\":{\"name\":\"bosniak\",\"@id\":\"https:\/\/sandzakpress.net\/arhiva\/#\/schema\/person\/c8baee722073534b583ea7bdb2e36c02\"},\"headline\":\"Te\u0161ka saobra\u0107ajna nesre\u0107a u Novom Pazaru! (Video)\",\"datePublished\":\"2015-08-07T21:43:13+00:00\",\"mainEntityOfPage\":{\"@id\":\"https:\/\/sandzakpress.net\/arhiva\/teska-saobracajna-nesreca-u-novom-pazaru-video\/\"},\"wordCount\":63,\"commentCount\":0,\"publisher\":{\"@id\":\"https:\/\/sandzakpress.net\/arhiva\/#\/schema\/person\/6e72b67d6e51910a1117b3b483ba20bd\"},\"image\":{\"@id\":\"https:\/\/sandzakpress.net\/arhiva\/teska-saobracajna-nesreca-u-novom-pazaru-video\/#primaryimage\"},\"thumbnailUrl\":\"https:\/\/sandzakpress.net\/arhiva\/wp-content\/uploads\/2015\/08\/11840307_10206515335675752_2025522303_o.jpg\",\"articleSection\":[\"Novi Pazar\",\"Hronika\",\"VIJESTI DANA\"],\"inLanguage\":\"bs-BA\",\"potentialAction\":[{\"@type\":\"CommentAction\",\"name\":\"Comment\",\"target\":[\"https:\/\/sandzakpress.net\/arhiva\/teska-saobracajna-nesreca-u-novom-pazaru-video\/#respond\"]}]},{\"@type\":\"WebPage\",\"@id\":\"https:\/\/sandzakpress.net\/arhiva\/teska-saobracajna-nesreca-u-novom-pazaru-video\/\",\"url\":\"https:\/\/sandzakpress.net\/arhiva\/teska-saobracajna-nesreca-u-novom-pazaru-video\/\",\"name\":\"Te\u0161ka saobra\u0107ajna nesre\u0107a u Novom Pazaru! (Video)\",\"isPartOf\":{\"@id\":\"https:\/\/sandzakpress.net\/arhiva\/#website\"},\"primaryImageOfPage\":{\"@id\":\"https:\/\/sandzakpress.net\/arhiva\/teska-saobracajna-nesreca-u-novom-pazaru-video\/#primaryimage\"},\"image\":{\"@id\":\"https:\/\/sandzakpress.net\/arhiva\/teska-saobracajna-nesreca-u-novom-pazaru-video\/#primaryimage\"},\"thumbnailUrl\":\"https:\/\/sandzakpress.net\/arhiva\/wp-content\/uploads\/2015\/08\/11840307_10206515335675752_2025522303_o.jpg\",\"datePublished\":\"2015-08-07T21:43:13+00:00\",\"breadcrumb\":{\"@id\":\"https:\/\/sandzakpress.net\/arhiva\/teska-saobracajna-nesreca-u-novom-pazaru-video\/#breadcrumb\"},\"inLanguage\":\"bs-BA\",\"potentialAction\":[{\"@type\":\"ReadAction\",\"target\":[\"https:\/\/sandzakpress.net\/arhiva\/teska-saobracajna-nesreca-u-novom-pazaru-video\/\"]}]},{\"@type\":\"ImageObject\",\"inLanguage\":\"bs-BA\",\"@id\":\"https:\/\/sandzakpress.net\/arhiva\/teska-saobracajna-nesreca-u-novom-pazaru-video\/#primaryimage\",\"url\":\"https:\/\/sandzakpress.net\/arhiva\/wp-content\/uploads\/2015\/08\/11840307_10206515335675752_2025522303_o.jpg\",\"contentUrl\":\"https:\/\/sandzakpress.net\/arhiva\/wp-content\/uploads\/2015\/08\/11840307_10206515335675752_2025522303_o.jpg\",\"width\":1280,\"height\":721},{\"@type\":\"BreadcrumbList\",\"@id\":\"https:\/\/sandzakpress.net\/arhiva\/teska-saobracajna-nesreca-u-novom-pazaru-video\/#breadcrumb\",\"itemListElement\":[{\"@type\":\"ListItem\",\"position\":1,\"name\":\"Home\",\"item\":\"https:\/\/sandzakpress.net\/arhiva\/\"},{\"@type\":\"ListItem\",\"position\":2,\"name\":\"Te\u0161ka saobra\u0107ajna nesre\u0107a u Novom Pazaru! (Video)\"}]},{\"@type\":\"WebSite\",\"@id\":\"https:\/\/sandzakpress.net\/arhiva\/#website\",\"url\":\"https:\/\/sandzakpress.net\/arhiva\/\",\"name\":\"Sand\u017eak PRESS\",\"description\":\"Prve elektronske novine u Sand\u017eaku\",\"publisher\":{\"@id\":\"https:\/\/sandzakpress.net\/arhiva\/#\/schema\/person\/6e72b67d6e51910a1117b3b483ba20bd\"},\"potentialAction\":[{\"@type\":\"SearchAction\",\"target\":{\"@type\":\"EntryPoint\",\"urlTemplate\":\"https:\/\/sandzakpress.net\/arhiva\/?s={search_term_string}\"},\"query-input\":{\"@type\":\"PropertyValueSpecification\",\"valueRequired\":true,\"valueName\":\"search_term_string\"}}],\"inLanguage\":\"bs-BA\"},{\"@type\":[\"Person\",\"Organization\"],\"@id\":\"https:\/\/sandzakpress.net\/arhiva\/#\/schema\/person\/6e72b67d6e51910a1117b3b483ba20bd\",\"name\":\"Kul\",\"image\":{\"@type\":\"ImageObject\",\"inLanguage\":\"bs-BA\",\"@id\":\"https:\/\/sandzakpress.net\/arhiva\/#\/schema\/person\/image\/\",\"url\":\"https:\/\/secure.gravatar.com\/avatar\/42263f39aa27ac04c43cab85c280eb2e?s=96&d=mm&r=pg\",\"contentUrl\":\"https:\/\/secure.gravatar.com\/avatar\/42263f39aa27ac04c43cab85c280eb2e?s=96&d=mm&r=pg\",\"caption\":\"Kul\"},\"logo\":{\"@id\":\"https:\/\/sandzakpress.net\/arhiva\/#\/schema\/person\/image\/\"}},{\"@type\":\"Person\",\"@id\":\"https:\/\/sandzakpress.net\/arhiva\/#\/schema\/person\/c8baee722073534b583ea7bdb2e36c02\",\"name\":\"bosniak\",\"image\":{\"@type\":\"ImageObject\",\"inLanguage\":\"bs-BA\",\"@id\":\"https:\/\/sandzakpress.net\/arhiva\/#\/schema\/person\/image\/\",\"url\":\"https:\/\/secure.gravatar.com\/avatar\/a04fd330bfe3a36a72a0ad4a6d89fca7?s=96&d=mm&r=pg\",\"contentUrl\":\"https:\/\/secure.gravatar.com\/avatar\/a04fd330bfe3a36a72a0ad4a6d89fca7?s=96&d=mm&r=pg\",\"caption\":\"bosniak\"},\"url\":\"https:\/\/sandzakpress.net\/arhiva\/author\/bosniak\/\"}]}<\/script>\n<!-- \/ Yoast SEO Premium plugin. -->","yoast_head_json":{"title":"Te\u0161ka saobra\u0107ajna nesre\u0107a u Novom Pazaru! (Video)","robots":{"index":"index","follow":"follow","max-snippet":"max-snippet:-1","max-image-preview":"max-image-preview:large","max-video-preview":"max-video-preview:-1"},"canonical":"https:\/\/sandzakpress.net\/arhiva\/teska-saobracajna-nesreca-u-novom-pazaru-video\/","og_locale":"bs_BA","og_type":"article","og_title":"Te\u0161ka saobra\u0107ajna nesre\u0107a u Novom Pazaru! (Video)","og_description":"Novi Pazar &#8211; Na magistralnom putu, dionica izme\u0111u Mura i Bajevice te\u0161ka saobra\u0107ajna nesre\u0107a. Prema nezvani\u010dnim informacijama ima povrije\u0111enih. Troje automobila je u\u010destvovalo u udesu. Policija upravo vr\u0161i uvi\u0111aj. (SANA)","og_url":"https:\/\/sandzakpress.net\/arhiva\/teska-saobracajna-nesreca-u-novom-pazaru-video\/","og_site_name":"Sand\u017eak PRESS","article_published_time":"2015-08-07T21:43:13+00:00","og_image":[{"width":1280,"height":721,"url":"https:\/\/sandzakpress.net\/arhiva\/wp-content\/uploads\/2015\/08\/11840307_10206515335675752_2025522303_o.jpg","type":"image\/jpeg"}],"author":"bosniak","twitter_card":"summary_large_image","twitter_misc":{"Written by":"bosniak"},"schema":{"@context":"https:\/\/schema.org","@graph":[{"@type":"Article","@id":"https:\/\/sandzakpress.net\/arhiva\/teska-saobracajna-nesreca-u-novom-pazaru-video\/#article","isPartOf":{"@id":"https:\/\/sandzakpress.net\/arhiva\/teska-saobracajna-nesreca-u-novom-pazaru-video\/"},"author":{"name":"bosniak","@id":"https:\/\/sandzakpress.net\/arhiva\/#\/schema\/person\/c8baee722073534b583ea7bdb2e36c02"},"headline":"Te\u0161ka saobra\u0107ajna nesre\u0107a u Novom Pazaru! (Video)","datePublished":"2015-08-07T21:43:13+00:00","mainEntityOfPage":{"@id":"https:\/\/sandzakpress.net\/arhiva\/teska-saobracajna-nesreca-u-novom-pazaru-video\/"},"wordCount":63,"commentCount":0,"publisher":{"@id":"https:\/\/sandzakpress.net\/arhiva\/#\/schema\/person\/6e72b67d6e51910a1117b3b483ba20bd"},"image":{"@id":"https:\/\/sandzakpress.net\/arhiva\/teska-saobracajna-nesreca-u-novom-pazaru-video\/#primaryimage"},"thumbnailUrl":"https:\/\/sandzakpress.net\/arhiva\/wp-content\/uploads\/2015\/08\/11840307_10206515335675752_2025522303_o.jpg","articleSection":["Novi Pazar","Hronika","VIJESTI DANA"],"inLanguage":"bs-BA","potentialAction":[{"@type":"CommentAction","name":"Comment","target":["https:\/\/sandzakpress.net\/arhiva\/teska-saobracajna-nesreca-u-novom-pazaru-video\/#respond"]}]},{"@type":"WebPage","@id":"https:\/\/sandzakpress.net\/arhiva\/teska-saobracajna-nesreca-u-novom-pazaru-video\/","url":"https:\/\/sandzakpress.net\/arhiva\/teska-saobracajna-nesreca-u-novom-pazaru-video\/","name":"Te\u0161ka saobra\u0107ajna nesre\u0107a u Novom Pazaru! (Video)","isPartOf":{"@id":"https:\/\/sandzakpress.net\/arhiva\/#website"},"primaryImageOfPage":{"@id":"https:\/\/sandzakpress.net\/arhiva\/teska-saobracajna-nesreca-u-novom-pazaru-video\/#primaryimage"},"image":{"@id":"https:\/\/sandzakpress.net\/arhiva\/teska-saobracajna-nesreca-u-novom-pazaru-video\/#primaryimage"},"thumbnailUrl":"https:\/\/sandzakpress.net\/arhiva\/wp-content\/uploads\/2015\/08\/11840307_10206515335675752_2025522303_o.jpg","datePublished":"2015-08-07T21:43:13+00:00","breadcrumb":{"@id":"https:\/\/sandzakpress.net\/arhiva\/teska-saobracajna-nesreca-u-novom-pazaru-video\/#breadcrumb"},"inLanguage":"bs-BA","potentialAction":[{"@type":"ReadAction","target":["https:\/\/sandzakpress.net\/arhiva\/teska-saobracajna-nesreca-u-novom-pazaru-video\/"]}]},{"@type":"ImageObject","inLanguage":"bs-BA","@id":"https:\/\/sandzakpress.net\/arhiva\/teska-saobracajna-nesreca-u-novom-pazaru-video\/#primaryimage","url":"https:\/\/sandzakpress.net\/arhiva\/wp-content\/uploads\/2015\/08\/11840307_10206515335675752_2025522303_o.jpg","contentUrl":"https:\/\/sandzakpress.net\/arhiva\/wp-content\/uploads\/2015\/08\/11840307_10206515335675752_2025522303_o.jpg","width":1280,"height":721},{"@type":"BreadcrumbList","@id":"https:\/\/sandzakpress.net\/arhiva\/teska-saobracajna-nesreca-u-novom-pazaru-video\/#breadcrumb","itemListElement":[{"@type":"ListItem","position":1,"name":"Home","item":"https:\/\/sandzakpress.net\/arhiva\/"},{"@type":"ListItem","position":2,"name":"Te\u0161ka saobra\u0107ajna nesre\u0107a u Novom Pazaru! (Video)"}]},{"@type":"WebSite","@id":"https:\/\/sandzakpress.net\/arhiva\/#website","url":"https:\/\/sandzakpress.net\/arhiva\/","name":"Sand\u017eak PRESS","description":"Prve elektronske novine u Sand\u017eaku","publisher":{"@id":"https:\/\/sandzakpress.net\/arhiva\/#\/schema\/person\/6e72b67d6e51910a1117b3b483ba20bd"},"potentialAction":[{"@type":"SearchAction","target":{"@type":"EntryPoint","urlTemplate":"https:\/\/sandzakpress.net\/arhiva\/?s={search_term_string}"},"query-input":{"@type":"PropertyValueSpecification","valueRequired":true,"valueName":"search_term_string"}}],"inLanguage":"bs-BA"},{"@type":["Person","Organization"],"@id":"https:\/\/sandzakpress.net\/arhiva\/#\/schema\/person\/6e72b67d6e51910a1117b3b483ba20bd","name":"Kul","image":{"@type":"ImageObject","inLanguage":"bs-BA","@id":"https:\/\/sandzakpress.net\/arhiva\/#\/schema\/person\/image\/","url":"https:\/\/secure.gravatar.com\/avatar\/42263f39aa27ac04c43cab85c280eb2e?s=96&d=mm&r=pg","contentUrl":"https:\/\/secure.gravatar.com\/avatar\/42263f39aa27ac04c43cab85c280eb2e?s=96&d=mm&r=pg","caption":"Kul"},"logo":{"@id":"https:\/\/sandzakpress.net\/arhiva\/#\/schema\/person\/image\/"}},{"@type":"Person","@id":"https:\/\/sandzakpress.net\/arhiva\/#\/schema\/person\/c8baee722073534b583ea7bdb2e36c02","name":"bosniak","image":{"@type":"ImageObject","inLanguage":"bs-BA","@id":"https:\/\/sandzakpress.net\/arhiva\/#\/schema\/person\/image\/","url":"https:\/\/secure.gravatar.com\/avatar\/a04fd330bfe3a36a72a0ad4a6d89fca7?s=96&d=mm&r=pg","contentUrl":"https:\/\/secure.gravatar.com\/avatar\/a04fd330bfe3a36a72a0ad4a6d89fca7?s=96&d=mm&r=pg","caption":"bosniak"},"url":"https:\/\/sandzakpress.net\/arhiva\/author\/bosniak\/"}]}},"_links":{"self":[{"href":"https:\/\/sandzakpress.net\/arhiva\/wp-json\/wp\/v2\/posts\/132899"}],"collection":[{"href":"https:\/\/sandzakpress.net\/arhiva\/wp-json\/wp\/v2\/posts"}],"about":[{"href":"https:\/\/sandzakpress.net\/arhiva\/wp-json\/wp\/v2\/types\/post"}],"author":[{"embeddable":true,"href":"https:\/\/sandzakpress.net\/arhiva\/wp-json\/wp\/v2\/users\/83"}],"replies":[{"embeddable":true,"href":"https:\/\/sandzakpress.net\/arhiva\/wp-json\/wp\/v2\/comments?post=132899"}],"version-history":[{"count":0,"href":"https:\/\/sandzakpress.net\/arhiva\/wp-json\/wp\/v2\/posts\/132899\/revisions"}],"wp:featuredmedia":[{"embeddable":true,"href":"https:\/\/sandzakpress.net\/arhiva\/wp-json\/wp\/v2\/media\/132900"}],"wp:attachment":[{"href":"https:\/\/sandzakpress.net\/arhiva\/wp-json\/wp\/v2\/media?parent=132899"}],"wp:term":[{"taxonomy":"category","embeddable":true,"href":"https:\/\/sandzakpress.net\/arhiva\/wp-json\/wp\/v2\/categories?post=132899"},{"taxonomy":"post_tag","embeddable":true,"href":"https:\/\/sandzakpress.net\/arhiva\/wp-json\/wp\/v2\/tags?post=132899"}],"curies":[{"name":"wp","href":"https:\/\/api.w.org\/{rel}","templated":true}]}}