{"id":132888,"date":"2015-08-07T17:10:02","date_gmt":"2015-08-07T15:10:02","guid":{"rendered":"https:\/\/sandzakpress.net\/arhiva\/hrvatska-reporterka-u-programu-uzivo-reagovala-na-ustaske-parole"},"modified":"2015-08-07T17:10:02","modified_gmt":"2015-08-07T15:10:02","slug":"hrvatska-reporterka-u-programu-uzivo-reagovala-na-ustaske-parole","status":"publish","type":"post","link":"https:\/\/sandzakpress.net\/arhiva\/hrvatska-reporterka-u-programu-uzivo-reagovala-na-ustaske-parole\/","title":{"rendered":"Hrvatska: Reporterka u programu u\u017eivo reagovala na usta\u0161ke parole"},"content":{"rendered":"<\/p>\n<p><strong>HR \u2013 Reporterka RTL-a Nata\u0161a Bo\u017ei\u0107 na\u0161la se u nezavidnoj situaciji nakon \u0161to je masa na proslavi obilje\u017eavanja Oluje u Kninu po\u010dela da uzvikuje neprimjerene parole u toku televizijskog uklju\u010denja.<\/strong><\/p>\n<p>Bo\u017ei\u0107 se okrenula prema okupljenoj masi i u\u017eivo pred kamerama reagovala na neprimjerene uzvike.<\/p>\n<p>Naime, masa je u jednom trenutku po\u010dela uzvikivati \u201cZa dom spremni\u201d, na \u0161to je reporterka reagovala osu\u0111uju\u0107i i ogra\u0111uju\u0107i se od usta\u0161kih uzvika.<\/p>\n<p>\u201cOvo je neprimjereno. Ovo neprimjereno skandiranje nije obilje\u017eilo \u010ditav dan, bilo je samo povremeno i ve\u0107ina ljudi ovakvo skandiranje nije prihvatala. Ogra\u0111ujemo se naravno od ovoga \u0161to smo upravo \u010duli, od neodgovornih pojedinaca\u201d, kazala je tokom televizijskog uklju\u010denja u\u017eivo Bo\u017ei\u0107.<\/p>\n<p>(klix)<\/p>\n<p>Pogledajte vijest na izvornom sajtu:<\/p>\n<p><a href=\"http:\/\/bosnapress.net\/hrvatska-reporterka-u-programu-uzivo-reagovala-na-ustaske-parole\/\" target=\"_blank\">Hrvatska: Reporterka u programu u\u017eivo reagovala na usta\u0161ke parole<\/a><\/p>\n","protected":false},"excerpt":{"rendered":"<p>HR \u2013 Reporterka RTL-a Nata\u0161a Bo\u017ei\u0107 na\u0161la se u nezavidnoj situaciji nakon \u0161to je masa na proslavi obilje\u017eavanja Oluje u Kninu po\u010dela da uzvikuje neprimjerene parole u toku televizijskog uklju\u010denja. Bo\u017ei\u0107 se okrenula prema okupljenoj masi i u\u017eivo pred kamerama reagovala na neprimjerene uzvike. Naime, masa je u jednom trenutku po\u010dela uzvikivati \u201cZa dom spremni\u201d, [&hellip;]<\/p>\n","protected":false},"author":83,"featured_media":0,"comment_status":"open","ping_status":"open","sticky":false,"template":"","format":"standard","meta":{"footnotes":""},"categories":[10513],"tags":[10466],"class_list":{"0":"post-132888","1":"post","2":"type-post","3":"status-publish","4":"format-standard","6":"category-bosna-press","7":"tag-bosna-i-hercegovina"},"yoast_head":"<!-- This site is optimized with the Yoast SEO Premium plugin v23.1 (Yoast SEO v24.9) - https:\/\/yoast.com\/wordpress\/plugins\/seo\/ -->\n<title>Hrvatska: Reporterka u programu u\u017eivo reagovala na usta\u0161ke parole<\/title>\n<meta name=\"robots\" content=\"index, follow, max-snippet:-1, max-image-preview:large, max-video-preview:-1\" \/>\n<link rel=\"canonical\" href=\"https:\/\/sandzakpress.net\/arhiva\/hrvatska-reporterka-u-programu-uzivo-reagovala-na-ustaske-parole\/\" \/>\n<meta property=\"og:locale\" content=\"bs_BA\" \/>\n<meta property=\"og:type\" content=\"article\" \/>\n<meta property=\"og:title\" content=\"Hrvatska: Reporterka u programu u\u017eivo reagovala na usta\u0161ke parole\" \/>\n<meta property=\"og:description\" content=\"HR \u2013 Reporterka RTL-a Nata\u0161a Bo\u017ei\u0107 na\u0161la se u nezavidnoj situaciji nakon \u0161to je masa na proslavi obilje\u017eavanja Oluje u Kninu po\u010dela da uzvikuje neprimjerene parole u toku televizijskog uklju\u010denja. Bo\u017ei\u0107 se okrenula prema okupljenoj masi i u\u017eivo pred kamerama reagovala na neprimjerene uzvike. Naime, masa je u jednom trenutku po\u010dela uzvikivati \u201cZa dom spremni\u201d, [&hellip;]\" \/>\n<meta property=\"og:url\" content=\"https:\/\/sandzakpress.net\/arhiva\/hrvatska-reporterka-u-programu-uzivo-reagovala-na-ustaske-parole\/\" \/>\n<meta property=\"og:site_name\" content=\"Sand\u017eak PRESS\" \/>\n<meta property=\"article:published_time\" content=\"2015-08-07T15:10:02+00:00\" \/>\n<meta name=\"author\" content=\"bosniak\" \/>\n<meta name=\"twitter:card\" content=\"summary_large_image\" \/>\n<meta name=\"twitter:label1\" content=\"Written by\" \/>\n\t<meta name=\"twitter:data1\" content=\"bosniak\" \/>\n\t<meta name=\"twitter:label2\" content=\"Est. reading time\" \/>\n\t<meta name=\"twitter:data2\" content=\"1 minuta\" \/>\n<script type=\"application\/ld+json\" class=\"yoast-schema-graph\">{\"@context\":\"https:\/\/schema.org\",\"@graph\":[{\"@type\":\"Article\",\"@id\":\"https:\/\/sandzakpress.net\/arhiva\/hrvatska-reporterka-u-programu-uzivo-reagovala-na-ustaske-parole\/#article\",\"isPartOf\":{\"@id\":\"https:\/\/sandzakpress.net\/arhiva\/hrvatska-reporterka-u-programu-uzivo-reagovala-na-ustaske-parole\/\"},\"author\":{\"name\":\"bosniak\",\"@id\":\"https:\/\/sandzakpress.net\/arhiva\/#\/schema\/person\/c8baee722073534b583ea7bdb2e36c02\"},\"headline\":\"Hrvatska: Reporterka u programu u\u017eivo reagovala na usta\u0161ke parole\",\"datePublished\":\"2015-08-07T15:10:02+00:00\",\"mainEntityOfPage\":{\"@id\":\"https:\/\/sandzakpress.net\/arhiva\/hrvatska-reporterka-u-programu-uzivo-reagovala-na-ustaske-parole\/\"},\"wordCount\":154,\"commentCount\":1,\"publisher\":{\"@id\":\"https:\/\/sandzakpress.net\/arhiva\/#\/schema\/person\/6e72b67d6e51910a1117b3b483ba20bd\"},\"keywords\":[\"Bosna i Hercegovina\"],\"articleSection\":[\"Bosna PRESS\"],\"inLanguage\":\"bs-BA\",\"potentialAction\":[{\"@type\":\"CommentAction\",\"name\":\"Comment\",\"target\":[\"https:\/\/sandzakpress.net\/arhiva\/hrvatska-reporterka-u-programu-uzivo-reagovala-na-ustaske-parole\/#respond\"]}]},{\"@type\":\"WebPage\",\"@id\":\"https:\/\/sandzakpress.net\/arhiva\/hrvatska-reporterka-u-programu-uzivo-reagovala-na-ustaske-parole\/\",\"url\":\"https:\/\/sandzakpress.net\/arhiva\/hrvatska-reporterka-u-programu-uzivo-reagovala-na-ustaske-parole\/\",\"name\":\"Hrvatska: Reporterka u programu u\u017eivo reagovala na usta\u0161ke parole\",\"isPartOf\":{\"@id\":\"https:\/\/sandzakpress.net\/arhiva\/#website\"},\"datePublished\":\"2015-08-07T15:10:02+00:00\",\"breadcrumb\":{\"@id\":\"https:\/\/sandzakpress.net\/arhiva\/hrvatska-reporterka-u-programu-uzivo-reagovala-na-ustaske-parole\/#breadcrumb\"},\"inLanguage\":\"bs-BA\",\"potentialAction\":[{\"@type\":\"ReadAction\",\"target\":[\"https:\/\/sandzakpress.net\/arhiva\/hrvatska-reporterka-u-programu-uzivo-reagovala-na-ustaske-parole\/\"]}]},{\"@type\":\"BreadcrumbList\",\"@id\":\"https:\/\/sandzakpress.net\/arhiva\/hrvatska-reporterka-u-programu-uzivo-reagovala-na-ustaske-parole\/#breadcrumb\",\"itemListElement\":[{\"@type\":\"ListItem\",\"position\":1,\"name\":\"Home\",\"item\":\"https:\/\/sandzakpress.net\/arhiva\/\"},{\"@type\":\"ListItem\",\"position\":2,\"name\":\"Hrvatska: Reporterka u programu u\u017eivo reagovala na usta\u0161ke parole\"}]},{\"@type\":\"WebSite\",\"@id\":\"https:\/\/sandzakpress.net\/arhiva\/#website\",\"url\":\"https:\/\/sandzakpress.net\/arhiva\/\",\"name\":\"Sand\u017eak PRESS\",\"description\":\"Prve elektronske novine u Sand\u017eaku\",\"publisher\":{\"@id\":\"https:\/\/sandzakpress.net\/arhiva\/#\/schema\/person\/6e72b67d6e51910a1117b3b483ba20bd\"},\"potentialAction\":[{\"@type\":\"SearchAction\",\"target\":{\"@type\":\"EntryPoint\",\"urlTemplate\":\"https:\/\/sandzakpress.net\/arhiva\/?s={search_term_string}\"},\"query-input\":{\"@type\":\"PropertyValueSpecification\",\"valueRequired\":true,\"valueName\":\"search_term_string\"}}],\"inLanguage\":\"bs-BA\"},{\"@type\":[\"Person\",\"Organization\"],\"@id\":\"https:\/\/sandzakpress.net\/arhiva\/#\/schema\/person\/6e72b67d6e51910a1117b3b483ba20bd\",\"name\":\"Kul\",\"image\":{\"@type\":\"ImageObject\",\"inLanguage\":\"bs-BA\",\"@id\":\"https:\/\/sandzakpress.net\/arhiva\/#\/schema\/person\/image\/\",\"url\":\"https:\/\/secure.gravatar.com\/avatar\/42263f39aa27ac04c43cab85c280eb2e?s=96&d=mm&r=pg\",\"contentUrl\":\"https:\/\/secure.gravatar.com\/avatar\/42263f39aa27ac04c43cab85c280eb2e?s=96&d=mm&r=pg\",\"caption\":\"Kul\"},\"logo\":{\"@id\":\"https:\/\/sandzakpress.net\/arhiva\/#\/schema\/person\/image\/\"}},{\"@type\":\"Person\",\"@id\":\"https:\/\/sandzakpress.net\/arhiva\/#\/schema\/person\/c8baee722073534b583ea7bdb2e36c02\",\"name\":\"bosniak\",\"image\":{\"@type\":\"ImageObject\",\"inLanguage\":\"bs-BA\",\"@id\":\"https:\/\/sandzakpress.net\/arhiva\/#\/schema\/person\/image\/\",\"url\":\"https:\/\/secure.gravatar.com\/avatar\/a04fd330bfe3a36a72a0ad4a6d89fca7?s=96&d=mm&r=pg\",\"contentUrl\":\"https:\/\/secure.gravatar.com\/avatar\/a04fd330bfe3a36a72a0ad4a6d89fca7?s=96&d=mm&r=pg\",\"caption\":\"bosniak\"},\"url\":\"https:\/\/sandzakpress.net\/arhiva\/author\/bosniak\/\"}]}<\/script>\n<!-- \/ Yoast SEO Premium plugin. -->","yoast_head_json":{"title":"Hrvatska: Reporterka u programu u\u017eivo reagovala na usta\u0161ke parole","robots":{"index":"index","follow":"follow","max-snippet":"max-snippet:-1","max-image-preview":"max-image-preview:large","max-video-preview":"max-video-preview:-1"},"canonical":"https:\/\/sandzakpress.net\/arhiva\/hrvatska-reporterka-u-programu-uzivo-reagovala-na-ustaske-parole\/","og_locale":"bs_BA","og_type":"article","og_title":"Hrvatska: Reporterka u programu u\u017eivo reagovala na usta\u0161ke parole","og_description":"HR \u2013 Reporterka RTL-a Nata\u0161a Bo\u017ei\u0107 na\u0161la se u nezavidnoj situaciji nakon \u0161to je masa na proslavi obilje\u017eavanja Oluje u Kninu po\u010dela da uzvikuje neprimjerene parole u toku televizijskog uklju\u010denja. Bo\u017ei\u0107 se okrenula prema okupljenoj masi i u\u017eivo pred kamerama reagovala na neprimjerene uzvike. Naime, masa je u jednom trenutku po\u010dela uzvikivati \u201cZa dom spremni\u201d, [&hellip;]","og_url":"https:\/\/sandzakpress.net\/arhiva\/hrvatska-reporterka-u-programu-uzivo-reagovala-na-ustaske-parole\/","og_site_name":"Sand\u017eak PRESS","article_published_time":"2015-08-07T15:10:02+00:00","author":"bosniak","twitter_card":"summary_large_image","twitter_misc":{"Written by":"bosniak","Est. reading time":"1 minuta"},"schema":{"@context":"https:\/\/schema.org","@graph":[{"@type":"Article","@id":"https:\/\/sandzakpress.net\/arhiva\/hrvatska-reporterka-u-programu-uzivo-reagovala-na-ustaske-parole\/#article","isPartOf":{"@id":"https:\/\/sandzakpress.net\/arhiva\/hrvatska-reporterka-u-programu-uzivo-reagovala-na-ustaske-parole\/"},"author":{"name":"bosniak","@id":"https:\/\/sandzakpress.net\/arhiva\/#\/schema\/person\/c8baee722073534b583ea7bdb2e36c02"},"headline":"Hrvatska: Reporterka u programu u\u017eivo reagovala na usta\u0161ke parole","datePublished":"2015-08-07T15:10:02+00:00","mainEntityOfPage":{"@id":"https:\/\/sandzakpress.net\/arhiva\/hrvatska-reporterka-u-programu-uzivo-reagovala-na-ustaske-parole\/"},"wordCount":154,"commentCount":1,"publisher":{"@id":"https:\/\/sandzakpress.net\/arhiva\/#\/schema\/person\/6e72b67d6e51910a1117b3b483ba20bd"},"keywords":["Bosna i Hercegovina"],"articleSection":["Bosna PRESS"],"inLanguage":"bs-BA","potentialAction":[{"@type":"CommentAction","name":"Comment","target":["https:\/\/sandzakpress.net\/arhiva\/hrvatska-reporterka-u-programu-uzivo-reagovala-na-ustaske-parole\/#respond"]}]},{"@type":"WebPage","@id":"https:\/\/sandzakpress.net\/arhiva\/hrvatska-reporterka-u-programu-uzivo-reagovala-na-ustaske-parole\/","url":"https:\/\/sandzakpress.net\/arhiva\/hrvatska-reporterka-u-programu-uzivo-reagovala-na-ustaske-parole\/","name":"Hrvatska: Reporterka u programu u\u017eivo reagovala na usta\u0161ke parole","isPartOf":{"@id":"https:\/\/sandzakpress.net\/arhiva\/#website"},"datePublished":"2015-08-07T15:10:02+00:00","breadcrumb":{"@id":"https:\/\/sandzakpress.net\/arhiva\/hrvatska-reporterka-u-programu-uzivo-reagovala-na-ustaske-parole\/#breadcrumb"},"inLanguage":"bs-BA","potentialAction":[{"@type":"ReadAction","target":["https:\/\/sandzakpress.net\/arhiva\/hrvatska-reporterka-u-programu-uzivo-reagovala-na-ustaske-parole\/"]}]},{"@type":"BreadcrumbList","@id":"https:\/\/sandzakpress.net\/arhiva\/hrvatska-reporterka-u-programu-uzivo-reagovala-na-ustaske-parole\/#breadcrumb","itemListElement":[{"@type":"ListItem","position":1,"name":"Home","item":"https:\/\/sandzakpress.net\/arhiva\/"},{"@type":"ListItem","position":2,"name":"Hrvatska: Reporterka u programu u\u017eivo reagovala na usta\u0161ke parole"}]},{"@type":"WebSite","@id":"https:\/\/sandzakpress.net\/arhiva\/#website","url":"https:\/\/sandzakpress.net\/arhiva\/","name":"Sand\u017eak PRESS","description":"Prve elektronske novine u Sand\u017eaku","publisher":{"@id":"https:\/\/sandzakpress.net\/arhiva\/#\/schema\/person\/6e72b67d6e51910a1117b3b483ba20bd"},"potentialAction":[{"@type":"SearchAction","target":{"@type":"EntryPoint","urlTemplate":"https:\/\/sandzakpress.net\/arhiva\/?s={search_term_string}"},"query-input":{"@type":"PropertyValueSpecification","valueRequired":true,"valueName":"search_term_string"}}],"inLanguage":"bs-BA"},{"@type":["Person","Organization"],"@id":"https:\/\/sandzakpress.net\/arhiva\/#\/schema\/person\/6e72b67d6e51910a1117b3b483ba20bd","name":"Kul","image":{"@type":"ImageObject","inLanguage":"bs-BA","@id":"https:\/\/sandzakpress.net\/arhiva\/#\/schema\/person\/image\/","url":"https:\/\/secure.gravatar.com\/avatar\/42263f39aa27ac04c43cab85c280eb2e?s=96&d=mm&r=pg","contentUrl":"https:\/\/secure.gravatar.com\/avatar\/42263f39aa27ac04c43cab85c280eb2e?s=96&d=mm&r=pg","caption":"Kul"},"logo":{"@id":"https:\/\/sandzakpress.net\/arhiva\/#\/schema\/person\/image\/"}},{"@type":"Person","@id":"https:\/\/sandzakpress.net\/arhiva\/#\/schema\/person\/c8baee722073534b583ea7bdb2e36c02","name":"bosniak","image":{"@type":"ImageObject","inLanguage":"bs-BA","@id":"https:\/\/sandzakpress.net\/arhiva\/#\/schema\/person\/image\/","url":"https:\/\/secure.gravatar.com\/avatar\/a04fd330bfe3a36a72a0ad4a6d89fca7?s=96&d=mm&r=pg","contentUrl":"https:\/\/secure.gravatar.com\/avatar\/a04fd330bfe3a36a72a0ad4a6d89fca7?s=96&d=mm&r=pg","caption":"bosniak"},"url":"https:\/\/sandzakpress.net\/arhiva\/author\/bosniak\/"}]}},"_links":{"self":[{"href":"https:\/\/sandzakpress.net\/arhiva\/wp-json\/wp\/v2\/posts\/132888"}],"collection":[{"href":"https:\/\/sandzakpress.net\/arhiva\/wp-json\/wp\/v2\/posts"}],"about":[{"href":"https:\/\/sandzakpress.net\/arhiva\/wp-json\/wp\/v2\/types\/post"}],"author":[{"embeddable":true,"href":"https:\/\/sandzakpress.net\/arhiva\/wp-json\/wp\/v2\/users\/83"}],"replies":[{"embeddable":true,"href":"https:\/\/sandzakpress.net\/arhiva\/wp-json\/wp\/v2\/comments?post=132888"}],"version-history":[{"count":0,"href":"https:\/\/sandzakpress.net\/arhiva\/wp-json\/wp\/v2\/posts\/132888\/revisions"}],"wp:attachment":[{"href":"https:\/\/sandzakpress.net\/arhiva\/wp-json\/wp\/v2\/media?parent=132888"}],"wp:term":[{"taxonomy":"category","embeddable":true,"href":"https:\/\/sandzakpress.net\/arhiva\/wp-json\/wp\/v2\/categories?post=132888"},{"taxonomy":"post_tag","embeddable":true,"href":"https:\/\/sandzakpress.net\/arhiva\/wp-json\/wp\/v2\/tags?post=132888"}],"curies":[{"name":"wp","href":"https:\/\/api.w.org\/{rel}","templated":true}]}}