{"id":132885,"date":"2015-08-07T21:37:12","date_gmt":"2015-08-07T19:37:12","guid":{"rendered":"https:\/\/sandzakpress.net\/arhiva\/bosnjacki-majori-ignorisali-dan-zalosti-u-srpskoj"},"modified":"2015-08-07T21:37:12","modified_gmt":"2015-08-07T19:37:12","slug":"bosnjacki-majori-ignorisali-dan-zalosti-u-srpskoj","status":"publish","type":"post","link":"https:\/\/sandzakpress.net\/arhiva\/bosnjacki-majori-ignorisali-dan-zalosti-u-srpskoj\/","title":{"rendered":"\u201cBo\u0161nja\u010dki majori ignorisali Dan \u017ealosti u Srpskoj\u201d"},"content":{"rendered":"<p><img loading=\"lazy\" decoding=\"async\" class=\"\" src=\"http:\/\/lat.rtrs.tv\/_FOTO\/nwz\/0467\/046744.jpg\" alt=\"Oru\u017eane snage BiH (arhiv) - \" width=\"595\" height=\"447\" \/><\/p>\n<p><strong>BiH \u2013 Bo\u0161nja\u010dki majori Senad Salihovi\u0107 i Ahmed Ahmetovi\u0107 glavni su akteri skandala u Oru\u017eanim snagama BiH od prije dva dana, kada su, kr\u0161e\u0107i pravila slu\u017ebe, odbili da po\u0161tuju Dan \u017ealosti posve\u0107en prognanim i stradalim Srbima u akciji \u201cOluja\u201d, pi\u0161e \u201cPres Republika Srpska\u201d.<\/strong><\/p>\n<p>Salihovi\u0107 je prekr\u0161io naredbu da zastava u kasarni Oru\u017eanih snaga BiH u Doboju u znak \u017ealosti mora stajati spu\u0161tena na pola jarbola.<\/p>\n<p>On je, poslije jutarnjeg postrojavanja, na kojem je zastava spu\u0161tena na pola, naredio vodniku Suadu \u0160ljivi da zastavu podigne na vrh jarbola, \u0161to je i u\u010dinio.<\/p>\n<p>Sagovornik lista tvrdi da je zastava ponovo spu\u0161tena na pola jarbola tek poslije kategori\u010dne naredbe generala Gojka Kne\u017eevi\u0107a, dodaju\u0107i da je bo\u0161nja\u010dke oficire posebno rasrdilo to \u0161to su morali po\u0161tovati Kne\u017eevi\u0107evu naredbu, koju im je izdao iz Banjaluke.<\/p>\n<p>\u201cMajor Salihovi\u0107 sigurno nije na svoju ruku napravio skandal i vjerovatno je od nekoga od svojih pretpostavljenih imao usmeno odobrenje da podigne zastavu i Srbima gurne `prst u oko`. On je u izuzetno dobrim odnosima sa uticajnim brigadirom Rusmirom Mrkovi\u0107em, komandantom Komande logistike koja je smje\u0161tena u Doboju, koji je u toku rata bio komandant specijalne jedinice MUP-a \u2018Laste'i sasvim je izvjesno da je dao bar pre\u0107utnu saglasnost da bude napravljen incident sa zastavom\u201d, rekao je sagovornik.<\/p>\n<p>On je dodao da je incident sa zastavom prije dva dana napravljen i u banjalu\u010dkoj kasarni \u201cKozara\u201d, gdje su bo\u0161nja\u010dki oficiri odbili da salutiraju prilikom spu\u0161tanja zastave na pola koplja.<\/p>\n<p>\u201cKapetan Semin Leti\u0107 trebalo je da komanduje strojem prilikom jutarnje smotre, odnosno tokom podizanja zastave, a odmah potom i spu\u0161tanja do pola jarbola, ali je njega naprasno zabolio stomak, pa je komandu preuzeo srpski oficir. Onda je pravilo slu\u017ebe prekr\u0161io major Ahmed Ahmetovi\u0107, koji je dr\u017eao ruku u znak pozdrava kada je zastava podizana na vrh jarbola, ali je spustio ruku kada je izdata naredba da zastava bude spu\u0161tena na pola\u201d, tvrdi izvor lista.<\/p>\n<p>Prema pravilima slu\u017ebe, Ahmetovi\u0107 nije smio da spusti ruku dok oficir koji komanduje strojem ne naredi \u201cmirno\u201d, a on je spustio ruku prije komande, pokazuju\u0107i da ne po\u0161tuje stradanje Srba u akciji \u201cOluja\u201d, navodi list.<\/p>\n<p>Zamjenik ministra odbrane Boris \u0408erini\u0107 ka\u017ee da \u0107e insistirati na tome da skandal u vezi sa zastavama u kasarnama u Doboju i Banjaluci bude rasvijetljen do kraja i da vinovnici budu ka\u017enjeni u skladu sa pravilima slu\u017ebe.<\/p>\n<p>(rtrs.tv)<\/p>\n<p>Pogledajte vijest na izvornom sajtu:<\/p>\n<p><a href=\"http:\/\/bosnapress.net\/bosnjacki-majori-ignorisali-dan-zalosti-u-srpskoj\/\" target=\"_blank\">\u201cBo\u0161nja\u010dki majori ignorisali Dan \u017ealosti u Srpskoj\u201d<\/a><\/p>\n","protected":false},"excerpt":{"rendered":"<p>BiH \u2013 Bo\u0161nja\u010dki majori Senad Salihovi\u0107 i Ahmed Ahmetovi\u0107 glavni su akteri skandala u Oru\u017eanim snagama BiH od prije dva dana, kada su, kr\u0161e\u0107i pravila slu\u017ebe, odbili da po\u0161tuju Dan \u017ealosti posve\u0107en prognanim i stradalim Srbima u akciji \u201cOluja\u201d, pi\u0161e \u201cPres Republika Srpska\u201d. Salihovi\u0107 je prekr\u0161io naredbu da zastava u kasarni Oru\u017eanih snaga BiH u [&hellip;]<\/p>\n","protected":false},"author":83,"featured_media":132887,"comment_status":"open","ping_status":"open","sticky":false,"template":"","format":"standard","meta":{"footnotes":""},"categories":[10513],"tags":[10466],"class_list":{"0":"post-132885","1":"post","2":"type-post","3":"status-publish","4":"format-standard","5":"has-post-thumbnail","7":"category-bosna-press","8":"tag-bosna-i-hercegovina"},"yoast_head":"<!-- This site is optimized with the Yoast SEO Premium plugin v23.1 (Yoast SEO v24.9) - https:\/\/yoast.com\/wordpress\/plugins\/seo\/ -->\n<title>\u201cBo\u0161nja\u010dki majori ignorisali Dan \u017ealosti u Srpskoj\u201d<\/title>\n<meta name=\"robots\" content=\"index, follow, max-snippet:-1, max-image-preview:large, max-video-preview:-1\" \/>\n<link rel=\"canonical\" href=\"https:\/\/sandzakpress.net\/arhiva\/bosnjacki-majori-ignorisali-dan-zalosti-u-srpskoj\/\" \/>\n<meta property=\"og:locale\" content=\"bs_BA\" \/>\n<meta property=\"og:type\" content=\"article\" \/>\n<meta property=\"og:title\" content=\"\u201cBo\u0161nja\u010dki majori ignorisali Dan \u017ealosti u Srpskoj\u201d\" \/>\n<meta property=\"og:description\" content=\"BiH \u2013 Bo\u0161nja\u010dki majori Senad Salihovi\u0107 i Ahmed Ahmetovi\u0107 glavni su akteri skandala u Oru\u017eanim snagama BiH od prije dva dana, kada su, kr\u0161e\u0107i pravila slu\u017ebe, odbili da po\u0161tuju Dan \u017ealosti posve\u0107en prognanim i stradalim Srbima u akciji \u201cOluja\u201d, pi\u0161e \u201cPres Republika Srpska\u201d. Salihovi\u0107 je prekr\u0161io naredbu da zastava u kasarni Oru\u017eanih snaga BiH u [&hellip;]\" \/>\n<meta property=\"og:url\" content=\"https:\/\/sandzakpress.net\/arhiva\/bosnjacki-majori-ignorisali-dan-zalosti-u-srpskoj\/\" \/>\n<meta property=\"og:site_name\" content=\"Sand\u017eak PRESS\" \/>\n<meta property=\"article:published_time\" content=\"2015-08-07T19:37:12+00:00\" \/>\n<meta property=\"og:image\" content=\"https:\/\/sandzakpress.net\/arhiva\/wp-content\/uploads\/2015\/08\/0467441.jpg\" \/>\n\t<meta property=\"og:image:width\" content=\"658\" \/>\n\t<meta property=\"og:image:height\" content=\"494\" \/>\n\t<meta property=\"og:image:type\" content=\"image\/jpeg\" \/>\n<meta name=\"author\" content=\"bosniak\" \/>\n<meta name=\"twitter:card\" content=\"summary_large_image\" \/>\n<meta name=\"twitter:label1\" content=\"Written by\" \/>\n\t<meta name=\"twitter:data1\" content=\"bosniak\" \/>\n\t<meta name=\"twitter:label2\" content=\"Est. reading time\" \/>\n\t<meta name=\"twitter:data2\" content=\"2 minute\" \/>\n<script type=\"application\/ld+json\" class=\"yoast-schema-graph\">{\"@context\":\"https:\/\/schema.org\",\"@graph\":[{\"@type\":\"Article\",\"@id\":\"https:\/\/sandzakpress.net\/arhiva\/bosnjacki-majori-ignorisali-dan-zalosti-u-srpskoj\/#article\",\"isPartOf\":{\"@id\":\"https:\/\/sandzakpress.net\/arhiva\/bosnjacki-majori-ignorisali-dan-zalosti-u-srpskoj\/\"},\"author\":{\"name\":\"bosniak\",\"@id\":\"https:\/\/sandzakpress.net\/arhiva\/#\/schema\/person\/c8baee722073534b583ea7bdb2e36c02\"},\"headline\":\"\u201cBo\u0161nja\u010dki majori ignorisali Dan \u017ealosti u Srpskoj\u201d\",\"datePublished\":\"2015-08-07T19:37:12+00:00\",\"mainEntityOfPage\":{\"@id\":\"https:\/\/sandzakpress.net\/arhiva\/bosnjacki-majori-ignorisali-dan-zalosti-u-srpskoj\/\"},\"wordCount\":449,\"commentCount\":52,\"publisher\":{\"@id\":\"https:\/\/sandzakpress.net\/arhiva\/#\/schema\/person\/6e72b67d6e51910a1117b3b483ba20bd\"},\"image\":{\"@id\":\"https:\/\/sandzakpress.net\/arhiva\/bosnjacki-majori-ignorisali-dan-zalosti-u-srpskoj\/#primaryimage\"},\"thumbnailUrl\":\"https:\/\/sandzakpress.net\/arhiva\/wp-content\/uploads\/2015\/08\/0467441.jpg\",\"keywords\":[\"Bosna i Hercegovina\"],\"articleSection\":[\"Bosna PRESS\"],\"inLanguage\":\"bs-BA\",\"potentialAction\":[{\"@type\":\"CommentAction\",\"name\":\"Comment\",\"target\":[\"https:\/\/sandzakpress.net\/arhiva\/bosnjacki-majori-ignorisali-dan-zalosti-u-srpskoj\/#respond\"]}]},{\"@type\":\"WebPage\",\"@id\":\"https:\/\/sandzakpress.net\/arhiva\/bosnjacki-majori-ignorisali-dan-zalosti-u-srpskoj\/\",\"url\":\"https:\/\/sandzakpress.net\/arhiva\/bosnjacki-majori-ignorisali-dan-zalosti-u-srpskoj\/\",\"name\":\"\u201cBo\u0161nja\u010dki majori ignorisali Dan \u017ealosti u Srpskoj\u201d\",\"isPartOf\":{\"@id\":\"https:\/\/sandzakpress.net\/arhiva\/#website\"},\"primaryImageOfPage\":{\"@id\":\"https:\/\/sandzakpress.net\/arhiva\/bosnjacki-majori-ignorisali-dan-zalosti-u-srpskoj\/#primaryimage\"},\"image\":{\"@id\":\"https:\/\/sandzakpress.net\/arhiva\/bosnjacki-majori-ignorisali-dan-zalosti-u-srpskoj\/#primaryimage\"},\"thumbnailUrl\":\"https:\/\/sandzakpress.net\/arhiva\/wp-content\/uploads\/2015\/08\/0467441.jpg\",\"datePublished\":\"2015-08-07T19:37:12+00:00\",\"breadcrumb\":{\"@id\":\"https:\/\/sandzakpress.net\/arhiva\/bosnjacki-majori-ignorisali-dan-zalosti-u-srpskoj\/#breadcrumb\"},\"inLanguage\":\"bs-BA\",\"potentialAction\":[{\"@type\":\"ReadAction\",\"target\":[\"https:\/\/sandzakpress.net\/arhiva\/bosnjacki-majori-ignorisali-dan-zalosti-u-srpskoj\/\"]}]},{\"@type\":\"ImageObject\",\"inLanguage\":\"bs-BA\",\"@id\":\"https:\/\/sandzakpress.net\/arhiva\/bosnjacki-majori-ignorisali-dan-zalosti-u-srpskoj\/#primaryimage\",\"url\":\"https:\/\/sandzakpress.net\/arhiva\/wp-content\/uploads\/2015\/08\/0467441.jpg\",\"contentUrl\":\"https:\/\/sandzakpress.net\/arhiva\/wp-content\/uploads\/2015\/08\/0467441.jpg\",\"width\":658,\"height\":494},{\"@type\":\"BreadcrumbList\",\"@id\":\"https:\/\/sandzakpress.net\/arhiva\/bosnjacki-majori-ignorisali-dan-zalosti-u-srpskoj\/#breadcrumb\",\"itemListElement\":[{\"@type\":\"ListItem\",\"position\":1,\"name\":\"Home\",\"item\":\"https:\/\/sandzakpress.net\/arhiva\/\"},{\"@type\":\"ListItem\",\"position\":2,\"name\":\"\u201cBo\u0161nja\u010dki majori ignorisali Dan \u017ealosti u Srpskoj\u201d\"}]},{\"@type\":\"WebSite\",\"@id\":\"https:\/\/sandzakpress.net\/arhiva\/#website\",\"url\":\"https:\/\/sandzakpress.net\/arhiva\/\",\"name\":\"Sand\u017eak PRESS\",\"description\":\"Prve elektronske novine u Sand\u017eaku\",\"publisher\":{\"@id\":\"https:\/\/sandzakpress.net\/arhiva\/#\/schema\/person\/6e72b67d6e51910a1117b3b483ba20bd\"},\"potentialAction\":[{\"@type\":\"SearchAction\",\"target\":{\"@type\":\"EntryPoint\",\"urlTemplate\":\"https:\/\/sandzakpress.net\/arhiva\/?s={search_term_string}\"},\"query-input\":{\"@type\":\"PropertyValueSpecification\",\"valueRequired\":true,\"valueName\":\"search_term_string\"}}],\"inLanguage\":\"bs-BA\"},{\"@type\":[\"Person\",\"Organization\"],\"@id\":\"https:\/\/sandzakpress.net\/arhiva\/#\/schema\/person\/6e72b67d6e51910a1117b3b483ba20bd\",\"name\":\"Kul\",\"image\":{\"@type\":\"ImageObject\",\"inLanguage\":\"bs-BA\",\"@id\":\"https:\/\/sandzakpress.net\/arhiva\/#\/schema\/person\/image\/\",\"url\":\"https:\/\/secure.gravatar.com\/avatar\/42263f39aa27ac04c43cab85c280eb2e?s=96&d=mm&r=pg\",\"contentUrl\":\"https:\/\/secure.gravatar.com\/avatar\/42263f39aa27ac04c43cab85c280eb2e?s=96&d=mm&r=pg\",\"caption\":\"Kul\"},\"logo\":{\"@id\":\"https:\/\/sandzakpress.net\/arhiva\/#\/schema\/person\/image\/\"}},{\"@type\":\"Person\",\"@id\":\"https:\/\/sandzakpress.net\/arhiva\/#\/schema\/person\/c8baee722073534b583ea7bdb2e36c02\",\"name\":\"bosniak\",\"image\":{\"@type\":\"ImageObject\",\"inLanguage\":\"bs-BA\",\"@id\":\"https:\/\/sandzakpress.net\/arhiva\/#\/schema\/person\/image\/\",\"url\":\"https:\/\/secure.gravatar.com\/avatar\/a04fd330bfe3a36a72a0ad4a6d89fca7?s=96&d=mm&r=pg\",\"contentUrl\":\"https:\/\/secure.gravatar.com\/avatar\/a04fd330bfe3a36a72a0ad4a6d89fca7?s=96&d=mm&r=pg\",\"caption\":\"bosniak\"},\"url\":\"https:\/\/sandzakpress.net\/arhiva\/author\/bosniak\/\"}]}<\/script>\n<!-- \/ Yoast SEO Premium plugin. -->","yoast_head_json":{"title":"\u201cBo\u0161nja\u010dki majori ignorisali Dan \u017ealosti u Srpskoj\u201d","robots":{"index":"index","follow":"follow","max-snippet":"max-snippet:-1","max-image-preview":"max-image-preview:large","max-video-preview":"max-video-preview:-1"},"canonical":"https:\/\/sandzakpress.net\/arhiva\/bosnjacki-majori-ignorisali-dan-zalosti-u-srpskoj\/","og_locale":"bs_BA","og_type":"article","og_title":"\u201cBo\u0161nja\u010dki majori ignorisali Dan \u017ealosti u Srpskoj\u201d","og_description":"BiH \u2013 Bo\u0161nja\u010dki majori Senad Salihovi\u0107 i Ahmed Ahmetovi\u0107 glavni su akteri skandala u Oru\u017eanim snagama BiH od prije dva dana, kada su, kr\u0161e\u0107i pravila slu\u017ebe, odbili da po\u0161tuju Dan \u017ealosti posve\u0107en prognanim i stradalim Srbima u akciji \u201cOluja\u201d, pi\u0161e \u201cPres Republika Srpska\u201d. Salihovi\u0107 je prekr\u0161io naredbu da zastava u kasarni Oru\u017eanih snaga BiH u [&hellip;]","og_url":"https:\/\/sandzakpress.net\/arhiva\/bosnjacki-majori-ignorisali-dan-zalosti-u-srpskoj\/","og_site_name":"Sand\u017eak PRESS","article_published_time":"2015-08-07T19:37:12+00:00","og_image":[{"width":658,"height":494,"url":"https:\/\/sandzakpress.net\/arhiva\/wp-content\/uploads\/2015\/08\/0467441.jpg","type":"image\/jpeg"}],"author":"bosniak","twitter_card":"summary_large_image","twitter_misc":{"Written by":"bosniak","Est. reading time":"2 minute"},"schema":{"@context":"https:\/\/schema.org","@graph":[{"@type":"Article","@id":"https:\/\/sandzakpress.net\/arhiva\/bosnjacki-majori-ignorisali-dan-zalosti-u-srpskoj\/#article","isPartOf":{"@id":"https:\/\/sandzakpress.net\/arhiva\/bosnjacki-majori-ignorisali-dan-zalosti-u-srpskoj\/"},"author":{"name":"bosniak","@id":"https:\/\/sandzakpress.net\/arhiva\/#\/schema\/person\/c8baee722073534b583ea7bdb2e36c02"},"headline":"\u201cBo\u0161nja\u010dki majori ignorisali Dan \u017ealosti u Srpskoj\u201d","datePublished":"2015-08-07T19:37:12+00:00","mainEntityOfPage":{"@id":"https:\/\/sandzakpress.net\/arhiva\/bosnjacki-majori-ignorisali-dan-zalosti-u-srpskoj\/"},"wordCount":449,"commentCount":52,"publisher":{"@id":"https:\/\/sandzakpress.net\/arhiva\/#\/schema\/person\/6e72b67d6e51910a1117b3b483ba20bd"},"image":{"@id":"https:\/\/sandzakpress.net\/arhiva\/bosnjacki-majori-ignorisali-dan-zalosti-u-srpskoj\/#primaryimage"},"thumbnailUrl":"https:\/\/sandzakpress.net\/arhiva\/wp-content\/uploads\/2015\/08\/0467441.jpg","keywords":["Bosna i Hercegovina"],"articleSection":["Bosna PRESS"],"inLanguage":"bs-BA","potentialAction":[{"@type":"CommentAction","name":"Comment","target":["https:\/\/sandzakpress.net\/arhiva\/bosnjacki-majori-ignorisali-dan-zalosti-u-srpskoj\/#respond"]}]},{"@type":"WebPage","@id":"https:\/\/sandzakpress.net\/arhiva\/bosnjacki-majori-ignorisali-dan-zalosti-u-srpskoj\/","url":"https:\/\/sandzakpress.net\/arhiva\/bosnjacki-majori-ignorisali-dan-zalosti-u-srpskoj\/","name":"\u201cBo\u0161nja\u010dki majori ignorisali Dan \u017ealosti u Srpskoj\u201d","isPartOf":{"@id":"https:\/\/sandzakpress.net\/arhiva\/#website"},"primaryImageOfPage":{"@id":"https:\/\/sandzakpress.net\/arhiva\/bosnjacki-majori-ignorisali-dan-zalosti-u-srpskoj\/#primaryimage"},"image":{"@id":"https:\/\/sandzakpress.net\/arhiva\/bosnjacki-majori-ignorisali-dan-zalosti-u-srpskoj\/#primaryimage"},"thumbnailUrl":"https:\/\/sandzakpress.net\/arhiva\/wp-content\/uploads\/2015\/08\/0467441.jpg","datePublished":"2015-08-07T19:37:12+00:00","breadcrumb":{"@id":"https:\/\/sandzakpress.net\/arhiva\/bosnjacki-majori-ignorisali-dan-zalosti-u-srpskoj\/#breadcrumb"},"inLanguage":"bs-BA","potentialAction":[{"@type":"ReadAction","target":["https:\/\/sandzakpress.net\/arhiva\/bosnjacki-majori-ignorisali-dan-zalosti-u-srpskoj\/"]}]},{"@type":"ImageObject","inLanguage":"bs-BA","@id":"https:\/\/sandzakpress.net\/arhiva\/bosnjacki-majori-ignorisali-dan-zalosti-u-srpskoj\/#primaryimage","url":"https:\/\/sandzakpress.net\/arhiva\/wp-content\/uploads\/2015\/08\/0467441.jpg","contentUrl":"https:\/\/sandzakpress.net\/arhiva\/wp-content\/uploads\/2015\/08\/0467441.jpg","width":658,"height":494},{"@type":"BreadcrumbList","@id":"https:\/\/sandzakpress.net\/arhiva\/bosnjacki-majori-ignorisali-dan-zalosti-u-srpskoj\/#breadcrumb","itemListElement":[{"@type":"ListItem","position":1,"name":"Home","item":"https:\/\/sandzakpress.net\/arhiva\/"},{"@type":"ListItem","position":2,"name":"\u201cBo\u0161nja\u010dki majori ignorisali Dan \u017ealosti u Srpskoj\u201d"}]},{"@type":"WebSite","@id":"https:\/\/sandzakpress.net\/arhiva\/#website","url":"https:\/\/sandzakpress.net\/arhiva\/","name":"Sand\u017eak PRESS","description":"Prve elektronske novine u Sand\u017eaku","publisher":{"@id":"https:\/\/sandzakpress.net\/arhiva\/#\/schema\/person\/6e72b67d6e51910a1117b3b483ba20bd"},"potentialAction":[{"@type":"SearchAction","target":{"@type":"EntryPoint","urlTemplate":"https:\/\/sandzakpress.net\/arhiva\/?s={search_term_string}"},"query-input":{"@type":"PropertyValueSpecification","valueRequired":true,"valueName":"search_term_string"}}],"inLanguage":"bs-BA"},{"@type":["Person","Organization"],"@id":"https:\/\/sandzakpress.net\/arhiva\/#\/schema\/person\/6e72b67d6e51910a1117b3b483ba20bd","name":"Kul","image":{"@type":"ImageObject","inLanguage":"bs-BA","@id":"https:\/\/sandzakpress.net\/arhiva\/#\/schema\/person\/image\/","url":"https:\/\/secure.gravatar.com\/avatar\/42263f39aa27ac04c43cab85c280eb2e?s=96&d=mm&r=pg","contentUrl":"https:\/\/secure.gravatar.com\/avatar\/42263f39aa27ac04c43cab85c280eb2e?s=96&d=mm&r=pg","caption":"Kul"},"logo":{"@id":"https:\/\/sandzakpress.net\/arhiva\/#\/schema\/person\/image\/"}},{"@type":"Person","@id":"https:\/\/sandzakpress.net\/arhiva\/#\/schema\/person\/c8baee722073534b583ea7bdb2e36c02","name":"bosniak","image":{"@type":"ImageObject","inLanguage":"bs-BA","@id":"https:\/\/sandzakpress.net\/arhiva\/#\/schema\/person\/image\/","url":"https:\/\/secure.gravatar.com\/avatar\/a04fd330bfe3a36a72a0ad4a6d89fca7?s=96&d=mm&r=pg","contentUrl":"https:\/\/secure.gravatar.com\/avatar\/a04fd330bfe3a36a72a0ad4a6d89fca7?s=96&d=mm&r=pg","caption":"bosniak"},"url":"https:\/\/sandzakpress.net\/arhiva\/author\/bosniak\/"}]}},"_links":{"self":[{"href":"https:\/\/sandzakpress.net\/arhiva\/wp-json\/wp\/v2\/posts\/132885"}],"collection":[{"href":"https:\/\/sandzakpress.net\/arhiva\/wp-json\/wp\/v2\/posts"}],"about":[{"href":"https:\/\/sandzakpress.net\/arhiva\/wp-json\/wp\/v2\/types\/post"}],"author":[{"embeddable":true,"href":"https:\/\/sandzakpress.net\/arhiva\/wp-json\/wp\/v2\/users\/83"}],"replies":[{"embeddable":true,"href":"https:\/\/sandzakpress.net\/arhiva\/wp-json\/wp\/v2\/comments?post=132885"}],"version-history":[{"count":0,"href":"https:\/\/sandzakpress.net\/arhiva\/wp-json\/wp\/v2\/posts\/132885\/revisions"}],"wp:featuredmedia":[{"embeddable":true,"href":"https:\/\/sandzakpress.net\/arhiva\/wp-json\/wp\/v2\/media\/132887"}],"wp:attachment":[{"href":"https:\/\/sandzakpress.net\/arhiva\/wp-json\/wp\/v2\/media?parent=132885"}],"wp:term":[{"taxonomy":"category","embeddable":true,"href":"https:\/\/sandzakpress.net\/arhiva\/wp-json\/wp\/v2\/categories?post=132885"},{"taxonomy":"post_tag","embeddable":true,"href":"https:\/\/sandzakpress.net\/arhiva\/wp-json\/wp\/v2\/tags?post=132885"}],"curies":[{"name":"wp","href":"https:\/\/api.w.org\/{rel}","templated":true}]}}