{"id":13288,"date":"2011-02-28T23:16:59","date_gmt":"2011-02-28T22:16:59","guid":{"rendered":"https:\/\/sandzakpress.net\/arhiva\/?p=13288"},"modified":"2011-02-28T23:16:59","modified_gmt":"2011-02-28T22:16:59","slug":"bitno-je-sta-mislite-glavom-a-ne-sta-na-njoj-nosite","status":"publish","type":"post","link":"https:\/\/sandzakpress.net\/arhiva\/bitno-je-sta-mislite-glavom-a-ne-sta-na-njoj-nosite\/","title":{"rendered":"&#8220;Bitno je \u0161ta mislite glavom, a ne \u0161ta na njoj nosite&#8221;"},"content":{"rendered":"<p><strong><\/p>\n<figure id=\"attachment_13289\" aria-describedby=\"caption-attachment-13289\" style=\"width: 219px\" class=\"wp-caption alignleft\"><\/strong><strong><a href=\"https:\/\/sandzakpress.net\/arhiva\/wp-content\/uploads\/2011\/02\/BCFA5EA2-49A8-4289-8425-7E8E720E8835_mw800_s.jpg\"><img loading=\"lazy\" decoding=\"async\" class=\"size-medium wp-image-13289\" title=\"BCFA5EA2-49A8-4289-8425-7E8E720E8835_mw800_s\" src=\"https:\/\/sandzakpress.net\/arhiva\/wp-content\/uploads\/2011\/02\/BCFA5EA2-49A8-4289-8425-7E8E720E8835_mw800_s-219x300.jpg\" alt=\"\" width=\"219\" height=\"300\" \/><\/a><\/strong><figcaption id=\"caption-attachment-13289\" class=\"wp-caption-text\">dr Zilka Spahi\u0107-\u0160iljak <\/figcaption><\/figure>\n<p>Za \u017eenu muslimanku koja odlu\u010di da nosi hid\u017eab, da se pokrije, bitno je da, ako je pokrila svoju glavu, da ne pokrije svoj mozak, da i dalje misli svojom glavom, da radi i djeluje. U svemu onome \u0161to sam ja nau\u010dila i istra\u017eivala bitno je da vjernik i vjernica treba da budu odgovorni ljudi. <\/p>\n<p>Da bi \u010dovjek bio odgovoran mora da djeluje \u2013 ka\u017ee profesor dr Zilka Spahi\u0107 \u0160piljak, nau\u010dna radnica u oblasti ljudskih prava i rodnih studija, istra\u017eiva\u010dica i aktivistkinja u vladinom i nevladinom sektoru vi\u0161e od 12 godina na projektima kulture, religije i \u017eenskih prava, koja je prije nekoliko dana posjetila Novi Pazar i odr\u017eala predavanje u organizaciji Odeljenja za demokratizaciju Misije OEBS u Srbiji.<\/p>\n<p>U posljednje \u010detiri godine realizovala je dva velika projekta \u201eStudija o nasilju u porodici u BiH\u201c i \u201e\u017dene, religija i politika: uticaj religijskog interpretativnog naslije\u0111a na status \u017eene u javnom \u017eivotu i politici\u201c, o \u010demu je i pri\u010dala tokom predavanja.<\/p>\n<p>Da li je spojivo ovo \u0161to radite, sa hid\u017eabom koji nosite?<\/p>\n<p>Da nije spojivo, ne bih radila. Sa svojim hid\u017eabom uvijek sam bila anga\u017eovana i smatram da treba da budem u javnom prostoru kao svi drugi. To ne treba da bude nikakva prepreka. Hid\u017eab je pravo svake \u017eene. Pravo \u017eena muslimanki je da se odijevaju kako \u017eele. U tu privatnost niko nema pravo da zalazi. Problem je ako se hid\u017eab ili bilo \u0161ta drugo politizuje i koristi u politi\u010dke svrhe ili kampanje. Hid\u017eab razumijevam isklju\u010divo kao individualnu stvar. To je moj odnos prema Bogu i zbog toga ne smatram da to treba da bude prepreka a ni prednost za bilo kakav anga\u017eman. Jedino po \u010demu ljudi treba da me sude je moja ekspertiza, a ne po tome imam li komad platna na glavi.<\/p>\n<p>Kada i kako dolazi do \u201eprivatizacije\u201c hid\u017eaba?<\/p>\n<p>Hid\u017eab je mogu\u0107e koristiti u pozitivne ili negativne politi\u010dke svrhe, kao \u0161to je mogu\u0107e da se ispolitizuju svi drugi segmenti religije. Ono \u0161to je bilo prisutno u Evropi posljednjih godina, bilo je prisutno i u postkolonijalisti\u010dkom vremenu po muslimanskom svetu, kada se javljaju feministi\u010dke organizacije i \u017eenske verske organizacije, te je po\u010delo kori\u0161tenje hid\u017eaba kao otpora kolonijalizmu. To je ve\u0107 kori\u0161tenje jednog vjerskog propisa odnosno tuma\u010denja na\u010dina odijevanja muslimanki za politi\u010dki anga\u017eman. Po Evropi tre\u0107a generacija muslimana koja raste, osetiv\u0161i islamofobiju i pritisak koji je sve \u017ee\u0161\u0107i, kao odgovor je ponudila to. To je vrsta otpora, reaktivnog pona\u0161anja, \u0161to u principu samo po sebi ne donosi dobre rezultate. Ljudi bi trebalo da budu proaktivni a ne da imaju reakcije samo kada se ne\u0161to dogodi. Tarik Ramadan, muslimanski intelektualac koji \u017eivi u \u0160vajcarskoj, dobro je napisao da muslimani nisu iskoristili svoju \u0161ansu u Evropi da svjedo\u010de islam u javnom prostoru i da se predstavljaju na pravi na\u010din, nego su bili vi\u0161e pasivni. Ako do\u0111ete u jednu zajednicu, pona\u0161at \u0107ete se kao gra\u0111anin te zajednice i dati tom dru\u0161tvu \u0161ansu da mu se predstavite, da otvorite dijalog, a ne dr\u017eati se u svojim zatvorenim enklavama. Znam, da postoji strah od asimilacije jer svako otvaranje donosi mnogo promjena i te\u0161ko je dr\u017eati se jezika i kulture. To je jedini na\u010din da se opstane i bude potpuno integrisani u jednom dru\u0161tvu. Zbog toga je to bio veliki nedostatak za muslimanske zajednice u Evropi. I onda, kada se dogodilo ovo sa zabranama hid\u017eaba, reakcije su bile takve. Ne mislim da hid\u017eab treba koristiti u te svrhe, jer moj stav je da je hid\u017eab individualno pitanje svake \u017eene, a ne bi trebalo da bude javno politi\u010dko pitanje.<\/p>\n<p>\u0160ta je idealna muslimanka, ona koja redovno obavlja vjerske obrede ili ona koja je pod hid\u017eabom?<\/p>\n<p>Nikada se ne bih usudila da dajem ocjene ko je idealan musliman ili idealna muslimanka. To samo dragi Bog zna. Ko je pravi vjernik ili vjernica je u ingerenciji Boga. Pravi vjernik i vjernica treba da te\u017ee moralnoj, vaspitanoj i odgovornoj li\u010dnosti. To bi bio ideal kojem treba da te\u017eimo. Da li \u0107emo pri tome biti pokriveni ili otkriveni to nije mnogo va\u017eno, jer pred Bogom se sude na\u0161a dijela. Hid\u017eab jeste jedna vrste forme i trebalo bi da bude nadogradnja na sve ono unutra \u0161to \u017eelimo kao ljudi, kao kruna svega toga a ne forma iza koje \u0107emo se skrivati. U tom prosu\u0111ivanju idealnog treba i\u0107i ka tome da se \u010dovjek prosu\u0111uje po njegovim djelima.<\/p>\n<p>U posljednjih dvadesetak dana u medijima se rasplamsala polemika oko no\u0161enja hid\u017eaba i u o\u0161trom tonu razmjenjuju se optu\u017ebe. Kako pomiriti te stavove?<\/p>\n<p>Pro\u010ditala sam oba teksta. To nije dobar na\u010din komunikacije ni sa jedne ni sa druge strane. Trebalo bi otvoriti dijalog da se saslu\u0161a argumentacije. U pitanju je odijevanje \u017eena i one treba da u\u010destvuju u raspravi, da iznesu svoje argumente. Osu\u0111ivati ne\u0161to unaprijed, samo na osnovu jednog \u010dina, jednog doga\u0111aja ili jedne promocije nije dobro. Trebalo je razgovarati sa tim \u017eenama, onda ne bi do\u0161lo do takve reakcije sa njihove strane. Izno\u0161enje te\u0161kih optu\u017ebi na ra\u010dun jednih ili drugih ne doprinosi ni\u010demu. Samo \u0107e se djevojke koje nose hid\u017eab uvrijediti i povu\u0107i, i ne\u0107emo do\u0107i ni do kakvog rezultata. I te djevojke treba da su dio civilnog dru\u0161tva, i vjerske zajednice su dio civilnog dru\u0161tva. Svi bi oni trebali da imaju mogu\u0107nost da se oglase.<\/p>\n<p>Izvor: <strong>Danas.rs<\/strong><\/p>\n","protected":false},"excerpt":{"rendered":"<p>Za \u017eenu muslimanku koja odlu\u010di da nosi hid\u017eab, da se pokrije, bitno je da, ako je pokrila svoju glavu, da ne pokrije svoj mozak, da i dalje misli svojom glavom, da radi i djeluje. U svemu onome \u0161to sam ja nau\u010dila i istra\u017eivala bitno je da vjernik i vjernica treba da budu odgovorni ljudi. Da [&hellip;]<\/p>\n","protected":false},"author":83,"featured_media":13289,"comment_status":"open","ping_status":"open","sticky":false,"template":"","format":"standard","meta":{"footnotes":""},"categories":[72],"tags":[],"class_list":{"0":"post-13288","1":"post","2":"type-post","3":"status-publish","4":"format-standard","5":"has-post-thumbnail","7":"category-novi-pazar"},"yoast_head":"<!-- This site is optimized with the Yoast SEO Premium plugin v23.1 (Yoast SEO v24.9) - https:\/\/yoast.com\/wordpress\/plugins\/seo\/ -->\n<title>&quot;Bitno je \u0161ta mislite glavom, a ne \u0161ta na njoj nosite&quot;<\/title>\n<meta name=\"robots\" content=\"index, follow, max-snippet:-1, max-image-preview:large, max-video-preview:-1\" \/>\n<link rel=\"canonical\" href=\"https:\/\/sandzakpress.net\/arhiva\/bitno-je-sta-mislite-glavom-a-ne-sta-na-njoj-nosite\/\" \/>\n<meta property=\"og:locale\" content=\"bs_BA\" \/>\n<meta property=\"og:type\" content=\"article\" \/>\n<meta property=\"og:title\" content=\"&quot;Bitno je \u0161ta mislite glavom, a ne \u0161ta na njoj nosite&quot;\" \/>\n<meta property=\"og:description\" content=\"Za \u017eenu muslimanku koja odlu\u010di da nosi hid\u017eab, da se pokrije, bitno je da, ako je pokrila svoju glavu, da ne pokrije svoj mozak, da i dalje misli svojom glavom, da radi i djeluje. U svemu onome \u0161to sam ja nau\u010dila i istra\u017eivala bitno je da vjernik i vjernica treba da budu odgovorni ljudi. Da [&hellip;]\" \/>\n<meta property=\"og:url\" content=\"https:\/\/sandzakpress.net\/arhiva\/bitno-je-sta-mislite-glavom-a-ne-sta-na-njoj-nosite\/\" \/>\n<meta property=\"og:site_name\" content=\"Sand\u017eak PRESS\" \/>\n<meta property=\"article:published_time\" content=\"2011-02-28T22:16:59+00:00\" \/>\n<meta property=\"og:image\" content=\"https:\/\/sandzakpress.net\/arhiva\/wp-content\/uploads\/2011\/02\/BCFA5EA2-49A8-4289-8425-7E8E720E8835_mw800_s.jpg\" \/>\n\t<meta property=\"og:image:width\" content=\"382\" \/>\n\t<meta property=\"og:image:height\" content=\"523\" \/>\n\t<meta property=\"og:image:type\" content=\"image\/jpeg\" \/>\n<meta name=\"author\" content=\"bosniak\" \/>\n<meta name=\"twitter:card\" content=\"summary_large_image\" \/>\n<meta name=\"twitter:label1\" content=\"Written by\" \/>\n\t<meta name=\"twitter:data1\" content=\"bosniak\" \/>\n\t<meta name=\"twitter:label2\" content=\"Est. reading time\" \/>\n\t<meta name=\"twitter:data2\" content=\"5 minuta\" \/>\n<script type=\"application\/ld+json\" class=\"yoast-schema-graph\">{\"@context\":\"https:\/\/schema.org\",\"@graph\":[{\"@type\":\"Article\",\"@id\":\"https:\/\/sandzakpress.net\/arhiva\/bitno-je-sta-mislite-glavom-a-ne-sta-na-njoj-nosite\/#article\",\"isPartOf\":{\"@id\":\"https:\/\/sandzakpress.net\/arhiva\/bitno-je-sta-mislite-glavom-a-ne-sta-na-njoj-nosite\/\"},\"author\":{\"name\":\"bosniak\",\"@id\":\"https:\/\/sandzakpress.net\/arhiva\/#\/schema\/person\/c8baee722073534b583ea7bdb2e36c02\"},\"headline\":\"&#8220;Bitno je \u0161ta mislite glavom, a ne \u0161ta na njoj nosite&#8221;\",\"datePublished\":\"2011-02-28T22:16:59+00:00\",\"mainEntityOfPage\":{\"@id\":\"https:\/\/sandzakpress.net\/arhiva\/bitno-je-sta-mislite-glavom-a-ne-sta-na-njoj-nosite\/\"},\"wordCount\":974,\"commentCount\":1,\"publisher\":{\"@id\":\"https:\/\/sandzakpress.net\/arhiva\/#\/schema\/person\/6e72b67d6e51910a1117b3b483ba20bd\"},\"image\":{\"@id\":\"https:\/\/sandzakpress.net\/arhiva\/bitno-je-sta-mislite-glavom-a-ne-sta-na-njoj-nosite\/#primaryimage\"},\"thumbnailUrl\":\"https:\/\/sandzakpress.net\/arhiva\/wp-content\/uploads\/2011\/02\/BCFA5EA2-49A8-4289-8425-7E8E720E8835_mw800_s.jpg\",\"articleSection\":[\"Novi Pazar\"],\"inLanguage\":\"bs-BA\",\"potentialAction\":[{\"@type\":\"CommentAction\",\"name\":\"Comment\",\"target\":[\"https:\/\/sandzakpress.net\/arhiva\/bitno-je-sta-mislite-glavom-a-ne-sta-na-njoj-nosite\/#respond\"]}]},{\"@type\":\"WebPage\",\"@id\":\"https:\/\/sandzakpress.net\/arhiva\/bitno-je-sta-mislite-glavom-a-ne-sta-na-njoj-nosite\/\",\"url\":\"https:\/\/sandzakpress.net\/arhiva\/bitno-je-sta-mislite-glavom-a-ne-sta-na-njoj-nosite\/\",\"name\":\"\\\"Bitno je \u0161ta mislite glavom, a ne \u0161ta na njoj nosite\\\"\",\"isPartOf\":{\"@id\":\"https:\/\/sandzakpress.net\/arhiva\/#website\"},\"primaryImageOfPage\":{\"@id\":\"https:\/\/sandzakpress.net\/arhiva\/bitno-je-sta-mislite-glavom-a-ne-sta-na-njoj-nosite\/#primaryimage\"},\"image\":{\"@id\":\"https:\/\/sandzakpress.net\/arhiva\/bitno-je-sta-mislite-glavom-a-ne-sta-na-njoj-nosite\/#primaryimage\"},\"thumbnailUrl\":\"https:\/\/sandzakpress.net\/arhiva\/wp-content\/uploads\/2011\/02\/BCFA5EA2-49A8-4289-8425-7E8E720E8835_mw800_s.jpg\",\"datePublished\":\"2011-02-28T22:16:59+00:00\",\"breadcrumb\":{\"@id\":\"https:\/\/sandzakpress.net\/arhiva\/bitno-je-sta-mislite-glavom-a-ne-sta-na-njoj-nosite\/#breadcrumb\"},\"inLanguage\":\"bs-BA\",\"potentialAction\":[{\"@type\":\"ReadAction\",\"target\":[\"https:\/\/sandzakpress.net\/arhiva\/bitno-je-sta-mislite-glavom-a-ne-sta-na-njoj-nosite\/\"]}]},{\"@type\":\"ImageObject\",\"inLanguage\":\"bs-BA\",\"@id\":\"https:\/\/sandzakpress.net\/arhiva\/bitno-je-sta-mislite-glavom-a-ne-sta-na-njoj-nosite\/#primaryimage\",\"url\":\"https:\/\/sandzakpress.net\/arhiva\/wp-content\/uploads\/2011\/02\/BCFA5EA2-49A8-4289-8425-7E8E720E8835_mw800_s.jpg\",\"contentUrl\":\"https:\/\/sandzakpress.net\/arhiva\/wp-content\/uploads\/2011\/02\/BCFA5EA2-49A8-4289-8425-7E8E720E8835_mw800_s.jpg\",\"width\":382,\"height\":523,\"caption\":\"dr Zilka Spahi\u0107-\u0160iljak\"},{\"@type\":\"BreadcrumbList\",\"@id\":\"https:\/\/sandzakpress.net\/arhiva\/bitno-je-sta-mislite-glavom-a-ne-sta-na-njoj-nosite\/#breadcrumb\",\"itemListElement\":[{\"@type\":\"ListItem\",\"position\":1,\"name\":\"Home\",\"item\":\"https:\/\/sandzakpress.net\/arhiva\/\"},{\"@type\":\"ListItem\",\"position\":2,\"name\":\"&#8220;Bitno je \u0161ta mislite glavom, a ne \u0161ta na njoj nosite&#8221;\"}]},{\"@type\":\"WebSite\",\"@id\":\"https:\/\/sandzakpress.net\/arhiva\/#website\",\"url\":\"https:\/\/sandzakpress.net\/arhiva\/\",\"name\":\"Sand\u017eak PRESS\",\"description\":\"Prve elektronske novine u Sand\u017eaku\",\"publisher\":{\"@id\":\"https:\/\/sandzakpress.net\/arhiva\/#\/schema\/person\/6e72b67d6e51910a1117b3b483ba20bd\"},\"potentialAction\":[{\"@type\":\"SearchAction\",\"target\":{\"@type\":\"EntryPoint\",\"urlTemplate\":\"https:\/\/sandzakpress.net\/arhiva\/?s={search_term_string}\"},\"query-input\":{\"@type\":\"PropertyValueSpecification\",\"valueRequired\":true,\"valueName\":\"search_term_string\"}}],\"inLanguage\":\"bs-BA\"},{\"@type\":[\"Person\",\"Organization\"],\"@id\":\"https:\/\/sandzakpress.net\/arhiva\/#\/schema\/person\/6e72b67d6e51910a1117b3b483ba20bd\",\"name\":\"Kul\",\"image\":{\"@type\":\"ImageObject\",\"inLanguage\":\"bs-BA\",\"@id\":\"https:\/\/sandzakpress.net\/arhiva\/#\/schema\/person\/image\/\",\"url\":\"https:\/\/secure.gravatar.com\/avatar\/42263f39aa27ac04c43cab85c280eb2e?s=96&d=mm&r=pg\",\"contentUrl\":\"https:\/\/secure.gravatar.com\/avatar\/42263f39aa27ac04c43cab85c280eb2e?s=96&d=mm&r=pg\",\"caption\":\"Kul\"},\"logo\":{\"@id\":\"https:\/\/sandzakpress.net\/arhiva\/#\/schema\/person\/image\/\"}},{\"@type\":\"Person\",\"@id\":\"https:\/\/sandzakpress.net\/arhiva\/#\/schema\/person\/c8baee722073534b583ea7bdb2e36c02\",\"name\":\"bosniak\",\"image\":{\"@type\":\"ImageObject\",\"inLanguage\":\"bs-BA\",\"@id\":\"https:\/\/sandzakpress.net\/arhiva\/#\/schema\/person\/image\/\",\"url\":\"https:\/\/secure.gravatar.com\/avatar\/a04fd330bfe3a36a72a0ad4a6d89fca7?s=96&d=mm&r=pg\",\"contentUrl\":\"https:\/\/secure.gravatar.com\/avatar\/a04fd330bfe3a36a72a0ad4a6d89fca7?s=96&d=mm&r=pg\",\"caption\":\"bosniak\"},\"url\":\"https:\/\/sandzakpress.net\/arhiva\/author\/bosniak\/\"}]}<\/script>\n<!-- \/ Yoast SEO Premium plugin. -->","yoast_head_json":{"title":"\"Bitno je \u0161ta mislite glavom, a ne \u0161ta na njoj nosite\"","robots":{"index":"index","follow":"follow","max-snippet":"max-snippet:-1","max-image-preview":"max-image-preview:large","max-video-preview":"max-video-preview:-1"},"canonical":"https:\/\/sandzakpress.net\/arhiva\/bitno-je-sta-mislite-glavom-a-ne-sta-na-njoj-nosite\/","og_locale":"bs_BA","og_type":"article","og_title":"\"Bitno je \u0161ta mislite glavom, a ne \u0161ta na njoj nosite\"","og_description":"Za \u017eenu muslimanku koja odlu\u010di da nosi hid\u017eab, da se pokrije, bitno je da, ako je pokrila svoju glavu, da ne pokrije svoj mozak, da i dalje misli svojom glavom, da radi i djeluje. U svemu onome \u0161to sam ja nau\u010dila i istra\u017eivala bitno je da vjernik i vjernica treba da budu odgovorni ljudi. Da [&hellip;]","og_url":"https:\/\/sandzakpress.net\/arhiva\/bitno-je-sta-mislite-glavom-a-ne-sta-na-njoj-nosite\/","og_site_name":"Sand\u017eak PRESS","article_published_time":"2011-02-28T22:16:59+00:00","og_image":[{"width":382,"height":523,"url":"https:\/\/sandzakpress.net\/arhiva\/wp-content\/uploads\/2011\/02\/BCFA5EA2-49A8-4289-8425-7E8E720E8835_mw800_s.jpg","type":"image\/jpeg"}],"author":"bosniak","twitter_card":"summary_large_image","twitter_misc":{"Written by":"bosniak","Est. reading time":"5 minuta"},"schema":{"@context":"https:\/\/schema.org","@graph":[{"@type":"Article","@id":"https:\/\/sandzakpress.net\/arhiva\/bitno-je-sta-mislite-glavom-a-ne-sta-na-njoj-nosite\/#article","isPartOf":{"@id":"https:\/\/sandzakpress.net\/arhiva\/bitno-je-sta-mislite-glavom-a-ne-sta-na-njoj-nosite\/"},"author":{"name":"bosniak","@id":"https:\/\/sandzakpress.net\/arhiva\/#\/schema\/person\/c8baee722073534b583ea7bdb2e36c02"},"headline":"&#8220;Bitno je \u0161ta mislite glavom, a ne \u0161ta na njoj nosite&#8221;","datePublished":"2011-02-28T22:16:59+00:00","mainEntityOfPage":{"@id":"https:\/\/sandzakpress.net\/arhiva\/bitno-je-sta-mislite-glavom-a-ne-sta-na-njoj-nosite\/"},"wordCount":974,"commentCount":1,"publisher":{"@id":"https:\/\/sandzakpress.net\/arhiva\/#\/schema\/person\/6e72b67d6e51910a1117b3b483ba20bd"},"image":{"@id":"https:\/\/sandzakpress.net\/arhiva\/bitno-je-sta-mislite-glavom-a-ne-sta-na-njoj-nosite\/#primaryimage"},"thumbnailUrl":"https:\/\/sandzakpress.net\/arhiva\/wp-content\/uploads\/2011\/02\/BCFA5EA2-49A8-4289-8425-7E8E720E8835_mw800_s.jpg","articleSection":["Novi Pazar"],"inLanguage":"bs-BA","potentialAction":[{"@type":"CommentAction","name":"Comment","target":["https:\/\/sandzakpress.net\/arhiva\/bitno-je-sta-mislite-glavom-a-ne-sta-na-njoj-nosite\/#respond"]}]},{"@type":"WebPage","@id":"https:\/\/sandzakpress.net\/arhiva\/bitno-je-sta-mislite-glavom-a-ne-sta-na-njoj-nosite\/","url":"https:\/\/sandzakpress.net\/arhiva\/bitno-je-sta-mislite-glavom-a-ne-sta-na-njoj-nosite\/","name":"\"Bitno je \u0161ta mislite glavom, a ne \u0161ta na njoj nosite\"","isPartOf":{"@id":"https:\/\/sandzakpress.net\/arhiva\/#website"},"primaryImageOfPage":{"@id":"https:\/\/sandzakpress.net\/arhiva\/bitno-je-sta-mislite-glavom-a-ne-sta-na-njoj-nosite\/#primaryimage"},"image":{"@id":"https:\/\/sandzakpress.net\/arhiva\/bitno-je-sta-mislite-glavom-a-ne-sta-na-njoj-nosite\/#primaryimage"},"thumbnailUrl":"https:\/\/sandzakpress.net\/arhiva\/wp-content\/uploads\/2011\/02\/BCFA5EA2-49A8-4289-8425-7E8E720E8835_mw800_s.jpg","datePublished":"2011-02-28T22:16:59+00:00","breadcrumb":{"@id":"https:\/\/sandzakpress.net\/arhiva\/bitno-je-sta-mislite-glavom-a-ne-sta-na-njoj-nosite\/#breadcrumb"},"inLanguage":"bs-BA","potentialAction":[{"@type":"ReadAction","target":["https:\/\/sandzakpress.net\/arhiva\/bitno-je-sta-mislite-glavom-a-ne-sta-na-njoj-nosite\/"]}]},{"@type":"ImageObject","inLanguage":"bs-BA","@id":"https:\/\/sandzakpress.net\/arhiva\/bitno-je-sta-mislite-glavom-a-ne-sta-na-njoj-nosite\/#primaryimage","url":"https:\/\/sandzakpress.net\/arhiva\/wp-content\/uploads\/2011\/02\/BCFA5EA2-49A8-4289-8425-7E8E720E8835_mw800_s.jpg","contentUrl":"https:\/\/sandzakpress.net\/arhiva\/wp-content\/uploads\/2011\/02\/BCFA5EA2-49A8-4289-8425-7E8E720E8835_mw800_s.jpg","width":382,"height":523,"caption":"dr Zilka Spahi\u0107-\u0160iljak"},{"@type":"BreadcrumbList","@id":"https:\/\/sandzakpress.net\/arhiva\/bitno-je-sta-mislite-glavom-a-ne-sta-na-njoj-nosite\/#breadcrumb","itemListElement":[{"@type":"ListItem","position":1,"name":"Home","item":"https:\/\/sandzakpress.net\/arhiva\/"},{"@type":"ListItem","position":2,"name":"&#8220;Bitno je \u0161ta mislite glavom, a ne \u0161ta na njoj nosite&#8221;"}]},{"@type":"WebSite","@id":"https:\/\/sandzakpress.net\/arhiva\/#website","url":"https:\/\/sandzakpress.net\/arhiva\/","name":"Sand\u017eak PRESS","description":"Prve elektronske novine u Sand\u017eaku","publisher":{"@id":"https:\/\/sandzakpress.net\/arhiva\/#\/schema\/person\/6e72b67d6e51910a1117b3b483ba20bd"},"potentialAction":[{"@type":"SearchAction","target":{"@type":"EntryPoint","urlTemplate":"https:\/\/sandzakpress.net\/arhiva\/?s={search_term_string}"},"query-input":{"@type":"PropertyValueSpecification","valueRequired":true,"valueName":"search_term_string"}}],"inLanguage":"bs-BA"},{"@type":["Person","Organization"],"@id":"https:\/\/sandzakpress.net\/arhiva\/#\/schema\/person\/6e72b67d6e51910a1117b3b483ba20bd","name":"Kul","image":{"@type":"ImageObject","inLanguage":"bs-BA","@id":"https:\/\/sandzakpress.net\/arhiva\/#\/schema\/person\/image\/","url":"https:\/\/secure.gravatar.com\/avatar\/42263f39aa27ac04c43cab85c280eb2e?s=96&d=mm&r=pg","contentUrl":"https:\/\/secure.gravatar.com\/avatar\/42263f39aa27ac04c43cab85c280eb2e?s=96&d=mm&r=pg","caption":"Kul"},"logo":{"@id":"https:\/\/sandzakpress.net\/arhiva\/#\/schema\/person\/image\/"}},{"@type":"Person","@id":"https:\/\/sandzakpress.net\/arhiva\/#\/schema\/person\/c8baee722073534b583ea7bdb2e36c02","name":"bosniak","image":{"@type":"ImageObject","inLanguage":"bs-BA","@id":"https:\/\/sandzakpress.net\/arhiva\/#\/schema\/person\/image\/","url":"https:\/\/secure.gravatar.com\/avatar\/a04fd330bfe3a36a72a0ad4a6d89fca7?s=96&d=mm&r=pg","contentUrl":"https:\/\/secure.gravatar.com\/avatar\/a04fd330bfe3a36a72a0ad4a6d89fca7?s=96&d=mm&r=pg","caption":"bosniak"},"url":"https:\/\/sandzakpress.net\/arhiva\/author\/bosniak\/"}]}},"_links":{"self":[{"href":"https:\/\/sandzakpress.net\/arhiva\/wp-json\/wp\/v2\/posts\/13288"}],"collection":[{"href":"https:\/\/sandzakpress.net\/arhiva\/wp-json\/wp\/v2\/posts"}],"about":[{"href":"https:\/\/sandzakpress.net\/arhiva\/wp-json\/wp\/v2\/types\/post"}],"author":[{"embeddable":true,"href":"https:\/\/sandzakpress.net\/arhiva\/wp-json\/wp\/v2\/users\/83"}],"replies":[{"embeddable":true,"href":"https:\/\/sandzakpress.net\/arhiva\/wp-json\/wp\/v2\/comments?post=13288"}],"version-history":[{"count":0,"href":"https:\/\/sandzakpress.net\/arhiva\/wp-json\/wp\/v2\/posts\/13288\/revisions"}],"wp:featuredmedia":[{"embeddable":true,"href":"https:\/\/sandzakpress.net\/arhiva\/wp-json\/wp\/v2\/media\/13289"}],"wp:attachment":[{"href":"https:\/\/sandzakpress.net\/arhiva\/wp-json\/wp\/v2\/media?parent=13288"}],"wp:term":[{"taxonomy":"category","embeddable":true,"href":"https:\/\/sandzakpress.net\/arhiva\/wp-json\/wp\/v2\/categories?post=13288"},{"taxonomy":"post_tag","embeddable":true,"href":"https:\/\/sandzakpress.net\/arhiva\/wp-json\/wp\/v2\/tags?post=13288"}],"curies":[{"name":"wp","href":"https:\/\/api.w.org\/{rel}","templated":true}]}}