{"id":132859,"date":"2015-08-07T15:19:15","date_gmt":"2015-08-07T13:19:15","guid":{"rendered":"https:\/\/sandzakpress.net\/arhiva\/amor-masovic-dosad-je-pronadeno-oko-7-100-zrtava-genocida-u-srebrenici-nepronadene-krije-i-drina"},"modified":"2015-08-07T15:19:15","modified_gmt":"2015-08-07T13:19:15","slug":"amor-masovic-dosad-je-pronadeno-oko-7-100-zrtava-genocida-u-srebrenici-nepronadene-krije-i-drina","status":"publish","type":"post","link":"https:\/\/sandzakpress.net\/arhiva\/amor-masovic-dosad-je-pronadeno-oko-7-100-zrtava-genocida-u-srebrenici-nepronadene-krije-i-drina\/","title":{"rendered":"Amor Ma\u0161ovi\u0107: Dosad je prona\u0111eno oko 7.100 \u017ertava genocida u Srebrenici, neprona\u0111ene krije i Drina"},"content":{"rendered":"<p><img decoding=\"async\" src=\"http:\/\/www.oslobodjenje.ba\/portal\/images\/articles\/amor-masovic-dosad-je-pronadjeno-oko-7100-zrtava-genocida-u-srebrenici-nepronadjene-krije-i-drina_1434700995.jpg\" alt=\"\" \/><\/p>\n<p><strong>Srebrenica \u2013 Bosna i Hercegovina je dr\u017eava u regionu u kojoj je za vrijeme proteklog rata od 1992. do 1995. godine zabilje\u017een najve\u0107i broj nestalih osoba. Rije\u010d je o vi\u0161e od 8.000 osoba. Radi \u0161to efikasnijeg rje\u0161avanja problema nestalih, formiran je i Institut za nestale osobe BiH. Od zavr\u0161etka rata pro\u0161lo je 20 godina, a svi nestali jo\u0161 nisu prona\u0111eni. \u010clanovi porodica ne gube nadu da \u0107e prona\u0107i posmrtne ostatke svojih najmilijih.<\/strong><\/p>\n<p>Ukop najmanje 136 identificiranih \u017ertava genocida u Srebrenici bit \u0107e obavljen i ove godine, 11. jula u mezarju Memorijalnog centra Srebrenica \u2013 Poto\u010dari, na dan kad \u0107e biti obilje\u017eena i 20. godi\u0161njica genocida nad Bo\u0161njacima u Srebrenici.<\/p>\n<p>\u010clan Kolegija direktora Instituta za nestale osobe BiH, Amor Ma\u0161ovi\u0107 u razgovoru za AA isti\u010de da je \u201cdo ovog trenutka u mezarju Memorijalnog centra u Poto\u010darima ukopano 6.166 \u017ertava genocida iz jula 1995. godine i 75 osoba koje nisu \u017ertve genocida nego su porodice izrazile \u017eelju da budu ukopane do oca, sina ili brata. Tom broju treba dodati i 225 \u017ertava koje su ukopane izvan Memorijalnog centra, a u skladu sa \u017eeljama njihovih porodica.<\/p>\n<p>Mnoge porodice \u010dekaju pronalazak svih \u010dlanova prije ukopa<\/p>\n<p>\u201cOve godine, 11. jula, najmanje 136 novoidentificiranih \u017ertava genocida \u0107e biti ukopano, a pred kraj jula mjeseca bi trebalo jo\u0161 109 \u017ertava genocida biti ponovo ekshumirano u Poto\u010darima radi dodavanja novoprona\u0111enih skeletnih ostataka u sekundarnim grobnicima, a koji su u periodu izme\u0111u dvije d\u017eenaze identificirani\u201d, istakao je Ma\u0161ovi\u0107.<\/p>\n<p>Naglasio je kako se sada mo\u017ee govoriti o 6.527 identificiranih i sa 11. julom ove godine, sahranjenih \u017ertava genocida u Srebrenici.<\/p>\n<p>\u201cTo zna\u010di da broj onih neprona\u0111enih i kona\u010dno neidentificiranih je oko 1.700. Ovim brojkama treba dodati 147 \u017ertava koje su porodice identificirale, ali jo\u0161 uvijek nisu iskazale spremnost da ih ukopaju uglavnom zbog njihove nekompletnosti ili u nekim slu\u010dajevima su porodice prona\u0161le jednog \u010dlana, a tra\u017ee dva, tri ili vi\u0161e \u010dlanova. Jednostavno \u010dekaju jer \u017eele u istom trenutku da ih ukopaju\u201d, kazao je Ma\u0161ovi\u0107.<\/p>\n<p>Kako ka\u017ee Ma\u0161ovi\u0107, osim tih 147 kona\u010dno identificiranih koji ne\u0107e biti ukopani ove godine, postoji jo\u0161 vi\u0161e od 250 imena i prezima \u017ertava srebreni\u010dkog genocida gdje porodice nisu pristupile \u010dinu identifikacije i gdje se radi obrada skeletnih ostataka da bi se ustanovio uzrok smrti.<\/p>\n<p>\u201cKada sve ovo saberemo dolazimo do brojke oko 7.100 do sada prona\u0111enih \u017ertava genocida u Srebrenici, a to zna\u010di da u preostalim masovnim grobnicama primarnog ili sekundarnog tipa se nalazi jo\u0161 oko 1.200 \u017ertava. U te sekundarne ili primarne grobnice ubrajam svakako i rijeku Drinu, jer ne treba zaboraviti da je jedan broj \u017ertava genocida zavr\u0161io i u toj rijeci. U proteklom periodu mi smo ih nalazili u susjednoj Srbiji, Sremskoj Mitrovici, \u010dak, neke i u Beogradu\u201d, naglasio je Ma\u0161ovi\u0107.<\/p>\n<p>Isti\u010de da je \u201csigurno da je izvjestan broj, u ovom trenutku je nemogu\u0107e re\u0107i koji, takvih \u017ertava postoji na dnu tih rijeka ili eventualno po grobljima u susjednoj Srbiji\u201d.<\/p>\n<p>Dojave \u010deste, ali ve\u0107ina nevjerodostojna<\/p>\n<p>Dojave o lokacijama masovnih grobnica su vrlo \u010deste, nagla\u0161ava Ma\u0161ovi\u0107, me\u0111utim, one su naj\u010de\u0161\u0107e nevjerodostojne.<\/p>\n<p>\u201cNekada smo bili u prilici da se od deset informacija jedna poka\u017ee vjerodostojnom. Sada smo ve\u0107 u situaciji da od 50-ak informacija koje dobijemo nijedna ne bude vjerodostojna\u201d, nagla\u0161ava on.<\/p>\n<p>Podsjetio je da su istra\u017eitelji Instituta prije pet-\u0161est dana vr\u0161ili ekshumaciju na jednoj lokaciji u blizini Bratunca po dojavi da se tu nalaze posmrtni ostaci nekoliko stotina \u017ertava genocida. Me\u0111utim, pokazalo se da je ta informacija bila nevjerodostojna.<\/p>\n<p>\u201cS druge strane, radili smo ekshumacije na lokalitetu Buljima, nazvan Put smrti, kojim se kolona izvla\u010dila iz Poto\u010dara prema Tuzli i tu smo prona\u0161li skeletne ostatke zasad neutvr\u0111enog broja \u017ertava. Radi se o ranije miniranom terenu i te \u017ertve su najvjerovatnije i stradale u tom miniranom terenu, opkoljene upale u zasjedu. Tu je prona\u0111en odre\u0111en broj \u017ertava \u010dija identifikacija je u toku\u201d, ispri\u010dao je Ma\u0161ovi\u0107.<\/p>\n<p>Isti\u010de da se ne\u0107e prona\u0107i svi nestali iz prethodnog rata, i obja\u0161njava kako se nikada u historiji nije desilo da nakon ratova, agresija, nemira ili elementarnih nepogoda budu prona\u0111eni svi nestali.<\/p>\n<p>Tragaju\u0107i za \u017ertvama pro\u0161log, prona\u0161li \u017ertve iz 1. svjetskog rata<\/p>\n<p>\u201cSvi nestali sigurno ne\u0107e biti prona\u0111eni, ali jedan zna\u010dajan broj od preostalog broja nestalih je prona\u0111en. Te\u0161ko je sada govoriti o vremenskom periodu. Ako gledamo unazad, ka\u017eemo tri \u010detvrtine su prona\u0111ene za 20 godina, onda bi se iz toga moglo zaklju\u010diti da bi preostala jedna \u010detvrtina mogla da se prona\u0111e u narednih pet-\u0161est godina. Ali to je prili\u010dno optimisti\u010dno. Vjerujem da \u0107e se potraga za \u017ertvama odvijati godinama i godinama u budu\u0107nost. Ne usu\u0111ujem se re\u0107i decenijama, ali na bazi iskustva koje imam, a to je da smo u potrazi za \u017ertvama iz perioda 1991. \u2013 1996. pronalazili \u017ertve iz Prvog svjetskog rata, od prije 100 godina, to ne ulijeva previ\u0161e nade da \u0107e taj proces potrage za preostalim nestalim biti tako kratak\u201d, poru\u010dio je Ma\u0161ovi\u0107.<\/p>\n<p>Govore\u0107i o procesu pronalaska, ekshumacija i identifikaciji \u017ertava proteklog rata, Ma\u0161ovi\u0107 ka\u017ee da nema zemlje u svijetu, ako se poredi broj nestalih i broj prona\u0111enih osoba, koja je i blizu BiH.<\/p>\n<p>\u201cNe samo da smo prvi, nego smo mi, pa je velika praznina, pa dolaze neke zemlje u kojima je, ako je nestalo 100 osoba prona\u0111eno dvoje. Svi oni su daleko od 50 posto prona\u0111enih u odnosu na broj nestalih. S druge strane, ako imamo u vidu resurse s kojima smo raspolagali, opstrukcije koje danas imamo sa najvi\u0161eg nivoa vlasti koje odlu\u010duju o na\u0161em bud\u017eetu, nemamo dovoljan broj istra\u017eitelja\u201d, dodao je Ma\u0161ovi\u0107.<\/p>\n<p>Ina\u010de, na 8.000 nestalih u BiH ide 21 istra\u017eitelj na terenu.<\/p>\n<p>(Oslobodjenje)<\/p>\n<p>Pogledajte vijest na izvornom sajtu:<\/p>\n<p><a href=\"http:\/\/bosnapress.net\/amor-masovic-dosad-je-pronadeno-oko-7-100-zrtava-genocida-u-srebrenici-nepronadene-krije-i-drina\/\" target=\"_blank\">Amor Ma\u0161ovi\u0107: Dosad je prona\u0111eno oko 7.100 \u017ertava genocida u Srebrenici, neprona\u0111ene krije i Drina<\/a><\/p>\n","protected":false},"excerpt":{"rendered":"<p>Srebrenica \u2013 Bosna i Hercegovina je dr\u017eava u regionu u kojoj je za vrijeme proteklog rata od 1992. do 1995. godine zabilje\u017een najve\u0107i broj nestalih osoba. Rije\u010d je o vi\u0161e od 8.000 osoba. Radi \u0161to efikasnijeg rje\u0161avanja problema nestalih, formiran je i Institut za nestale osobe BiH. Od zavr\u0161etka rata pro\u0161lo je 20 godina, a [&hellip;]<\/p>\n","protected":false},"author":83,"featured_media":132861,"comment_status":"open","ping_status":"open","sticky":false,"template":"","format":"standard","meta":{"footnotes":""},"categories":[10513],"tags":[10466],"class_list":{"0":"post-132859","1":"post","2":"type-post","3":"status-publish","4":"format-standard","5":"has-post-thumbnail","7":"category-bosna-press","8":"tag-bosna-i-hercegovina"},"yoast_head":"<!-- This site is optimized with the Yoast SEO Premium plugin v23.1 (Yoast SEO v24.9) - https:\/\/yoast.com\/wordpress\/plugins\/seo\/ -->\n<title>Amor Ma\u0161ovi\u0107: Dosad je prona\u0111eno oko 7.100 \u017ertava genocida u Srebrenici, neprona\u0111ene krije i Drina<\/title>\n<meta name=\"robots\" content=\"index, follow, max-snippet:-1, max-image-preview:large, max-video-preview:-1\" \/>\n<link rel=\"canonical\" href=\"https:\/\/sandzakpress.net\/arhiva\/amor-masovic-dosad-je-pronadeno-oko-7-100-zrtava-genocida-u-srebrenici-nepronadene-krije-i-drina\/\" \/>\n<meta property=\"og:locale\" content=\"bs_BA\" \/>\n<meta property=\"og:type\" content=\"article\" \/>\n<meta property=\"og:title\" content=\"Amor Ma\u0161ovi\u0107: Dosad je prona\u0111eno oko 7.100 \u017ertava genocida u Srebrenici, neprona\u0111ene krije i Drina\" \/>\n<meta property=\"og:description\" content=\"Srebrenica \u2013 Bosna i Hercegovina je dr\u017eava u regionu u kojoj je za vrijeme proteklog rata od 1992. do 1995. godine zabilje\u017een najve\u0107i broj nestalih osoba. Rije\u010d je o vi\u0161e od 8.000 osoba. Radi \u0161to efikasnijeg rje\u0161avanja problema nestalih, formiran je i Institut za nestale osobe BiH. Od zavr\u0161etka rata pro\u0161lo je 20 godina, a [&hellip;]\" \/>\n<meta property=\"og:url\" content=\"https:\/\/sandzakpress.net\/arhiva\/amor-masovic-dosad-je-pronadeno-oko-7-100-zrtava-genocida-u-srebrenici-nepronadene-krije-i-drina\/\" \/>\n<meta property=\"og:site_name\" content=\"Sand\u017eak PRESS\" \/>\n<meta property=\"article:published_time\" content=\"2015-08-07T13:19:15+00:00\" \/>\n<meta property=\"og:image\" content=\"https:\/\/sandzakpress.net\/arhiva\/wp-content\/uploads\/2015\/08\/amor-masovic-dosad-je-pronadjeno-oko-7100-zrtava-genocida-u-srebrenici-nepronadjene-krije-i-drina_14347009951.jpg\" \/>\n\t<meta property=\"og:image:width\" content=\"1920\" \/>\n\t<meta property=\"og:image:height\" content=\"1277\" \/>\n\t<meta property=\"og:image:type\" content=\"image\/jpeg\" \/>\n<meta name=\"author\" content=\"bosniak\" \/>\n<meta name=\"twitter:card\" content=\"summary_large_image\" \/>\n<meta name=\"twitter:label1\" content=\"Written by\" \/>\n\t<meta name=\"twitter:data1\" content=\"bosniak\" \/>\n\t<meta name=\"twitter:label2\" content=\"Est. reading time\" \/>\n\t<meta name=\"twitter:data2\" content=\"5 minuta\" \/>\n<script type=\"application\/ld+json\" class=\"yoast-schema-graph\">{\"@context\":\"https:\/\/schema.org\",\"@graph\":[{\"@type\":\"Article\",\"@id\":\"https:\/\/sandzakpress.net\/arhiva\/amor-masovic-dosad-je-pronadeno-oko-7-100-zrtava-genocida-u-srebrenici-nepronadene-krije-i-drina\/#article\",\"isPartOf\":{\"@id\":\"https:\/\/sandzakpress.net\/arhiva\/amor-masovic-dosad-je-pronadeno-oko-7-100-zrtava-genocida-u-srebrenici-nepronadene-krije-i-drina\/\"},\"author\":{\"name\":\"bosniak\",\"@id\":\"https:\/\/sandzakpress.net\/arhiva\/#\/schema\/person\/c8baee722073534b583ea7bdb2e36c02\"},\"headline\":\"Amor Ma\u0161ovi\u0107: Dosad je prona\u0111eno oko 7.100 \u017ertava genocida u Srebrenici, neprona\u0111ene krije i Drina\",\"datePublished\":\"2015-08-07T13:19:15+00:00\",\"mainEntityOfPage\":{\"@id\":\"https:\/\/sandzakpress.net\/arhiva\/amor-masovic-dosad-je-pronadeno-oko-7-100-zrtava-genocida-u-srebrenici-nepronadene-krije-i-drina\/\"},\"wordCount\":1019,\"commentCount\":2,\"publisher\":{\"@id\":\"https:\/\/sandzakpress.net\/arhiva\/#\/schema\/person\/6e72b67d6e51910a1117b3b483ba20bd\"},\"image\":{\"@id\":\"https:\/\/sandzakpress.net\/arhiva\/amor-masovic-dosad-je-pronadeno-oko-7-100-zrtava-genocida-u-srebrenici-nepronadene-krije-i-drina\/#primaryimage\"},\"thumbnailUrl\":\"https:\/\/sandzakpress.net\/arhiva\/wp-content\/uploads\/2015\/08\/amor-masovic-dosad-je-pronadjeno-oko-7100-zrtava-genocida-u-srebrenici-nepronadjene-krije-i-drina_14347009951.jpg\",\"keywords\":[\"Bosna i Hercegovina\"],\"articleSection\":[\"Bosna PRESS\"],\"inLanguage\":\"bs-BA\",\"potentialAction\":[{\"@type\":\"CommentAction\",\"name\":\"Comment\",\"target\":[\"https:\/\/sandzakpress.net\/arhiva\/amor-masovic-dosad-je-pronadeno-oko-7-100-zrtava-genocida-u-srebrenici-nepronadene-krije-i-drina\/#respond\"]}]},{\"@type\":\"WebPage\",\"@id\":\"https:\/\/sandzakpress.net\/arhiva\/amor-masovic-dosad-je-pronadeno-oko-7-100-zrtava-genocida-u-srebrenici-nepronadene-krije-i-drina\/\",\"url\":\"https:\/\/sandzakpress.net\/arhiva\/amor-masovic-dosad-je-pronadeno-oko-7-100-zrtava-genocida-u-srebrenici-nepronadene-krije-i-drina\/\",\"name\":\"Amor Ma\u0161ovi\u0107: Dosad je prona\u0111eno oko 7.100 \u017ertava genocida u Srebrenici, neprona\u0111ene krije i Drina\",\"isPartOf\":{\"@id\":\"https:\/\/sandzakpress.net\/arhiva\/#website\"},\"primaryImageOfPage\":{\"@id\":\"https:\/\/sandzakpress.net\/arhiva\/amor-masovic-dosad-je-pronadeno-oko-7-100-zrtava-genocida-u-srebrenici-nepronadene-krije-i-drina\/#primaryimage\"},\"image\":{\"@id\":\"https:\/\/sandzakpress.net\/arhiva\/amor-masovic-dosad-je-pronadeno-oko-7-100-zrtava-genocida-u-srebrenici-nepronadene-krije-i-drina\/#primaryimage\"},\"thumbnailUrl\":\"https:\/\/sandzakpress.net\/arhiva\/wp-content\/uploads\/2015\/08\/amor-masovic-dosad-je-pronadjeno-oko-7100-zrtava-genocida-u-srebrenici-nepronadjene-krije-i-drina_14347009951.jpg\",\"datePublished\":\"2015-08-07T13:19:15+00:00\",\"breadcrumb\":{\"@id\":\"https:\/\/sandzakpress.net\/arhiva\/amor-masovic-dosad-je-pronadeno-oko-7-100-zrtava-genocida-u-srebrenici-nepronadene-krije-i-drina\/#breadcrumb\"},\"inLanguage\":\"bs-BA\",\"potentialAction\":[{\"@type\":\"ReadAction\",\"target\":[\"https:\/\/sandzakpress.net\/arhiva\/amor-masovic-dosad-je-pronadeno-oko-7-100-zrtava-genocida-u-srebrenici-nepronadene-krije-i-drina\/\"]}]},{\"@type\":\"ImageObject\",\"inLanguage\":\"bs-BA\",\"@id\":\"https:\/\/sandzakpress.net\/arhiva\/amor-masovic-dosad-je-pronadeno-oko-7-100-zrtava-genocida-u-srebrenici-nepronadene-krije-i-drina\/#primaryimage\",\"url\":\"https:\/\/sandzakpress.net\/arhiva\/wp-content\/uploads\/2015\/08\/amor-masovic-dosad-je-pronadjeno-oko-7100-zrtava-genocida-u-srebrenici-nepronadjene-krije-i-drina_14347009951.jpg\",\"contentUrl\":\"https:\/\/sandzakpress.net\/arhiva\/wp-content\/uploads\/2015\/08\/amor-masovic-dosad-je-pronadjeno-oko-7100-zrtava-genocida-u-srebrenici-nepronadjene-krije-i-drina_14347009951.jpg\",\"width\":1920,\"height\":1277},{\"@type\":\"BreadcrumbList\",\"@id\":\"https:\/\/sandzakpress.net\/arhiva\/amor-masovic-dosad-je-pronadeno-oko-7-100-zrtava-genocida-u-srebrenici-nepronadene-krije-i-drina\/#breadcrumb\",\"itemListElement\":[{\"@type\":\"ListItem\",\"position\":1,\"name\":\"Home\",\"item\":\"https:\/\/sandzakpress.net\/arhiva\/\"},{\"@type\":\"ListItem\",\"position\":2,\"name\":\"Amor Ma\u0161ovi\u0107: Dosad je prona\u0111eno oko 7.100 \u017ertava genocida u Srebrenici, neprona\u0111ene krije i Drina\"}]},{\"@type\":\"WebSite\",\"@id\":\"https:\/\/sandzakpress.net\/arhiva\/#website\",\"url\":\"https:\/\/sandzakpress.net\/arhiva\/\",\"name\":\"Sand\u017eak PRESS\",\"description\":\"Prve elektronske novine u Sand\u017eaku\",\"publisher\":{\"@id\":\"https:\/\/sandzakpress.net\/arhiva\/#\/schema\/person\/6e72b67d6e51910a1117b3b483ba20bd\"},\"potentialAction\":[{\"@type\":\"SearchAction\",\"target\":{\"@type\":\"EntryPoint\",\"urlTemplate\":\"https:\/\/sandzakpress.net\/arhiva\/?s={search_term_string}\"},\"query-input\":{\"@type\":\"PropertyValueSpecification\",\"valueRequired\":true,\"valueName\":\"search_term_string\"}}],\"inLanguage\":\"bs-BA\"},{\"@type\":[\"Person\",\"Organization\"],\"@id\":\"https:\/\/sandzakpress.net\/arhiva\/#\/schema\/person\/6e72b67d6e51910a1117b3b483ba20bd\",\"name\":\"Kul\",\"image\":{\"@type\":\"ImageObject\",\"inLanguage\":\"bs-BA\",\"@id\":\"https:\/\/sandzakpress.net\/arhiva\/#\/schema\/person\/image\/\",\"url\":\"https:\/\/secure.gravatar.com\/avatar\/42263f39aa27ac04c43cab85c280eb2e?s=96&d=mm&r=pg\",\"contentUrl\":\"https:\/\/secure.gravatar.com\/avatar\/42263f39aa27ac04c43cab85c280eb2e?s=96&d=mm&r=pg\",\"caption\":\"Kul\"},\"logo\":{\"@id\":\"https:\/\/sandzakpress.net\/arhiva\/#\/schema\/person\/image\/\"}},{\"@type\":\"Person\",\"@id\":\"https:\/\/sandzakpress.net\/arhiva\/#\/schema\/person\/c8baee722073534b583ea7bdb2e36c02\",\"name\":\"bosniak\",\"image\":{\"@type\":\"ImageObject\",\"inLanguage\":\"bs-BA\",\"@id\":\"https:\/\/sandzakpress.net\/arhiva\/#\/schema\/person\/image\/\",\"url\":\"https:\/\/secure.gravatar.com\/avatar\/a04fd330bfe3a36a72a0ad4a6d89fca7?s=96&d=mm&r=pg\",\"contentUrl\":\"https:\/\/secure.gravatar.com\/avatar\/a04fd330bfe3a36a72a0ad4a6d89fca7?s=96&d=mm&r=pg\",\"caption\":\"bosniak\"},\"url\":\"https:\/\/sandzakpress.net\/arhiva\/author\/bosniak\/\"}]}<\/script>\n<!-- \/ Yoast SEO Premium plugin. -->","yoast_head_json":{"title":"Amor Ma\u0161ovi\u0107: Dosad je prona\u0111eno oko 7.100 \u017ertava genocida u Srebrenici, neprona\u0111ene krije i Drina","robots":{"index":"index","follow":"follow","max-snippet":"max-snippet:-1","max-image-preview":"max-image-preview:large","max-video-preview":"max-video-preview:-1"},"canonical":"https:\/\/sandzakpress.net\/arhiva\/amor-masovic-dosad-je-pronadeno-oko-7-100-zrtava-genocida-u-srebrenici-nepronadene-krije-i-drina\/","og_locale":"bs_BA","og_type":"article","og_title":"Amor Ma\u0161ovi\u0107: Dosad je prona\u0111eno oko 7.100 \u017ertava genocida u Srebrenici, neprona\u0111ene krije i Drina","og_description":"Srebrenica \u2013 Bosna i Hercegovina je dr\u017eava u regionu u kojoj je za vrijeme proteklog rata od 1992. do 1995. godine zabilje\u017een najve\u0107i broj nestalih osoba. Rije\u010d je o vi\u0161e od 8.000 osoba. Radi \u0161to efikasnijeg rje\u0161avanja problema nestalih, formiran je i Institut za nestale osobe BiH. Od zavr\u0161etka rata pro\u0161lo je 20 godina, a [&hellip;]","og_url":"https:\/\/sandzakpress.net\/arhiva\/amor-masovic-dosad-je-pronadeno-oko-7-100-zrtava-genocida-u-srebrenici-nepronadene-krije-i-drina\/","og_site_name":"Sand\u017eak PRESS","article_published_time":"2015-08-07T13:19:15+00:00","og_image":[{"width":1920,"height":1277,"url":"https:\/\/sandzakpress.net\/arhiva\/wp-content\/uploads\/2015\/08\/amor-masovic-dosad-je-pronadjeno-oko-7100-zrtava-genocida-u-srebrenici-nepronadjene-krije-i-drina_14347009951.jpg","type":"image\/jpeg"}],"author":"bosniak","twitter_card":"summary_large_image","twitter_misc":{"Written by":"bosniak","Est. reading time":"5 minuta"},"schema":{"@context":"https:\/\/schema.org","@graph":[{"@type":"Article","@id":"https:\/\/sandzakpress.net\/arhiva\/amor-masovic-dosad-je-pronadeno-oko-7-100-zrtava-genocida-u-srebrenici-nepronadene-krije-i-drina\/#article","isPartOf":{"@id":"https:\/\/sandzakpress.net\/arhiva\/amor-masovic-dosad-je-pronadeno-oko-7-100-zrtava-genocida-u-srebrenici-nepronadene-krije-i-drina\/"},"author":{"name":"bosniak","@id":"https:\/\/sandzakpress.net\/arhiva\/#\/schema\/person\/c8baee722073534b583ea7bdb2e36c02"},"headline":"Amor Ma\u0161ovi\u0107: Dosad je prona\u0111eno oko 7.100 \u017ertava genocida u Srebrenici, neprona\u0111ene krije i Drina","datePublished":"2015-08-07T13:19:15+00:00","mainEntityOfPage":{"@id":"https:\/\/sandzakpress.net\/arhiva\/amor-masovic-dosad-je-pronadeno-oko-7-100-zrtava-genocida-u-srebrenici-nepronadene-krije-i-drina\/"},"wordCount":1019,"commentCount":2,"publisher":{"@id":"https:\/\/sandzakpress.net\/arhiva\/#\/schema\/person\/6e72b67d6e51910a1117b3b483ba20bd"},"image":{"@id":"https:\/\/sandzakpress.net\/arhiva\/amor-masovic-dosad-je-pronadeno-oko-7-100-zrtava-genocida-u-srebrenici-nepronadene-krije-i-drina\/#primaryimage"},"thumbnailUrl":"https:\/\/sandzakpress.net\/arhiva\/wp-content\/uploads\/2015\/08\/amor-masovic-dosad-je-pronadjeno-oko-7100-zrtava-genocida-u-srebrenici-nepronadjene-krije-i-drina_14347009951.jpg","keywords":["Bosna i Hercegovina"],"articleSection":["Bosna PRESS"],"inLanguage":"bs-BA","potentialAction":[{"@type":"CommentAction","name":"Comment","target":["https:\/\/sandzakpress.net\/arhiva\/amor-masovic-dosad-je-pronadeno-oko-7-100-zrtava-genocida-u-srebrenici-nepronadene-krije-i-drina\/#respond"]}]},{"@type":"WebPage","@id":"https:\/\/sandzakpress.net\/arhiva\/amor-masovic-dosad-je-pronadeno-oko-7-100-zrtava-genocida-u-srebrenici-nepronadene-krije-i-drina\/","url":"https:\/\/sandzakpress.net\/arhiva\/amor-masovic-dosad-je-pronadeno-oko-7-100-zrtava-genocida-u-srebrenici-nepronadene-krije-i-drina\/","name":"Amor Ma\u0161ovi\u0107: Dosad je prona\u0111eno oko 7.100 \u017ertava genocida u Srebrenici, neprona\u0111ene krije i Drina","isPartOf":{"@id":"https:\/\/sandzakpress.net\/arhiva\/#website"},"primaryImageOfPage":{"@id":"https:\/\/sandzakpress.net\/arhiva\/amor-masovic-dosad-je-pronadeno-oko-7-100-zrtava-genocida-u-srebrenici-nepronadene-krije-i-drina\/#primaryimage"},"image":{"@id":"https:\/\/sandzakpress.net\/arhiva\/amor-masovic-dosad-je-pronadeno-oko-7-100-zrtava-genocida-u-srebrenici-nepronadene-krije-i-drina\/#primaryimage"},"thumbnailUrl":"https:\/\/sandzakpress.net\/arhiva\/wp-content\/uploads\/2015\/08\/amor-masovic-dosad-je-pronadjeno-oko-7100-zrtava-genocida-u-srebrenici-nepronadjene-krije-i-drina_14347009951.jpg","datePublished":"2015-08-07T13:19:15+00:00","breadcrumb":{"@id":"https:\/\/sandzakpress.net\/arhiva\/amor-masovic-dosad-je-pronadeno-oko-7-100-zrtava-genocida-u-srebrenici-nepronadene-krije-i-drina\/#breadcrumb"},"inLanguage":"bs-BA","potentialAction":[{"@type":"ReadAction","target":["https:\/\/sandzakpress.net\/arhiva\/amor-masovic-dosad-je-pronadeno-oko-7-100-zrtava-genocida-u-srebrenici-nepronadene-krije-i-drina\/"]}]},{"@type":"ImageObject","inLanguage":"bs-BA","@id":"https:\/\/sandzakpress.net\/arhiva\/amor-masovic-dosad-je-pronadeno-oko-7-100-zrtava-genocida-u-srebrenici-nepronadene-krije-i-drina\/#primaryimage","url":"https:\/\/sandzakpress.net\/arhiva\/wp-content\/uploads\/2015\/08\/amor-masovic-dosad-je-pronadjeno-oko-7100-zrtava-genocida-u-srebrenici-nepronadjene-krije-i-drina_14347009951.jpg","contentUrl":"https:\/\/sandzakpress.net\/arhiva\/wp-content\/uploads\/2015\/08\/amor-masovic-dosad-je-pronadjeno-oko-7100-zrtava-genocida-u-srebrenici-nepronadjene-krije-i-drina_14347009951.jpg","width":1920,"height":1277},{"@type":"BreadcrumbList","@id":"https:\/\/sandzakpress.net\/arhiva\/amor-masovic-dosad-je-pronadeno-oko-7-100-zrtava-genocida-u-srebrenici-nepronadene-krije-i-drina\/#breadcrumb","itemListElement":[{"@type":"ListItem","position":1,"name":"Home","item":"https:\/\/sandzakpress.net\/arhiva\/"},{"@type":"ListItem","position":2,"name":"Amor Ma\u0161ovi\u0107: Dosad je prona\u0111eno oko 7.100 \u017ertava genocida u Srebrenici, neprona\u0111ene krije i Drina"}]},{"@type":"WebSite","@id":"https:\/\/sandzakpress.net\/arhiva\/#website","url":"https:\/\/sandzakpress.net\/arhiva\/","name":"Sand\u017eak PRESS","description":"Prve elektronske novine u Sand\u017eaku","publisher":{"@id":"https:\/\/sandzakpress.net\/arhiva\/#\/schema\/person\/6e72b67d6e51910a1117b3b483ba20bd"},"potentialAction":[{"@type":"SearchAction","target":{"@type":"EntryPoint","urlTemplate":"https:\/\/sandzakpress.net\/arhiva\/?s={search_term_string}"},"query-input":{"@type":"PropertyValueSpecification","valueRequired":true,"valueName":"search_term_string"}}],"inLanguage":"bs-BA"},{"@type":["Person","Organization"],"@id":"https:\/\/sandzakpress.net\/arhiva\/#\/schema\/person\/6e72b67d6e51910a1117b3b483ba20bd","name":"Kul","image":{"@type":"ImageObject","inLanguage":"bs-BA","@id":"https:\/\/sandzakpress.net\/arhiva\/#\/schema\/person\/image\/","url":"https:\/\/secure.gravatar.com\/avatar\/42263f39aa27ac04c43cab85c280eb2e?s=96&d=mm&r=pg","contentUrl":"https:\/\/secure.gravatar.com\/avatar\/42263f39aa27ac04c43cab85c280eb2e?s=96&d=mm&r=pg","caption":"Kul"},"logo":{"@id":"https:\/\/sandzakpress.net\/arhiva\/#\/schema\/person\/image\/"}},{"@type":"Person","@id":"https:\/\/sandzakpress.net\/arhiva\/#\/schema\/person\/c8baee722073534b583ea7bdb2e36c02","name":"bosniak","image":{"@type":"ImageObject","inLanguage":"bs-BA","@id":"https:\/\/sandzakpress.net\/arhiva\/#\/schema\/person\/image\/","url":"https:\/\/secure.gravatar.com\/avatar\/a04fd330bfe3a36a72a0ad4a6d89fca7?s=96&d=mm&r=pg","contentUrl":"https:\/\/secure.gravatar.com\/avatar\/a04fd330bfe3a36a72a0ad4a6d89fca7?s=96&d=mm&r=pg","caption":"bosniak"},"url":"https:\/\/sandzakpress.net\/arhiva\/author\/bosniak\/"}]}},"_links":{"self":[{"href":"https:\/\/sandzakpress.net\/arhiva\/wp-json\/wp\/v2\/posts\/132859"}],"collection":[{"href":"https:\/\/sandzakpress.net\/arhiva\/wp-json\/wp\/v2\/posts"}],"about":[{"href":"https:\/\/sandzakpress.net\/arhiva\/wp-json\/wp\/v2\/types\/post"}],"author":[{"embeddable":true,"href":"https:\/\/sandzakpress.net\/arhiva\/wp-json\/wp\/v2\/users\/83"}],"replies":[{"embeddable":true,"href":"https:\/\/sandzakpress.net\/arhiva\/wp-json\/wp\/v2\/comments?post=132859"}],"version-history":[{"count":0,"href":"https:\/\/sandzakpress.net\/arhiva\/wp-json\/wp\/v2\/posts\/132859\/revisions"}],"wp:featuredmedia":[{"embeddable":true,"href":"https:\/\/sandzakpress.net\/arhiva\/wp-json\/wp\/v2\/media\/132861"}],"wp:attachment":[{"href":"https:\/\/sandzakpress.net\/arhiva\/wp-json\/wp\/v2\/media?parent=132859"}],"wp:term":[{"taxonomy":"category","embeddable":true,"href":"https:\/\/sandzakpress.net\/arhiva\/wp-json\/wp\/v2\/categories?post=132859"},{"taxonomy":"post_tag","embeddable":true,"href":"https:\/\/sandzakpress.net\/arhiva\/wp-json\/wp\/v2\/tags?post=132859"}],"curies":[{"name":"wp","href":"https:\/\/api.w.org\/{rel}","templated":true}]}}