{"id":13284,"date":"2011-02-28T23:08:01","date_gmt":"2011-02-28T22:08:01","guid":{"rendered":"https:\/\/sandzakpress.net\/arhiva\/?p=13284"},"modified":"2011-02-28T23:08:01","modified_gmt":"2011-02-28T22:08:01","slug":"muftija-na-meti-rezima","status":"publish","type":"post","link":"https:\/\/sandzakpress.net\/arhiva\/muftija-na-meti-rezima\/","title":{"rendered":"Muftija na meti re\u017eima"},"content":{"rendered":"<p><strong><a href=\"https:\/\/sandzakpress.net\/arhiva\/wp-content\/uploads\/2011\/02\/muamer_zkorlic_001.jpg\"><img loading=\"lazy\" decoding=\"async\" class=\"alignleft size-full wp-image-13285\" title=\"muamer_zkorlic_001\" src=\"https:\/\/sandzakpress.net\/arhiva\/wp-content\/uploads\/2011\/02\/muamer_zkorlic_001.jpg\" alt=\"\" width=\"216\" height=\"237\" \/><\/a>Sjeverni Sand\u017eak &#8211; Glavni muftija Islamske zajednice u Srbiji Muamer ef. Zukorli\u0107 izjavio je, gostuju\u0107i u &#8220;Utisku nedjelje&#8221;, da je &#8220;meta re\u017eima i re\u017eimskih medija&#8221; u Srbiji.<\/strong><\/p>\n<p>On je naveo da ima puno onih koji \u017eele da ga &#8220;satanizuju&#8221; kako bi mu se u nekom trenutku mogao zadati zavr\u0161ni udarac u politi\u010dkom ili drugom smislu.<\/p>\n<p>On je istakao da se hajka protiv njega kreira preko &#8220;beogradskih medija&#8221; koji di\u017eu tenziju i prenose strah od, kako je istakao, muftije.<\/p>\n<p>Glavni muftija Islamske zajednice u Srbiji Muamer ef. Zukorli\u0107 izjavio je gostuju\u0107i na TV B92, da on ne koristi zapaljivu retoriku i da je njegova izjava da je u Srbiji mogu\u0107 egipatski scenario izvu\u010dena iz konteksta.<\/p>\n<p>Kako je rekao, re\u017eimski mediji, po direktivi vlasti, \u017eele da ga diskredituju jer skre\u0107e pa\u017enju na problem Bo\u0161njaka u Srbiji.<\/p>\n<p>&#8220;Dakle, ja sam nastavio i govorio onako analati\u010dki prili\u010dno, o evropskom modelu i afri\u010dkom modelu i kazao da po evropskom modelu se promene vr\u0161e civilizovano, na izborima u jednoj uobi\u010dajenoj, demokratskoj zakonitoj proceduri. Kada ne funkcioni\u0161e evropski model, onda na scenu stupa afri\u010dki model, u ovom slu\u010daju impliciraju\u0107i severnoafri\u010dki model. Tada, kada ljudi ne mogu rije\u0161iti svoje probleme po zakonu, kada nemaju za\u0161titu institucija , kao \u0161to mi na primjer nemamo u slu\u010daju Bo\u0161nja\u010dkog nacionalnog savjeta, izbora i tako dalje, i onda sam ja zavr\u0161io to svoje kazivanje o fenomenu afri\u010dkog i evropskog modela i rekao: &#8220;Ja preferiram evropski model&#8221;, kazao je Zukorli\u0107.<\/p>\n<p>On ka\u017ee da \u017eeli dijalog s legitimnim predstavnicima vlasti u Srbiji na rje\u0161avanju problema Bo\u0161njaka u Sand\u017eaku.<\/p>\n<p>Profesor Darko Tanaskovi\u0107 smatra da je djelovanje muftije Zukorli\u0107a kontraproduktivno iako se sla\u017ee da su vlasti u Srbiji u\u010dinile brojne gre\u0161ke kada je u pitanju bo\u0161nja\u010dko pitanje.Osim toga profesor Tanaskovi\u0107 ne vidi da postoji razlog nezadovoljstva Bo\u0161njaka kao i da ne postoji diskriminacija, na \u0161ta mu je Muftija Muamer ef. Zukorli\u0107 odgovorio argumentovano kroz jedan jasan primjer a to je odnos prema registraciji prore\u017eimske Islamske Zajednice i Crnogorske pravoslavne crkve, kao i odnos prema mitropolitu Artemiju.<\/p>\n<p>&#8220;Djelovanje muftije Zukorli\u0107a na politi\u010dkom planu, koji on te\u0161ko odvaja od vjerskog, je \u0161tetno iz dva razloga. Prvo, zato \u0161to antagonizuje same Bo\u0161njake me\u0111usobno i \u0161to antagonizuje Bo\u0161njake prema srpskom narodu uop\u0161te. To je ne\u0161to \u0161to ne mo\u017ee biti korisno, \u010dak i da postoje veoma ozbiljni problemi koje u Sand\u017eaku, odnosno u Ra\u0161koj oblasti, treba rije\u0161iti. Zato mislim da je on odabrao pogre\u0161an put i da taj put, pogotovo danas, s obzirom na sve okolnoti kod nas i u svijetu, nije onaj koji mo\u017ee donijeti sre\u0107u Bo\u0161njacima , niti mo\u017ee dr\u017eavi Srbiji objasniti kako treba da se pona\u0161a prema svojim gra\u0111anima&#8221;, smatra on.<\/p>\n<p>Govore\u0107i o Aidi \u0106orovi\u0107 predsjednici nevladine organizacije Urban In iz Novog Pazara kojoj je odnedavno dodijeljena policijska za\u0161tita zbog prijetnji Islamske zajednice na \u010dijem je \u010delu, Zukorli\u0107 je rekao da njoj nije zaprije\u0107eno &#8220;nijednom rije\u010dju&#8221;. Muftija je okarakterisao \u0106orovi\u0107evu kao &#8220;marginalnu li\u010dnost&#8221; koju su proizveli mediji.<\/p>\n<p>On je istakao da \u017eeli dijalog s legitimnim predstavnicima vlasti u Srbiji o rje\u0161avanju problema Bo\u0161njaka u Sand\u017eaku.<\/p>\n<p>Izvor: <strong>Sandzak-x.com<\/strong><\/p>\n","protected":false},"excerpt":{"rendered":"<p>Sjeverni Sand\u017eak &#8211; Glavni muftija Islamske zajednice u Srbiji Muamer ef. Zukorli\u0107 izjavio je, gostuju\u0107i u &#8220;Utisku nedjelje&#8221;, da je &#8220;meta re\u017eima i re\u017eimskih medija&#8221; u Srbiji. On je naveo da ima puno onih koji \u017eele da ga &#8220;satanizuju&#8221; kako bi mu se u nekom trenutku mogao zadati zavr\u0161ni udarac u politi\u010dkom ili drugom smislu. [&hellip;]<\/p>\n","protected":false},"author":83,"featured_media":13285,"comment_status":"open","ping_status":"open","sticky":false,"template":"","format":"standard","meta":{"footnotes":""},"categories":[72,52,327,392,393,802,394],"tags":[],"class_list":{"0":"post-13284","1":"post","2":"type-post","3":"status-publish","4":"format-standard","5":"has-post-thumbnail","7":"category-novi-pazar","8":"category-sjenica","9":"category-tutin","10":"category-prijepolje_","11":"category-priboj","12":"category-islamska_zajednica","13":"category-nova-varos"},"yoast_head":"<!-- This site is optimized with the Yoast SEO Premium plugin v23.1 (Yoast SEO v24.9) - https:\/\/yoast.com\/wordpress\/plugins\/seo\/ -->\n<title>Muftija na meti re\u017eima<\/title>\n<meta name=\"robots\" content=\"index, follow, max-snippet:-1, max-image-preview:large, max-video-preview:-1\" \/>\n<link rel=\"canonical\" href=\"https:\/\/sandzakpress.net\/arhiva\/muftija-na-meti-rezima\/\" \/>\n<meta property=\"og:locale\" content=\"bs_BA\" \/>\n<meta property=\"og:type\" content=\"article\" \/>\n<meta property=\"og:title\" content=\"Muftija na meti re\u017eima\" \/>\n<meta property=\"og:description\" content=\"Sjeverni Sand\u017eak &#8211; Glavni muftija Islamske zajednice u Srbiji Muamer ef. Zukorli\u0107 izjavio je, gostuju\u0107i u &#8220;Utisku nedjelje&#8221;, da je &#8220;meta re\u017eima i re\u017eimskih medija&#8221; u Srbiji. On je naveo da ima puno onih koji \u017eele da ga &#8220;satanizuju&#8221; kako bi mu se u nekom trenutku mogao zadati zavr\u0161ni udarac u politi\u010dkom ili drugom smislu. [&hellip;]\" \/>\n<meta property=\"og:url\" content=\"https:\/\/sandzakpress.net\/arhiva\/muftija-na-meti-rezima\/\" \/>\n<meta property=\"og:site_name\" content=\"Sand\u017eak PRESS\" \/>\n<meta property=\"article:published_time\" content=\"2011-02-28T22:08:01+00:00\" \/>\n<meta property=\"og:image\" content=\"https:\/\/sandzakpress.net\/arhiva\/wp-content\/uploads\/2011\/02\/muamer_zkorlic_001.jpg\" \/>\n\t<meta property=\"og:image:width\" content=\"216\" \/>\n\t<meta property=\"og:image:height\" content=\"237\" \/>\n\t<meta property=\"og:image:type\" content=\"image\/jpeg\" \/>\n<meta name=\"author\" content=\"bosniak\" \/>\n<meta name=\"twitter:card\" content=\"summary_large_image\" \/>\n<meta name=\"twitter:label1\" content=\"Written by\" \/>\n\t<meta name=\"twitter:data1\" content=\"bosniak\" \/>\n\t<meta name=\"twitter:label2\" content=\"Est. reading time\" \/>\n\t<meta name=\"twitter:data2\" content=\"3 minute\" \/>\n<script type=\"application\/ld+json\" class=\"yoast-schema-graph\">{\"@context\":\"https:\/\/schema.org\",\"@graph\":[{\"@type\":\"Article\",\"@id\":\"https:\/\/sandzakpress.net\/arhiva\/muftija-na-meti-rezima\/#article\",\"isPartOf\":{\"@id\":\"https:\/\/sandzakpress.net\/arhiva\/muftija-na-meti-rezima\/\"},\"author\":{\"name\":\"bosniak\",\"@id\":\"https:\/\/sandzakpress.net\/arhiva\/#\/schema\/person\/c8baee722073534b583ea7bdb2e36c02\"},\"headline\":\"Muftija na meti re\u017eima\",\"datePublished\":\"2011-02-28T22:08:01+00:00\",\"mainEntityOfPage\":{\"@id\":\"https:\/\/sandzakpress.net\/arhiva\/muftija-na-meti-rezima\/\"},\"wordCount\":575,\"commentCount\":3,\"publisher\":{\"@id\":\"https:\/\/sandzakpress.net\/arhiva\/#\/schema\/person\/6e72b67d6e51910a1117b3b483ba20bd\"},\"image\":{\"@id\":\"https:\/\/sandzakpress.net\/arhiva\/muftija-na-meti-rezima\/#primaryimage\"},\"thumbnailUrl\":\"https:\/\/sandzakpress.net\/arhiva\/wp-content\/uploads\/2011\/02\/muamer_zkorlic_001.jpg\",\"articleSection\":[\"Novi Pazar\",\"Sjenica\",\"Tutin\",\"Prijepolje\",\"Priboj\",\"Islamska zajednica\",\"Nova Varo\u0161\"],\"inLanguage\":\"bs-BA\",\"potentialAction\":[{\"@type\":\"CommentAction\",\"name\":\"Comment\",\"target\":[\"https:\/\/sandzakpress.net\/arhiva\/muftija-na-meti-rezima\/#respond\"]}]},{\"@type\":\"WebPage\",\"@id\":\"https:\/\/sandzakpress.net\/arhiva\/muftija-na-meti-rezima\/\",\"url\":\"https:\/\/sandzakpress.net\/arhiva\/muftija-na-meti-rezima\/\",\"name\":\"Muftija na meti re\u017eima\",\"isPartOf\":{\"@id\":\"https:\/\/sandzakpress.net\/arhiva\/#website\"},\"primaryImageOfPage\":{\"@id\":\"https:\/\/sandzakpress.net\/arhiva\/muftija-na-meti-rezima\/#primaryimage\"},\"image\":{\"@id\":\"https:\/\/sandzakpress.net\/arhiva\/muftija-na-meti-rezima\/#primaryimage\"},\"thumbnailUrl\":\"https:\/\/sandzakpress.net\/arhiva\/wp-content\/uploads\/2011\/02\/muamer_zkorlic_001.jpg\",\"datePublished\":\"2011-02-28T22:08:01+00:00\",\"breadcrumb\":{\"@id\":\"https:\/\/sandzakpress.net\/arhiva\/muftija-na-meti-rezima\/#breadcrumb\"},\"inLanguage\":\"bs-BA\",\"potentialAction\":[{\"@type\":\"ReadAction\",\"target\":[\"https:\/\/sandzakpress.net\/arhiva\/muftija-na-meti-rezima\/\"]}]},{\"@type\":\"ImageObject\",\"inLanguage\":\"bs-BA\",\"@id\":\"https:\/\/sandzakpress.net\/arhiva\/muftija-na-meti-rezima\/#primaryimage\",\"url\":\"https:\/\/sandzakpress.net\/arhiva\/wp-content\/uploads\/2011\/02\/muamer_zkorlic_001.jpg\",\"contentUrl\":\"https:\/\/sandzakpress.net\/arhiva\/wp-content\/uploads\/2011\/02\/muamer_zkorlic_001.jpg\",\"width\":216,\"height\":237},{\"@type\":\"BreadcrumbList\",\"@id\":\"https:\/\/sandzakpress.net\/arhiva\/muftija-na-meti-rezima\/#breadcrumb\",\"itemListElement\":[{\"@type\":\"ListItem\",\"position\":1,\"name\":\"Home\",\"item\":\"https:\/\/sandzakpress.net\/arhiva\/\"},{\"@type\":\"ListItem\",\"position\":2,\"name\":\"Muftija na meti re\u017eima\"}]},{\"@type\":\"WebSite\",\"@id\":\"https:\/\/sandzakpress.net\/arhiva\/#website\",\"url\":\"https:\/\/sandzakpress.net\/arhiva\/\",\"name\":\"Sand\u017eak PRESS\",\"description\":\"Prve elektronske novine u Sand\u017eaku\",\"publisher\":{\"@id\":\"https:\/\/sandzakpress.net\/arhiva\/#\/schema\/person\/6e72b67d6e51910a1117b3b483ba20bd\"},\"potentialAction\":[{\"@type\":\"SearchAction\",\"target\":{\"@type\":\"EntryPoint\",\"urlTemplate\":\"https:\/\/sandzakpress.net\/arhiva\/?s={search_term_string}\"},\"query-input\":{\"@type\":\"PropertyValueSpecification\",\"valueRequired\":true,\"valueName\":\"search_term_string\"}}],\"inLanguage\":\"bs-BA\"},{\"@type\":[\"Person\",\"Organization\"],\"@id\":\"https:\/\/sandzakpress.net\/arhiva\/#\/schema\/person\/6e72b67d6e51910a1117b3b483ba20bd\",\"name\":\"Kul\",\"image\":{\"@type\":\"ImageObject\",\"inLanguage\":\"bs-BA\",\"@id\":\"https:\/\/sandzakpress.net\/arhiva\/#\/schema\/person\/image\/\",\"url\":\"https:\/\/secure.gravatar.com\/avatar\/42263f39aa27ac04c43cab85c280eb2e?s=96&d=mm&r=pg\",\"contentUrl\":\"https:\/\/secure.gravatar.com\/avatar\/42263f39aa27ac04c43cab85c280eb2e?s=96&d=mm&r=pg\",\"caption\":\"Kul\"},\"logo\":{\"@id\":\"https:\/\/sandzakpress.net\/arhiva\/#\/schema\/person\/image\/\"}},{\"@type\":\"Person\",\"@id\":\"https:\/\/sandzakpress.net\/arhiva\/#\/schema\/person\/c8baee722073534b583ea7bdb2e36c02\",\"name\":\"bosniak\",\"image\":{\"@type\":\"ImageObject\",\"inLanguage\":\"bs-BA\",\"@id\":\"https:\/\/sandzakpress.net\/arhiva\/#\/schema\/person\/image\/\",\"url\":\"https:\/\/secure.gravatar.com\/avatar\/a04fd330bfe3a36a72a0ad4a6d89fca7?s=96&d=mm&r=pg\",\"contentUrl\":\"https:\/\/secure.gravatar.com\/avatar\/a04fd330bfe3a36a72a0ad4a6d89fca7?s=96&d=mm&r=pg\",\"caption\":\"bosniak\"},\"url\":\"https:\/\/sandzakpress.net\/arhiva\/author\/bosniak\/\"}]}<\/script>\n<!-- \/ Yoast SEO Premium plugin. -->","yoast_head_json":{"title":"Muftija na meti re\u017eima","robots":{"index":"index","follow":"follow","max-snippet":"max-snippet:-1","max-image-preview":"max-image-preview:large","max-video-preview":"max-video-preview:-1"},"canonical":"https:\/\/sandzakpress.net\/arhiva\/muftija-na-meti-rezima\/","og_locale":"bs_BA","og_type":"article","og_title":"Muftija na meti re\u017eima","og_description":"Sjeverni Sand\u017eak &#8211; Glavni muftija Islamske zajednice u Srbiji Muamer ef. Zukorli\u0107 izjavio je, gostuju\u0107i u &#8220;Utisku nedjelje&#8221;, da je &#8220;meta re\u017eima i re\u017eimskih medija&#8221; u Srbiji. On je naveo da ima puno onih koji \u017eele da ga &#8220;satanizuju&#8221; kako bi mu se u nekom trenutku mogao zadati zavr\u0161ni udarac u politi\u010dkom ili drugom smislu. [&hellip;]","og_url":"https:\/\/sandzakpress.net\/arhiva\/muftija-na-meti-rezima\/","og_site_name":"Sand\u017eak PRESS","article_published_time":"2011-02-28T22:08:01+00:00","og_image":[{"width":216,"height":237,"url":"https:\/\/sandzakpress.net\/arhiva\/wp-content\/uploads\/2011\/02\/muamer_zkorlic_001.jpg","type":"image\/jpeg"}],"author":"bosniak","twitter_card":"summary_large_image","twitter_misc":{"Written by":"bosniak","Est. reading time":"3 minute"},"schema":{"@context":"https:\/\/schema.org","@graph":[{"@type":"Article","@id":"https:\/\/sandzakpress.net\/arhiva\/muftija-na-meti-rezima\/#article","isPartOf":{"@id":"https:\/\/sandzakpress.net\/arhiva\/muftija-na-meti-rezima\/"},"author":{"name":"bosniak","@id":"https:\/\/sandzakpress.net\/arhiva\/#\/schema\/person\/c8baee722073534b583ea7bdb2e36c02"},"headline":"Muftija na meti re\u017eima","datePublished":"2011-02-28T22:08:01+00:00","mainEntityOfPage":{"@id":"https:\/\/sandzakpress.net\/arhiva\/muftija-na-meti-rezima\/"},"wordCount":575,"commentCount":3,"publisher":{"@id":"https:\/\/sandzakpress.net\/arhiva\/#\/schema\/person\/6e72b67d6e51910a1117b3b483ba20bd"},"image":{"@id":"https:\/\/sandzakpress.net\/arhiva\/muftija-na-meti-rezima\/#primaryimage"},"thumbnailUrl":"https:\/\/sandzakpress.net\/arhiva\/wp-content\/uploads\/2011\/02\/muamer_zkorlic_001.jpg","articleSection":["Novi Pazar","Sjenica","Tutin","Prijepolje","Priboj","Islamska zajednica","Nova Varo\u0161"],"inLanguage":"bs-BA","potentialAction":[{"@type":"CommentAction","name":"Comment","target":["https:\/\/sandzakpress.net\/arhiva\/muftija-na-meti-rezima\/#respond"]}]},{"@type":"WebPage","@id":"https:\/\/sandzakpress.net\/arhiva\/muftija-na-meti-rezima\/","url":"https:\/\/sandzakpress.net\/arhiva\/muftija-na-meti-rezima\/","name":"Muftija na meti re\u017eima","isPartOf":{"@id":"https:\/\/sandzakpress.net\/arhiva\/#website"},"primaryImageOfPage":{"@id":"https:\/\/sandzakpress.net\/arhiva\/muftija-na-meti-rezima\/#primaryimage"},"image":{"@id":"https:\/\/sandzakpress.net\/arhiva\/muftija-na-meti-rezima\/#primaryimage"},"thumbnailUrl":"https:\/\/sandzakpress.net\/arhiva\/wp-content\/uploads\/2011\/02\/muamer_zkorlic_001.jpg","datePublished":"2011-02-28T22:08:01+00:00","breadcrumb":{"@id":"https:\/\/sandzakpress.net\/arhiva\/muftija-na-meti-rezima\/#breadcrumb"},"inLanguage":"bs-BA","potentialAction":[{"@type":"ReadAction","target":["https:\/\/sandzakpress.net\/arhiva\/muftija-na-meti-rezima\/"]}]},{"@type":"ImageObject","inLanguage":"bs-BA","@id":"https:\/\/sandzakpress.net\/arhiva\/muftija-na-meti-rezima\/#primaryimage","url":"https:\/\/sandzakpress.net\/arhiva\/wp-content\/uploads\/2011\/02\/muamer_zkorlic_001.jpg","contentUrl":"https:\/\/sandzakpress.net\/arhiva\/wp-content\/uploads\/2011\/02\/muamer_zkorlic_001.jpg","width":216,"height":237},{"@type":"BreadcrumbList","@id":"https:\/\/sandzakpress.net\/arhiva\/muftija-na-meti-rezima\/#breadcrumb","itemListElement":[{"@type":"ListItem","position":1,"name":"Home","item":"https:\/\/sandzakpress.net\/arhiva\/"},{"@type":"ListItem","position":2,"name":"Muftija na meti re\u017eima"}]},{"@type":"WebSite","@id":"https:\/\/sandzakpress.net\/arhiva\/#website","url":"https:\/\/sandzakpress.net\/arhiva\/","name":"Sand\u017eak PRESS","description":"Prve elektronske novine u Sand\u017eaku","publisher":{"@id":"https:\/\/sandzakpress.net\/arhiva\/#\/schema\/person\/6e72b67d6e51910a1117b3b483ba20bd"},"potentialAction":[{"@type":"SearchAction","target":{"@type":"EntryPoint","urlTemplate":"https:\/\/sandzakpress.net\/arhiva\/?s={search_term_string}"},"query-input":{"@type":"PropertyValueSpecification","valueRequired":true,"valueName":"search_term_string"}}],"inLanguage":"bs-BA"},{"@type":["Person","Organization"],"@id":"https:\/\/sandzakpress.net\/arhiva\/#\/schema\/person\/6e72b67d6e51910a1117b3b483ba20bd","name":"Kul","image":{"@type":"ImageObject","inLanguage":"bs-BA","@id":"https:\/\/sandzakpress.net\/arhiva\/#\/schema\/person\/image\/","url":"https:\/\/secure.gravatar.com\/avatar\/42263f39aa27ac04c43cab85c280eb2e?s=96&d=mm&r=pg","contentUrl":"https:\/\/secure.gravatar.com\/avatar\/42263f39aa27ac04c43cab85c280eb2e?s=96&d=mm&r=pg","caption":"Kul"},"logo":{"@id":"https:\/\/sandzakpress.net\/arhiva\/#\/schema\/person\/image\/"}},{"@type":"Person","@id":"https:\/\/sandzakpress.net\/arhiva\/#\/schema\/person\/c8baee722073534b583ea7bdb2e36c02","name":"bosniak","image":{"@type":"ImageObject","inLanguage":"bs-BA","@id":"https:\/\/sandzakpress.net\/arhiva\/#\/schema\/person\/image\/","url":"https:\/\/secure.gravatar.com\/avatar\/a04fd330bfe3a36a72a0ad4a6d89fca7?s=96&d=mm&r=pg","contentUrl":"https:\/\/secure.gravatar.com\/avatar\/a04fd330bfe3a36a72a0ad4a6d89fca7?s=96&d=mm&r=pg","caption":"bosniak"},"url":"https:\/\/sandzakpress.net\/arhiva\/author\/bosniak\/"}]}},"_links":{"self":[{"href":"https:\/\/sandzakpress.net\/arhiva\/wp-json\/wp\/v2\/posts\/13284"}],"collection":[{"href":"https:\/\/sandzakpress.net\/arhiva\/wp-json\/wp\/v2\/posts"}],"about":[{"href":"https:\/\/sandzakpress.net\/arhiva\/wp-json\/wp\/v2\/types\/post"}],"author":[{"embeddable":true,"href":"https:\/\/sandzakpress.net\/arhiva\/wp-json\/wp\/v2\/users\/83"}],"replies":[{"embeddable":true,"href":"https:\/\/sandzakpress.net\/arhiva\/wp-json\/wp\/v2\/comments?post=13284"}],"version-history":[{"count":0,"href":"https:\/\/sandzakpress.net\/arhiva\/wp-json\/wp\/v2\/posts\/13284\/revisions"}],"wp:featuredmedia":[{"embeddable":true,"href":"https:\/\/sandzakpress.net\/arhiva\/wp-json\/wp\/v2\/media\/13285"}],"wp:attachment":[{"href":"https:\/\/sandzakpress.net\/arhiva\/wp-json\/wp\/v2\/media?parent=13284"}],"wp:term":[{"taxonomy":"category","embeddable":true,"href":"https:\/\/sandzakpress.net\/arhiva\/wp-json\/wp\/v2\/categories?post=13284"},{"taxonomy":"post_tag","embeddable":true,"href":"https:\/\/sandzakpress.net\/arhiva\/wp-json\/wp\/v2\/tags?post=13284"}],"curies":[{"name":"wp","href":"https:\/\/api.w.org\/{rel}","templated":true}]}}