{"id":132776,"date":"2015-08-06T11:45:03","date_gmt":"2015-08-06T09:45:03","guid":{"rendered":"https:\/\/sandzakpress.net\/arhiva\/priznanja-za-sarajlije-koji-su-tokom-holokausta-spasavali-jevreje"},"modified":"2015-08-06T11:45:03","modified_gmt":"2015-08-06T09:45:03","slug":"priznanja-za-sarajlije-koji-su-tokom-holokausta-spasavali-jevreje","status":"publish","type":"post","link":"https:\/\/sandzakpress.net\/arhiva\/priznanja-za-sarajlije-koji-su-tokom-holokausta-spasavali-jevreje\/","title":{"rendered":"Priznanja za Sarajlije koji su tokom holokausta spa\u0161avali Jevreje"},"content":{"rendered":"<p><img decoding=\"async\" src=\"http:\/\/static.klix.ba\/media\/images\/vijesti\/150805064.1_xl.jpg\" alt=\"\" \/><\/p>\n<p><strong>Sarajevo \u2013 Smilji Kvasina, Mileni Markovi\u0107 i Vidu \u010copu posthumno su dodijeljene nagrade \u201dPravednik me\u0111u narodima\u201d jer su u Sarajevu za vrijeme holokausta spasili Jevrejku Hanu Altarac.<\/strong><\/p>\n<p>Hana Altarac, koja je kasnije promijenila ime i prezime u Fanika Lu\u010di\u0107, odrasla je u ku\u0107i Smilje Kvasina i njene k\u0107erke Milene Markovi\u0107, dijele\u0107i s njima skromnu trpezu.<\/p>\n<p>S obzirom na pozne godine, Lu\u010di\u0107 se ne sje\u0107a svih detalja svoje mladosti, svih de\u0161avanja za vrijeme holokausta, ali smatra da je pre\u017eivjela zahvaljuju\u0107i dobrim ljudima.<\/p>\n<p>Na dodjeli nagrade \u201dPravednik me\u0111u narodima\u201d danas u Sarajevu Lu\u010di\u0107 je ispri\u010dala da je jedan dan krenula ku\u0107i iz \u0161kole, na putu ju je srela njena rodica Bjanka koja joj je saop\u0107ila da joj je \u010ditava porodica odvedena i da ne smije i\u0107i ku\u0107i, da \u0107e i ona do\u017eivjeti isto.<\/p>\n<p>\u2013 Plakala sam, \u017eeljela sam i\u0107i ku\u0107i, kupila sam hljeb u jednoj divnoj pekari kod Katedrale, ponijela sam ga da jedemo. Me\u0111utim, rodica mi nije dala da idem i povela me svojoj ku\u0107i \u2013 ispri\u010dala je.<\/p>\n<p>Tu je \u017eivjela neko vrijeme, s Bjankom i njenim mu\u017eem Vidom \u010copom. Kada je prvi put iza\u0161la vani srela ju je \u0161kolska drugarica Milena koja joj je rekla da ne smije biti kod svoje rodice, da joj je tu rizi\u010dno i da mora po\u0107i njoj.<\/p>\n<p>\u2013 Ona mi je kazala da me dugo tra\u017eila po gradu jer je znala \u0161ta se de\u0161ava s Jevrejima. Oti\u0161la sam njoj, ona je \u017eivjela s majkom. Njih dvije same \u2013 prisjetila se Lu\u010di\u0107.<\/p>\n<p>Skromno su \u017eivjele, istakla je, te dodala da je nedugo nakon njenog dolaska odvedena i Smilja. Lu\u010di\u0107 smatra da nije odvedena zbog nje, ali da pravi razlog ne zna.<\/p>\n<p>Prema njenom sje\u0107anju, ona i Milena su od tada \u017eivjele same, a detalje je zaboravila, od \u010dega i kako.<\/p>\n<p>Danas \u017eivi u Kanadi. Njoj su odveli majku, oca, \u010detiri brata i sestru. Strijeljani su u logoru Jasenovac.<\/p>\n<p>Predsjednik Jevrejske zajednice BiH Jakob Finci pojasnio je da nagradu \u201dPravednik me\u0111u narodima\u201d dodjeljuje Izrael pripadnicima drugih naroda koji su tokom holokausta, riskiraju\u0107i vlastiti \u017eivot, spasavali Jevreje od progona i sigurne smrti u koncentracionim logorima.<\/p>\n<p>Istakao je da se radi o najvi\u0161em izraelskom dr\u017eavnom priznanju koje mo\u017ee biti dodijeljeno osobama koji nisu Jevreji. Tim priznanjem je odlikovano vi\u0161e od 23.000 ljudi \u0161irom svijeta.<\/p>\n<p>U BiH su odlikovane 53 osobe, a na medalji je napisano \u201dOnaj ko spasi jednog \u010dovjeka, spasio je \u010ditav svijet\u201d.<\/p>\n<p>(FENA)<\/p>\n<p>Pogledajte vijest na izvornom sajtu:<\/p>\n<p><a href=\"http:\/\/bosnapress.net\/priznanja-za-sarajlije-koji-su-tokom-holokausta-spasavali-jevreje\/\" target=\"_blank\">Priznanja za Sarajlije koji su tokom holokausta spa\u0161avali Jevreje<\/a><\/p>\n","protected":false},"excerpt":{"rendered":"<p>Sarajevo \u2013 Smilji Kvasina, Mileni Markovi\u0107 i Vidu \u010copu posthumno su dodijeljene nagrade \u201dPravednik me\u0111u narodima\u201d jer su u Sarajevu za vrijeme holokausta spasili Jevrejku Hanu Altarac. Hana Altarac, koja je kasnije promijenila ime i prezime u Fanika Lu\u010di\u0107, odrasla je u ku\u0107i Smilje Kvasina i njene k\u0107erke Milene Markovi\u0107, dijele\u0107i s njima skromnu trpezu. [&hellip;]<\/p>\n","protected":false},"author":83,"featured_media":132778,"comment_status":"open","ping_status":"open","sticky":false,"template":"","format":"standard","meta":{"footnotes":""},"categories":[10513],"tags":[10466],"class_list":{"0":"post-132776","1":"post","2":"type-post","3":"status-publish","4":"format-standard","5":"has-post-thumbnail","7":"category-bosna-press","8":"tag-bosna-i-hercegovina"},"yoast_head":"<!-- This site is optimized with the Yoast SEO Premium plugin v23.1 (Yoast SEO v24.9) - https:\/\/yoast.com\/wordpress\/plugins\/seo\/ -->\n<title>Priznanja za Sarajlije koji su tokom holokausta spa\u0161avali Jevreje<\/title>\n<meta name=\"robots\" content=\"index, follow, max-snippet:-1, max-image-preview:large, max-video-preview:-1\" \/>\n<link rel=\"canonical\" href=\"https:\/\/sandzakpress.net\/arhiva\/priznanja-za-sarajlije-koji-su-tokom-holokausta-spasavali-jevreje\/\" \/>\n<meta property=\"og:locale\" content=\"bs_BA\" \/>\n<meta property=\"og:type\" content=\"article\" \/>\n<meta property=\"og:title\" content=\"Priznanja za Sarajlije koji su tokom holokausta spa\u0161avali Jevreje\" \/>\n<meta property=\"og:description\" content=\"Sarajevo \u2013 Smilji Kvasina, Mileni Markovi\u0107 i Vidu \u010copu posthumno su dodijeljene nagrade \u201dPravednik me\u0111u narodima\u201d jer su u Sarajevu za vrijeme holokausta spasili Jevrejku Hanu Altarac. Hana Altarac, koja je kasnije promijenila ime i prezime u Fanika Lu\u010di\u0107, odrasla je u ku\u0107i Smilje Kvasina i njene k\u0107erke Milene Markovi\u0107, dijele\u0107i s njima skromnu trpezu. [&hellip;]\" \/>\n<meta property=\"og:url\" content=\"https:\/\/sandzakpress.net\/arhiva\/priznanja-za-sarajlije-koji-su-tokom-holokausta-spasavali-jevreje\/\" \/>\n<meta property=\"og:site_name\" content=\"Sand\u017eak PRESS\" \/>\n<meta property=\"article:published_time\" content=\"2015-08-06T09:45:03+00:00\" \/>\n<meta property=\"og:image\" content=\"https:\/\/sandzakpress.net\/arhiva\/wp-content\/uploads\/2015\/08\/150805064.1_xl1.jpg\" \/>\n\t<meta property=\"og:image:width\" content=\"938\" \/>\n\t<meta property=\"og:image:height\" content=\"625\" \/>\n\t<meta property=\"og:image:type\" content=\"image\/jpeg\" \/>\n<meta name=\"author\" content=\"bosniak\" \/>\n<meta name=\"twitter:card\" content=\"summary_large_image\" \/>\n<meta name=\"twitter:label1\" content=\"Written by\" \/>\n\t<meta name=\"twitter:data1\" content=\"bosniak\" \/>\n\t<meta name=\"twitter:label2\" content=\"Est. reading time\" \/>\n\t<meta name=\"twitter:data2\" content=\"2 minute\" \/>\n<script type=\"application\/ld+json\" class=\"yoast-schema-graph\">{\"@context\":\"https:\/\/schema.org\",\"@graph\":[{\"@type\":\"Article\",\"@id\":\"https:\/\/sandzakpress.net\/arhiva\/priznanja-za-sarajlije-koji-su-tokom-holokausta-spasavali-jevreje\/#article\",\"isPartOf\":{\"@id\":\"https:\/\/sandzakpress.net\/arhiva\/priznanja-za-sarajlije-koji-su-tokom-holokausta-spasavali-jevreje\/\"},\"author\":{\"name\":\"bosniak\",\"@id\":\"https:\/\/sandzakpress.net\/arhiva\/#\/schema\/person\/c8baee722073534b583ea7bdb2e36c02\"},\"headline\":\"Priznanja za Sarajlije koji su tokom holokausta spa\u0161avali Jevreje\",\"datePublished\":\"2015-08-06T09:45:03+00:00\",\"mainEntityOfPage\":{\"@id\":\"https:\/\/sandzakpress.net\/arhiva\/priznanja-za-sarajlije-koji-su-tokom-holokausta-spasavali-jevreje\/\"},\"wordCount\":453,\"commentCount\":0,\"publisher\":{\"@id\":\"https:\/\/sandzakpress.net\/arhiva\/#\/schema\/person\/6e72b67d6e51910a1117b3b483ba20bd\"},\"image\":{\"@id\":\"https:\/\/sandzakpress.net\/arhiva\/priznanja-za-sarajlije-koji-su-tokom-holokausta-spasavali-jevreje\/#primaryimage\"},\"thumbnailUrl\":\"https:\/\/sandzakpress.net\/arhiva\/wp-content\/uploads\/2015\/08\/150805064.1_xl1.jpg\",\"keywords\":[\"Bosna i Hercegovina\"],\"articleSection\":[\"Bosna PRESS\"],\"inLanguage\":\"bs-BA\",\"potentialAction\":[{\"@type\":\"CommentAction\",\"name\":\"Comment\",\"target\":[\"https:\/\/sandzakpress.net\/arhiva\/priznanja-za-sarajlije-koji-su-tokom-holokausta-spasavali-jevreje\/#respond\"]}]},{\"@type\":\"WebPage\",\"@id\":\"https:\/\/sandzakpress.net\/arhiva\/priznanja-za-sarajlije-koji-su-tokom-holokausta-spasavali-jevreje\/\",\"url\":\"https:\/\/sandzakpress.net\/arhiva\/priznanja-za-sarajlije-koji-su-tokom-holokausta-spasavali-jevreje\/\",\"name\":\"Priznanja za Sarajlije koji su tokom holokausta spa\u0161avali Jevreje\",\"isPartOf\":{\"@id\":\"https:\/\/sandzakpress.net\/arhiva\/#website\"},\"primaryImageOfPage\":{\"@id\":\"https:\/\/sandzakpress.net\/arhiva\/priznanja-za-sarajlije-koji-su-tokom-holokausta-spasavali-jevreje\/#primaryimage\"},\"image\":{\"@id\":\"https:\/\/sandzakpress.net\/arhiva\/priznanja-za-sarajlije-koji-su-tokom-holokausta-spasavali-jevreje\/#primaryimage\"},\"thumbnailUrl\":\"https:\/\/sandzakpress.net\/arhiva\/wp-content\/uploads\/2015\/08\/150805064.1_xl1.jpg\",\"datePublished\":\"2015-08-06T09:45:03+00:00\",\"breadcrumb\":{\"@id\":\"https:\/\/sandzakpress.net\/arhiva\/priznanja-za-sarajlije-koji-su-tokom-holokausta-spasavali-jevreje\/#breadcrumb\"},\"inLanguage\":\"bs-BA\",\"potentialAction\":[{\"@type\":\"ReadAction\",\"target\":[\"https:\/\/sandzakpress.net\/arhiva\/priznanja-za-sarajlije-koji-su-tokom-holokausta-spasavali-jevreje\/\"]}]},{\"@type\":\"ImageObject\",\"inLanguage\":\"bs-BA\",\"@id\":\"https:\/\/sandzakpress.net\/arhiva\/priznanja-za-sarajlije-koji-su-tokom-holokausta-spasavali-jevreje\/#primaryimage\",\"url\":\"https:\/\/sandzakpress.net\/arhiva\/wp-content\/uploads\/2015\/08\/150805064.1_xl1.jpg\",\"contentUrl\":\"https:\/\/sandzakpress.net\/arhiva\/wp-content\/uploads\/2015\/08\/150805064.1_xl1.jpg\",\"width\":938,\"height\":625},{\"@type\":\"BreadcrumbList\",\"@id\":\"https:\/\/sandzakpress.net\/arhiva\/priznanja-za-sarajlije-koji-su-tokom-holokausta-spasavali-jevreje\/#breadcrumb\",\"itemListElement\":[{\"@type\":\"ListItem\",\"position\":1,\"name\":\"Home\",\"item\":\"https:\/\/sandzakpress.net\/arhiva\/\"},{\"@type\":\"ListItem\",\"position\":2,\"name\":\"Priznanja za Sarajlije koji su tokom holokausta spa\u0161avali Jevreje\"}]},{\"@type\":\"WebSite\",\"@id\":\"https:\/\/sandzakpress.net\/arhiva\/#website\",\"url\":\"https:\/\/sandzakpress.net\/arhiva\/\",\"name\":\"Sand\u017eak PRESS\",\"description\":\"Prve elektronske novine u Sand\u017eaku\",\"publisher\":{\"@id\":\"https:\/\/sandzakpress.net\/arhiva\/#\/schema\/person\/6e72b67d6e51910a1117b3b483ba20bd\"},\"potentialAction\":[{\"@type\":\"SearchAction\",\"target\":{\"@type\":\"EntryPoint\",\"urlTemplate\":\"https:\/\/sandzakpress.net\/arhiva\/?s={search_term_string}\"},\"query-input\":{\"@type\":\"PropertyValueSpecification\",\"valueRequired\":true,\"valueName\":\"search_term_string\"}}],\"inLanguage\":\"bs-BA\"},{\"@type\":[\"Person\",\"Organization\"],\"@id\":\"https:\/\/sandzakpress.net\/arhiva\/#\/schema\/person\/6e72b67d6e51910a1117b3b483ba20bd\",\"name\":\"Kul\",\"image\":{\"@type\":\"ImageObject\",\"inLanguage\":\"bs-BA\",\"@id\":\"https:\/\/sandzakpress.net\/arhiva\/#\/schema\/person\/image\/\",\"url\":\"https:\/\/secure.gravatar.com\/avatar\/42263f39aa27ac04c43cab85c280eb2e?s=96&d=mm&r=pg\",\"contentUrl\":\"https:\/\/secure.gravatar.com\/avatar\/42263f39aa27ac04c43cab85c280eb2e?s=96&d=mm&r=pg\",\"caption\":\"Kul\"},\"logo\":{\"@id\":\"https:\/\/sandzakpress.net\/arhiva\/#\/schema\/person\/image\/\"}},{\"@type\":\"Person\",\"@id\":\"https:\/\/sandzakpress.net\/arhiva\/#\/schema\/person\/c8baee722073534b583ea7bdb2e36c02\",\"name\":\"bosniak\",\"image\":{\"@type\":\"ImageObject\",\"inLanguage\":\"bs-BA\",\"@id\":\"https:\/\/sandzakpress.net\/arhiva\/#\/schema\/person\/image\/\",\"url\":\"https:\/\/secure.gravatar.com\/avatar\/a04fd330bfe3a36a72a0ad4a6d89fca7?s=96&d=mm&r=pg\",\"contentUrl\":\"https:\/\/secure.gravatar.com\/avatar\/a04fd330bfe3a36a72a0ad4a6d89fca7?s=96&d=mm&r=pg\",\"caption\":\"bosniak\"},\"url\":\"https:\/\/sandzakpress.net\/arhiva\/author\/bosniak\/\"}]}<\/script>\n<!-- \/ Yoast SEO Premium plugin. -->","yoast_head_json":{"title":"Priznanja za Sarajlije koji su tokom holokausta spa\u0161avali Jevreje","robots":{"index":"index","follow":"follow","max-snippet":"max-snippet:-1","max-image-preview":"max-image-preview:large","max-video-preview":"max-video-preview:-1"},"canonical":"https:\/\/sandzakpress.net\/arhiva\/priznanja-za-sarajlije-koji-su-tokom-holokausta-spasavali-jevreje\/","og_locale":"bs_BA","og_type":"article","og_title":"Priznanja za Sarajlije koji su tokom holokausta spa\u0161avali Jevreje","og_description":"Sarajevo \u2013 Smilji Kvasina, Mileni Markovi\u0107 i Vidu \u010copu posthumno su dodijeljene nagrade \u201dPravednik me\u0111u narodima\u201d jer su u Sarajevu za vrijeme holokausta spasili Jevrejku Hanu Altarac. Hana Altarac, koja je kasnije promijenila ime i prezime u Fanika Lu\u010di\u0107, odrasla je u ku\u0107i Smilje Kvasina i njene k\u0107erke Milene Markovi\u0107, dijele\u0107i s njima skromnu trpezu. [&hellip;]","og_url":"https:\/\/sandzakpress.net\/arhiva\/priznanja-za-sarajlije-koji-su-tokom-holokausta-spasavali-jevreje\/","og_site_name":"Sand\u017eak PRESS","article_published_time":"2015-08-06T09:45:03+00:00","og_image":[{"width":938,"height":625,"url":"https:\/\/sandzakpress.net\/arhiva\/wp-content\/uploads\/2015\/08\/150805064.1_xl1.jpg","type":"image\/jpeg"}],"author":"bosniak","twitter_card":"summary_large_image","twitter_misc":{"Written by":"bosniak","Est. reading time":"2 minute"},"schema":{"@context":"https:\/\/schema.org","@graph":[{"@type":"Article","@id":"https:\/\/sandzakpress.net\/arhiva\/priznanja-za-sarajlije-koji-su-tokom-holokausta-spasavali-jevreje\/#article","isPartOf":{"@id":"https:\/\/sandzakpress.net\/arhiva\/priznanja-za-sarajlije-koji-su-tokom-holokausta-spasavali-jevreje\/"},"author":{"name":"bosniak","@id":"https:\/\/sandzakpress.net\/arhiva\/#\/schema\/person\/c8baee722073534b583ea7bdb2e36c02"},"headline":"Priznanja za Sarajlije koji su tokom holokausta spa\u0161avali Jevreje","datePublished":"2015-08-06T09:45:03+00:00","mainEntityOfPage":{"@id":"https:\/\/sandzakpress.net\/arhiva\/priznanja-za-sarajlije-koji-su-tokom-holokausta-spasavali-jevreje\/"},"wordCount":453,"commentCount":0,"publisher":{"@id":"https:\/\/sandzakpress.net\/arhiva\/#\/schema\/person\/6e72b67d6e51910a1117b3b483ba20bd"},"image":{"@id":"https:\/\/sandzakpress.net\/arhiva\/priznanja-za-sarajlije-koji-su-tokom-holokausta-spasavali-jevreje\/#primaryimage"},"thumbnailUrl":"https:\/\/sandzakpress.net\/arhiva\/wp-content\/uploads\/2015\/08\/150805064.1_xl1.jpg","keywords":["Bosna i Hercegovina"],"articleSection":["Bosna PRESS"],"inLanguage":"bs-BA","potentialAction":[{"@type":"CommentAction","name":"Comment","target":["https:\/\/sandzakpress.net\/arhiva\/priznanja-za-sarajlije-koji-su-tokom-holokausta-spasavali-jevreje\/#respond"]}]},{"@type":"WebPage","@id":"https:\/\/sandzakpress.net\/arhiva\/priznanja-za-sarajlije-koji-su-tokom-holokausta-spasavali-jevreje\/","url":"https:\/\/sandzakpress.net\/arhiva\/priznanja-za-sarajlije-koji-su-tokom-holokausta-spasavali-jevreje\/","name":"Priznanja za Sarajlije koji su tokom holokausta spa\u0161avali Jevreje","isPartOf":{"@id":"https:\/\/sandzakpress.net\/arhiva\/#website"},"primaryImageOfPage":{"@id":"https:\/\/sandzakpress.net\/arhiva\/priznanja-za-sarajlije-koji-su-tokom-holokausta-spasavali-jevreje\/#primaryimage"},"image":{"@id":"https:\/\/sandzakpress.net\/arhiva\/priznanja-za-sarajlije-koji-su-tokom-holokausta-spasavali-jevreje\/#primaryimage"},"thumbnailUrl":"https:\/\/sandzakpress.net\/arhiva\/wp-content\/uploads\/2015\/08\/150805064.1_xl1.jpg","datePublished":"2015-08-06T09:45:03+00:00","breadcrumb":{"@id":"https:\/\/sandzakpress.net\/arhiva\/priznanja-za-sarajlije-koji-su-tokom-holokausta-spasavali-jevreje\/#breadcrumb"},"inLanguage":"bs-BA","potentialAction":[{"@type":"ReadAction","target":["https:\/\/sandzakpress.net\/arhiva\/priznanja-za-sarajlije-koji-su-tokom-holokausta-spasavali-jevreje\/"]}]},{"@type":"ImageObject","inLanguage":"bs-BA","@id":"https:\/\/sandzakpress.net\/arhiva\/priznanja-za-sarajlije-koji-su-tokom-holokausta-spasavali-jevreje\/#primaryimage","url":"https:\/\/sandzakpress.net\/arhiva\/wp-content\/uploads\/2015\/08\/150805064.1_xl1.jpg","contentUrl":"https:\/\/sandzakpress.net\/arhiva\/wp-content\/uploads\/2015\/08\/150805064.1_xl1.jpg","width":938,"height":625},{"@type":"BreadcrumbList","@id":"https:\/\/sandzakpress.net\/arhiva\/priznanja-za-sarajlije-koji-su-tokom-holokausta-spasavali-jevreje\/#breadcrumb","itemListElement":[{"@type":"ListItem","position":1,"name":"Home","item":"https:\/\/sandzakpress.net\/arhiva\/"},{"@type":"ListItem","position":2,"name":"Priznanja za Sarajlije koji su tokom holokausta spa\u0161avali Jevreje"}]},{"@type":"WebSite","@id":"https:\/\/sandzakpress.net\/arhiva\/#website","url":"https:\/\/sandzakpress.net\/arhiva\/","name":"Sand\u017eak PRESS","description":"Prve elektronske novine u Sand\u017eaku","publisher":{"@id":"https:\/\/sandzakpress.net\/arhiva\/#\/schema\/person\/6e72b67d6e51910a1117b3b483ba20bd"},"potentialAction":[{"@type":"SearchAction","target":{"@type":"EntryPoint","urlTemplate":"https:\/\/sandzakpress.net\/arhiva\/?s={search_term_string}"},"query-input":{"@type":"PropertyValueSpecification","valueRequired":true,"valueName":"search_term_string"}}],"inLanguage":"bs-BA"},{"@type":["Person","Organization"],"@id":"https:\/\/sandzakpress.net\/arhiva\/#\/schema\/person\/6e72b67d6e51910a1117b3b483ba20bd","name":"Kul","image":{"@type":"ImageObject","inLanguage":"bs-BA","@id":"https:\/\/sandzakpress.net\/arhiva\/#\/schema\/person\/image\/","url":"https:\/\/secure.gravatar.com\/avatar\/42263f39aa27ac04c43cab85c280eb2e?s=96&d=mm&r=pg","contentUrl":"https:\/\/secure.gravatar.com\/avatar\/42263f39aa27ac04c43cab85c280eb2e?s=96&d=mm&r=pg","caption":"Kul"},"logo":{"@id":"https:\/\/sandzakpress.net\/arhiva\/#\/schema\/person\/image\/"}},{"@type":"Person","@id":"https:\/\/sandzakpress.net\/arhiva\/#\/schema\/person\/c8baee722073534b583ea7bdb2e36c02","name":"bosniak","image":{"@type":"ImageObject","inLanguage":"bs-BA","@id":"https:\/\/sandzakpress.net\/arhiva\/#\/schema\/person\/image\/","url":"https:\/\/secure.gravatar.com\/avatar\/a04fd330bfe3a36a72a0ad4a6d89fca7?s=96&d=mm&r=pg","contentUrl":"https:\/\/secure.gravatar.com\/avatar\/a04fd330bfe3a36a72a0ad4a6d89fca7?s=96&d=mm&r=pg","caption":"bosniak"},"url":"https:\/\/sandzakpress.net\/arhiva\/author\/bosniak\/"}]}},"_links":{"self":[{"href":"https:\/\/sandzakpress.net\/arhiva\/wp-json\/wp\/v2\/posts\/132776"}],"collection":[{"href":"https:\/\/sandzakpress.net\/arhiva\/wp-json\/wp\/v2\/posts"}],"about":[{"href":"https:\/\/sandzakpress.net\/arhiva\/wp-json\/wp\/v2\/types\/post"}],"author":[{"embeddable":true,"href":"https:\/\/sandzakpress.net\/arhiva\/wp-json\/wp\/v2\/users\/83"}],"replies":[{"embeddable":true,"href":"https:\/\/sandzakpress.net\/arhiva\/wp-json\/wp\/v2\/comments?post=132776"}],"version-history":[{"count":0,"href":"https:\/\/sandzakpress.net\/arhiva\/wp-json\/wp\/v2\/posts\/132776\/revisions"}],"wp:featuredmedia":[{"embeddable":true,"href":"https:\/\/sandzakpress.net\/arhiva\/wp-json\/wp\/v2\/media\/132778"}],"wp:attachment":[{"href":"https:\/\/sandzakpress.net\/arhiva\/wp-json\/wp\/v2\/media?parent=132776"}],"wp:term":[{"taxonomy":"category","embeddable":true,"href":"https:\/\/sandzakpress.net\/arhiva\/wp-json\/wp\/v2\/categories?post=132776"},{"taxonomy":"post_tag","embeddable":true,"href":"https:\/\/sandzakpress.net\/arhiva\/wp-json\/wp\/v2\/tags?post=132776"}],"curies":[{"name":"wp","href":"https:\/\/api.w.org\/{rel}","templated":true}]}}