{"id":13268,"date":"2011-02-28T22:28:14","date_gmt":"2011-02-28T21:28:14","guid":{"rendered":"https:\/\/sandzakpress.net\/arhiva\/?p=13268"},"modified":"2011-02-28T22:34:15","modified_gmt":"2011-02-28T21:34:15","slug":"strpci-bez-mezara-18-godisnjica","status":"publish","type":"post","link":"https:\/\/sandzakpress.net\/arhiva\/strpci-bez-mezara-18-godisnjica\/","title":{"rendered":"\u0160trpci bez mezara &#8211; 18. godi\u0161njica"},"content":{"rendered":"<p><strong><a href=\"https:\/\/sandzakpress.net\/arhiva\/wp-content\/uploads\/2011\/02\/DSC_03441.jpg\"><img loading=\"lazy\" decoding=\"async\" class=\"alignleft size-medium wp-image-13278\" title=\"DSC_0344\" src=\"https:\/\/sandzakpress.net\/arhiva\/wp-content\/uploads\/2011\/02\/DSC_03441-199x300.jpg\" alt=\"\" width=\"199\" height=\"300\" \/><\/a>Prijepolje &#8211; Danas je u sali Doma kulture u Prijepolju u organizaciji Bo\u0161nja\u010dkog nacionalnog vije\u0107a i Bo\u0161nja\u010dke kulturne zajednice a uz podr\u0161ku Islamske zajednice odr\u017eana komemorativna akademija pod nazivom \u201e\u0160trpci bez mezara\u201c.\u00a0Danas se navr\u0161ilo osamnaest godina od kako su pripadnici paravojne formacije \u201eOsvetnici\u201c, kojom su komandovali zlo\u010dinci Milan i Sredoje Luki\u0107, 27. 2. 1993. godine na \u017eeljezni\u010dkoj stanici \u0160trpci kod Rudog iz voza 671 izveli osamnaest Bo\u0161njaka i jednog Hrvata i odveli ih u nepoznatom pravcu. <\/strong><\/p>\n<p>Detalji otmice su ostali nepoznati, posmrtni ostaci pogubljenih civila nisu prona\u0111eni, porodicama stradalih niko od dr\u017eavnih zvani\u010dnika nije ponudio niti moralnu, niti materijalnu, niti bilo kakvu drugu satisfakciju, a najpora\u017eavaju\u0107e je \u0161to jo\u0161 uvijek ovaj stravi\u010dni zlo\u010din protiv civilnog stanovni\u0161tva nije do\u017eivio sudski epilog.<\/p>\n<p>Do ove godine komemorativne akademije je organiziovala Islamska zajednica, a od ove godine organizaciju su preuzeli BNV i BKZ.<\/p>\n<p>Sala Doma kulture u Prijepolju bila je ispunjena do posljednjeg mjesta i ako je postojala nevi\u0111ena opstrukcija od strane lokalnih vlasti da se ova Akademija ne odr\u017ei, a na skup su pored \u010dlanova porodica otetih do\u0161li i svi slobodoljubivi gra\u0111ani Sand\u017eaka, Prijepolja i okoline.<\/p>\n<p>Na skupu su govorili Glavni muftija Islamske zajednice Muamer-ef. Zukorli\u0107, kao i predsjednik izvr\u0161nog odbor BNV-a Samir Tandir. Predsednica Helsin\u0161kog odbora Sonja Biserko i predsjednik Komisije za nestala lica Vlade Bosne i Hercegovine Amor Ma\u0161ovi\u0107 koji su trebali do\u0107i i govoriti na ovom skupu su izostali zbog lo\u0161eg vremena i lo\u0161eg stanja na putevima ali su poslali telegrame podr\u0161ke ovom skupu.<\/p>\n<p><a href=\"https:\/\/sandzakpress.net\/arhiva\/wp-content\/uploads\/2011\/02\/DSC_0368.jpg\"><img loading=\"lazy\" decoding=\"async\" class=\"aligncenter size-full wp-image-13269\" title=\"DSC_0368\" src=\"https:\/\/sandzakpress.net\/arhiva\/wp-content\/uploads\/2011\/02\/DSC_0368.jpg\" alt=\"\" width=\"616\" height=\"349\" \/><\/a><\/p>\n<p>Na po\u010detku se prisutnima obratio Samir Tandir koji je istakao da su organizatori imali veliku opstrukciju od strane vlasti, ali da je uprkos svemu skup odr\u017ean, i naglasio je da \u0107e se ovakvi skupovi odr\u017eavati sve dok se po\u010dinioci i nalogodavci zlo\u010dina ne kazne, dok se ne prona\u0111u tijela postradalih i dokle se ne obzbijedi reparacija za porodice \u017ertava.<\/p>\n<p>Glavni muftija je istakao da je misija organizovanja ovakvih skupova sje\u0107anja da se ogromna negativna energija zlo\u010dina i genocida koji su po\u010dinjeni nad Bo\u0161njacima pretvori u pozitivnu energiju, na dobrobit budu\u0107nosti svih gra\u0111ana Sand\u017eaka i Srbije. Muftija je rekao da u njemu svaki put kada do\u0111e u Prijepolje ima puno optimizma u sebi kada vidi veliki broj gra\u0111ana Prijepolja koji se okupljaju na ovakvim skupovima.<\/p>\n<p><a href=\"https:\/\/sandzakpress.net\/arhiva\/wp-content\/uploads\/2011\/02\/DSC_04001.jpg\"><img loading=\"lazy\" decoding=\"async\" class=\"aligncenter size-full wp-image-13271\" title=\"DSC_0400\" src=\"https:\/\/sandzakpress.net\/arhiva\/wp-content\/uploads\/2011\/02\/DSC_04001.jpg\" alt=\"\" width=\"616\" height=\"173\" \/><\/a><\/p>\n<p>\u201eJako je va\u017eno da porodice \u017ertava ovog zlo\u010dina dobiju najminimalniju satisfakciju, a to je mezar, rekao je Glavni muftija i nastavio, Mezar koji se mo\u017ee pozijaretiti kako bi se dova prou\u010dila. I ne\u0107emo odustati dok se to ne ostvari. To je va\u017eno zbog porodica, to je va\u017eno zbog svih Bo\u0161njaka. To je va\u017eno zbog svih gra\u0111ana, ali vjerujte to je va\u017eno i zbog onih u \u010dije ime ili za \u010diji ra\u010dun je u\u010dinjen ovaj zlo\u010din. Jedini na\u010din da zlo\u010din traje jeste da se o njemu \u0107uti. Jedini na\u010din da se zlo stavi pod kontrolu jeste sru\u0161iti zid \u0107utanja i to onda kada ga najvi\u0161e \u017eele oja\u010dati. Ovom zlo\u010dinu u \u0160trpcima, onom u sjeverinu, u Kukurovi\u0107ima, u Bukovici, u Srebrenici, u Vi\u0161egradu, i svim drugim predhodilo je ne\u0161to \u0161to se zove inspiracija zlo\u010dina. Koliko god je va\u017eno da ne zaboravimo zlo\u010din tako\u0111er je va\u017eno da ne zaboravimo ko je i kako pripremao ambijent zlo\u010dina.\u201c<\/p>\n<p>Muftija je dalje govorio o zastra\u0161ivanju i dr\u017eavnom teroru i medijskom lin\u010du koji je usmjeren prema svakome ko podigne svoj glas. Tako\u0111er je govorio da su kantari pravde koji se upotrebljavaju pokvareni i da za jedne va\u017ee jedna pravila a za druge druga.<\/p>\n<p style=\"text-align: center;\"><a href=\"..\/wp-content\/uploads\/2011\/02\/DSC_0458.jpg\"><img loading=\"lazy\" decoding=\"async\" class=\"aligncenter\" title=\"DSC_0458\" src=\"..\/wp-content\/uploads\/2011\/02\/DSC_0458.jpg\" alt=\"\" width=\"616\" height=\"220\" \/><\/a><\/p>\n<p>\u201eIgrat \u0107emo po pravilima Beograda kada pravila budu pravilna. Po nepravilnim pravilima ne\u0107emo igrati nikada ma \u010dija ona bila. A pravila su pravilna i pravedna samo kada su jednaka za sve ljude. Ako su jedna pravila za jedne a druga za druge takva pravila ne prihvatamo. Zato i ovaj dana\u0161nji dan, kojeg su poku\u0161ali oskrnaviti i razvodnjiti do\u017eivljavam kao jo\u0161 jednu pobjedu. Ne pobjedu protiv nekoga ve\u0107 pobjedu protiv zla, zlo\u010dina i pobjedu protiv \u0107utanja o zlu i o zlo\u010dinu. Zato je ovo demonstracija snage, volje, morala naroda, gra\u0111ana, koji \u0107e odlu\u010dno nastaviti ovim putem.\u201c<\/p>\n<p>Muftija je dalje govorio o unutra\u0161njoj slobodi koju je Allah d\u017e.\u0161. dao ljudima i istakao da im tu slobodu mo\u017ee uzeti samo onaj koji ju je i dao. Muftija je jo\u0161 istakao da se zlo djelo pobje\u0111uje dobrim djelima i da se na taj na\u010din pobje\u0111uju svi zlo\u010dini i zlo\u010dinci.<\/p>\n<p><a href=\"https:\/\/sandzakpress.net\/arhiva\/wp-content\/uploads\/2011\/02\/s.jpg\"><img loading=\"lazy\" decoding=\"async\" class=\"aligncenter size-full wp-image-13276\" title=\"s\" src=\"https:\/\/sandzakpress.net\/arhiva\/wp-content\/uploads\/2011\/02\/s.jpg\" alt=\"\" width=\"616\" height=\"232\" \/><\/a><\/p>\n<p>Nakon Muftijinog govora ispred Doma kulture je formirana velika kolona gra\u0111ana koji su na \u010delu sa predstavnicima Islamske zajednice krenuli u protestni mimohod \u0161utnje ulicama Prijepolja, zaustavljaju\u0107i se na po minut ispred zgrade Op\u0161tine i zgrade Suda, simboli\u010dki podsje\u0107aju\u0107i da vlasti i sudski organi u ovom slu\u010daju nisu uradile svoj posao kako treba. Kolona se kretala ulicama Prijepolja do naselja \u0160arampovo gdje se nalazi spomenik \u017ertvama otetim u \u0160trpcima i gdje je za njih prou\u010dena Fatiha.<\/p>\n<p>Izvor: <strong>BNV.rs<\/strong><\/p>\n","protected":false},"excerpt":{"rendered":"<p>Prijepolje &#8211; Danas je u sali Doma kulture u Prijepolju u organizaciji Bo\u0161nja\u010dkog nacionalnog vije\u0107a i Bo\u0161nja\u010dke kulturne zajednice a uz podr\u0161ku Islamske zajednice odr\u017eana komemorativna akademija pod nazivom \u201e\u0160trpci bez mezara\u201c.\u00a0Danas se navr\u0161ilo osamnaest godina od kako su pripadnici paravojne formacije \u201eOsvetnici\u201c, kojom su komandovali zlo\u010dinci Milan i Sredoje Luki\u0107, 27. 2. 1993. godine [&hellip;]<\/p>\n","protected":false},"author":83,"featured_media":13278,"comment_status":"open","ping_status":"open","sticky":false,"template":"","format":"standard","meta":{"footnotes":""},"categories":[800,392],"tags":[],"class_list":{"0":"post-13268","1":"post","2":"type-post","3":"status-publish","4":"format-standard","5":"has-post-thumbnail","7":"category-nacija","8":"category-prijepolje_"},"yoast_head":"<!-- This site is optimized with the Yoast SEO Premium plugin v23.1 (Yoast SEO v24.9) - https:\/\/yoast.com\/wordpress\/plugins\/seo\/ -->\n<title>\u0160trpci bez mezara - 18. godi\u0161njica<\/title>\n<meta name=\"robots\" content=\"index, follow, max-snippet:-1, max-image-preview:large, max-video-preview:-1\" \/>\n<link rel=\"canonical\" href=\"https:\/\/sandzakpress.net\/arhiva\/strpci-bez-mezara-18-godisnjica\/\" \/>\n<meta property=\"og:locale\" content=\"bs_BA\" \/>\n<meta property=\"og:type\" content=\"article\" \/>\n<meta property=\"og:title\" content=\"\u0160trpci bez mezara - 18. godi\u0161njica\" \/>\n<meta property=\"og:description\" content=\"Prijepolje &#8211; Danas je u sali Doma kulture u Prijepolju u organizaciji Bo\u0161nja\u010dkog nacionalnog vije\u0107a i Bo\u0161nja\u010dke kulturne zajednice a uz podr\u0161ku Islamske zajednice odr\u017eana komemorativna akademija pod nazivom \u201e\u0160trpci bez mezara\u201c.\u00a0Danas se navr\u0161ilo osamnaest godina od kako su pripadnici paravojne formacije \u201eOsvetnici\u201c, kojom su komandovali zlo\u010dinci Milan i Sredoje Luki\u0107, 27. 2. 1993. godine [&hellip;]\" \/>\n<meta property=\"og:url\" content=\"https:\/\/sandzakpress.net\/arhiva\/strpci-bez-mezara-18-godisnjica\/\" \/>\n<meta property=\"og:site_name\" content=\"Sand\u017eak PRESS\" \/>\n<meta property=\"article:published_time\" content=\"2011-02-28T21:28:14+00:00\" \/>\n<meta property=\"article:modified_time\" content=\"2011-02-28T21:34:15+00:00\" \/>\n<meta property=\"og:image\" content=\"https:\/\/sandzakpress.net\/arhiva\/wp-content\/uploads\/2011\/02\/DSC_03441.jpg\" \/>\n\t<meta property=\"og:image:width\" content=\"500\" \/>\n\t<meta property=\"og:image:height\" content=\"752\" \/>\n\t<meta property=\"og:image:type\" content=\"image\/jpeg\" \/>\n<meta name=\"author\" content=\"bosniak\" \/>\n<meta name=\"twitter:card\" content=\"summary_large_image\" \/>\n<meta name=\"twitter:label1\" content=\"Written by\" \/>\n\t<meta name=\"twitter:data1\" content=\"bosniak\" \/>\n\t<meta name=\"twitter:label2\" content=\"Est. reading time\" \/>\n\t<meta name=\"twitter:data2\" content=\"4 minute\" \/>\n<script type=\"application\/ld+json\" class=\"yoast-schema-graph\">{\"@context\":\"https:\/\/schema.org\",\"@graph\":[{\"@type\":\"Article\",\"@id\":\"https:\/\/sandzakpress.net\/arhiva\/strpci-bez-mezara-18-godisnjica\/#article\",\"isPartOf\":{\"@id\":\"https:\/\/sandzakpress.net\/arhiva\/strpci-bez-mezara-18-godisnjica\/\"},\"author\":{\"name\":\"bosniak\",\"@id\":\"https:\/\/sandzakpress.net\/arhiva\/#\/schema\/person\/c8baee722073534b583ea7bdb2e36c02\"},\"headline\":\"\u0160trpci bez mezara &#8211; 18. godi\u0161njica\",\"datePublished\":\"2011-02-28T21:28:14+00:00\",\"dateModified\":\"2011-02-28T21:34:15+00:00\",\"mainEntityOfPage\":{\"@id\":\"https:\/\/sandzakpress.net\/arhiva\/strpci-bez-mezara-18-godisnjica\/\"},\"wordCount\":896,\"commentCount\":4,\"publisher\":{\"@id\":\"https:\/\/sandzakpress.net\/arhiva\/#\/schema\/person\/6e72b67d6e51910a1117b3b483ba20bd\"},\"image\":{\"@id\":\"https:\/\/sandzakpress.net\/arhiva\/strpci-bez-mezara-18-godisnjica\/#primaryimage\"},\"thumbnailUrl\":\"https:\/\/sandzakpress.net\/arhiva\/wp-content\/uploads\/2011\/02\/DSC_03441.jpg\",\"articleSection\":[\"Nacija\",\"Prijepolje\"],\"inLanguage\":\"bs-BA\",\"potentialAction\":[{\"@type\":\"CommentAction\",\"name\":\"Comment\",\"target\":[\"https:\/\/sandzakpress.net\/arhiva\/strpci-bez-mezara-18-godisnjica\/#respond\"]}]},{\"@type\":\"WebPage\",\"@id\":\"https:\/\/sandzakpress.net\/arhiva\/strpci-bez-mezara-18-godisnjica\/\",\"url\":\"https:\/\/sandzakpress.net\/arhiva\/strpci-bez-mezara-18-godisnjica\/\",\"name\":\"\u0160trpci bez mezara - 18. godi\u0161njica\",\"isPartOf\":{\"@id\":\"https:\/\/sandzakpress.net\/arhiva\/#website\"},\"primaryImageOfPage\":{\"@id\":\"https:\/\/sandzakpress.net\/arhiva\/strpci-bez-mezara-18-godisnjica\/#primaryimage\"},\"image\":{\"@id\":\"https:\/\/sandzakpress.net\/arhiva\/strpci-bez-mezara-18-godisnjica\/#primaryimage\"},\"thumbnailUrl\":\"https:\/\/sandzakpress.net\/arhiva\/wp-content\/uploads\/2011\/02\/DSC_03441.jpg\",\"datePublished\":\"2011-02-28T21:28:14+00:00\",\"dateModified\":\"2011-02-28T21:34:15+00:00\",\"breadcrumb\":{\"@id\":\"https:\/\/sandzakpress.net\/arhiva\/strpci-bez-mezara-18-godisnjica\/#breadcrumb\"},\"inLanguage\":\"bs-BA\",\"potentialAction\":[{\"@type\":\"ReadAction\",\"target\":[\"https:\/\/sandzakpress.net\/arhiva\/strpci-bez-mezara-18-godisnjica\/\"]}]},{\"@type\":\"ImageObject\",\"inLanguage\":\"bs-BA\",\"@id\":\"https:\/\/sandzakpress.net\/arhiva\/strpci-bez-mezara-18-godisnjica\/#primaryimage\",\"url\":\"https:\/\/sandzakpress.net\/arhiva\/wp-content\/uploads\/2011\/02\/DSC_03441.jpg\",\"contentUrl\":\"https:\/\/sandzakpress.net\/arhiva\/wp-content\/uploads\/2011\/02\/DSC_03441.jpg\",\"width\":500,\"height\":752},{\"@type\":\"BreadcrumbList\",\"@id\":\"https:\/\/sandzakpress.net\/arhiva\/strpci-bez-mezara-18-godisnjica\/#breadcrumb\",\"itemListElement\":[{\"@type\":\"ListItem\",\"position\":1,\"name\":\"Home\",\"item\":\"https:\/\/sandzakpress.net\/arhiva\/\"},{\"@type\":\"ListItem\",\"position\":2,\"name\":\"\u0160trpci bez mezara &#8211; 18. godi\u0161njica\"}]},{\"@type\":\"WebSite\",\"@id\":\"https:\/\/sandzakpress.net\/arhiva\/#website\",\"url\":\"https:\/\/sandzakpress.net\/arhiva\/\",\"name\":\"Sand\u017eak PRESS\",\"description\":\"Prve elektronske novine u Sand\u017eaku\",\"publisher\":{\"@id\":\"https:\/\/sandzakpress.net\/arhiva\/#\/schema\/person\/6e72b67d6e51910a1117b3b483ba20bd\"},\"potentialAction\":[{\"@type\":\"SearchAction\",\"target\":{\"@type\":\"EntryPoint\",\"urlTemplate\":\"https:\/\/sandzakpress.net\/arhiva\/?s={search_term_string}\"},\"query-input\":{\"@type\":\"PropertyValueSpecification\",\"valueRequired\":true,\"valueName\":\"search_term_string\"}}],\"inLanguage\":\"bs-BA\"},{\"@type\":[\"Person\",\"Organization\"],\"@id\":\"https:\/\/sandzakpress.net\/arhiva\/#\/schema\/person\/6e72b67d6e51910a1117b3b483ba20bd\",\"name\":\"Kul\",\"image\":{\"@type\":\"ImageObject\",\"inLanguage\":\"bs-BA\",\"@id\":\"https:\/\/sandzakpress.net\/arhiva\/#\/schema\/person\/image\/\",\"url\":\"https:\/\/secure.gravatar.com\/avatar\/42263f39aa27ac04c43cab85c280eb2e?s=96&d=mm&r=pg\",\"contentUrl\":\"https:\/\/secure.gravatar.com\/avatar\/42263f39aa27ac04c43cab85c280eb2e?s=96&d=mm&r=pg\",\"caption\":\"Kul\"},\"logo\":{\"@id\":\"https:\/\/sandzakpress.net\/arhiva\/#\/schema\/person\/image\/\"}},{\"@type\":\"Person\",\"@id\":\"https:\/\/sandzakpress.net\/arhiva\/#\/schema\/person\/c8baee722073534b583ea7bdb2e36c02\",\"name\":\"bosniak\",\"image\":{\"@type\":\"ImageObject\",\"inLanguage\":\"bs-BA\",\"@id\":\"https:\/\/sandzakpress.net\/arhiva\/#\/schema\/person\/image\/\",\"url\":\"https:\/\/secure.gravatar.com\/avatar\/a04fd330bfe3a36a72a0ad4a6d89fca7?s=96&d=mm&r=pg\",\"contentUrl\":\"https:\/\/secure.gravatar.com\/avatar\/a04fd330bfe3a36a72a0ad4a6d89fca7?s=96&d=mm&r=pg\",\"caption\":\"bosniak\"},\"url\":\"https:\/\/sandzakpress.net\/arhiva\/author\/bosniak\/\"}]}<\/script>\n<!-- \/ Yoast SEO Premium plugin. -->","yoast_head_json":{"title":"\u0160trpci bez mezara - 18. godi\u0161njica","robots":{"index":"index","follow":"follow","max-snippet":"max-snippet:-1","max-image-preview":"max-image-preview:large","max-video-preview":"max-video-preview:-1"},"canonical":"https:\/\/sandzakpress.net\/arhiva\/strpci-bez-mezara-18-godisnjica\/","og_locale":"bs_BA","og_type":"article","og_title":"\u0160trpci bez mezara - 18. godi\u0161njica","og_description":"Prijepolje &#8211; Danas je u sali Doma kulture u Prijepolju u organizaciji Bo\u0161nja\u010dkog nacionalnog vije\u0107a i Bo\u0161nja\u010dke kulturne zajednice a uz podr\u0161ku Islamske zajednice odr\u017eana komemorativna akademija pod nazivom \u201e\u0160trpci bez mezara\u201c.\u00a0Danas se navr\u0161ilo osamnaest godina od kako su pripadnici paravojne formacije \u201eOsvetnici\u201c, kojom su komandovali zlo\u010dinci Milan i Sredoje Luki\u0107, 27. 2. 1993. godine [&hellip;]","og_url":"https:\/\/sandzakpress.net\/arhiva\/strpci-bez-mezara-18-godisnjica\/","og_site_name":"Sand\u017eak PRESS","article_published_time":"2011-02-28T21:28:14+00:00","article_modified_time":"2011-02-28T21:34:15+00:00","og_image":[{"width":500,"height":752,"url":"https:\/\/sandzakpress.net\/arhiva\/wp-content\/uploads\/2011\/02\/DSC_03441.jpg","type":"image\/jpeg"}],"author":"bosniak","twitter_card":"summary_large_image","twitter_misc":{"Written by":"bosniak","Est. reading time":"4 minute"},"schema":{"@context":"https:\/\/schema.org","@graph":[{"@type":"Article","@id":"https:\/\/sandzakpress.net\/arhiva\/strpci-bez-mezara-18-godisnjica\/#article","isPartOf":{"@id":"https:\/\/sandzakpress.net\/arhiva\/strpci-bez-mezara-18-godisnjica\/"},"author":{"name":"bosniak","@id":"https:\/\/sandzakpress.net\/arhiva\/#\/schema\/person\/c8baee722073534b583ea7bdb2e36c02"},"headline":"\u0160trpci bez mezara &#8211; 18. godi\u0161njica","datePublished":"2011-02-28T21:28:14+00:00","dateModified":"2011-02-28T21:34:15+00:00","mainEntityOfPage":{"@id":"https:\/\/sandzakpress.net\/arhiva\/strpci-bez-mezara-18-godisnjica\/"},"wordCount":896,"commentCount":4,"publisher":{"@id":"https:\/\/sandzakpress.net\/arhiva\/#\/schema\/person\/6e72b67d6e51910a1117b3b483ba20bd"},"image":{"@id":"https:\/\/sandzakpress.net\/arhiva\/strpci-bez-mezara-18-godisnjica\/#primaryimage"},"thumbnailUrl":"https:\/\/sandzakpress.net\/arhiva\/wp-content\/uploads\/2011\/02\/DSC_03441.jpg","articleSection":["Nacija","Prijepolje"],"inLanguage":"bs-BA","potentialAction":[{"@type":"CommentAction","name":"Comment","target":["https:\/\/sandzakpress.net\/arhiva\/strpci-bez-mezara-18-godisnjica\/#respond"]}]},{"@type":"WebPage","@id":"https:\/\/sandzakpress.net\/arhiva\/strpci-bez-mezara-18-godisnjica\/","url":"https:\/\/sandzakpress.net\/arhiva\/strpci-bez-mezara-18-godisnjica\/","name":"\u0160trpci bez mezara - 18. godi\u0161njica","isPartOf":{"@id":"https:\/\/sandzakpress.net\/arhiva\/#website"},"primaryImageOfPage":{"@id":"https:\/\/sandzakpress.net\/arhiva\/strpci-bez-mezara-18-godisnjica\/#primaryimage"},"image":{"@id":"https:\/\/sandzakpress.net\/arhiva\/strpci-bez-mezara-18-godisnjica\/#primaryimage"},"thumbnailUrl":"https:\/\/sandzakpress.net\/arhiva\/wp-content\/uploads\/2011\/02\/DSC_03441.jpg","datePublished":"2011-02-28T21:28:14+00:00","dateModified":"2011-02-28T21:34:15+00:00","breadcrumb":{"@id":"https:\/\/sandzakpress.net\/arhiva\/strpci-bez-mezara-18-godisnjica\/#breadcrumb"},"inLanguage":"bs-BA","potentialAction":[{"@type":"ReadAction","target":["https:\/\/sandzakpress.net\/arhiva\/strpci-bez-mezara-18-godisnjica\/"]}]},{"@type":"ImageObject","inLanguage":"bs-BA","@id":"https:\/\/sandzakpress.net\/arhiva\/strpci-bez-mezara-18-godisnjica\/#primaryimage","url":"https:\/\/sandzakpress.net\/arhiva\/wp-content\/uploads\/2011\/02\/DSC_03441.jpg","contentUrl":"https:\/\/sandzakpress.net\/arhiva\/wp-content\/uploads\/2011\/02\/DSC_03441.jpg","width":500,"height":752},{"@type":"BreadcrumbList","@id":"https:\/\/sandzakpress.net\/arhiva\/strpci-bez-mezara-18-godisnjica\/#breadcrumb","itemListElement":[{"@type":"ListItem","position":1,"name":"Home","item":"https:\/\/sandzakpress.net\/arhiva\/"},{"@type":"ListItem","position":2,"name":"\u0160trpci bez mezara &#8211; 18. godi\u0161njica"}]},{"@type":"WebSite","@id":"https:\/\/sandzakpress.net\/arhiva\/#website","url":"https:\/\/sandzakpress.net\/arhiva\/","name":"Sand\u017eak PRESS","description":"Prve elektronske novine u Sand\u017eaku","publisher":{"@id":"https:\/\/sandzakpress.net\/arhiva\/#\/schema\/person\/6e72b67d6e51910a1117b3b483ba20bd"},"potentialAction":[{"@type":"SearchAction","target":{"@type":"EntryPoint","urlTemplate":"https:\/\/sandzakpress.net\/arhiva\/?s={search_term_string}"},"query-input":{"@type":"PropertyValueSpecification","valueRequired":true,"valueName":"search_term_string"}}],"inLanguage":"bs-BA"},{"@type":["Person","Organization"],"@id":"https:\/\/sandzakpress.net\/arhiva\/#\/schema\/person\/6e72b67d6e51910a1117b3b483ba20bd","name":"Kul","image":{"@type":"ImageObject","inLanguage":"bs-BA","@id":"https:\/\/sandzakpress.net\/arhiva\/#\/schema\/person\/image\/","url":"https:\/\/secure.gravatar.com\/avatar\/42263f39aa27ac04c43cab85c280eb2e?s=96&d=mm&r=pg","contentUrl":"https:\/\/secure.gravatar.com\/avatar\/42263f39aa27ac04c43cab85c280eb2e?s=96&d=mm&r=pg","caption":"Kul"},"logo":{"@id":"https:\/\/sandzakpress.net\/arhiva\/#\/schema\/person\/image\/"}},{"@type":"Person","@id":"https:\/\/sandzakpress.net\/arhiva\/#\/schema\/person\/c8baee722073534b583ea7bdb2e36c02","name":"bosniak","image":{"@type":"ImageObject","inLanguage":"bs-BA","@id":"https:\/\/sandzakpress.net\/arhiva\/#\/schema\/person\/image\/","url":"https:\/\/secure.gravatar.com\/avatar\/a04fd330bfe3a36a72a0ad4a6d89fca7?s=96&d=mm&r=pg","contentUrl":"https:\/\/secure.gravatar.com\/avatar\/a04fd330bfe3a36a72a0ad4a6d89fca7?s=96&d=mm&r=pg","caption":"bosniak"},"url":"https:\/\/sandzakpress.net\/arhiva\/author\/bosniak\/"}]}},"_links":{"self":[{"href":"https:\/\/sandzakpress.net\/arhiva\/wp-json\/wp\/v2\/posts\/13268"}],"collection":[{"href":"https:\/\/sandzakpress.net\/arhiva\/wp-json\/wp\/v2\/posts"}],"about":[{"href":"https:\/\/sandzakpress.net\/arhiva\/wp-json\/wp\/v2\/types\/post"}],"author":[{"embeddable":true,"href":"https:\/\/sandzakpress.net\/arhiva\/wp-json\/wp\/v2\/users\/83"}],"replies":[{"embeddable":true,"href":"https:\/\/sandzakpress.net\/arhiva\/wp-json\/wp\/v2\/comments?post=13268"}],"version-history":[{"count":0,"href":"https:\/\/sandzakpress.net\/arhiva\/wp-json\/wp\/v2\/posts\/13268\/revisions"}],"wp:featuredmedia":[{"embeddable":true,"href":"https:\/\/sandzakpress.net\/arhiva\/wp-json\/wp\/v2\/media\/13278"}],"wp:attachment":[{"href":"https:\/\/sandzakpress.net\/arhiva\/wp-json\/wp\/v2\/media?parent=13268"}],"wp:term":[{"taxonomy":"category","embeddable":true,"href":"https:\/\/sandzakpress.net\/arhiva\/wp-json\/wp\/v2\/categories?post=13268"},{"taxonomy":"post_tag","embeddable":true,"href":"https:\/\/sandzakpress.net\/arhiva\/wp-json\/wp\/v2\/tags?post=13268"}],"curies":[{"name":"wp","href":"https:\/\/api.w.org\/{rel}","templated":true}]}}