{"id":132668,"date":"2015-08-06T09:55:16","date_gmt":"2015-08-06T07:55:16","guid":{"rendered":"https:\/\/sandzakpress.net\/arhiva\/pusic-ide-u-kairo-zbog-hrvata-kojeg-je-oteo-idis"},"modified":"2015-08-06T09:55:16","modified_gmt":"2015-08-06T07:55:16","slug":"pusic-ide-u-kairo-zbog-hrvata-kojeg-je-oteo-idis","status":"publish","type":"post","link":"https:\/\/sandzakpress.net\/arhiva\/pusic-ide-u-kairo-zbog-hrvata-kojeg-je-oteo-idis\/","title":{"rendered":"Pusi\u0107 ide u Kairo zbog Hrvata kojeg je oteo IDI\u0160"},"content":{"rendered":"<p><strong>HR, Svijet \u2013 \u00a0IDI\u0160 prijeti smaknu\u0107em Tomislava Salopeka ukoliko egipatske vlasti iz zatvora ne oslobode grupu muslimanki.<\/strong><\/p>\n<p><img loading=\"lazy\" decoding=\"async\" class=\"\" src=\"http:\/\/balkans.aljazeera.net\/sites\/staff.balkans.aljazeera.com\/files\/styles\/aljazeera_article_main_image\/public\/vesna_pusic_epa_main_5.jpg?itok=kwPhLizR\" alt=\"Vesna Pusi\u0107\" width=\"599\" height=\"399\" \/><\/p>\n<p>Ministrica vanjskih poslova Vesna Pusi\u0107 otputovat \u0107e u Kairo zbog tala\u010dke krize u kojoj skupina Islamska dr\u017eava Irak i \u0160am (IDI\u0160) prijeti da \u0107e u roku 48 sati ubiti Hrvata Tomislava Salopeka ako egipatska vlada ne ispuni njihov zahtjev, potvr\u0111eno je iz hrvatskog Ministarstva vanjskih i europskih poslova.<\/p>\n<p>\u201cPrva potpredsjednica Vlade i ministrica vanjskih i europskih poslova Vesna Pusi\u0107 u kontaktu je s egipatskim ministrom vanjskih poslova te \u0107e, sukladno dogovoru s njim i preporukama otputovati u Kairo\u201d, stoji u priop\u0107enju.<\/p>\n<p>Predstavnici hrvatske diplomacije su potvrdili da je ministrica Pusi\u0107 u kontaktu s obitelji 30-godi\u0161njeg Salopeka kojega su pripadnici IDI\u0160-a oteli 22. srpnja na podru\u010dju Kaira.<\/p>\n<p>Salopek je otet dok je slu\u017ebenim automobilom putovao na posao. Njegov automobil zaustavila je naoru\u017eana skupina koja je prisilila voza\u010da da napusti vozilo, a zatim su se odvezli u nepoznatom smjeru.<\/p>\n<p>Skupina Pokrajina Sinaj, povezana s IDI\u0160-om, objavila je u srijedu videosnimku u kojoj Salopek ka\u017ee da \u0107e biti smaknut u roku od 48 sati, ako slu\u017ebeni Kairo ne oslobodi uhi\u0107ene muslimanke.<\/p>\n<p>Identitet Salopeka potvrdila je tvrtka Ardiseis, egipatska podru\u017enica francuske grupe Compagnie Generale de Geophysique za koju je radio.<\/p>\n<p><strong>\u2018Te\u0161ka situacija\u2019<\/strong><\/p>\n<p>Hrvatska vlada poduzima sve kako bi se \u0161to prije razrije\u0161ila \u201cte\u0161ka situacija\u201d hrvatskog dr\u017eavljanina kojemu IDI\u0160 prijeti smaknu\u0107em ako egipatska vlada ne ispuni njihove zahtjeve, ranije je re\u010deno iz hrvatskog Ministarstav vanjskih i europskih poslova.<\/p>\n<p>\u201cObzirom na vrlo te\u0161ke i osjetljive okolnosti, te da se ne bi dodatno otezala ionako te\u0161ka situacija, u ovom trenutku nismo u mogu\u0107nosti iznositi detaljnije informacije\u201d, dodaju.<\/p>\n<p>Na snimci koja je postavljena na internet, Salopek kle\u010di uz maskiranog mu\u0161karca koji dr\u017ei no\u017e i \u010dita s lista papira uvjete skupine IDI\u0160.<\/p>\n<p>\u201cImam 30 godina i dolazim iz Hrvatske\u201d, rekao je Salopek odjeven u naran\u010dastu odje\u0107u karakteristi\u010dnu za zatvorenike IDI\u0160-a.<\/p>\n<p>Prema hrvatskom Ministarstvu vanjskih i europskih poslova, to je prva otmica nekog hrvatskog dr\u017eavljanina u stranoj zemlji.<\/p>\n<p>Do srijede identitet otmi\u010dara nije bio poznat i nije bio postavljen nikakav zahtjev za otkupninom.<\/p>\n<p>Skupina koja ga je zato\u010dila nekada se zvala Ansar Beit al-Makdes, a preimenovala se u Pokrajinu Sinaj kako bi nazna\u010dila pripadnost \u201ckalifatu\u201d koji je IDI\u0160 samoproglasio u Iraku i Siriji.<\/p>\n<p>Ta je skupina 11. srpnja preuzela odgovornost za napad automobilom bombom na talijanski konzulat u Kairu u kojem je ubijen jedan civil, a bio je to prvi napad na diplomatsko predstavni\u0161tvo otkako je egipatski predsjednik Muhamed Mursi, vo\u0111a Muslimanske bra\u0107e, svrgnut u srpnju 2013. godine.<\/p>\n<p>Izvor: Agencije<\/p>\n<p>Pogledajte vijest na izvornom sajtu:<\/p>\n<p><a href=\"http:\/\/bosnapress.net\/pusic-ide-u-kairo-zbog-hrvata-kojeg-je-oteo-idis\/\" target=\"_blank\">Pusi\u0107 ide u Kairo zbog Hrvata kojeg je oteo IDI\u0160<\/a><\/p>\n","protected":false},"excerpt":{"rendered":"<p>HR, Svijet \u2013 \u00a0IDI\u0160 prijeti smaknu\u0107em Tomislava Salopeka ukoliko egipatske vlasti iz zatvora ne oslobode grupu muslimanki. Ministrica vanjskih poslova Vesna Pusi\u0107 otputovat \u0107e u Kairo zbog tala\u010dke krize u kojoj skupina Islamska dr\u017eava Irak i \u0160am (IDI\u0160) prijeti da \u0107e u roku 48 sati ubiti Hrvata Tomislava Salopeka ako egipatska vlada ne ispuni njihov [&hellip;]<\/p>\n","protected":false},"author":83,"featured_media":132670,"comment_status":"open","ping_status":"open","sticky":false,"template":"","format":"standard","meta":{"footnotes":""},"categories":[10513],"tags":[10466],"class_list":{"0":"post-132668","1":"post","2":"type-post","3":"status-publish","4":"format-standard","5":"has-post-thumbnail","7":"category-bosna-press","8":"tag-bosna-i-hercegovina"},"yoast_head":"<!-- This site is optimized with the Yoast SEO Premium plugin v23.1 (Yoast SEO v24.9) - https:\/\/yoast.com\/wordpress\/plugins\/seo\/ -->\n<title>Pusi\u0107 ide u Kairo zbog Hrvata kojeg je oteo IDI\u0160<\/title>\n<meta name=\"robots\" content=\"index, follow, max-snippet:-1, max-image-preview:large, max-video-preview:-1\" \/>\n<link rel=\"canonical\" href=\"https:\/\/sandzakpress.net\/arhiva\/pusic-ide-u-kairo-zbog-hrvata-kojeg-je-oteo-idis\/\" \/>\n<meta property=\"og:locale\" content=\"bs_BA\" \/>\n<meta property=\"og:type\" content=\"article\" \/>\n<meta property=\"og:title\" content=\"Pusi\u0107 ide u Kairo zbog Hrvata kojeg je oteo IDI\u0160\" \/>\n<meta property=\"og:description\" content=\"HR, Svijet \u2013 \u00a0IDI\u0160 prijeti smaknu\u0107em Tomislava Salopeka ukoliko egipatske vlasti iz zatvora ne oslobode grupu muslimanki. Ministrica vanjskih poslova Vesna Pusi\u0107 otputovat \u0107e u Kairo zbog tala\u010dke krize u kojoj skupina Islamska dr\u017eava Irak i \u0160am (IDI\u0160) prijeti da \u0107e u roku 48 sati ubiti Hrvata Tomislava Salopeka ako egipatska vlada ne ispuni njihov [&hellip;]\" \/>\n<meta property=\"og:url\" content=\"https:\/\/sandzakpress.net\/arhiva\/pusic-ide-u-kairo-zbog-hrvata-kojeg-je-oteo-idis\/\" \/>\n<meta property=\"og:site_name\" content=\"Sand\u017eak PRESS\" \/>\n<meta property=\"article:published_time\" content=\"2015-08-06T07:55:16+00:00\" \/>\n<meta property=\"og:image\" content=\"https:\/\/sandzakpress.net\/arhiva\/wp-content\/uploads\/2015\/08\/vesna_pusic_epa_main_5.jpg\" \/>\n\t<meta property=\"og:image:width\" content=\"900\" \/>\n\t<meta property=\"og:image:height\" content=\"600\" \/>\n\t<meta property=\"og:image:type\" content=\"image\/jpeg\" \/>\n<meta name=\"author\" content=\"bosniak\" \/>\n<meta name=\"twitter:card\" content=\"summary_large_image\" \/>\n<meta name=\"twitter:label1\" content=\"Written by\" \/>\n\t<meta name=\"twitter:data1\" content=\"bosniak\" \/>\n\t<meta name=\"twitter:label2\" content=\"Est. reading time\" \/>\n\t<meta name=\"twitter:data2\" content=\"2 minute\" \/>\n<script type=\"application\/ld+json\" class=\"yoast-schema-graph\">{\"@context\":\"https:\/\/schema.org\",\"@graph\":[{\"@type\":\"Article\",\"@id\":\"https:\/\/sandzakpress.net\/arhiva\/pusic-ide-u-kairo-zbog-hrvata-kojeg-je-oteo-idis\/#article\",\"isPartOf\":{\"@id\":\"https:\/\/sandzakpress.net\/arhiva\/pusic-ide-u-kairo-zbog-hrvata-kojeg-je-oteo-idis\/\"},\"author\":{\"name\":\"bosniak\",\"@id\":\"https:\/\/sandzakpress.net\/arhiva\/#\/schema\/person\/c8baee722073534b583ea7bdb2e36c02\"},\"headline\":\"Pusi\u0107 ide u Kairo zbog Hrvata kojeg je oteo IDI\u0160\",\"datePublished\":\"2015-08-06T07:55:16+00:00\",\"mainEntityOfPage\":{\"@id\":\"https:\/\/sandzakpress.net\/arhiva\/pusic-ide-u-kairo-zbog-hrvata-kojeg-je-oteo-idis\/\"},\"wordCount\":474,\"commentCount\":0,\"publisher\":{\"@id\":\"https:\/\/sandzakpress.net\/arhiva\/#\/schema\/person\/6e72b67d6e51910a1117b3b483ba20bd\"},\"image\":{\"@id\":\"https:\/\/sandzakpress.net\/arhiva\/pusic-ide-u-kairo-zbog-hrvata-kojeg-je-oteo-idis\/#primaryimage\"},\"thumbnailUrl\":\"https:\/\/sandzakpress.net\/arhiva\/wp-content\/uploads\/2015\/08\/vesna_pusic_epa_main_5.jpg\",\"keywords\":[\"Bosna i Hercegovina\"],\"articleSection\":[\"Bosna PRESS\"],\"inLanguage\":\"bs-BA\",\"potentialAction\":[{\"@type\":\"CommentAction\",\"name\":\"Comment\",\"target\":[\"https:\/\/sandzakpress.net\/arhiva\/pusic-ide-u-kairo-zbog-hrvata-kojeg-je-oteo-idis\/#respond\"]}]},{\"@type\":\"WebPage\",\"@id\":\"https:\/\/sandzakpress.net\/arhiva\/pusic-ide-u-kairo-zbog-hrvata-kojeg-je-oteo-idis\/\",\"url\":\"https:\/\/sandzakpress.net\/arhiva\/pusic-ide-u-kairo-zbog-hrvata-kojeg-je-oteo-idis\/\",\"name\":\"Pusi\u0107 ide u Kairo zbog Hrvata kojeg je oteo IDI\u0160\",\"isPartOf\":{\"@id\":\"https:\/\/sandzakpress.net\/arhiva\/#website\"},\"primaryImageOfPage\":{\"@id\":\"https:\/\/sandzakpress.net\/arhiva\/pusic-ide-u-kairo-zbog-hrvata-kojeg-je-oteo-idis\/#primaryimage\"},\"image\":{\"@id\":\"https:\/\/sandzakpress.net\/arhiva\/pusic-ide-u-kairo-zbog-hrvata-kojeg-je-oteo-idis\/#primaryimage\"},\"thumbnailUrl\":\"https:\/\/sandzakpress.net\/arhiva\/wp-content\/uploads\/2015\/08\/vesna_pusic_epa_main_5.jpg\",\"datePublished\":\"2015-08-06T07:55:16+00:00\",\"breadcrumb\":{\"@id\":\"https:\/\/sandzakpress.net\/arhiva\/pusic-ide-u-kairo-zbog-hrvata-kojeg-je-oteo-idis\/#breadcrumb\"},\"inLanguage\":\"bs-BA\",\"potentialAction\":[{\"@type\":\"ReadAction\",\"target\":[\"https:\/\/sandzakpress.net\/arhiva\/pusic-ide-u-kairo-zbog-hrvata-kojeg-je-oteo-idis\/\"]}]},{\"@type\":\"ImageObject\",\"inLanguage\":\"bs-BA\",\"@id\":\"https:\/\/sandzakpress.net\/arhiva\/pusic-ide-u-kairo-zbog-hrvata-kojeg-je-oteo-idis\/#primaryimage\",\"url\":\"https:\/\/sandzakpress.net\/arhiva\/wp-content\/uploads\/2015\/08\/vesna_pusic_epa_main_5.jpg\",\"contentUrl\":\"https:\/\/sandzakpress.net\/arhiva\/wp-content\/uploads\/2015\/08\/vesna_pusic_epa_main_5.jpg\",\"width\":900,\"height\":600},{\"@type\":\"BreadcrumbList\",\"@id\":\"https:\/\/sandzakpress.net\/arhiva\/pusic-ide-u-kairo-zbog-hrvata-kojeg-je-oteo-idis\/#breadcrumb\",\"itemListElement\":[{\"@type\":\"ListItem\",\"position\":1,\"name\":\"Home\",\"item\":\"https:\/\/sandzakpress.net\/arhiva\/\"},{\"@type\":\"ListItem\",\"position\":2,\"name\":\"Pusi\u0107 ide u Kairo zbog Hrvata kojeg je oteo IDI\u0160\"}]},{\"@type\":\"WebSite\",\"@id\":\"https:\/\/sandzakpress.net\/arhiva\/#website\",\"url\":\"https:\/\/sandzakpress.net\/arhiva\/\",\"name\":\"Sand\u017eak PRESS\",\"description\":\"Prve elektronske novine u Sand\u017eaku\",\"publisher\":{\"@id\":\"https:\/\/sandzakpress.net\/arhiva\/#\/schema\/person\/6e72b67d6e51910a1117b3b483ba20bd\"},\"potentialAction\":[{\"@type\":\"SearchAction\",\"target\":{\"@type\":\"EntryPoint\",\"urlTemplate\":\"https:\/\/sandzakpress.net\/arhiva\/?s={search_term_string}\"},\"query-input\":{\"@type\":\"PropertyValueSpecification\",\"valueRequired\":true,\"valueName\":\"search_term_string\"}}],\"inLanguage\":\"bs-BA\"},{\"@type\":[\"Person\",\"Organization\"],\"@id\":\"https:\/\/sandzakpress.net\/arhiva\/#\/schema\/person\/6e72b67d6e51910a1117b3b483ba20bd\",\"name\":\"Kul\",\"image\":{\"@type\":\"ImageObject\",\"inLanguage\":\"bs-BA\",\"@id\":\"https:\/\/sandzakpress.net\/arhiva\/#\/schema\/person\/image\/\",\"url\":\"https:\/\/secure.gravatar.com\/avatar\/42263f39aa27ac04c43cab85c280eb2e?s=96&d=mm&r=pg\",\"contentUrl\":\"https:\/\/secure.gravatar.com\/avatar\/42263f39aa27ac04c43cab85c280eb2e?s=96&d=mm&r=pg\",\"caption\":\"Kul\"},\"logo\":{\"@id\":\"https:\/\/sandzakpress.net\/arhiva\/#\/schema\/person\/image\/\"}},{\"@type\":\"Person\",\"@id\":\"https:\/\/sandzakpress.net\/arhiva\/#\/schema\/person\/c8baee722073534b583ea7bdb2e36c02\",\"name\":\"bosniak\",\"image\":{\"@type\":\"ImageObject\",\"inLanguage\":\"bs-BA\",\"@id\":\"https:\/\/sandzakpress.net\/arhiva\/#\/schema\/person\/image\/\",\"url\":\"https:\/\/secure.gravatar.com\/avatar\/a04fd330bfe3a36a72a0ad4a6d89fca7?s=96&d=mm&r=pg\",\"contentUrl\":\"https:\/\/secure.gravatar.com\/avatar\/a04fd330bfe3a36a72a0ad4a6d89fca7?s=96&d=mm&r=pg\",\"caption\":\"bosniak\"},\"url\":\"https:\/\/sandzakpress.net\/arhiva\/author\/bosniak\/\"}]}<\/script>\n<!-- \/ Yoast SEO Premium plugin. -->","yoast_head_json":{"title":"Pusi\u0107 ide u Kairo zbog Hrvata kojeg je oteo IDI\u0160","robots":{"index":"index","follow":"follow","max-snippet":"max-snippet:-1","max-image-preview":"max-image-preview:large","max-video-preview":"max-video-preview:-1"},"canonical":"https:\/\/sandzakpress.net\/arhiva\/pusic-ide-u-kairo-zbog-hrvata-kojeg-je-oteo-idis\/","og_locale":"bs_BA","og_type":"article","og_title":"Pusi\u0107 ide u Kairo zbog Hrvata kojeg je oteo IDI\u0160","og_description":"HR, Svijet \u2013 \u00a0IDI\u0160 prijeti smaknu\u0107em Tomislava Salopeka ukoliko egipatske vlasti iz zatvora ne oslobode grupu muslimanki. Ministrica vanjskih poslova Vesna Pusi\u0107 otputovat \u0107e u Kairo zbog tala\u010dke krize u kojoj skupina Islamska dr\u017eava Irak i \u0160am (IDI\u0160) prijeti da \u0107e u roku 48 sati ubiti Hrvata Tomislava Salopeka ako egipatska vlada ne ispuni njihov [&hellip;]","og_url":"https:\/\/sandzakpress.net\/arhiva\/pusic-ide-u-kairo-zbog-hrvata-kojeg-je-oteo-idis\/","og_site_name":"Sand\u017eak PRESS","article_published_time":"2015-08-06T07:55:16+00:00","og_image":[{"width":900,"height":600,"url":"https:\/\/sandzakpress.net\/arhiva\/wp-content\/uploads\/2015\/08\/vesna_pusic_epa_main_5.jpg","type":"image\/jpeg"}],"author":"bosniak","twitter_card":"summary_large_image","twitter_misc":{"Written by":"bosniak","Est. reading time":"2 minute"},"schema":{"@context":"https:\/\/schema.org","@graph":[{"@type":"Article","@id":"https:\/\/sandzakpress.net\/arhiva\/pusic-ide-u-kairo-zbog-hrvata-kojeg-je-oteo-idis\/#article","isPartOf":{"@id":"https:\/\/sandzakpress.net\/arhiva\/pusic-ide-u-kairo-zbog-hrvata-kojeg-je-oteo-idis\/"},"author":{"name":"bosniak","@id":"https:\/\/sandzakpress.net\/arhiva\/#\/schema\/person\/c8baee722073534b583ea7bdb2e36c02"},"headline":"Pusi\u0107 ide u Kairo zbog Hrvata kojeg je oteo IDI\u0160","datePublished":"2015-08-06T07:55:16+00:00","mainEntityOfPage":{"@id":"https:\/\/sandzakpress.net\/arhiva\/pusic-ide-u-kairo-zbog-hrvata-kojeg-je-oteo-idis\/"},"wordCount":474,"commentCount":0,"publisher":{"@id":"https:\/\/sandzakpress.net\/arhiva\/#\/schema\/person\/6e72b67d6e51910a1117b3b483ba20bd"},"image":{"@id":"https:\/\/sandzakpress.net\/arhiva\/pusic-ide-u-kairo-zbog-hrvata-kojeg-je-oteo-idis\/#primaryimage"},"thumbnailUrl":"https:\/\/sandzakpress.net\/arhiva\/wp-content\/uploads\/2015\/08\/vesna_pusic_epa_main_5.jpg","keywords":["Bosna i Hercegovina"],"articleSection":["Bosna PRESS"],"inLanguage":"bs-BA","potentialAction":[{"@type":"CommentAction","name":"Comment","target":["https:\/\/sandzakpress.net\/arhiva\/pusic-ide-u-kairo-zbog-hrvata-kojeg-je-oteo-idis\/#respond"]}]},{"@type":"WebPage","@id":"https:\/\/sandzakpress.net\/arhiva\/pusic-ide-u-kairo-zbog-hrvata-kojeg-je-oteo-idis\/","url":"https:\/\/sandzakpress.net\/arhiva\/pusic-ide-u-kairo-zbog-hrvata-kojeg-je-oteo-idis\/","name":"Pusi\u0107 ide u Kairo zbog Hrvata kojeg je oteo IDI\u0160","isPartOf":{"@id":"https:\/\/sandzakpress.net\/arhiva\/#website"},"primaryImageOfPage":{"@id":"https:\/\/sandzakpress.net\/arhiva\/pusic-ide-u-kairo-zbog-hrvata-kojeg-je-oteo-idis\/#primaryimage"},"image":{"@id":"https:\/\/sandzakpress.net\/arhiva\/pusic-ide-u-kairo-zbog-hrvata-kojeg-je-oteo-idis\/#primaryimage"},"thumbnailUrl":"https:\/\/sandzakpress.net\/arhiva\/wp-content\/uploads\/2015\/08\/vesna_pusic_epa_main_5.jpg","datePublished":"2015-08-06T07:55:16+00:00","breadcrumb":{"@id":"https:\/\/sandzakpress.net\/arhiva\/pusic-ide-u-kairo-zbog-hrvata-kojeg-je-oteo-idis\/#breadcrumb"},"inLanguage":"bs-BA","potentialAction":[{"@type":"ReadAction","target":["https:\/\/sandzakpress.net\/arhiva\/pusic-ide-u-kairo-zbog-hrvata-kojeg-je-oteo-idis\/"]}]},{"@type":"ImageObject","inLanguage":"bs-BA","@id":"https:\/\/sandzakpress.net\/arhiva\/pusic-ide-u-kairo-zbog-hrvata-kojeg-je-oteo-idis\/#primaryimage","url":"https:\/\/sandzakpress.net\/arhiva\/wp-content\/uploads\/2015\/08\/vesna_pusic_epa_main_5.jpg","contentUrl":"https:\/\/sandzakpress.net\/arhiva\/wp-content\/uploads\/2015\/08\/vesna_pusic_epa_main_5.jpg","width":900,"height":600},{"@type":"BreadcrumbList","@id":"https:\/\/sandzakpress.net\/arhiva\/pusic-ide-u-kairo-zbog-hrvata-kojeg-je-oteo-idis\/#breadcrumb","itemListElement":[{"@type":"ListItem","position":1,"name":"Home","item":"https:\/\/sandzakpress.net\/arhiva\/"},{"@type":"ListItem","position":2,"name":"Pusi\u0107 ide u Kairo zbog Hrvata kojeg je oteo IDI\u0160"}]},{"@type":"WebSite","@id":"https:\/\/sandzakpress.net\/arhiva\/#website","url":"https:\/\/sandzakpress.net\/arhiva\/","name":"Sand\u017eak PRESS","description":"Prve elektronske novine u Sand\u017eaku","publisher":{"@id":"https:\/\/sandzakpress.net\/arhiva\/#\/schema\/person\/6e72b67d6e51910a1117b3b483ba20bd"},"potentialAction":[{"@type":"SearchAction","target":{"@type":"EntryPoint","urlTemplate":"https:\/\/sandzakpress.net\/arhiva\/?s={search_term_string}"},"query-input":{"@type":"PropertyValueSpecification","valueRequired":true,"valueName":"search_term_string"}}],"inLanguage":"bs-BA"},{"@type":["Person","Organization"],"@id":"https:\/\/sandzakpress.net\/arhiva\/#\/schema\/person\/6e72b67d6e51910a1117b3b483ba20bd","name":"Kul","image":{"@type":"ImageObject","inLanguage":"bs-BA","@id":"https:\/\/sandzakpress.net\/arhiva\/#\/schema\/person\/image\/","url":"https:\/\/secure.gravatar.com\/avatar\/42263f39aa27ac04c43cab85c280eb2e?s=96&d=mm&r=pg","contentUrl":"https:\/\/secure.gravatar.com\/avatar\/42263f39aa27ac04c43cab85c280eb2e?s=96&d=mm&r=pg","caption":"Kul"},"logo":{"@id":"https:\/\/sandzakpress.net\/arhiva\/#\/schema\/person\/image\/"}},{"@type":"Person","@id":"https:\/\/sandzakpress.net\/arhiva\/#\/schema\/person\/c8baee722073534b583ea7bdb2e36c02","name":"bosniak","image":{"@type":"ImageObject","inLanguage":"bs-BA","@id":"https:\/\/sandzakpress.net\/arhiva\/#\/schema\/person\/image\/","url":"https:\/\/secure.gravatar.com\/avatar\/a04fd330bfe3a36a72a0ad4a6d89fca7?s=96&d=mm&r=pg","contentUrl":"https:\/\/secure.gravatar.com\/avatar\/a04fd330bfe3a36a72a0ad4a6d89fca7?s=96&d=mm&r=pg","caption":"bosniak"},"url":"https:\/\/sandzakpress.net\/arhiva\/author\/bosniak\/"}]}},"_links":{"self":[{"href":"https:\/\/sandzakpress.net\/arhiva\/wp-json\/wp\/v2\/posts\/132668"}],"collection":[{"href":"https:\/\/sandzakpress.net\/arhiva\/wp-json\/wp\/v2\/posts"}],"about":[{"href":"https:\/\/sandzakpress.net\/arhiva\/wp-json\/wp\/v2\/types\/post"}],"author":[{"embeddable":true,"href":"https:\/\/sandzakpress.net\/arhiva\/wp-json\/wp\/v2\/users\/83"}],"replies":[{"embeddable":true,"href":"https:\/\/sandzakpress.net\/arhiva\/wp-json\/wp\/v2\/comments?post=132668"}],"version-history":[{"count":0,"href":"https:\/\/sandzakpress.net\/arhiva\/wp-json\/wp\/v2\/posts\/132668\/revisions"}],"wp:featuredmedia":[{"embeddable":true,"href":"https:\/\/sandzakpress.net\/arhiva\/wp-json\/wp\/v2\/media\/132670"}],"wp:attachment":[{"href":"https:\/\/sandzakpress.net\/arhiva\/wp-json\/wp\/v2\/media?parent=132668"}],"wp:term":[{"taxonomy":"category","embeddable":true,"href":"https:\/\/sandzakpress.net\/arhiva\/wp-json\/wp\/v2\/categories?post=132668"},{"taxonomy":"post_tag","embeddable":true,"href":"https:\/\/sandzakpress.net\/arhiva\/wp-json\/wp\/v2\/tags?post=132668"}],"curies":[{"name":"wp","href":"https:\/\/api.w.org\/{rel}","templated":true}]}}