{"id":13264,"date":"2011-02-28T12:39:24","date_gmt":"2011-02-28T11:39:24","guid":{"rendered":"https:\/\/sandzakpress.net\/arhiva\/?p=13264"},"modified":"2011-02-28T12:39:24","modified_gmt":"2011-02-28T11:39:24","slug":"erdogan-zbog-sankcija-ce-ispastati-libijci-a-ne-rezim","status":"publish","type":"post","link":"https:\/\/sandzakpress.net\/arhiva\/erdogan-zbog-sankcija-ce-ispastati-libijci-a-ne-rezim\/","title":{"rendered":"Erdogan: Zbog sankcija \u0107e ispa\u0161tati Libijci, a ne re\u017eim"},"content":{"rendered":"<p><strong><a href=\"https:\/\/sandzakpress.net\/arhiva\/wp-content\/uploads\/2011\/02\/erdogan-forum.png\"><img loading=\"lazy\" decoding=\"async\" class=\"alignleft size-full wp-image-13265\" src=\"https:\/\/sandzakpress.net\/arhiva\/wp-content\/uploads\/2011\/02\/erdogan-forum.png\" alt=\"\" width=\"187\" height=\"231\" \/><\/a>Turska, Libija &#8211; Erdogan je tako\u0111er ocijenio da me\u0111unarodna zajednica sankcijama vr\u0161i   pritisak na Libiju ne zbog zabrinutosti za narod te zemlje, ve\u0107 zbog   njenih rezervi nafte<br \/>\n<\/strong><br \/>\nPremijer Turske Red\u017eep Tajip Erdogan  usprotivio se danas  eventualnom uvo\u0111enju novih sankcija Libiji od UN-a,  upozoriv\u0161i da \u0107e  zbog njih ispa\u0161tati libijski narod, a ne re\u017eim lidera  Moamera Gadafija.<\/p>\n<p>Erdogan  je tako\u0111er ocijenio da me\u0111unarodna  zajednica sankcijama vr\u0161i pritisak  na Libiju ne zbog zabrinutosti za  narod te zemlje, ve\u0107 zbog njenih  rezervi nafte.<\/p>\n<p>Turski premijer  rekao je to nekoliko sati uo\u010di  novog sastanka Savjeta bezbjednosti UN,  na kojem \u0107e njegove \u010dlanice  razgovarati o dodatnim kaznenim mjerama za  libijske vlasti zbog nasilja  provedenog nad demonstrantima.<\/p>\n<p>&#8211; Pozivamo me\u0111unarodnu zajednicu da djeluje pravedno, savjesno, po\u0161tuju\u0107i univerzalne ljudske vrijednosti, a ne iz interesa zbog<br \/>\nnafte, poru\u010dio je Erdogan<\/p>\n<p>Izvor: <strong>IslamBosna.ba<\/strong><\/p>\n","protected":false},"excerpt":{"rendered":"<p>Turska, Libija &#8211; Erdogan je tako\u0111er ocijenio da me\u0111unarodna zajednica sankcijama vr\u0161i pritisak na Libiju ne zbog zabrinutosti za narod te zemlje, ve\u0107 zbog njenih rezervi nafte Premijer Turske Red\u017eep Tajip Erdogan usprotivio se danas eventualnom uvo\u0111enju novih sankcija Libiji od UN-a, upozoriv\u0161i da \u0107e zbog njih ispa\u0161tati libijski narod, a ne re\u017eim lidera Moamera [&hellip;]<\/p>\n","protected":false},"author":13,"featured_media":13265,"comment_status":"open","ping_status":"open","sticky":false,"template":"","format":"standard","meta":{"footnotes":""},"categories":[9],"tags":[],"class_list":{"0":"post-13264","1":"post","2":"type-post","3":"status-publish","4":"format-standard","5":"has-post-thumbnail","7":"category-svijet"},"yoast_head":"<!-- This site is optimized with the Yoast SEO Premium plugin v23.1 (Yoast SEO v24.9) - https:\/\/yoast.com\/wordpress\/plugins\/seo\/ -->\n<title>Erdogan: Zbog sankcija \u0107e ispa\u0161tati Libijci, a ne re\u017eim<\/title>\n<meta name=\"robots\" content=\"index, follow, max-snippet:-1, max-image-preview:large, max-video-preview:-1\" \/>\n<link rel=\"canonical\" href=\"https:\/\/sandzakpress.net\/arhiva\/erdogan-zbog-sankcija-ce-ispastati-libijci-a-ne-rezim\/\" \/>\n<meta property=\"og:locale\" content=\"bs_BA\" \/>\n<meta property=\"og:type\" content=\"article\" \/>\n<meta property=\"og:title\" content=\"Erdogan: Zbog sankcija \u0107e ispa\u0161tati Libijci, a ne re\u017eim\" \/>\n<meta property=\"og:description\" content=\"Turska, Libija &#8211; Erdogan je tako\u0111er ocijenio da me\u0111unarodna zajednica sankcijama vr\u0161i pritisak na Libiju ne zbog zabrinutosti za narod te zemlje, ve\u0107 zbog njenih rezervi nafte Premijer Turske Red\u017eep Tajip Erdogan usprotivio se danas eventualnom uvo\u0111enju novih sankcija Libiji od UN-a, upozoriv\u0161i da \u0107e zbog njih ispa\u0161tati libijski narod, a ne re\u017eim lidera Moamera [&hellip;]\" \/>\n<meta property=\"og:url\" content=\"https:\/\/sandzakpress.net\/arhiva\/erdogan-zbog-sankcija-ce-ispastati-libijci-a-ne-rezim\/\" \/>\n<meta property=\"og:site_name\" content=\"Sand\u017eak PRESS\" \/>\n<meta property=\"article:published_time\" content=\"2011-02-28T11:39:24+00:00\" \/>\n<meta property=\"og:image\" content=\"https:\/\/sandzakpress.net\/arhiva\/wp-content\/uploads\/2011\/02\/erdogan-forum.png\" \/>\n\t<meta property=\"og:image:width\" content=\"187\" \/>\n\t<meta property=\"og:image:height\" content=\"231\" \/>\n\t<meta property=\"og:image:type\" content=\"image\/png\" \/>\n<meta name=\"twitter:card\" content=\"summary_large_image\" \/>\n<meta name=\"twitter:label1\" content=\"Written by\" \/>\n\t<meta name=\"twitter:data1\" content=\"\" \/>\n\t<meta name=\"twitter:label2\" content=\"Est. reading time\" \/>\n\t<meta name=\"twitter:data2\" content=\"1 minuta\" \/>\n<script type=\"application\/ld+json\" class=\"yoast-schema-graph\">{\"@context\":\"https:\/\/schema.org\",\"@graph\":[{\"@type\":\"Article\",\"@id\":\"https:\/\/sandzakpress.net\/arhiva\/erdogan-zbog-sankcija-ce-ispastati-libijci-a-ne-rezim\/#article\",\"isPartOf\":{\"@id\":\"https:\/\/sandzakpress.net\/arhiva\/erdogan-zbog-sankcija-ce-ispastati-libijci-a-ne-rezim\/\"},\"author\":{\"name\":\"\",\"@id\":\"\"},\"headline\":\"Erdogan: Zbog sankcija \u0107e ispa\u0161tati Libijci, a ne re\u017eim\",\"datePublished\":\"2011-02-28T11:39:24+00:00\",\"mainEntityOfPage\":{\"@id\":\"https:\/\/sandzakpress.net\/arhiva\/erdogan-zbog-sankcija-ce-ispastati-libijci-a-ne-rezim\/\"},\"wordCount\":162,\"commentCount\":0,\"publisher\":{\"@id\":\"https:\/\/sandzakpress.net\/arhiva\/#\/schema\/person\/6e72b67d6e51910a1117b3b483ba20bd\"},\"image\":{\"@id\":\"https:\/\/sandzakpress.net\/arhiva\/erdogan-zbog-sankcija-ce-ispastati-libijci-a-ne-rezim\/#primaryimage\"},\"thumbnailUrl\":\"https:\/\/sandzakpress.net\/arhiva\/wp-content\/uploads\/2011\/02\/erdogan-forum.png\",\"articleSection\":[\"Svijet\"],\"inLanguage\":\"bs-BA\",\"potentialAction\":[{\"@type\":\"CommentAction\",\"name\":\"Comment\",\"target\":[\"https:\/\/sandzakpress.net\/arhiva\/erdogan-zbog-sankcija-ce-ispastati-libijci-a-ne-rezim\/#respond\"]}]},{\"@type\":\"WebPage\",\"@id\":\"https:\/\/sandzakpress.net\/arhiva\/erdogan-zbog-sankcija-ce-ispastati-libijci-a-ne-rezim\/\",\"url\":\"https:\/\/sandzakpress.net\/arhiva\/erdogan-zbog-sankcija-ce-ispastati-libijci-a-ne-rezim\/\",\"name\":\"Erdogan: Zbog sankcija \u0107e ispa\u0161tati Libijci, a ne re\u017eim\",\"isPartOf\":{\"@id\":\"https:\/\/sandzakpress.net\/arhiva\/#website\"},\"primaryImageOfPage\":{\"@id\":\"https:\/\/sandzakpress.net\/arhiva\/erdogan-zbog-sankcija-ce-ispastati-libijci-a-ne-rezim\/#primaryimage\"},\"image\":{\"@id\":\"https:\/\/sandzakpress.net\/arhiva\/erdogan-zbog-sankcija-ce-ispastati-libijci-a-ne-rezim\/#primaryimage\"},\"thumbnailUrl\":\"https:\/\/sandzakpress.net\/arhiva\/wp-content\/uploads\/2011\/02\/erdogan-forum.png\",\"datePublished\":\"2011-02-28T11:39:24+00:00\",\"breadcrumb\":{\"@id\":\"https:\/\/sandzakpress.net\/arhiva\/erdogan-zbog-sankcija-ce-ispastati-libijci-a-ne-rezim\/#breadcrumb\"},\"inLanguage\":\"bs-BA\",\"potentialAction\":[{\"@type\":\"ReadAction\",\"target\":[\"https:\/\/sandzakpress.net\/arhiva\/erdogan-zbog-sankcija-ce-ispastati-libijci-a-ne-rezim\/\"]}]},{\"@type\":\"ImageObject\",\"inLanguage\":\"bs-BA\",\"@id\":\"https:\/\/sandzakpress.net\/arhiva\/erdogan-zbog-sankcija-ce-ispastati-libijci-a-ne-rezim\/#primaryimage\",\"url\":\"https:\/\/sandzakpress.net\/arhiva\/wp-content\/uploads\/2011\/02\/erdogan-forum.png\",\"contentUrl\":\"https:\/\/sandzakpress.net\/arhiva\/wp-content\/uploads\/2011\/02\/erdogan-forum.png\",\"width\":187,\"height\":231},{\"@type\":\"BreadcrumbList\",\"@id\":\"https:\/\/sandzakpress.net\/arhiva\/erdogan-zbog-sankcija-ce-ispastati-libijci-a-ne-rezim\/#breadcrumb\",\"itemListElement\":[{\"@type\":\"ListItem\",\"position\":1,\"name\":\"Home\",\"item\":\"https:\/\/sandzakpress.net\/arhiva\/\"},{\"@type\":\"ListItem\",\"position\":2,\"name\":\"Erdogan: Zbog sankcija \u0107e ispa\u0161tati Libijci, a ne re\u017eim\"}]},{\"@type\":\"WebSite\",\"@id\":\"https:\/\/sandzakpress.net\/arhiva\/#website\",\"url\":\"https:\/\/sandzakpress.net\/arhiva\/\",\"name\":\"Sand\u017eak PRESS\",\"description\":\"Prve elektronske novine u Sand\u017eaku\",\"publisher\":{\"@id\":\"https:\/\/sandzakpress.net\/arhiva\/#\/schema\/person\/6e72b67d6e51910a1117b3b483ba20bd\"},\"potentialAction\":[{\"@type\":\"SearchAction\",\"target\":{\"@type\":\"EntryPoint\",\"urlTemplate\":\"https:\/\/sandzakpress.net\/arhiva\/?s={search_term_string}\"},\"query-input\":{\"@type\":\"PropertyValueSpecification\",\"valueRequired\":true,\"valueName\":\"search_term_string\"}}],\"inLanguage\":\"bs-BA\"},{\"@type\":[\"Person\",\"Organization\"],\"@id\":\"https:\/\/sandzakpress.net\/arhiva\/#\/schema\/person\/6e72b67d6e51910a1117b3b483ba20bd\",\"name\":\"Kul\",\"image\":{\"@type\":\"ImageObject\",\"inLanguage\":\"bs-BA\",\"@id\":\"https:\/\/sandzakpress.net\/arhiva\/#\/schema\/person\/image\/\",\"url\":\"https:\/\/secure.gravatar.com\/avatar\/42263f39aa27ac04c43cab85c280eb2e?s=96&d=mm&r=pg\",\"contentUrl\":\"https:\/\/secure.gravatar.com\/avatar\/42263f39aa27ac04c43cab85c280eb2e?s=96&d=mm&r=pg\",\"caption\":\"Kul\"},\"logo\":{\"@id\":\"https:\/\/sandzakpress.net\/arhiva\/#\/schema\/person\/image\/\"}},{\"@type\":\"Person\",\"@id\":\"\",\"url\":\"https:\/\/sandzakpress.net\/arhiva\/author\/\"}]}<\/script>\n<!-- \/ Yoast SEO Premium plugin. -->","yoast_head_json":{"title":"Erdogan: Zbog sankcija \u0107e ispa\u0161tati Libijci, a ne re\u017eim","robots":{"index":"index","follow":"follow","max-snippet":"max-snippet:-1","max-image-preview":"max-image-preview:large","max-video-preview":"max-video-preview:-1"},"canonical":"https:\/\/sandzakpress.net\/arhiva\/erdogan-zbog-sankcija-ce-ispastati-libijci-a-ne-rezim\/","og_locale":"bs_BA","og_type":"article","og_title":"Erdogan: Zbog sankcija \u0107e ispa\u0161tati Libijci, a ne re\u017eim","og_description":"Turska, Libija &#8211; Erdogan je tako\u0111er ocijenio da me\u0111unarodna zajednica sankcijama vr\u0161i pritisak na Libiju ne zbog zabrinutosti za narod te zemlje, ve\u0107 zbog njenih rezervi nafte Premijer Turske Red\u017eep Tajip Erdogan usprotivio se danas eventualnom uvo\u0111enju novih sankcija Libiji od UN-a, upozoriv\u0161i da \u0107e zbog njih ispa\u0161tati libijski narod, a ne re\u017eim lidera Moamera [&hellip;]","og_url":"https:\/\/sandzakpress.net\/arhiva\/erdogan-zbog-sankcija-ce-ispastati-libijci-a-ne-rezim\/","og_site_name":"Sand\u017eak PRESS","article_published_time":"2011-02-28T11:39:24+00:00","og_image":[{"width":187,"height":231,"url":"https:\/\/sandzakpress.net\/arhiva\/wp-content\/uploads\/2011\/02\/erdogan-forum.png","type":"image\/png"}],"twitter_card":"summary_large_image","twitter_misc":{"Written by":"","Est. reading time":"1 minuta"},"schema":{"@context":"https:\/\/schema.org","@graph":[{"@type":"Article","@id":"https:\/\/sandzakpress.net\/arhiva\/erdogan-zbog-sankcija-ce-ispastati-libijci-a-ne-rezim\/#article","isPartOf":{"@id":"https:\/\/sandzakpress.net\/arhiva\/erdogan-zbog-sankcija-ce-ispastati-libijci-a-ne-rezim\/"},"author":{"name":"","@id":""},"headline":"Erdogan: Zbog sankcija \u0107e ispa\u0161tati Libijci, a ne re\u017eim","datePublished":"2011-02-28T11:39:24+00:00","mainEntityOfPage":{"@id":"https:\/\/sandzakpress.net\/arhiva\/erdogan-zbog-sankcija-ce-ispastati-libijci-a-ne-rezim\/"},"wordCount":162,"commentCount":0,"publisher":{"@id":"https:\/\/sandzakpress.net\/arhiva\/#\/schema\/person\/6e72b67d6e51910a1117b3b483ba20bd"},"image":{"@id":"https:\/\/sandzakpress.net\/arhiva\/erdogan-zbog-sankcija-ce-ispastati-libijci-a-ne-rezim\/#primaryimage"},"thumbnailUrl":"https:\/\/sandzakpress.net\/arhiva\/wp-content\/uploads\/2011\/02\/erdogan-forum.png","articleSection":["Svijet"],"inLanguage":"bs-BA","potentialAction":[{"@type":"CommentAction","name":"Comment","target":["https:\/\/sandzakpress.net\/arhiva\/erdogan-zbog-sankcija-ce-ispastati-libijci-a-ne-rezim\/#respond"]}]},{"@type":"WebPage","@id":"https:\/\/sandzakpress.net\/arhiva\/erdogan-zbog-sankcija-ce-ispastati-libijci-a-ne-rezim\/","url":"https:\/\/sandzakpress.net\/arhiva\/erdogan-zbog-sankcija-ce-ispastati-libijci-a-ne-rezim\/","name":"Erdogan: Zbog sankcija \u0107e ispa\u0161tati Libijci, a ne re\u017eim","isPartOf":{"@id":"https:\/\/sandzakpress.net\/arhiva\/#website"},"primaryImageOfPage":{"@id":"https:\/\/sandzakpress.net\/arhiva\/erdogan-zbog-sankcija-ce-ispastati-libijci-a-ne-rezim\/#primaryimage"},"image":{"@id":"https:\/\/sandzakpress.net\/arhiva\/erdogan-zbog-sankcija-ce-ispastati-libijci-a-ne-rezim\/#primaryimage"},"thumbnailUrl":"https:\/\/sandzakpress.net\/arhiva\/wp-content\/uploads\/2011\/02\/erdogan-forum.png","datePublished":"2011-02-28T11:39:24+00:00","breadcrumb":{"@id":"https:\/\/sandzakpress.net\/arhiva\/erdogan-zbog-sankcija-ce-ispastati-libijci-a-ne-rezim\/#breadcrumb"},"inLanguage":"bs-BA","potentialAction":[{"@type":"ReadAction","target":["https:\/\/sandzakpress.net\/arhiva\/erdogan-zbog-sankcija-ce-ispastati-libijci-a-ne-rezim\/"]}]},{"@type":"ImageObject","inLanguage":"bs-BA","@id":"https:\/\/sandzakpress.net\/arhiva\/erdogan-zbog-sankcija-ce-ispastati-libijci-a-ne-rezim\/#primaryimage","url":"https:\/\/sandzakpress.net\/arhiva\/wp-content\/uploads\/2011\/02\/erdogan-forum.png","contentUrl":"https:\/\/sandzakpress.net\/arhiva\/wp-content\/uploads\/2011\/02\/erdogan-forum.png","width":187,"height":231},{"@type":"BreadcrumbList","@id":"https:\/\/sandzakpress.net\/arhiva\/erdogan-zbog-sankcija-ce-ispastati-libijci-a-ne-rezim\/#breadcrumb","itemListElement":[{"@type":"ListItem","position":1,"name":"Home","item":"https:\/\/sandzakpress.net\/arhiva\/"},{"@type":"ListItem","position":2,"name":"Erdogan: Zbog sankcija \u0107e ispa\u0161tati Libijci, a ne re\u017eim"}]},{"@type":"WebSite","@id":"https:\/\/sandzakpress.net\/arhiva\/#website","url":"https:\/\/sandzakpress.net\/arhiva\/","name":"Sand\u017eak PRESS","description":"Prve elektronske novine u Sand\u017eaku","publisher":{"@id":"https:\/\/sandzakpress.net\/arhiva\/#\/schema\/person\/6e72b67d6e51910a1117b3b483ba20bd"},"potentialAction":[{"@type":"SearchAction","target":{"@type":"EntryPoint","urlTemplate":"https:\/\/sandzakpress.net\/arhiva\/?s={search_term_string}"},"query-input":{"@type":"PropertyValueSpecification","valueRequired":true,"valueName":"search_term_string"}}],"inLanguage":"bs-BA"},{"@type":["Person","Organization"],"@id":"https:\/\/sandzakpress.net\/arhiva\/#\/schema\/person\/6e72b67d6e51910a1117b3b483ba20bd","name":"Kul","image":{"@type":"ImageObject","inLanguage":"bs-BA","@id":"https:\/\/sandzakpress.net\/arhiva\/#\/schema\/person\/image\/","url":"https:\/\/secure.gravatar.com\/avatar\/42263f39aa27ac04c43cab85c280eb2e?s=96&d=mm&r=pg","contentUrl":"https:\/\/secure.gravatar.com\/avatar\/42263f39aa27ac04c43cab85c280eb2e?s=96&d=mm&r=pg","caption":"Kul"},"logo":{"@id":"https:\/\/sandzakpress.net\/arhiva\/#\/schema\/person\/image\/"}},{"@type":"Person","@id":"","url":"https:\/\/sandzakpress.net\/arhiva\/author\/"}]}},"_links":{"self":[{"href":"https:\/\/sandzakpress.net\/arhiva\/wp-json\/wp\/v2\/posts\/13264"}],"collection":[{"href":"https:\/\/sandzakpress.net\/arhiva\/wp-json\/wp\/v2\/posts"}],"about":[{"href":"https:\/\/sandzakpress.net\/arhiva\/wp-json\/wp\/v2\/types\/post"}],"author":[{"embeddable":true,"href":"https:\/\/sandzakpress.net\/arhiva\/wp-json\/wp\/v2\/users\/13"}],"replies":[{"embeddable":true,"href":"https:\/\/sandzakpress.net\/arhiva\/wp-json\/wp\/v2\/comments?post=13264"}],"version-history":[{"count":0,"href":"https:\/\/sandzakpress.net\/arhiva\/wp-json\/wp\/v2\/posts\/13264\/revisions"}],"wp:featuredmedia":[{"embeddable":true,"href":"https:\/\/sandzakpress.net\/arhiva\/wp-json\/wp\/v2\/media\/13265"}],"wp:attachment":[{"href":"https:\/\/sandzakpress.net\/arhiva\/wp-json\/wp\/v2\/media?parent=13264"}],"wp:term":[{"taxonomy":"category","embeddable":true,"href":"https:\/\/sandzakpress.net\/arhiva\/wp-json\/wp\/v2\/categories?post=13264"},{"taxonomy":"post_tag","embeddable":true,"href":"https:\/\/sandzakpress.net\/arhiva\/wp-json\/wp\/v2\/tags?post=13264"}],"curies":[{"name":"wp","href":"https:\/\/api.w.org\/{rel}","templated":true}]}}