{"id":132634,"date":"2015-08-05T23:32:45","date_gmt":"2015-08-05T21:32:45","guid":{"rendered":"https:\/\/sandzakpress.net\/arhiva\/seselj-zapalio-sahovnicu-pred-ambasadom-hrvatske"},"modified":"2015-08-05T23:32:45","modified_gmt":"2015-08-05T21:32:45","slug":"seselj-zapalio-sahovnicu-pred-ambasadom-hrvatske","status":"publish","type":"post","link":"https:\/\/sandzakpress.net\/arhiva\/seselj-zapalio-sahovnicu-pred-ambasadom-hrvatske\/","title":{"rendered":"\u0160e\u0161elj zapalio \u0161ahovnicu pred Ambasadom Hrvatske"},"content":{"rendered":"<p><strong>Srbija \u2013 Ispred Ambasade Hrvatske u Beogradu zavladao je haos: brojni policajci poku\u0161avali su da obuzdaju pristalice Srpske radikalne stranke i njenog lidera Vojislava \u0160e\u0161elja. \u0160e\u0161elj je pred okupljenima zapalio i hrvatsku zastavu.<\/strong><\/p>\n<p><img loading=\"lazy\" decoding=\"async\" class=\"\" src=\"http:\/\/www.blic.rs\/data\/images\/2015-08-05\/649730_seselj-pali-zastavu-foto-l-gedosevic_f.jpg?ver=1438788549\" alt=\"\" width=\"595\" height=\"342\" \/><\/p>\n<p>Kako je javio na\u0161 reporter sa lica mjesta, policija nije dozvoljavala \u0160e\u0161elju da dr\u017ei govor sa strane ulice gdje je zgrada hrvatske ambasade.<\/p>\n<p>Zaustavljen je saobra\u0107aj u Ulici Kneza Milo\u0161a i kordon policije nije dozvolio da pristalice radikala pri\u0111u ambasadi. Oni su se zato okupili na trotoaru preko puta ambasade.<\/p>\n<p>\u0160e\u0161elj je zapalio hrvatsku zastavu pred okupljenima.<\/p>\n<p>Lider SRS prethodno je pregovarao sa policijom da mu dozvole da odr\u017ei govor ispred ambasade zato \u0161to je, kako je rekao, ranije prijavio ovaj skup.<\/p>\n<p>Masa je uzvikivala uvredljive poruke uperene protiv premijera Aleksandra Vu\u010di\u0107a i nosi obele\u017eja SRS i fotografije Vojislava \u0160e\u0161elja.<\/p>\n<p><img loading=\"lazy\" decoding=\"async\" class=\"\" src=\"http:\/\/www.blic.rs\/data\/images\/2015-08-05\/649706_image2ea01f034755e96c5d693e59bb8ba8e6ce9a1f222d09b4e534c5dbc1a21fd86ev_ff.jpg?ver=1438787322\" alt=\"\" width=\"590\" height=\"443\" \/><\/p>\n<p>Sa razglasa se \u010dula pesma \u201cSprem'te se, sprem'te, \u010detnici\u201d, viorile su se zastave, a okupljeni su uglas pjevali.<\/p>\n<p>U dru\u0161tvu lidera SRS su i Nata\u0161a Jovanovi\u0107 i Vjerica Radeta, perjanice SRS.<\/p>\n<p>\u2013 Bra\u0107o Srbi i sestre Srpkinje, 20 godina u Beogradu postoji ambasada Hrvatske usta\u0161ke dr\u017eave. La\u017ene dr\u017eave jer vi\u0161e od 900 godina nisu bili u stanju da stvore pravu dr\u017eavu \u2013 ovim rije\u010dima se obratio \u0160e\u0161elj okupljenim pristalicama.<\/p>\n<p>Policija pod punom opremom i \u0161lemovima poku\u0161avala je da smiri situaciju.<\/p>\n<p>\u2013 Hrvatska je u 20. veku dva puta, uz pomo\u0107 zapada, poku\u0161avala da napravi tu la\u017enu dr\u017eavu koja je po\u010dinila genocid nad srpskim narodom. Bo\u017ee zdravlja, uskoro \u0107emo osvojiti vlast i mi \u0107emo odlu\u010divati kuda \u0107e i\u0107i Srbija. Ne\u0107emo priznati hrvatsku usta\u0161ku dr\u017eavu dok traje okupacija Srpske Krajine i Srbije \u2013 rekao je \u0160e\u0161elj okupljenima.<\/p>\n<p>A onda je prozvao i predsjednika i premijera Srbije.<\/p>\n<p><img loading=\"lazy\" decoding=\"async\" class=\"\" src=\"http:\/\/www.blic.rs\/data\/images\/2015-08-05\/649727_protest-radikali-foto-petar-dimitrijevic-4_f.jpg?ver=1438789738\" alt=\"\" width=\"594\" height=\"341\" \/><\/p>\n<p>\u2013 Na\u0161i vlastodr\u0161ci Tomislav Nikoli\u0107 i Aleksandar Vu\u010di\u0107 nemaju prava da pra\u0161taju Hrvatima bilo \u0161ta u ime srpskog naroda. To pravo imaju samo oni koji su \u017ertve. Va\u017eno je da nikada ne zaboravimo \u0161ta je bilo u Srpskoj Krajini. Jednog dana ne\u0107e biti NATO-a, ne\u0107e biti ni EU. Raspa\u0161\u0107e se uskoro, \u0161to \u0107emo strpljivo do\u010dekati, da vratimo ono sto je na\u0161e \u2013 naveo je \u0160e\u0161elj.<\/p>\n<p>\u0160e\u0161elj i njegove pristalice razi\u0161li su se iz Ulice kneza Milo\u0161a.<\/p>\n<p>(blic)<\/p>\n<p>Pogledajte vijest na izvornom sajtu:<\/p>\n<p><a href=\"http:\/\/bosnapress.net\/seselj-zapalio-sahovnicu-pred-ambasadom-hrvatske\/\" target=\"_blank\">\u0160e\u0161elj zapalio \u0161ahovnicu pred Ambasadom Hrvatske<\/a><\/p>\n","protected":false},"excerpt":{"rendered":"<p>Srbija \u2013 Ispred Ambasade Hrvatske u Beogradu zavladao je haos: brojni policajci poku\u0161avali su da obuzdaju pristalice Srpske radikalne stranke i njenog lidera Vojislava \u0160e\u0161elja. \u0160e\u0161elj je pred okupljenima zapalio i hrvatsku zastavu. Kako je javio na\u0161 reporter sa lica mjesta, policija nije dozvoljavala \u0160e\u0161elju da dr\u017ei govor sa strane ulice gdje je zgrada hrvatske [&hellip;]<\/p>\n","protected":false},"author":83,"featured_media":132635,"comment_status":"open","ping_status":"open","sticky":false,"template":"","format":"standard","meta":{"footnotes":""},"categories":[10513],"tags":[10466],"class_list":{"0":"post-132634","1":"post","2":"type-post","3":"status-publish","4":"format-standard","5":"has-post-thumbnail","7":"category-bosna-press","8":"tag-bosna-i-hercegovina"},"yoast_head":"<!-- This site is optimized with the Yoast SEO Premium plugin v23.1 (Yoast SEO v24.9) - https:\/\/yoast.com\/wordpress\/plugins\/seo\/ -->\n<title>\u0160e\u0161elj zapalio \u0161ahovnicu pred Ambasadom Hrvatske<\/title>\n<meta name=\"robots\" content=\"index, follow, max-snippet:-1, max-image-preview:large, max-video-preview:-1\" \/>\n<link rel=\"canonical\" href=\"https:\/\/sandzakpress.net\/arhiva\/seselj-zapalio-sahovnicu-pred-ambasadom-hrvatske\/\" \/>\n<meta property=\"og:locale\" content=\"bs_BA\" \/>\n<meta property=\"og:type\" content=\"article\" \/>\n<meta property=\"og:title\" content=\"\u0160e\u0161elj zapalio \u0161ahovnicu pred Ambasadom Hrvatske\" \/>\n<meta property=\"og:description\" content=\"Srbija \u2013 Ispred Ambasade Hrvatske u Beogradu zavladao je haos: brojni policajci poku\u0161avali su da obuzdaju pristalice Srpske radikalne stranke i njenog lidera Vojislava \u0160e\u0161elja. \u0160e\u0161elj je pred okupljenima zapalio i hrvatsku zastavu. Kako je javio na\u0161 reporter sa lica mjesta, policija nije dozvoljavala \u0160e\u0161elju da dr\u017ei govor sa strane ulice gdje je zgrada hrvatske [&hellip;]\" \/>\n<meta property=\"og:url\" content=\"https:\/\/sandzakpress.net\/arhiva\/seselj-zapalio-sahovnicu-pred-ambasadom-hrvatske\/\" \/>\n<meta property=\"og:site_name\" content=\"Sand\u017eak PRESS\" \/>\n<meta property=\"article:published_time\" content=\"2015-08-05T21:32:45+00:00\" \/>\n<meta property=\"og:image\" content=\"https:\/\/sandzakpress.net\/arhiva\/wp-content\/uploads\/2015\/08\/649730_seselj-pali-zastavu-foto-l-gedosevic_f.jpg\" \/>\n\t<meta property=\"og:image:width\" content=\"470\" \/>\n\t<meta property=\"og:image:height\" content=\"270\" \/>\n\t<meta property=\"og:image:type\" content=\"image\/jpeg\" \/>\n<meta name=\"author\" content=\"bosniak\" \/>\n<meta name=\"twitter:card\" content=\"summary_large_image\" \/>\n<meta name=\"twitter:label1\" content=\"Written by\" \/>\n\t<meta name=\"twitter:data1\" content=\"bosniak\" \/>\n\t<meta name=\"twitter:label2\" content=\"Est. reading time\" \/>\n\t<meta name=\"twitter:data2\" content=\"2 minute\" \/>\n<script type=\"application\/ld+json\" class=\"yoast-schema-graph\">{\"@context\":\"https:\/\/schema.org\",\"@graph\":[{\"@type\":\"Article\",\"@id\":\"https:\/\/sandzakpress.net\/arhiva\/seselj-zapalio-sahovnicu-pred-ambasadom-hrvatske\/#article\",\"isPartOf\":{\"@id\":\"https:\/\/sandzakpress.net\/arhiva\/seselj-zapalio-sahovnicu-pred-ambasadom-hrvatske\/\"},\"author\":{\"name\":\"bosniak\",\"@id\":\"https:\/\/sandzakpress.net\/arhiva\/#\/schema\/person\/c8baee722073534b583ea7bdb2e36c02\"},\"headline\":\"\u0160e\u0161elj zapalio \u0161ahovnicu pred Ambasadom Hrvatske\",\"datePublished\":\"2015-08-05T21:32:45+00:00\",\"mainEntityOfPage\":{\"@id\":\"https:\/\/sandzakpress.net\/arhiva\/seselj-zapalio-sahovnicu-pred-ambasadom-hrvatske\/\"},\"wordCount\":416,\"commentCount\":1,\"publisher\":{\"@id\":\"https:\/\/sandzakpress.net\/arhiva\/#\/schema\/person\/6e72b67d6e51910a1117b3b483ba20bd\"},\"image\":{\"@id\":\"https:\/\/sandzakpress.net\/arhiva\/seselj-zapalio-sahovnicu-pred-ambasadom-hrvatske\/#primaryimage\"},\"thumbnailUrl\":\"https:\/\/sandzakpress.net\/arhiva\/wp-content\/uploads\/2015\/08\/649730_seselj-pali-zastavu-foto-l-gedosevic_f.jpg\",\"keywords\":[\"Bosna i Hercegovina\"],\"articleSection\":[\"Bosna PRESS\"],\"inLanguage\":\"bs-BA\",\"potentialAction\":[{\"@type\":\"CommentAction\",\"name\":\"Comment\",\"target\":[\"https:\/\/sandzakpress.net\/arhiva\/seselj-zapalio-sahovnicu-pred-ambasadom-hrvatske\/#respond\"]}]},{\"@type\":\"WebPage\",\"@id\":\"https:\/\/sandzakpress.net\/arhiva\/seselj-zapalio-sahovnicu-pred-ambasadom-hrvatske\/\",\"url\":\"https:\/\/sandzakpress.net\/arhiva\/seselj-zapalio-sahovnicu-pred-ambasadom-hrvatske\/\",\"name\":\"\u0160e\u0161elj zapalio \u0161ahovnicu pred Ambasadom Hrvatske\",\"isPartOf\":{\"@id\":\"https:\/\/sandzakpress.net\/arhiva\/#website\"},\"primaryImageOfPage\":{\"@id\":\"https:\/\/sandzakpress.net\/arhiva\/seselj-zapalio-sahovnicu-pred-ambasadom-hrvatske\/#primaryimage\"},\"image\":{\"@id\":\"https:\/\/sandzakpress.net\/arhiva\/seselj-zapalio-sahovnicu-pred-ambasadom-hrvatske\/#primaryimage\"},\"thumbnailUrl\":\"https:\/\/sandzakpress.net\/arhiva\/wp-content\/uploads\/2015\/08\/649730_seselj-pali-zastavu-foto-l-gedosevic_f.jpg\",\"datePublished\":\"2015-08-05T21:32:45+00:00\",\"breadcrumb\":{\"@id\":\"https:\/\/sandzakpress.net\/arhiva\/seselj-zapalio-sahovnicu-pred-ambasadom-hrvatske\/#breadcrumb\"},\"inLanguage\":\"bs-BA\",\"potentialAction\":[{\"@type\":\"ReadAction\",\"target\":[\"https:\/\/sandzakpress.net\/arhiva\/seselj-zapalio-sahovnicu-pred-ambasadom-hrvatske\/\"]}]},{\"@type\":\"ImageObject\",\"inLanguage\":\"bs-BA\",\"@id\":\"https:\/\/sandzakpress.net\/arhiva\/seselj-zapalio-sahovnicu-pred-ambasadom-hrvatske\/#primaryimage\",\"url\":\"https:\/\/sandzakpress.net\/arhiva\/wp-content\/uploads\/2015\/08\/649730_seselj-pali-zastavu-foto-l-gedosevic_f.jpg\",\"contentUrl\":\"https:\/\/sandzakpress.net\/arhiva\/wp-content\/uploads\/2015\/08\/649730_seselj-pali-zastavu-foto-l-gedosevic_f.jpg\",\"width\":470,\"height\":270},{\"@type\":\"BreadcrumbList\",\"@id\":\"https:\/\/sandzakpress.net\/arhiva\/seselj-zapalio-sahovnicu-pred-ambasadom-hrvatske\/#breadcrumb\",\"itemListElement\":[{\"@type\":\"ListItem\",\"position\":1,\"name\":\"Home\",\"item\":\"https:\/\/sandzakpress.net\/arhiva\/\"},{\"@type\":\"ListItem\",\"position\":2,\"name\":\"\u0160e\u0161elj zapalio \u0161ahovnicu pred Ambasadom Hrvatske\"}]},{\"@type\":\"WebSite\",\"@id\":\"https:\/\/sandzakpress.net\/arhiva\/#website\",\"url\":\"https:\/\/sandzakpress.net\/arhiva\/\",\"name\":\"Sand\u017eak PRESS\",\"description\":\"Prve elektronske novine u Sand\u017eaku\",\"publisher\":{\"@id\":\"https:\/\/sandzakpress.net\/arhiva\/#\/schema\/person\/6e72b67d6e51910a1117b3b483ba20bd\"},\"potentialAction\":[{\"@type\":\"SearchAction\",\"target\":{\"@type\":\"EntryPoint\",\"urlTemplate\":\"https:\/\/sandzakpress.net\/arhiva\/?s={search_term_string}\"},\"query-input\":{\"@type\":\"PropertyValueSpecification\",\"valueRequired\":true,\"valueName\":\"search_term_string\"}}],\"inLanguage\":\"bs-BA\"},{\"@type\":[\"Person\",\"Organization\"],\"@id\":\"https:\/\/sandzakpress.net\/arhiva\/#\/schema\/person\/6e72b67d6e51910a1117b3b483ba20bd\",\"name\":\"Kul\",\"image\":{\"@type\":\"ImageObject\",\"inLanguage\":\"bs-BA\",\"@id\":\"https:\/\/sandzakpress.net\/arhiva\/#\/schema\/person\/image\/\",\"url\":\"https:\/\/secure.gravatar.com\/avatar\/42263f39aa27ac04c43cab85c280eb2e?s=96&d=mm&r=pg\",\"contentUrl\":\"https:\/\/secure.gravatar.com\/avatar\/42263f39aa27ac04c43cab85c280eb2e?s=96&d=mm&r=pg\",\"caption\":\"Kul\"},\"logo\":{\"@id\":\"https:\/\/sandzakpress.net\/arhiva\/#\/schema\/person\/image\/\"}},{\"@type\":\"Person\",\"@id\":\"https:\/\/sandzakpress.net\/arhiva\/#\/schema\/person\/c8baee722073534b583ea7bdb2e36c02\",\"name\":\"bosniak\",\"image\":{\"@type\":\"ImageObject\",\"inLanguage\":\"bs-BA\",\"@id\":\"https:\/\/sandzakpress.net\/arhiva\/#\/schema\/person\/image\/\",\"url\":\"https:\/\/secure.gravatar.com\/avatar\/a04fd330bfe3a36a72a0ad4a6d89fca7?s=96&d=mm&r=pg\",\"contentUrl\":\"https:\/\/secure.gravatar.com\/avatar\/a04fd330bfe3a36a72a0ad4a6d89fca7?s=96&d=mm&r=pg\",\"caption\":\"bosniak\"},\"url\":\"https:\/\/sandzakpress.net\/arhiva\/author\/bosniak\/\"}]}<\/script>\n<!-- \/ Yoast SEO Premium plugin. -->","yoast_head_json":{"title":"\u0160e\u0161elj zapalio \u0161ahovnicu pred Ambasadom Hrvatske","robots":{"index":"index","follow":"follow","max-snippet":"max-snippet:-1","max-image-preview":"max-image-preview:large","max-video-preview":"max-video-preview:-1"},"canonical":"https:\/\/sandzakpress.net\/arhiva\/seselj-zapalio-sahovnicu-pred-ambasadom-hrvatske\/","og_locale":"bs_BA","og_type":"article","og_title":"\u0160e\u0161elj zapalio \u0161ahovnicu pred Ambasadom Hrvatske","og_description":"Srbija \u2013 Ispred Ambasade Hrvatske u Beogradu zavladao je haos: brojni policajci poku\u0161avali su da obuzdaju pristalice Srpske radikalne stranke i njenog lidera Vojislava \u0160e\u0161elja. \u0160e\u0161elj je pred okupljenima zapalio i hrvatsku zastavu. Kako je javio na\u0161 reporter sa lica mjesta, policija nije dozvoljavala \u0160e\u0161elju da dr\u017ei govor sa strane ulice gdje je zgrada hrvatske [&hellip;]","og_url":"https:\/\/sandzakpress.net\/arhiva\/seselj-zapalio-sahovnicu-pred-ambasadom-hrvatske\/","og_site_name":"Sand\u017eak PRESS","article_published_time":"2015-08-05T21:32:45+00:00","og_image":[{"width":470,"height":270,"url":"https:\/\/sandzakpress.net\/arhiva\/wp-content\/uploads\/2015\/08\/649730_seselj-pali-zastavu-foto-l-gedosevic_f.jpg","type":"image\/jpeg"}],"author":"bosniak","twitter_card":"summary_large_image","twitter_misc":{"Written by":"bosniak","Est. reading time":"2 minute"},"schema":{"@context":"https:\/\/schema.org","@graph":[{"@type":"Article","@id":"https:\/\/sandzakpress.net\/arhiva\/seselj-zapalio-sahovnicu-pred-ambasadom-hrvatske\/#article","isPartOf":{"@id":"https:\/\/sandzakpress.net\/arhiva\/seselj-zapalio-sahovnicu-pred-ambasadom-hrvatske\/"},"author":{"name":"bosniak","@id":"https:\/\/sandzakpress.net\/arhiva\/#\/schema\/person\/c8baee722073534b583ea7bdb2e36c02"},"headline":"\u0160e\u0161elj zapalio \u0161ahovnicu pred Ambasadom Hrvatske","datePublished":"2015-08-05T21:32:45+00:00","mainEntityOfPage":{"@id":"https:\/\/sandzakpress.net\/arhiva\/seselj-zapalio-sahovnicu-pred-ambasadom-hrvatske\/"},"wordCount":416,"commentCount":1,"publisher":{"@id":"https:\/\/sandzakpress.net\/arhiva\/#\/schema\/person\/6e72b67d6e51910a1117b3b483ba20bd"},"image":{"@id":"https:\/\/sandzakpress.net\/arhiva\/seselj-zapalio-sahovnicu-pred-ambasadom-hrvatske\/#primaryimage"},"thumbnailUrl":"https:\/\/sandzakpress.net\/arhiva\/wp-content\/uploads\/2015\/08\/649730_seselj-pali-zastavu-foto-l-gedosevic_f.jpg","keywords":["Bosna i Hercegovina"],"articleSection":["Bosna PRESS"],"inLanguage":"bs-BA","potentialAction":[{"@type":"CommentAction","name":"Comment","target":["https:\/\/sandzakpress.net\/arhiva\/seselj-zapalio-sahovnicu-pred-ambasadom-hrvatske\/#respond"]}]},{"@type":"WebPage","@id":"https:\/\/sandzakpress.net\/arhiva\/seselj-zapalio-sahovnicu-pred-ambasadom-hrvatske\/","url":"https:\/\/sandzakpress.net\/arhiva\/seselj-zapalio-sahovnicu-pred-ambasadom-hrvatske\/","name":"\u0160e\u0161elj zapalio \u0161ahovnicu pred Ambasadom Hrvatske","isPartOf":{"@id":"https:\/\/sandzakpress.net\/arhiva\/#website"},"primaryImageOfPage":{"@id":"https:\/\/sandzakpress.net\/arhiva\/seselj-zapalio-sahovnicu-pred-ambasadom-hrvatske\/#primaryimage"},"image":{"@id":"https:\/\/sandzakpress.net\/arhiva\/seselj-zapalio-sahovnicu-pred-ambasadom-hrvatske\/#primaryimage"},"thumbnailUrl":"https:\/\/sandzakpress.net\/arhiva\/wp-content\/uploads\/2015\/08\/649730_seselj-pali-zastavu-foto-l-gedosevic_f.jpg","datePublished":"2015-08-05T21:32:45+00:00","breadcrumb":{"@id":"https:\/\/sandzakpress.net\/arhiva\/seselj-zapalio-sahovnicu-pred-ambasadom-hrvatske\/#breadcrumb"},"inLanguage":"bs-BA","potentialAction":[{"@type":"ReadAction","target":["https:\/\/sandzakpress.net\/arhiva\/seselj-zapalio-sahovnicu-pred-ambasadom-hrvatske\/"]}]},{"@type":"ImageObject","inLanguage":"bs-BA","@id":"https:\/\/sandzakpress.net\/arhiva\/seselj-zapalio-sahovnicu-pred-ambasadom-hrvatske\/#primaryimage","url":"https:\/\/sandzakpress.net\/arhiva\/wp-content\/uploads\/2015\/08\/649730_seselj-pali-zastavu-foto-l-gedosevic_f.jpg","contentUrl":"https:\/\/sandzakpress.net\/arhiva\/wp-content\/uploads\/2015\/08\/649730_seselj-pali-zastavu-foto-l-gedosevic_f.jpg","width":470,"height":270},{"@type":"BreadcrumbList","@id":"https:\/\/sandzakpress.net\/arhiva\/seselj-zapalio-sahovnicu-pred-ambasadom-hrvatske\/#breadcrumb","itemListElement":[{"@type":"ListItem","position":1,"name":"Home","item":"https:\/\/sandzakpress.net\/arhiva\/"},{"@type":"ListItem","position":2,"name":"\u0160e\u0161elj zapalio \u0161ahovnicu pred Ambasadom Hrvatske"}]},{"@type":"WebSite","@id":"https:\/\/sandzakpress.net\/arhiva\/#website","url":"https:\/\/sandzakpress.net\/arhiva\/","name":"Sand\u017eak PRESS","description":"Prve elektronske novine u Sand\u017eaku","publisher":{"@id":"https:\/\/sandzakpress.net\/arhiva\/#\/schema\/person\/6e72b67d6e51910a1117b3b483ba20bd"},"potentialAction":[{"@type":"SearchAction","target":{"@type":"EntryPoint","urlTemplate":"https:\/\/sandzakpress.net\/arhiva\/?s={search_term_string}"},"query-input":{"@type":"PropertyValueSpecification","valueRequired":true,"valueName":"search_term_string"}}],"inLanguage":"bs-BA"},{"@type":["Person","Organization"],"@id":"https:\/\/sandzakpress.net\/arhiva\/#\/schema\/person\/6e72b67d6e51910a1117b3b483ba20bd","name":"Kul","image":{"@type":"ImageObject","inLanguage":"bs-BA","@id":"https:\/\/sandzakpress.net\/arhiva\/#\/schema\/person\/image\/","url":"https:\/\/secure.gravatar.com\/avatar\/42263f39aa27ac04c43cab85c280eb2e?s=96&d=mm&r=pg","contentUrl":"https:\/\/secure.gravatar.com\/avatar\/42263f39aa27ac04c43cab85c280eb2e?s=96&d=mm&r=pg","caption":"Kul"},"logo":{"@id":"https:\/\/sandzakpress.net\/arhiva\/#\/schema\/person\/image\/"}},{"@type":"Person","@id":"https:\/\/sandzakpress.net\/arhiva\/#\/schema\/person\/c8baee722073534b583ea7bdb2e36c02","name":"bosniak","image":{"@type":"ImageObject","inLanguage":"bs-BA","@id":"https:\/\/sandzakpress.net\/arhiva\/#\/schema\/person\/image\/","url":"https:\/\/secure.gravatar.com\/avatar\/a04fd330bfe3a36a72a0ad4a6d89fca7?s=96&d=mm&r=pg","contentUrl":"https:\/\/secure.gravatar.com\/avatar\/a04fd330bfe3a36a72a0ad4a6d89fca7?s=96&d=mm&r=pg","caption":"bosniak"},"url":"https:\/\/sandzakpress.net\/arhiva\/author\/bosniak\/"}]}},"_links":{"self":[{"href":"https:\/\/sandzakpress.net\/arhiva\/wp-json\/wp\/v2\/posts\/132634"}],"collection":[{"href":"https:\/\/sandzakpress.net\/arhiva\/wp-json\/wp\/v2\/posts"}],"about":[{"href":"https:\/\/sandzakpress.net\/arhiva\/wp-json\/wp\/v2\/types\/post"}],"author":[{"embeddable":true,"href":"https:\/\/sandzakpress.net\/arhiva\/wp-json\/wp\/v2\/users\/83"}],"replies":[{"embeddable":true,"href":"https:\/\/sandzakpress.net\/arhiva\/wp-json\/wp\/v2\/comments?post=132634"}],"version-history":[{"count":0,"href":"https:\/\/sandzakpress.net\/arhiva\/wp-json\/wp\/v2\/posts\/132634\/revisions"}],"wp:featuredmedia":[{"embeddable":true,"href":"https:\/\/sandzakpress.net\/arhiva\/wp-json\/wp\/v2\/media\/132635"}],"wp:attachment":[{"href":"https:\/\/sandzakpress.net\/arhiva\/wp-json\/wp\/v2\/media?parent=132634"}],"wp:term":[{"taxonomy":"category","embeddable":true,"href":"https:\/\/sandzakpress.net\/arhiva\/wp-json\/wp\/v2\/categories?post=132634"},{"taxonomy":"post_tag","embeddable":true,"href":"https:\/\/sandzakpress.net\/arhiva\/wp-json\/wp\/v2\/tags?post=132634"}],"curies":[{"name":"wp","href":"https:\/\/api.w.org\/{rel}","templated":true}]}}