{"id":132614,"date":"2015-08-05T18:16:32","date_gmt":"2015-08-05T16:16:32","guid":{"rendered":"https:\/\/sandzakpress.net\/arhiva\/sampionski-docek-za-amela-tuku-u-zenici-u-suzama-odrzao-govor"},"modified":"2015-08-05T18:16:32","modified_gmt":"2015-08-05T16:16:32","slug":"sampionski-docek-za-amela-tuku-u-zenici-u-suzama-odrzao-govor","status":"publish","type":"post","link":"https:\/\/sandzakpress.net\/arhiva\/sampionski-docek-za-amela-tuku-u-zenici-u-suzama-odrzao-govor\/","title":{"rendered":"\u0160ampionski do\u010dek za Amela Tuku u Zenici: U suzama odr\u017eao govor"},"content":{"rendered":"<p><img decoding=\"async\" src=\"http:\/\/static.klix.ba\/media\/images\/vijesti\/150805077.4_xl.jpg\" alt=\"\" \/><\/p>\n<p><strong>Zenica \u2013 Najuspje\u0161nijeg bosanskohercegovackog atleti\u010dara na 800 metara Amela Tuku na Trgu Alije Izetbegovi\u0107a do\u010dekalo je vi\u0161e stotina Zeni\u010dana koji su mu \u010destitali na ostvarenim rezultatima.<\/strong><\/p>\n<p>Najbolji atleti\u010dar svijeta u 2015. godini na 800 metara danas je oko 12:30 sati stigao na Me\u0111unarodni aerodrom u Sarajevu odakle se zaputio prema Zenici kako bi proslavio rezultat sa Dijamantske lige gdje je osvojio prvo mjesto ostaviv\u0161i iza sebe najuglednije srednjopruga\u0161e.<\/p>\n<p>Tuka je na Trgu Alije Izetbegovi\u0107a u Zenici kazao kako mu je lak\u0161e tr\u010dati nego govoriti.<\/p>\n<p>\u201cBoga mi je te\u0161ko pri\u010dati zbog treme. Ja to bolje pokazujem na svom terenu nego ovdje. Prijatno ste me iznenadili i odu\u0161evljen sam. Ovaj osje\u0107aj koji imam ne mogu vam ni opisati, hvala vam na podr\u0161ci od po\u010detka, ja sam ponosan na sve vas. Ponosan sam \u0161to sam va\u0161 sugra\u0111anin i \u0161to ste izdvojili vrijeme da budete ovdje. Mislim da dr\u017eava i Zenica zaslu\u017euju jo\u0161 dobrih rezultata od mene\u201d, kazao je Tuka.<\/p>\n<p>Najbolji bh. atleti\u010dar prokomentarisao je i svoj budu\u0107i nastup u Pekingu.<\/p>\n<p>\u201cPrvo ja bih bio najsretniji kada bih osvojio tu medalju, ne\u0107e biti lako, ali znam svoje srce i inat bosanski. To je razlika izme\u0111u nas i drugih, nemaju ono \u0161to mi imamo i ovo \u0161to ja gledam ispred sebe\u201d, dodao je Tuka.<\/p>\n<p>Na\u010delnik Zenice Husejin Smajlovi\u0107 sa\u010dekao je Tuku na Trgu Alije Izetbegovi\u0107a u Zenici, a u govoru je istakao kako od njega o\u010dekuje zlato iz Kine.<\/p>\n<p>\u201cDobrodo\u0161ao u Zenicu \u0161ampione. Ostvario si ono \u0161to niko nije, ne samo u BiH ve\u0107 u regionu. \u017delim ti svaki uspjeh u \u017eivotu, da ostvari\u0161 dobre rezultate i donese\u0161 zlato iz Kine\u201d, izjavio je Smajlovi\u0107.<\/p>\n<p>Nakon govora, Amel se fotografisao sa okupljenim Zeni\u010danima te im se zahvalio \u0161to su izdvojili svoje vrijeme da ga \u0161ampionski do\u010dekaju.<\/p>\n<p>Do\u010dek za bh. dijamanta u atletici bit \u0107e organizovan i u njegovom rodnom gradu Kaknju ve\u010deras od 21:30 sati.<\/p>\n<p>(Klix)<\/p>\n<p>Pogledajte vijest na izvornom sajtu:<\/p>\n<p><a href=\"http:\/\/bosnapress.net\/sampionski-docek-za-amela-tuku-u-zenici-u-suzama-odrzao-govor\/\" target=\"_blank\">\u0160ampionski do\u010dek za Amela Tuku u Zenici: U suzama odr\u017eao govor<\/a><\/p>\n","protected":false},"excerpt":{"rendered":"<p>Zenica \u2013 Najuspje\u0161nijeg bosanskohercegovackog atleti\u010dara na 800 metara Amela Tuku na Trgu Alije Izetbegovi\u0107a do\u010dekalo je vi\u0161e stotina Zeni\u010dana koji su mu \u010destitali na ostvarenim rezultatima. Najbolji atleti\u010dar svijeta u 2015. godini na 800 metara danas je oko 12:30 sati stigao na Me\u0111unarodni aerodrom u Sarajevu odakle se zaputio prema Zenici kako bi proslavio rezultat [&hellip;]<\/p>\n","protected":false},"author":83,"featured_media":132616,"comment_status":"open","ping_status":"open","sticky":false,"template":"","format":"standard","meta":{"footnotes":""},"categories":[10513],"tags":[10466],"class_list":{"0":"post-132614","1":"post","2":"type-post","3":"status-publish","4":"format-standard","5":"has-post-thumbnail","7":"category-bosna-press","8":"tag-bosna-i-hercegovina"},"yoast_head":"<!-- This site is optimized with the Yoast SEO Premium plugin v23.1 (Yoast SEO v24.9) - https:\/\/yoast.com\/wordpress\/plugins\/seo\/ -->\n<title>\u0160ampionski do\u010dek za Amela Tuku u Zenici: U suzama odr\u017eao govor<\/title>\n<meta name=\"robots\" content=\"index, follow, max-snippet:-1, max-image-preview:large, max-video-preview:-1\" \/>\n<link rel=\"canonical\" href=\"https:\/\/sandzakpress.net\/arhiva\/sampionski-docek-za-amela-tuku-u-zenici-u-suzama-odrzao-govor\/\" \/>\n<meta property=\"og:locale\" content=\"bs_BA\" \/>\n<meta property=\"og:type\" content=\"article\" \/>\n<meta property=\"og:title\" content=\"\u0160ampionski do\u010dek za Amela Tuku u Zenici: U suzama odr\u017eao govor\" \/>\n<meta property=\"og:description\" content=\"Zenica \u2013 Najuspje\u0161nijeg bosanskohercegovackog atleti\u010dara na 800 metara Amela Tuku na Trgu Alije Izetbegovi\u0107a do\u010dekalo je vi\u0161e stotina Zeni\u010dana koji su mu \u010destitali na ostvarenim rezultatima. Najbolji atleti\u010dar svijeta u 2015. godini na 800 metara danas je oko 12:30 sati stigao na Me\u0111unarodni aerodrom u Sarajevu odakle se zaputio prema Zenici kako bi proslavio rezultat [&hellip;]\" \/>\n<meta property=\"og:url\" content=\"https:\/\/sandzakpress.net\/arhiva\/sampionski-docek-za-amela-tuku-u-zenici-u-suzama-odrzao-govor\/\" \/>\n<meta property=\"og:site_name\" content=\"Sand\u017eak PRESS\" \/>\n<meta property=\"article:published_time\" content=\"2015-08-05T16:16:32+00:00\" \/>\n<meta property=\"og:image\" content=\"https:\/\/sandzakpress.net\/arhiva\/wp-content\/uploads\/2015\/08\/150805077.4_xl1.jpg\" \/>\n\t<meta property=\"og:image:width\" content=\"938\" \/>\n\t<meta property=\"og:image:height\" content=\"625\" \/>\n\t<meta property=\"og:image:type\" content=\"image\/jpeg\" \/>\n<meta name=\"author\" content=\"bosniak\" \/>\n<meta name=\"twitter:card\" content=\"summary_large_image\" \/>\n<meta name=\"twitter:label1\" content=\"Written by\" \/>\n\t<meta name=\"twitter:data1\" content=\"bosniak\" \/>\n\t<meta name=\"twitter:label2\" content=\"Est. reading time\" \/>\n\t<meta name=\"twitter:data2\" content=\"2 minute\" \/>\n<script type=\"application\/ld+json\" class=\"yoast-schema-graph\">{\"@context\":\"https:\/\/schema.org\",\"@graph\":[{\"@type\":\"Article\",\"@id\":\"https:\/\/sandzakpress.net\/arhiva\/sampionski-docek-za-amela-tuku-u-zenici-u-suzama-odrzao-govor\/#article\",\"isPartOf\":{\"@id\":\"https:\/\/sandzakpress.net\/arhiva\/sampionski-docek-za-amela-tuku-u-zenici-u-suzama-odrzao-govor\/\"},\"author\":{\"name\":\"bosniak\",\"@id\":\"https:\/\/sandzakpress.net\/arhiva\/#\/schema\/person\/c8baee722073534b583ea7bdb2e36c02\"},\"headline\":\"\u0160ampionski do\u010dek za Amela Tuku u Zenici: U suzama odr\u017eao govor\",\"datePublished\":\"2015-08-05T16:16:32+00:00\",\"mainEntityOfPage\":{\"@id\":\"https:\/\/sandzakpress.net\/arhiva\/sampionski-docek-za-amela-tuku-u-zenici-u-suzama-odrzao-govor\/\"},\"wordCount\":370,\"commentCount\":0,\"publisher\":{\"@id\":\"https:\/\/sandzakpress.net\/arhiva\/#\/schema\/person\/6e72b67d6e51910a1117b3b483ba20bd\"},\"image\":{\"@id\":\"https:\/\/sandzakpress.net\/arhiva\/sampionski-docek-za-amela-tuku-u-zenici-u-suzama-odrzao-govor\/#primaryimage\"},\"thumbnailUrl\":\"https:\/\/sandzakpress.net\/arhiva\/wp-content\/uploads\/2015\/08\/150805077.4_xl1.jpg\",\"keywords\":[\"Bosna i Hercegovina\"],\"articleSection\":[\"Bosna PRESS\"],\"inLanguage\":\"bs-BA\",\"potentialAction\":[{\"@type\":\"CommentAction\",\"name\":\"Comment\",\"target\":[\"https:\/\/sandzakpress.net\/arhiva\/sampionski-docek-za-amela-tuku-u-zenici-u-suzama-odrzao-govor\/#respond\"]}]},{\"@type\":\"WebPage\",\"@id\":\"https:\/\/sandzakpress.net\/arhiva\/sampionski-docek-za-amela-tuku-u-zenici-u-suzama-odrzao-govor\/\",\"url\":\"https:\/\/sandzakpress.net\/arhiva\/sampionski-docek-za-amela-tuku-u-zenici-u-suzama-odrzao-govor\/\",\"name\":\"\u0160ampionski do\u010dek za Amela Tuku u Zenici: U suzama odr\u017eao govor\",\"isPartOf\":{\"@id\":\"https:\/\/sandzakpress.net\/arhiva\/#website\"},\"primaryImageOfPage\":{\"@id\":\"https:\/\/sandzakpress.net\/arhiva\/sampionski-docek-za-amela-tuku-u-zenici-u-suzama-odrzao-govor\/#primaryimage\"},\"image\":{\"@id\":\"https:\/\/sandzakpress.net\/arhiva\/sampionski-docek-za-amela-tuku-u-zenici-u-suzama-odrzao-govor\/#primaryimage\"},\"thumbnailUrl\":\"https:\/\/sandzakpress.net\/arhiva\/wp-content\/uploads\/2015\/08\/150805077.4_xl1.jpg\",\"datePublished\":\"2015-08-05T16:16:32+00:00\",\"breadcrumb\":{\"@id\":\"https:\/\/sandzakpress.net\/arhiva\/sampionski-docek-za-amela-tuku-u-zenici-u-suzama-odrzao-govor\/#breadcrumb\"},\"inLanguage\":\"bs-BA\",\"potentialAction\":[{\"@type\":\"ReadAction\",\"target\":[\"https:\/\/sandzakpress.net\/arhiva\/sampionski-docek-za-amela-tuku-u-zenici-u-suzama-odrzao-govor\/\"]}]},{\"@type\":\"ImageObject\",\"inLanguage\":\"bs-BA\",\"@id\":\"https:\/\/sandzakpress.net\/arhiva\/sampionski-docek-za-amela-tuku-u-zenici-u-suzama-odrzao-govor\/#primaryimage\",\"url\":\"https:\/\/sandzakpress.net\/arhiva\/wp-content\/uploads\/2015\/08\/150805077.4_xl1.jpg\",\"contentUrl\":\"https:\/\/sandzakpress.net\/arhiva\/wp-content\/uploads\/2015\/08\/150805077.4_xl1.jpg\",\"width\":938,\"height\":625},{\"@type\":\"BreadcrumbList\",\"@id\":\"https:\/\/sandzakpress.net\/arhiva\/sampionski-docek-za-amela-tuku-u-zenici-u-suzama-odrzao-govor\/#breadcrumb\",\"itemListElement\":[{\"@type\":\"ListItem\",\"position\":1,\"name\":\"Home\",\"item\":\"https:\/\/sandzakpress.net\/arhiva\/\"},{\"@type\":\"ListItem\",\"position\":2,\"name\":\"\u0160ampionski do\u010dek za Amela Tuku u Zenici: U suzama odr\u017eao govor\"}]},{\"@type\":\"WebSite\",\"@id\":\"https:\/\/sandzakpress.net\/arhiva\/#website\",\"url\":\"https:\/\/sandzakpress.net\/arhiva\/\",\"name\":\"Sand\u017eak PRESS\",\"description\":\"Prve elektronske novine u Sand\u017eaku\",\"publisher\":{\"@id\":\"https:\/\/sandzakpress.net\/arhiva\/#\/schema\/person\/6e72b67d6e51910a1117b3b483ba20bd\"},\"potentialAction\":[{\"@type\":\"SearchAction\",\"target\":{\"@type\":\"EntryPoint\",\"urlTemplate\":\"https:\/\/sandzakpress.net\/arhiva\/?s={search_term_string}\"},\"query-input\":{\"@type\":\"PropertyValueSpecification\",\"valueRequired\":true,\"valueName\":\"search_term_string\"}}],\"inLanguage\":\"bs-BA\"},{\"@type\":[\"Person\",\"Organization\"],\"@id\":\"https:\/\/sandzakpress.net\/arhiva\/#\/schema\/person\/6e72b67d6e51910a1117b3b483ba20bd\",\"name\":\"Kul\",\"image\":{\"@type\":\"ImageObject\",\"inLanguage\":\"bs-BA\",\"@id\":\"https:\/\/sandzakpress.net\/arhiva\/#\/schema\/person\/image\/\",\"url\":\"https:\/\/secure.gravatar.com\/avatar\/42263f39aa27ac04c43cab85c280eb2e?s=96&d=mm&r=pg\",\"contentUrl\":\"https:\/\/secure.gravatar.com\/avatar\/42263f39aa27ac04c43cab85c280eb2e?s=96&d=mm&r=pg\",\"caption\":\"Kul\"},\"logo\":{\"@id\":\"https:\/\/sandzakpress.net\/arhiva\/#\/schema\/person\/image\/\"}},{\"@type\":\"Person\",\"@id\":\"https:\/\/sandzakpress.net\/arhiva\/#\/schema\/person\/c8baee722073534b583ea7bdb2e36c02\",\"name\":\"bosniak\",\"image\":{\"@type\":\"ImageObject\",\"inLanguage\":\"bs-BA\",\"@id\":\"https:\/\/sandzakpress.net\/arhiva\/#\/schema\/person\/image\/\",\"url\":\"https:\/\/secure.gravatar.com\/avatar\/a04fd330bfe3a36a72a0ad4a6d89fca7?s=96&d=mm&r=pg\",\"contentUrl\":\"https:\/\/secure.gravatar.com\/avatar\/a04fd330bfe3a36a72a0ad4a6d89fca7?s=96&d=mm&r=pg\",\"caption\":\"bosniak\"},\"url\":\"https:\/\/sandzakpress.net\/arhiva\/author\/bosniak\/\"}]}<\/script>\n<!-- \/ Yoast SEO Premium plugin. -->","yoast_head_json":{"title":"\u0160ampionski do\u010dek za Amela Tuku u Zenici: U suzama odr\u017eao govor","robots":{"index":"index","follow":"follow","max-snippet":"max-snippet:-1","max-image-preview":"max-image-preview:large","max-video-preview":"max-video-preview:-1"},"canonical":"https:\/\/sandzakpress.net\/arhiva\/sampionski-docek-za-amela-tuku-u-zenici-u-suzama-odrzao-govor\/","og_locale":"bs_BA","og_type":"article","og_title":"\u0160ampionski do\u010dek za Amela Tuku u Zenici: U suzama odr\u017eao govor","og_description":"Zenica \u2013 Najuspje\u0161nijeg bosanskohercegovackog atleti\u010dara na 800 metara Amela Tuku na Trgu Alije Izetbegovi\u0107a do\u010dekalo je vi\u0161e stotina Zeni\u010dana koji su mu \u010destitali na ostvarenim rezultatima. Najbolji atleti\u010dar svijeta u 2015. godini na 800 metara danas je oko 12:30 sati stigao na Me\u0111unarodni aerodrom u Sarajevu odakle se zaputio prema Zenici kako bi proslavio rezultat [&hellip;]","og_url":"https:\/\/sandzakpress.net\/arhiva\/sampionski-docek-za-amela-tuku-u-zenici-u-suzama-odrzao-govor\/","og_site_name":"Sand\u017eak PRESS","article_published_time":"2015-08-05T16:16:32+00:00","og_image":[{"width":938,"height":625,"url":"https:\/\/sandzakpress.net\/arhiva\/wp-content\/uploads\/2015\/08\/150805077.4_xl1.jpg","type":"image\/jpeg"}],"author":"bosniak","twitter_card":"summary_large_image","twitter_misc":{"Written by":"bosniak","Est. reading time":"2 minute"},"schema":{"@context":"https:\/\/schema.org","@graph":[{"@type":"Article","@id":"https:\/\/sandzakpress.net\/arhiva\/sampionski-docek-za-amela-tuku-u-zenici-u-suzama-odrzao-govor\/#article","isPartOf":{"@id":"https:\/\/sandzakpress.net\/arhiva\/sampionski-docek-za-amela-tuku-u-zenici-u-suzama-odrzao-govor\/"},"author":{"name":"bosniak","@id":"https:\/\/sandzakpress.net\/arhiva\/#\/schema\/person\/c8baee722073534b583ea7bdb2e36c02"},"headline":"\u0160ampionski do\u010dek za Amela Tuku u Zenici: U suzama odr\u017eao govor","datePublished":"2015-08-05T16:16:32+00:00","mainEntityOfPage":{"@id":"https:\/\/sandzakpress.net\/arhiva\/sampionski-docek-za-amela-tuku-u-zenici-u-suzama-odrzao-govor\/"},"wordCount":370,"commentCount":0,"publisher":{"@id":"https:\/\/sandzakpress.net\/arhiva\/#\/schema\/person\/6e72b67d6e51910a1117b3b483ba20bd"},"image":{"@id":"https:\/\/sandzakpress.net\/arhiva\/sampionski-docek-za-amela-tuku-u-zenici-u-suzama-odrzao-govor\/#primaryimage"},"thumbnailUrl":"https:\/\/sandzakpress.net\/arhiva\/wp-content\/uploads\/2015\/08\/150805077.4_xl1.jpg","keywords":["Bosna i Hercegovina"],"articleSection":["Bosna PRESS"],"inLanguage":"bs-BA","potentialAction":[{"@type":"CommentAction","name":"Comment","target":["https:\/\/sandzakpress.net\/arhiva\/sampionski-docek-za-amela-tuku-u-zenici-u-suzama-odrzao-govor\/#respond"]}]},{"@type":"WebPage","@id":"https:\/\/sandzakpress.net\/arhiva\/sampionski-docek-za-amela-tuku-u-zenici-u-suzama-odrzao-govor\/","url":"https:\/\/sandzakpress.net\/arhiva\/sampionski-docek-za-amela-tuku-u-zenici-u-suzama-odrzao-govor\/","name":"\u0160ampionski do\u010dek za Amela Tuku u Zenici: U suzama odr\u017eao govor","isPartOf":{"@id":"https:\/\/sandzakpress.net\/arhiva\/#website"},"primaryImageOfPage":{"@id":"https:\/\/sandzakpress.net\/arhiva\/sampionski-docek-za-amela-tuku-u-zenici-u-suzama-odrzao-govor\/#primaryimage"},"image":{"@id":"https:\/\/sandzakpress.net\/arhiva\/sampionski-docek-za-amela-tuku-u-zenici-u-suzama-odrzao-govor\/#primaryimage"},"thumbnailUrl":"https:\/\/sandzakpress.net\/arhiva\/wp-content\/uploads\/2015\/08\/150805077.4_xl1.jpg","datePublished":"2015-08-05T16:16:32+00:00","breadcrumb":{"@id":"https:\/\/sandzakpress.net\/arhiva\/sampionski-docek-za-amela-tuku-u-zenici-u-suzama-odrzao-govor\/#breadcrumb"},"inLanguage":"bs-BA","potentialAction":[{"@type":"ReadAction","target":["https:\/\/sandzakpress.net\/arhiva\/sampionski-docek-za-amela-tuku-u-zenici-u-suzama-odrzao-govor\/"]}]},{"@type":"ImageObject","inLanguage":"bs-BA","@id":"https:\/\/sandzakpress.net\/arhiva\/sampionski-docek-za-amela-tuku-u-zenici-u-suzama-odrzao-govor\/#primaryimage","url":"https:\/\/sandzakpress.net\/arhiva\/wp-content\/uploads\/2015\/08\/150805077.4_xl1.jpg","contentUrl":"https:\/\/sandzakpress.net\/arhiva\/wp-content\/uploads\/2015\/08\/150805077.4_xl1.jpg","width":938,"height":625},{"@type":"BreadcrumbList","@id":"https:\/\/sandzakpress.net\/arhiva\/sampionski-docek-za-amela-tuku-u-zenici-u-suzama-odrzao-govor\/#breadcrumb","itemListElement":[{"@type":"ListItem","position":1,"name":"Home","item":"https:\/\/sandzakpress.net\/arhiva\/"},{"@type":"ListItem","position":2,"name":"\u0160ampionski do\u010dek za Amela Tuku u Zenici: U suzama odr\u017eao govor"}]},{"@type":"WebSite","@id":"https:\/\/sandzakpress.net\/arhiva\/#website","url":"https:\/\/sandzakpress.net\/arhiva\/","name":"Sand\u017eak PRESS","description":"Prve elektronske novine u Sand\u017eaku","publisher":{"@id":"https:\/\/sandzakpress.net\/arhiva\/#\/schema\/person\/6e72b67d6e51910a1117b3b483ba20bd"},"potentialAction":[{"@type":"SearchAction","target":{"@type":"EntryPoint","urlTemplate":"https:\/\/sandzakpress.net\/arhiva\/?s={search_term_string}"},"query-input":{"@type":"PropertyValueSpecification","valueRequired":true,"valueName":"search_term_string"}}],"inLanguage":"bs-BA"},{"@type":["Person","Organization"],"@id":"https:\/\/sandzakpress.net\/arhiva\/#\/schema\/person\/6e72b67d6e51910a1117b3b483ba20bd","name":"Kul","image":{"@type":"ImageObject","inLanguage":"bs-BA","@id":"https:\/\/sandzakpress.net\/arhiva\/#\/schema\/person\/image\/","url":"https:\/\/secure.gravatar.com\/avatar\/42263f39aa27ac04c43cab85c280eb2e?s=96&d=mm&r=pg","contentUrl":"https:\/\/secure.gravatar.com\/avatar\/42263f39aa27ac04c43cab85c280eb2e?s=96&d=mm&r=pg","caption":"Kul"},"logo":{"@id":"https:\/\/sandzakpress.net\/arhiva\/#\/schema\/person\/image\/"}},{"@type":"Person","@id":"https:\/\/sandzakpress.net\/arhiva\/#\/schema\/person\/c8baee722073534b583ea7bdb2e36c02","name":"bosniak","image":{"@type":"ImageObject","inLanguage":"bs-BA","@id":"https:\/\/sandzakpress.net\/arhiva\/#\/schema\/person\/image\/","url":"https:\/\/secure.gravatar.com\/avatar\/a04fd330bfe3a36a72a0ad4a6d89fca7?s=96&d=mm&r=pg","contentUrl":"https:\/\/secure.gravatar.com\/avatar\/a04fd330bfe3a36a72a0ad4a6d89fca7?s=96&d=mm&r=pg","caption":"bosniak"},"url":"https:\/\/sandzakpress.net\/arhiva\/author\/bosniak\/"}]}},"_links":{"self":[{"href":"https:\/\/sandzakpress.net\/arhiva\/wp-json\/wp\/v2\/posts\/132614"}],"collection":[{"href":"https:\/\/sandzakpress.net\/arhiva\/wp-json\/wp\/v2\/posts"}],"about":[{"href":"https:\/\/sandzakpress.net\/arhiva\/wp-json\/wp\/v2\/types\/post"}],"author":[{"embeddable":true,"href":"https:\/\/sandzakpress.net\/arhiva\/wp-json\/wp\/v2\/users\/83"}],"replies":[{"embeddable":true,"href":"https:\/\/sandzakpress.net\/arhiva\/wp-json\/wp\/v2\/comments?post=132614"}],"version-history":[{"count":0,"href":"https:\/\/sandzakpress.net\/arhiva\/wp-json\/wp\/v2\/posts\/132614\/revisions"}],"wp:featuredmedia":[{"embeddable":true,"href":"https:\/\/sandzakpress.net\/arhiva\/wp-json\/wp\/v2\/media\/132616"}],"wp:attachment":[{"href":"https:\/\/sandzakpress.net\/arhiva\/wp-json\/wp\/v2\/media?parent=132614"}],"wp:term":[{"taxonomy":"category","embeddable":true,"href":"https:\/\/sandzakpress.net\/arhiva\/wp-json\/wp\/v2\/categories?post=132614"},{"taxonomy":"post_tag","embeddable":true,"href":"https:\/\/sandzakpress.net\/arhiva\/wp-json\/wp\/v2\/tags?post=132614"}],"curies":[{"name":"wp","href":"https:\/\/api.w.org\/{rel}","templated":true}]}}