{"id":13255,"date":"2011-02-28T12:19:50","date_gmt":"2011-02-28T11:19:50","guid":{"rendered":"https:\/\/sandzakpress.net\/arhiva\/?p=13255"},"modified":"2011-02-28T12:19:50","modified_gmt":"2011-02-28T11:19:50","slug":"18-godine-od-otmice-u-strpcima","status":"publish","type":"post","link":"https:\/\/sandzakpress.net\/arhiva\/18-godine-od-otmice-u-strpcima\/","title":{"rendered":"18 godine od otmice u \u0160trpcima"},"content":{"rendered":"<p><strong><a href=\"https:\/\/sandzakpress.net\/arhiva\/wp-content\/uploads\/2011\/02\/Strpci_djeca_big.jpg\"><img loading=\"lazy\" decoding=\"async\" class=\"alignleft size-medium wp-image-13256\" src=\"https:\/\/sandzakpress.net\/arhiva\/wp-content\/uploads\/2011\/02\/Strpci_djeca_big-196x300.jpg\" alt=\"\" width=\"196\" height=\"300\" \/><\/a>Prijepolje &#8211; Na dan 27. februar 1993.godine iz voza br. 671 na relaciji Beograd &#8211;  Bar, od strane srpsko-crnogorskih vojnih i paravojnih formacija  kidnapovano je 18 Bo\u0161njaka i jedan Hrvat. Prema kasnijim saznanjima svi  su zvjerski ubijeni a do sada jedini prona\u0111eni posmrtni ostaci jednog od  otetih putnika prona\u0111eni su 17 godina kasnije na obali jezera Bajina  Ba\u0161ta. Ve\u0107ina ubijenih bili su iz Prijepolja, Bijelog Polja, Berana,  Podgorice i Bara. <\/strong><\/p>\n<p>Porodice otetih osim zlehude sudbine gubitka najmilijih suo\u010deni su i sa  elementarnim odr\u017eavanjem \u017eivotne egzistencije jer se uglavnom radilo i o  jedinim hraniteljima. Crnogorska dr\u017eava je i tu ostala nezainteresovana  (ako izuzmemo u\u010de\u0161\u0107e njenih bezbjednosno-politi\u010dkih struktura u  planiranju i realizaciji ovog zlo\u010dina\u010dkog akta).<\/p>\n<p>Na\u017ealost, izostalo je i zna\u010dajnije anga\u017eovanje Islamske zajednice kao i  partija bo\u0161nja\u010dke provenijencije. Najve\u0107i domet do sada je upu\u0107ivanje  apela odre\u0111enim dr\u017eavnim institucijama i pojedincima i moljakanje da se  ne\u0161to u\u010dini!? Ali nas sve to nije sprje\u010davalo da im svaki put ponovo  damo svoj glas.<\/p>\n<p>U Prijepolju  2009.godine otkriven je spomenik dr\u017eavljanima Srbije\u201c koji su stradali zbog svog imena i vjere\u201c.<\/p>\n<p>Izvor:<strong> Bosnjaci.net<\/strong><\/p>\n","protected":false},"excerpt":{"rendered":"<p>Prijepolje &#8211; Na dan 27. februar 1993.godine iz voza br. 671 na relaciji Beograd &#8211; Bar, od strane srpsko-crnogorskih vojnih i paravojnih formacija kidnapovano je 18 Bo\u0161njaka i jedan Hrvat. Prema kasnijim saznanjima svi su zvjerski ubijeni a do sada jedini prona\u0111eni posmrtni ostaci jednog od otetih putnika prona\u0111eni su 17 godina kasnije na obali [&hellip;]<\/p>\n","protected":false},"author":13,"featured_media":13256,"comment_status":"open","ping_status":"open","sticky":false,"template":"","format":"standard","meta":{"footnotes":""},"categories":[392],"tags":[],"class_list":{"0":"post-13255","1":"post","2":"type-post","3":"status-publish","4":"format-standard","5":"has-post-thumbnail","7":"category-prijepolje_"},"yoast_head":"<!-- This site is optimized with the Yoast SEO Premium plugin v23.1 (Yoast SEO v24.9) - https:\/\/yoast.com\/wordpress\/plugins\/seo\/ -->\n<title>18 godine od otmice u \u0160trpcima<\/title>\n<meta name=\"robots\" content=\"index, follow, max-snippet:-1, max-image-preview:large, max-video-preview:-1\" \/>\n<link rel=\"canonical\" href=\"https:\/\/sandzakpress.net\/arhiva\/18-godine-od-otmice-u-strpcima\/\" \/>\n<meta property=\"og:locale\" content=\"bs_BA\" \/>\n<meta property=\"og:type\" content=\"article\" \/>\n<meta property=\"og:title\" content=\"18 godine od otmice u \u0160trpcima\" \/>\n<meta property=\"og:description\" content=\"Prijepolje &#8211; Na dan 27. februar 1993.godine iz voza br. 671 na relaciji Beograd &#8211; Bar, od strane srpsko-crnogorskih vojnih i paravojnih formacija kidnapovano je 18 Bo\u0161njaka i jedan Hrvat. Prema kasnijim saznanjima svi su zvjerski ubijeni a do sada jedini prona\u0111eni posmrtni ostaci jednog od otetih putnika prona\u0111eni su 17 godina kasnije na obali [&hellip;]\" \/>\n<meta property=\"og:url\" content=\"https:\/\/sandzakpress.net\/arhiva\/18-godine-od-otmice-u-strpcima\/\" \/>\n<meta property=\"og:site_name\" content=\"Sand\u017eak PRESS\" \/>\n<meta property=\"article:published_time\" content=\"2011-02-28T11:19:50+00:00\" \/>\n<meta property=\"og:image\" content=\"https:\/\/sandzakpress.net\/arhiva\/wp-content\/uploads\/2011\/02\/Strpci_djeca_big.jpg\" \/>\n\t<meta property=\"og:image:width\" content=\"200\" \/>\n\t<meta property=\"og:image:height\" content=\"306\" \/>\n\t<meta property=\"og:image:type\" content=\"image\/jpeg\" \/>\n<meta name=\"twitter:card\" content=\"summary_large_image\" \/>\n<meta name=\"twitter:label1\" content=\"Written by\" \/>\n\t<meta name=\"twitter:data1\" content=\"\" \/>\n\t<meta name=\"twitter:label2\" content=\"Est. reading time\" \/>\n\t<meta name=\"twitter:data2\" content=\"1 minuta\" \/>\n<script type=\"application\/ld+json\" class=\"yoast-schema-graph\">{\"@context\":\"https:\/\/schema.org\",\"@graph\":[{\"@type\":\"Article\",\"@id\":\"https:\/\/sandzakpress.net\/arhiva\/18-godine-od-otmice-u-strpcima\/#article\",\"isPartOf\":{\"@id\":\"https:\/\/sandzakpress.net\/arhiva\/18-godine-od-otmice-u-strpcima\/\"},\"author\":{\"name\":\"\",\"@id\":\"\"},\"headline\":\"18 godine od otmice u \u0160trpcima\",\"datePublished\":\"2011-02-28T11:19:50+00:00\",\"mainEntityOfPage\":{\"@id\":\"https:\/\/sandzakpress.net\/arhiva\/18-godine-od-otmice-u-strpcima\/\"},\"wordCount\":204,\"commentCount\":0,\"publisher\":{\"@id\":\"https:\/\/sandzakpress.net\/arhiva\/#\/schema\/person\/6e72b67d6e51910a1117b3b483ba20bd\"},\"image\":{\"@id\":\"https:\/\/sandzakpress.net\/arhiva\/18-godine-od-otmice-u-strpcima\/#primaryimage\"},\"thumbnailUrl\":\"https:\/\/sandzakpress.net\/arhiva\/wp-content\/uploads\/2011\/02\/Strpci_djeca_big.jpg\",\"articleSection\":[\"Prijepolje\"],\"inLanguage\":\"bs-BA\",\"potentialAction\":[{\"@type\":\"CommentAction\",\"name\":\"Comment\",\"target\":[\"https:\/\/sandzakpress.net\/arhiva\/18-godine-od-otmice-u-strpcima\/#respond\"]}]},{\"@type\":\"WebPage\",\"@id\":\"https:\/\/sandzakpress.net\/arhiva\/18-godine-od-otmice-u-strpcima\/\",\"url\":\"https:\/\/sandzakpress.net\/arhiva\/18-godine-od-otmice-u-strpcima\/\",\"name\":\"18 godine od otmice u \u0160trpcima\",\"isPartOf\":{\"@id\":\"https:\/\/sandzakpress.net\/arhiva\/#website\"},\"primaryImageOfPage\":{\"@id\":\"https:\/\/sandzakpress.net\/arhiva\/18-godine-od-otmice-u-strpcima\/#primaryimage\"},\"image\":{\"@id\":\"https:\/\/sandzakpress.net\/arhiva\/18-godine-od-otmice-u-strpcima\/#primaryimage\"},\"thumbnailUrl\":\"https:\/\/sandzakpress.net\/arhiva\/wp-content\/uploads\/2011\/02\/Strpci_djeca_big.jpg\",\"datePublished\":\"2011-02-28T11:19:50+00:00\",\"breadcrumb\":{\"@id\":\"https:\/\/sandzakpress.net\/arhiva\/18-godine-od-otmice-u-strpcima\/#breadcrumb\"},\"inLanguage\":\"bs-BA\",\"potentialAction\":[{\"@type\":\"ReadAction\",\"target\":[\"https:\/\/sandzakpress.net\/arhiva\/18-godine-od-otmice-u-strpcima\/\"]}]},{\"@type\":\"ImageObject\",\"inLanguage\":\"bs-BA\",\"@id\":\"https:\/\/sandzakpress.net\/arhiva\/18-godine-od-otmice-u-strpcima\/#primaryimage\",\"url\":\"https:\/\/sandzakpress.net\/arhiva\/wp-content\/uploads\/2011\/02\/Strpci_djeca_big.jpg\",\"contentUrl\":\"https:\/\/sandzakpress.net\/arhiva\/wp-content\/uploads\/2011\/02\/Strpci_djeca_big.jpg\",\"width\":200,\"height\":306},{\"@type\":\"BreadcrumbList\",\"@id\":\"https:\/\/sandzakpress.net\/arhiva\/18-godine-od-otmice-u-strpcima\/#breadcrumb\",\"itemListElement\":[{\"@type\":\"ListItem\",\"position\":1,\"name\":\"Home\",\"item\":\"https:\/\/sandzakpress.net\/arhiva\/\"},{\"@type\":\"ListItem\",\"position\":2,\"name\":\"18 godine od otmice u \u0160trpcima\"}]},{\"@type\":\"WebSite\",\"@id\":\"https:\/\/sandzakpress.net\/arhiva\/#website\",\"url\":\"https:\/\/sandzakpress.net\/arhiva\/\",\"name\":\"Sand\u017eak PRESS\",\"description\":\"Prve elektronske novine u Sand\u017eaku\",\"publisher\":{\"@id\":\"https:\/\/sandzakpress.net\/arhiva\/#\/schema\/person\/6e72b67d6e51910a1117b3b483ba20bd\"},\"potentialAction\":[{\"@type\":\"SearchAction\",\"target\":{\"@type\":\"EntryPoint\",\"urlTemplate\":\"https:\/\/sandzakpress.net\/arhiva\/?s={search_term_string}\"},\"query-input\":{\"@type\":\"PropertyValueSpecification\",\"valueRequired\":true,\"valueName\":\"search_term_string\"}}],\"inLanguage\":\"bs-BA\"},{\"@type\":[\"Person\",\"Organization\"],\"@id\":\"https:\/\/sandzakpress.net\/arhiva\/#\/schema\/person\/6e72b67d6e51910a1117b3b483ba20bd\",\"name\":\"Kul\",\"image\":{\"@type\":\"ImageObject\",\"inLanguage\":\"bs-BA\",\"@id\":\"https:\/\/sandzakpress.net\/arhiva\/#\/schema\/person\/image\/\",\"url\":\"https:\/\/secure.gravatar.com\/avatar\/42263f39aa27ac04c43cab85c280eb2e?s=96&d=mm&r=pg\",\"contentUrl\":\"https:\/\/secure.gravatar.com\/avatar\/42263f39aa27ac04c43cab85c280eb2e?s=96&d=mm&r=pg\",\"caption\":\"Kul\"},\"logo\":{\"@id\":\"https:\/\/sandzakpress.net\/arhiva\/#\/schema\/person\/image\/\"}},{\"@type\":\"Person\",\"@id\":\"\",\"url\":\"https:\/\/sandzakpress.net\/arhiva\/author\/\"}]}<\/script>\n<!-- \/ Yoast SEO Premium plugin. -->","yoast_head_json":{"title":"18 godine od otmice u \u0160trpcima","robots":{"index":"index","follow":"follow","max-snippet":"max-snippet:-1","max-image-preview":"max-image-preview:large","max-video-preview":"max-video-preview:-1"},"canonical":"https:\/\/sandzakpress.net\/arhiva\/18-godine-od-otmice-u-strpcima\/","og_locale":"bs_BA","og_type":"article","og_title":"18 godine od otmice u \u0160trpcima","og_description":"Prijepolje &#8211; Na dan 27. februar 1993.godine iz voza br. 671 na relaciji Beograd &#8211; Bar, od strane srpsko-crnogorskih vojnih i paravojnih formacija kidnapovano je 18 Bo\u0161njaka i jedan Hrvat. Prema kasnijim saznanjima svi su zvjerski ubijeni a do sada jedini prona\u0111eni posmrtni ostaci jednog od otetih putnika prona\u0111eni su 17 godina kasnije na obali [&hellip;]","og_url":"https:\/\/sandzakpress.net\/arhiva\/18-godine-od-otmice-u-strpcima\/","og_site_name":"Sand\u017eak PRESS","article_published_time":"2011-02-28T11:19:50+00:00","og_image":[{"width":200,"height":306,"url":"https:\/\/sandzakpress.net\/arhiva\/wp-content\/uploads\/2011\/02\/Strpci_djeca_big.jpg","type":"image\/jpeg"}],"twitter_card":"summary_large_image","twitter_misc":{"Written by":"","Est. reading time":"1 minuta"},"schema":{"@context":"https:\/\/schema.org","@graph":[{"@type":"Article","@id":"https:\/\/sandzakpress.net\/arhiva\/18-godine-od-otmice-u-strpcima\/#article","isPartOf":{"@id":"https:\/\/sandzakpress.net\/arhiva\/18-godine-od-otmice-u-strpcima\/"},"author":{"name":"","@id":""},"headline":"18 godine od otmice u \u0160trpcima","datePublished":"2011-02-28T11:19:50+00:00","mainEntityOfPage":{"@id":"https:\/\/sandzakpress.net\/arhiva\/18-godine-od-otmice-u-strpcima\/"},"wordCount":204,"commentCount":0,"publisher":{"@id":"https:\/\/sandzakpress.net\/arhiva\/#\/schema\/person\/6e72b67d6e51910a1117b3b483ba20bd"},"image":{"@id":"https:\/\/sandzakpress.net\/arhiva\/18-godine-od-otmice-u-strpcima\/#primaryimage"},"thumbnailUrl":"https:\/\/sandzakpress.net\/arhiva\/wp-content\/uploads\/2011\/02\/Strpci_djeca_big.jpg","articleSection":["Prijepolje"],"inLanguage":"bs-BA","potentialAction":[{"@type":"CommentAction","name":"Comment","target":["https:\/\/sandzakpress.net\/arhiva\/18-godine-od-otmice-u-strpcima\/#respond"]}]},{"@type":"WebPage","@id":"https:\/\/sandzakpress.net\/arhiva\/18-godine-od-otmice-u-strpcima\/","url":"https:\/\/sandzakpress.net\/arhiva\/18-godine-od-otmice-u-strpcima\/","name":"18 godine od otmice u \u0160trpcima","isPartOf":{"@id":"https:\/\/sandzakpress.net\/arhiva\/#website"},"primaryImageOfPage":{"@id":"https:\/\/sandzakpress.net\/arhiva\/18-godine-od-otmice-u-strpcima\/#primaryimage"},"image":{"@id":"https:\/\/sandzakpress.net\/arhiva\/18-godine-od-otmice-u-strpcima\/#primaryimage"},"thumbnailUrl":"https:\/\/sandzakpress.net\/arhiva\/wp-content\/uploads\/2011\/02\/Strpci_djeca_big.jpg","datePublished":"2011-02-28T11:19:50+00:00","breadcrumb":{"@id":"https:\/\/sandzakpress.net\/arhiva\/18-godine-od-otmice-u-strpcima\/#breadcrumb"},"inLanguage":"bs-BA","potentialAction":[{"@type":"ReadAction","target":["https:\/\/sandzakpress.net\/arhiva\/18-godine-od-otmice-u-strpcima\/"]}]},{"@type":"ImageObject","inLanguage":"bs-BA","@id":"https:\/\/sandzakpress.net\/arhiva\/18-godine-od-otmice-u-strpcima\/#primaryimage","url":"https:\/\/sandzakpress.net\/arhiva\/wp-content\/uploads\/2011\/02\/Strpci_djeca_big.jpg","contentUrl":"https:\/\/sandzakpress.net\/arhiva\/wp-content\/uploads\/2011\/02\/Strpci_djeca_big.jpg","width":200,"height":306},{"@type":"BreadcrumbList","@id":"https:\/\/sandzakpress.net\/arhiva\/18-godine-od-otmice-u-strpcima\/#breadcrumb","itemListElement":[{"@type":"ListItem","position":1,"name":"Home","item":"https:\/\/sandzakpress.net\/arhiva\/"},{"@type":"ListItem","position":2,"name":"18 godine od otmice u \u0160trpcima"}]},{"@type":"WebSite","@id":"https:\/\/sandzakpress.net\/arhiva\/#website","url":"https:\/\/sandzakpress.net\/arhiva\/","name":"Sand\u017eak PRESS","description":"Prve elektronske novine u Sand\u017eaku","publisher":{"@id":"https:\/\/sandzakpress.net\/arhiva\/#\/schema\/person\/6e72b67d6e51910a1117b3b483ba20bd"},"potentialAction":[{"@type":"SearchAction","target":{"@type":"EntryPoint","urlTemplate":"https:\/\/sandzakpress.net\/arhiva\/?s={search_term_string}"},"query-input":{"@type":"PropertyValueSpecification","valueRequired":true,"valueName":"search_term_string"}}],"inLanguage":"bs-BA"},{"@type":["Person","Organization"],"@id":"https:\/\/sandzakpress.net\/arhiva\/#\/schema\/person\/6e72b67d6e51910a1117b3b483ba20bd","name":"Kul","image":{"@type":"ImageObject","inLanguage":"bs-BA","@id":"https:\/\/sandzakpress.net\/arhiva\/#\/schema\/person\/image\/","url":"https:\/\/secure.gravatar.com\/avatar\/42263f39aa27ac04c43cab85c280eb2e?s=96&d=mm&r=pg","contentUrl":"https:\/\/secure.gravatar.com\/avatar\/42263f39aa27ac04c43cab85c280eb2e?s=96&d=mm&r=pg","caption":"Kul"},"logo":{"@id":"https:\/\/sandzakpress.net\/arhiva\/#\/schema\/person\/image\/"}},{"@type":"Person","@id":"","url":"https:\/\/sandzakpress.net\/arhiva\/author\/"}]}},"_links":{"self":[{"href":"https:\/\/sandzakpress.net\/arhiva\/wp-json\/wp\/v2\/posts\/13255"}],"collection":[{"href":"https:\/\/sandzakpress.net\/arhiva\/wp-json\/wp\/v2\/posts"}],"about":[{"href":"https:\/\/sandzakpress.net\/arhiva\/wp-json\/wp\/v2\/types\/post"}],"author":[{"embeddable":true,"href":"https:\/\/sandzakpress.net\/arhiva\/wp-json\/wp\/v2\/users\/13"}],"replies":[{"embeddable":true,"href":"https:\/\/sandzakpress.net\/arhiva\/wp-json\/wp\/v2\/comments?post=13255"}],"version-history":[{"count":0,"href":"https:\/\/sandzakpress.net\/arhiva\/wp-json\/wp\/v2\/posts\/13255\/revisions"}],"wp:featuredmedia":[{"embeddable":true,"href":"https:\/\/sandzakpress.net\/arhiva\/wp-json\/wp\/v2\/media\/13256"}],"wp:attachment":[{"href":"https:\/\/sandzakpress.net\/arhiva\/wp-json\/wp\/v2\/media?parent=13255"}],"wp:term":[{"taxonomy":"category","embeddable":true,"href":"https:\/\/sandzakpress.net\/arhiva\/wp-json\/wp\/v2\/categories?post=13255"},{"taxonomy":"post_tag","embeddable":true,"href":"https:\/\/sandzakpress.net\/arhiva\/wp-json\/wp\/v2\/tags?post=13255"}],"curies":[{"name":"wp","href":"https:\/\/api.w.org\/{rel}","templated":true}]}}