{"id":132504,"date":"2015-08-04T17:28:56","date_gmt":"2015-08-04T15:28:56","guid":{"rendered":"https:\/\/sandzakpress.net\/arhiva\/prijedor-napadnuti-zbog-majice-sa-zastavom-bih"},"modified":"2015-08-04T17:28:56","modified_gmt":"2015-08-04T15:28:56","slug":"prijedor-napadnuti-zbog-majice-sa-zastavom-bih","status":"publish","type":"post","link":"https:\/\/sandzakpress.net\/arhiva\/prijedor-napadnuti-zbog-majice-sa-zastavom-bih\/","title":{"rendered":"Prijedor: Napadnuti zbog majice sa zastavom BiH"},"content":{"rendered":"<p><img decoding=\"async\" src=\"http:\/\/www.oslobodjenje.ba\/portal\/images\/articles\/prijedor-napadnuti-zbog-majice-sa-zastavom-bih_1438691289.jpg\" alt=\"\" \/><\/p>\n<p><strong>Prijedor \u2013 Delegat u Klubu Bo\u0161njaka Vije\u0107a naroda RS-a Elvedin Hamzi\u0107 upozorio je danas da se moraju pove\u0107ati mjere sigurnosti Bo\u0161njaka u Republici Srpskoj da se ne bi doga\u0111ali slu\u010dajevi kao \u0161to je ju\u010dera\u0161nji u Prijedoru kada su napadnuta dvojica bo\u0161nja\u010dkih mladi\u0107a samo zato \u0161to je jedan od njih nosio majicu s oslikanom zastavom dr\u017eave BiH<\/strong>.<\/p>\n<p>Mladi\u0107i od 20 i 19 godina su\u00a0 ispri\u010dali da ni\u010dim nisu izazvali reakciju dvojice gostiju lokalnog kafi\u0107a u Prijedoru, koji su ih i fizi\u010dki napali dok su bili u objektu i to samo zbog majice na kojoj je oslikana zastava dr\u017eave BiH.<\/p>\n<p>Hamzi\u0107 je za Fenu rekao da je danas razgovarao s napadnutim mladi\u0107ima te kazao da su posljednja de\u0161avanja potakla da se javno progovori o sigurnosnoj situaciji u tom gradu, posebno u vrijeme godi\u0161njih odmora kada je ve\u0107e prisustvo bh. gra\u0111ana iz dijaspore.<\/p>\n<p>-Djeca su napadnuta samo zato \u0161to je jedan od njih imao majicu s obilje\u017ejem dr\u017eave BiH \u2013 razo\u010darano je konstatovao Hamzi\u0107 isti\u010du\u0107i da su vidne povrede kod jednog od pretu\u010denih mladi\u0107a.<\/p>\n<p>Smatra da je neophodno preduzeti sve neophodne mjere da se ovakve situacije ne bi de\u0161avale.<\/p>\n<p>-Pitamo se \u0161ta je s hvalama gradona\u010delnika Prijedora Marka Pavi\u0107a da je ovo najbezbjednije mjesto u RS-u \u2013 rekao je Hamzi\u0107 ukazuju\u0107i da su incidenti poput ovog ju\u010dera\u0161njeg nedopustivi.<\/p>\n<p>Pozvao je policiju da poja\u010da mjere sigurnosti, jer je ovo samo jedan od napada na Bo\u0161njake, dok se jedan broj njih i ne prijavljuje policiji zbog straha \u0161ta bi moglo uslijediti nakon toga.<\/p>\n<p>Prije petnaestak dana policiji je prijavljeno da je presretnuta svatovska kolona i napadnuti Bo\u0161njaci u Prijedoru samo zbog istaknute zastave BiH.<\/p>\n<p>Mladi\u0107i koji su ju\u010der napadnuti, u Prijedoru su na odmoru, nakon \u010dega se vra\u0107aju u \u0160vicarsku, gdje su i ro\u0111eni, ali \u0107e ponijeti i traume i fizi\u010dke posljedice napada koji im se dogodio.<\/p>\n<p>(Oslobo\u0111enje)<\/p>\n<p>Pogledajte vijest na izvornom sajtu:<\/p>\n<p><a href=\"http:\/\/bosnapress.net\/prijedor-napadnuti-zbog-majice-sa-zastavom-bih\/\" target=\"_blank\">Prijedor: Napadnuti zbog majice sa zastavom BiH<\/a><\/p>\n","protected":false},"excerpt":{"rendered":"<p>Prijedor \u2013 Delegat u Klubu Bo\u0161njaka Vije\u0107a naroda RS-a Elvedin Hamzi\u0107 upozorio je danas da se moraju pove\u0107ati mjere sigurnosti Bo\u0161njaka u Republici Srpskoj da se ne bi doga\u0111ali slu\u010dajevi kao \u0161to je ju\u010dera\u0161nji u Prijedoru kada su napadnuta dvojica bo\u0161nja\u010dkih mladi\u0107a samo zato \u0161to je jedan od njih nosio majicu s oslikanom zastavom dr\u017eave [&hellip;]<\/p>\n","protected":false},"author":83,"featured_media":132506,"comment_status":"open","ping_status":"open","sticky":false,"template":"","format":"standard","meta":{"footnotes":""},"categories":[10513],"tags":[10466],"class_list":{"0":"post-132504","1":"post","2":"type-post","3":"status-publish","4":"format-standard","5":"has-post-thumbnail","7":"category-bosna-press","8":"tag-bosna-i-hercegovina"},"yoast_head":"<!-- This site is optimized with the Yoast SEO Premium plugin v23.1 (Yoast SEO v24.9) - https:\/\/yoast.com\/wordpress\/plugins\/seo\/ -->\n<title>Prijedor: Napadnuti zbog majice sa zastavom BiH<\/title>\n<meta name=\"robots\" content=\"index, follow, max-snippet:-1, max-image-preview:large, max-video-preview:-1\" \/>\n<link rel=\"canonical\" href=\"https:\/\/sandzakpress.net\/arhiva\/prijedor-napadnuti-zbog-majice-sa-zastavom-bih\/\" \/>\n<meta property=\"og:locale\" content=\"bs_BA\" \/>\n<meta property=\"og:type\" content=\"article\" \/>\n<meta property=\"og:title\" content=\"Prijedor: Napadnuti zbog majice sa zastavom BiH\" \/>\n<meta property=\"og:description\" content=\"Prijedor \u2013 Delegat u Klubu Bo\u0161njaka Vije\u0107a naroda RS-a Elvedin Hamzi\u0107 upozorio je danas da se moraju pove\u0107ati mjere sigurnosti Bo\u0161njaka u Republici Srpskoj da se ne bi doga\u0111ali slu\u010dajevi kao \u0161to je ju\u010dera\u0161nji u Prijedoru kada su napadnuta dvojica bo\u0161nja\u010dkih mladi\u0107a samo zato \u0161to je jedan od njih nosio majicu s oslikanom zastavom dr\u017eave [&hellip;]\" \/>\n<meta property=\"og:url\" content=\"https:\/\/sandzakpress.net\/arhiva\/prijedor-napadnuti-zbog-majice-sa-zastavom-bih\/\" \/>\n<meta property=\"og:site_name\" content=\"Sand\u017eak PRESS\" \/>\n<meta property=\"article:published_time\" content=\"2015-08-04T15:28:56+00:00\" \/>\n<meta property=\"og:image\" content=\"https:\/\/sandzakpress.net\/arhiva\/wp-content\/uploads\/2015\/08\/prijedor-napadnuti-zbog-majice-sa-zastavom-bih_14386912891.jpg\" \/>\n\t<meta property=\"og:image:width\" content=\"1920\" \/>\n\t<meta property=\"og:image:height\" content=\"1280\" \/>\n\t<meta property=\"og:image:type\" content=\"image\/jpeg\" \/>\n<meta name=\"author\" content=\"bosniak\" \/>\n<meta name=\"twitter:card\" content=\"summary_large_image\" \/>\n<meta name=\"twitter:label1\" content=\"Written by\" \/>\n\t<meta name=\"twitter:data1\" content=\"bosniak\" \/>\n\t<meta name=\"twitter:label2\" content=\"Est. reading time\" \/>\n\t<meta name=\"twitter:data2\" content=\"2 minute\" \/>\n<script type=\"application\/ld+json\" class=\"yoast-schema-graph\">{\"@context\":\"https:\/\/schema.org\",\"@graph\":[{\"@type\":\"Article\",\"@id\":\"https:\/\/sandzakpress.net\/arhiva\/prijedor-napadnuti-zbog-majice-sa-zastavom-bih\/#article\",\"isPartOf\":{\"@id\":\"https:\/\/sandzakpress.net\/arhiva\/prijedor-napadnuti-zbog-majice-sa-zastavom-bih\/\"},\"author\":{\"name\":\"bosniak\",\"@id\":\"https:\/\/sandzakpress.net\/arhiva\/#\/schema\/person\/c8baee722073534b583ea7bdb2e36c02\"},\"headline\":\"Prijedor: Napadnuti zbog majice sa zastavom BiH\",\"datePublished\":\"2015-08-04T15:28:56+00:00\",\"mainEntityOfPage\":{\"@id\":\"https:\/\/sandzakpress.net\/arhiva\/prijedor-napadnuti-zbog-majice-sa-zastavom-bih\/\"},\"wordCount\":362,\"commentCount\":2,\"publisher\":{\"@id\":\"https:\/\/sandzakpress.net\/arhiva\/#\/schema\/person\/6e72b67d6e51910a1117b3b483ba20bd\"},\"image\":{\"@id\":\"https:\/\/sandzakpress.net\/arhiva\/prijedor-napadnuti-zbog-majice-sa-zastavom-bih\/#primaryimage\"},\"thumbnailUrl\":\"https:\/\/sandzakpress.net\/arhiva\/wp-content\/uploads\/2015\/08\/prijedor-napadnuti-zbog-majice-sa-zastavom-bih_14386912891.jpg\",\"keywords\":[\"Bosna i Hercegovina\"],\"articleSection\":[\"Bosna PRESS\"],\"inLanguage\":\"bs-BA\",\"potentialAction\":[{\"@type\":\"CommentAction\",\"name\":\"Comment\",\"target\":[\"https:\/\/sandzakpress.net\/arhiva\/prijedor-napadnuti-zbog-majice-sa-zastavom-bih\/#respond\"]}]},{\"@type\":\"WebPage\",\"@id\":\"https:\/\/sandzakpress.net\/arhiva\/prijedor-napadnuti-zbog-majice-sa-zastavom-bih\/\",\"url\":\"https:\/\/sandzakpress.net\/arhiva\/prijedor-napadnuti-zbog-majice-sa-zastavom-bih\/\",\"name\":\"Prijedor: Napadnuti zbog majice sa zastavom BiH\",\"isPartOf\":{\"@id\":\"https:\/\/sandzakpress.net\/arhiva\/#website\"},\"primaryImageOfPage\":{\"@id\":\"https:\/\/sandzakpress.net\/arhiva\/prijedor-napadnuti-zbog-majice-sa-zastavom-bih\/#primaryimage\"},\"image\":{\"@id\":\"https:\/\/sandzakpress.net\/arhiva\/prijedor-napadnuti-zbog-majice-sa-zastavom-bih\/#primaryimage\"},\"thumbnailUrl\":\"https:\/\/sandzakpress.net\/arhiva\/wp-content\/uploads\/2015\/08\/prijedor-napadnuti-zbog-majice-sa-zastavom-bih_14386912891.jpg\",\"datePublished\":\"2015-08-04T15:28:56+00:00\",\"breadcrumb\":{\"@id\":\"https:\/\/sandzakpress.net\/arhiva\/prijedor-napadnuti-zbog-majice-sa-zastavom-bih\/#breadcrumb\"},\"inLanguage\":\"bs-BA\",\"potentialAction\":[{\"@type\":\"ReadAction\",\"target\":[\"https:\/\/sandzakpress.net\/arhiva\/prijedor-napadnuti-zbog-majice-sa-zastavom-bih\/\"]}]},{\"@type\":\"ImageObject\",\"inLanguage\":\"bs-BA\",\"@id\":\"https:\/\/sandzakpress.net\/arhiva\/prijedor-napadnuti-zbog-majice-sa-zastavom-bih\/#primaryimage\",\"url\":\"https:\/\/sandzakpress.net\/arhiva\/wp-content\/uploads\/2015\/08\/prijedor-napadnuti-zbog-majice-sa-zastavom-bih_14386912891.jpg\",\"contentUrl\":\"https:\/\/sandzakpress.net\/arhiva\/wp-content\/uploads\/2015\/08\/prijedor-napadnuti-zbog-majice-sa-zastavom-bih_14386912891.jpg\",\"width\":1920,\"height\":1280},{\"@type\":\"BreadcrumbList\",\"@id\":\"https:\/\/sandzakpress.net\/arhiva\/prijedor-napadnuti-zbog-majice-sa-zastavom-bih\/#breadcrumb\",\"itemListElement\":[{\"@type\":\"ListItem\",\"position\":1,\"name\":\"Home\",\"item\":\"https:\/\/sandzakpress.net\/arhiva\/\"},{\"@type\":\"ListItem\",\"position\":2,\"name\":\"Prijedor: Napadnuti zbog majice sa zastavom BiH\"}]},{\"@type\":\"WebSite\",\"@id\":\"https:\/\/sandzakpress.net\/arhiva\/#website\",\"url\":\"https:\/\/sandzakpress.net\/arhiva\/\",\"name\":\"Sand\u017eak PRESS\",\"description\":\"Prve elektronske novine u Sand\u017eaku\",\"publisher\":{\"@id\":\"https:\/\/sandzakpress.net\/arhiva\/#\/schema\/person\/6e72b67d6e51910a1117b3b483ba20bd\"},\"potentialAction\":[{\"@type\":\"SearchAction\",\"target\":{\"@type\":\"EntryPoint\",\"urlTemplate\":\"https:\/\/sandzakpress.net\/arhiva\/?s={search_term_string}\"},\"query-input\":{\"@type\":\"PropertyValueSpecification\",\"valueRequired\":true,\"valueName\":\"search_term_string\"}}],\"inLanguage\":\"bs-BA\"},{\"@type\":[\"Person\",\"Organization\"],\"@id\":\"https:\/\/sandzakpress.net\/arhiva\/#\/schema\/person\/6e72b67d6e51910a1117b3b483ba20bd\",\"name\":\"Kul\",\"image\":{\"@type\":\"ImageObject\",\"inLanguage\":\"bs-BA\",\"@id\":\"https:\/\/sandzakpress.net\/arhiva\/#\/schema\/person\/image\/\",\"url\":\"https:\/\/secure.gravatar.com\/avatar\/42263f39aa27ac04c43cab85c280eb2e?s=96&d=mm&r=pg\",\"contentUrl\":\"https:\/\/secure.gravatar.com\/avatar\/42263f39aa27ac04c43cab85c280eb2e?s=96&d=mm&r=pg\",\"caption\":\"Kul\"},\"logo\":{\"@id\":\"https:\/\/sandzakpress.net\/arhiva\/#\/schema\/person\/image\/\"}},{\"@type\":\"Person\",\"@id\":\"https:\/\/sandzakpress.net\/arhiva\/#\/schema\/person\/c8baee722073534b583ea7bdb2e36c02\",\"name\":\"bosniak\",\"image\":{\"@type\":\"ImageObject\",\"inLanguage\":\"bs-BA\",\"@id\":\"https:\/\/sandzakpress.net\/arhiva\/#\/schema\/person\/image\/\",\"url\":\"https:\/\/secure.gravatar.com\/avatar\/a04fd330bfe3a36a72a0ad4a6d89fca7?s=96&d=mm&r=pg\",\"contentUrl\":\"https:\/\/secure.gravatar.com\/avatar\/a04fd330bfe3a36a72a0ad4a6d89fca7?s=96&d=mm&r=pg\",\"caption\":\"bosniak\"},\"url\":\"https:\/\/sandzakpress.net\/arhiva\/author\/bosniak\/\"}]}<\/script>\n<!-- \/ Yoast SEO Premium plugin. -->","yoast_head_json":{"title":"Prijedor: Napadnuti zbog majice sa zastavom BiH","robots":{"index":"index","follow":"follow","max-snippet":"max-snippet:-1","max-image-preview":"max-image-preview:large","max-video-preview":"max-video-preview:-1"},"canonical":"https:\/\/sandzakpress.net\/arhiva\/prijedor-napadnuti-zbog-majice-sa-zastavom-bih\/","og_locale":"bs_BA","og_type":"article","og_title":"Prijedor: Napadnuti zbog majice sa zastavom BiH","og_description":"Prijedor \u2013 Delegat u Klubu Bo\u0161njaka Vije\u0107a naroda RS-a Elvedin Hamzi\u0107 upozorio je danas da se moraju pove\u0107ati mjere sigurnosti Bo\u0161njaka u Republici Srpskoj da se ne bi doga\u0111ali slu\u010dajevi kao \u0161to je ju\u010dera\u0161nji u Prijedoru kada su napadnuta dvojica bo\u0161nja\u010dkih mladi\u0107a samo zato \u0161to je jedan od njih nosio majicu s oslikanom zastavom dr\u017eave [&hellip;]","og_url":"https:\/\/sandzakpress.net\/arhiva\/prijedor-napadnuti-zbog-majice-sa-zastavom-bih\/","og_site_name":"Sand\u017eak PRESS","article_published_time":"2015-08-04T15:28:56+00:00","og_image":[{"width":1920,"height":1280,"url":"https:\/\/sandzakpress.net\/arhiva\/wp-content\/uploads\/2015\/08\/prijedor-napadnuti-zbog-majice-sa-zastavom-bih_14386912891.jpg","type":"image\/jpeg"}],"author":"bosniak","twitter_card":"summary_large_image","twitter_misc":{"Written by":"bosniak","Est. reading time":"2 minute"},"schema":{"@context":"https:\/\/schema.org","@graph":[{"@type":"Article","@id":"https:\/\/sandzakpress.net\/arhiva\/prijedor-napadnuti-zbog-majice-sa-zastavom-bih\/#article","isPartOf":{"@id":"https:\/\/sandzakpress.net\/arhiva\/prijedor-napadnuti-zbog-majice-sa-zastavom-bih\/"},"author":{"name":"bosniak","@id":"https:\/\/sandzakpress.net\/arhiva\/#\/schema\/person\/c8baee722073534b583ea7bdb2e36c02"},"headline":"Prijedor: Napadnuti zbog majice sa zastavom BiH","datePublished":"2015-08-04T15:28:56+00:00","mainEntityOfPage":{"@id":"https:\/\/sandzakpress.net\/arhiva\/prijedor-napadnuti-zbog-majice-sa-zastavom-bih\/"},"wordCount":362,"commentCount":2,"publisher":{"@id":"https:\/\/sandzakpress.net\/arhiva\/#\/schema\/person\/6e72b67d6e51910a1117b3b483ba20bd"},"image":{"@id":"https:\/\/sandzakpress.net\/arhiva\/prijedor-napadnuti-zbog-majice-sa-zastavom-bih\/#primaryimage"},"thumbnailUrl":"https:\/\/sandzakpress.net\/arhiva\/wp-content\/uploads\/2015\/08\/prijedor-napadnuti-zbog-majice-sa-zastavom-bih_14386912891.jpg","keywords":["Bosna i Hercegovina"],"articleSection":["Bosna PRESS"],"inLanguage":"bs-BA","potentialAction":[{"@type":"CommentAction","name":"Comment","target":["https:\/\/sandzakpress.net\/arhiva\/prijedor-napadnuti-zbog-majice-sa-zastavom-bih\/#respond"]}]},{"@type":"WebPage","@id":"https:\/\/sandzakpress.net\/arhiva\/prijedor-napadnuti-zbog-majice-sa-zastavom-bih\/","url":"https:\/\/sandzakpress.net\/arhiva\/prijedor-napadnuti-zbog-majice-sa-zastavom-bih\/","name":"Prijedor: Napadnuti zbog majice sa zastavom BiH","isPartOf":{"@id":"https:\/\/sandzakpress.net\/arhiva\/#website"},"primaryImageOfPage":{"@id":"https:\/\/sandzakpress.net\/arhiva\/prijedor-napadnuti-zbog-majice-sa-zastavom-bih\/#primaryimage"},"image":{"@id":"https:\/\/sandzakpress.net\/arhiva\/prijedor-napadnuti-zbog-majice-sa-zastavom-bih\/#primaryimage"},"thumbnailUrl":"https:\/\/sandzakpress.net\/arhiva\/wp-content\/uploads\/2015\/08\/prijedor-napadnuti-zbog-majice-sa-zastavom-bih_14386912891.jpg","datePublished":"2015-08-04T15:28:56+00:00","breadcrumb":{"@id":"https:\/\/sandzakpress.net\/arhiva\/prijedor-napadnuti-zbog-majice-sa-zastavom-bih\/#breadcrumb"},"inLanguage":"bs-BA","potentialAction":[{"@type":"ReadAction","target":["https:\/\/sandzakpress.net\/arhiva\/prijedor-napadnuti-zbog-majice-sa-zastavom-bih\/"]}]},{"@type":"ImageObject","inLanguage":"bs-BA","@id":"https:\/\/sandzakpress.net\/arhiva\/prijedor-napadnuti-zbog-majice-sa-zastavom-bih\/#primaryimage","url":"https:\/\/sandzakpress.net\/arhiva\/wp-content\/uploads\/2015\/08\/prijedor-napadnuti-zbog-majice-sa-zastavom-bih_14386912891.jpg","contentUrl":"https:\/\/sandzakpress.net\/arhiva\/wp-content\/uploads\/2015\/08\/prijedor-napadnuti-zbog-majice-sa-zastavom-bih_14386912891.jpg","width":1920,"height":1280},{"@type":"BreadcrumbList","@id":"https:\/\/sandzakpress.net\/arhiva\/prijedor-napadnuti-zbog-majice-sa-zastavom-bih\/#breadcrumb","itemListElement":[{"@type":"ListItem","position":1,"name":"Home","item":"https:\/\/sandzakpress.net\/arhiva\/"},{"@type":"ListItem","position":2,"name":"Prijedor: Napadnuti zbog majice sa zastavom BiH"}]},{"@type":"WebSite","@id":"https:\/\/sandzakpress.net\/arhiva\/#website","url":"https:\/\/sandzakpress.net\/arhiva\/","name":"Sand\u017eak PRESS","description":"Prve elektronske novine u Sand\u017eaku","publisher":{"@id":"https:\/\/sandzakpress.net\/arhiva\/#\/schema\/person\/6e72b67d6e51910a1117b3b483ba20bd"},"potentialAction":[{"@type":"SearchAction","target":{"@type":"EntryPoint","urlTemplate":"https:\/\/sandzakpress.net\/arhiva\/?s={search_term_string}"},"query-input":{"@type":"PropertyValueSpecification","valueRequired":true,"valueName":"search_term_string"}}],"inLanguage":"bs-BA"},{"@type":["Person","Organization"],"@id":"https:\/\/sandzakpress.net\/arhiva\/#\/schema\/person\/6e72b67d6e51910a1117b3b483ba20bd","name":"Kul","image":{"@type":"ImageObject","inLanguage":"bs-BA","@id":"https:\/\/sandzakpress.net\/arhiva\/#\/schema\/person\/image\/","url":"https:\/\/secure.gravatar.com\/avatar\/42263f39aa27ac04c43cab85c280eb2e?s=96&d=mm&r=pg","contentUrl":"https:\/\/secure.gravatar.com\/avatar\/42263f39aa27ac04c43cab85c280eb2e?s=96&d=mm&r=pg","caption":"Kul"},"logo":{"@id":"https:\/\/sandzakpress.net\/arhiva\/#\/schema\/person\/image\/"}},{"@type":"Person","@id":"https:\/\/sandzakpress.net\/arhiva\/#\/schema\/person\/c8baee722073534b583ea7bdb2e36c02","name":"bosniak","image":{"@type":"ImageObject","inLanguage":"bs-BA","@id":"https:\/\/sandzakpress.net\/arhiva\/#\/schema\/person\/image\/","url":"https:\/\/secure.gravatar.com\/avatar\/a04fd330bfe3a36a72a0ad4a6d89fca7?s=96&d=mm&r=pg","contentUrl":"https:\/\/secure.gravatar.com\/avatar\/a04fd330bfe3a36a72a0ad4a6d89fca7?s=96&d=mm&r=pg","caption":"bosniak"},"url":"https:\/\/sandzakpress.net\/arhiva\/author\/bosniak\/"}]}},"_links":{"self":[{"href":"https:\/\/sandzakpress.net\/arhiva\/wp-json\/wp\/v2\/posts\/132504"}],"collection":[{"href":"https:\/\/sandzakpress.net\/arhiva\/wp-json\/wp\/v2\/posts"}],"about":[{"href":"https:\/\/sandzakpress.net\/arhiva\/wp-json\/wp\/v2\/types\/post"}],"author":[{"embeddable":true,"href":"https:\/\/sandzakpress.net\/arhiva\/wp-json\/wp\/v2\/users\/83"}],"replies":[{"embeddable":true,"href":"https:\/\/sandzakpress.net\/arhiva\/wp-json\/wp\/v2\/comments?post=132504"}],"version-history":[{"count":0,"href":"https:\/\/sandzakpress.net\/arhiva\/wp-json\/wp\/v2\/posts\/132504\/revisions"}],"wp:featuredmedia":[{"embeddable":true,"href":"https:\/\/sandzakpress.net\/arhiva\/wp-json\/wp\/v2\/media\/132506"}],"wp:attachment":[{"href":"https:\/\/sandzakpress.net\/arhiva\/wp-json\/wp\/v2\/media?parent=132504"}],"wp:term":[{"taxonomy":"category","embeddable":true,"href":"https:\/\/sandzakpress.net\/arhiva\/wp-json\/wp\/v2\/categories?post=132504"},{"taxonomy":"post_tag","embeddable":true,"href":"https:\/\/sandzakpress.net\/arhiva\/wp-json\/wp\/v2\/tags?post=132504"}],"curies":[{"name":"wp","href":"https:\/\/api.w.org\/{rel}","templated":true}]}}