{"id":13248,"date":"2011-02-28T12:01:59","date_gmt":"2011-02-28T11:01:59","guid":{"rendered":"https:\/\/sandzakpress.net\/arhiva\/?p=13248"},"modified":"2011-02-28T12:01:59","modified_gmt":"2011-02-28T11:01:59","slug":"naci-pocinioce-zlocina-u-strpcima","status":"publish","type":"post","link":"https:\/\/sandzakpress.net\/arhiva\/naci-pocinioce-zlocina-u-strpcima\/","title":{"rendered":"Na\u0107i po\u010dinioce zlo\u010dina u \u0160trpcima"},"content":{"rendered":"<p><strong><a href=\"https:\/\/sandzakpress.net\/arhiva\/wp-content\/uploads\/2011\/02\/5594795164d497fab6497a712886942_368x259.jpg\"><img loading=\"lazy\" decoding=\"async\" class=\"alignleft size-medium wp-image-13249\" src=\"https:\/\/sandzakpress.net\/arhiva\/wp-content\/uploads\/2011\/02\/5594795164d497fab6497a712886942_368x259-300x211.jpg\" alt=\"\" width=\"300\" height=\"211\" \/><\/a>Prijepolje &#8211;\u00a0 Tada je 19 gra\u0111ana Savezne Republike Jugoslavije, od kojih je 18 bilo bo\u0161nja\u010dke i jedan hrvatske nacionalnosti, oteto iz voza na \u017eelezni\u010dkoj stanici u \u0160trpcima i kasnije ubijeno.<\/strong><\/p>\n<p>Na dana\u0161njoj tribini u Prijepolju, organizovanoj povodom 18-godi\u0161njice tog zlo\u010dina, 16 nevladinih organizacija zatra\u017eilo je od dr\u017eave da prona\u0111u po\u010dinioce, a da ubijeni dobiju status \u017ertve i da se njihovim porodicama isplati obe\u0161te\u0107enje.<\/p>\n<p><strong>Zamenik ombudsmana Milo\u0161 Jankovi\u0107<\/strong> je rekao da je zlo\u010din u \u0160trpcima bio etni\u010dki motivisan i rukovo\u0111en nacionalnom netrpeljivo\u0161\u0107u koja, kako je rekao, ide do krajnjih granica.<\/p>\n<p>&#8220;Taj zlo\u010din predstavlja jednu od najtamnijih mrlja u na\u0161oj novijoj istoriji, naro\u010dito zbog toga \u0161to na\u0161a dr\u017eava nedopustivo dugo okleva da ga rasvijetli&#8221;, rekao je Jankovi\u0107 dodav\u0161i da je pora\u017eavaju\u0107e to da do dana dana\u0161njeg nije sprovedena efikasna i nepristrasna istraga.<\/p>\n<p>&#8220;Za\u0161titnik gra\u0111ana kao dr\u017eavni organ osu\u0111uje navedeni zlo\u010din nad nedu\u017enim gra\u0111anima, posebno to \u0161to je on bio motivisan etni\u010dkom mr\u017enjom i smatra da ovaj kao i svi ostali sli\u010dni doga\u0111aji u Sand\u017eaku i ostalim djelovima zemlje ne smeju biti zaboravljani&#8221;, rekao je Jankovi\u0107.<\/p>\n<p>On je poru\u010dio da je neophodno da krivci budu prona\u0111eni i ka\u017enjeni, kao i svi nosioci dr\u017eavnih funcija koji su znali ili trebali znati za te zlo\u010dine, a nisu preduzeli potrebne mjere da ih sprije\u010de.<\/p>\n<p>Jankovi\u0107 je upozorio da \u0107e sve do tada oni nastaviti da bitno uznemiravaju sve gra\u0111ane Srbije stvaraju\u0107i plodno tle za manipulaciju koja mo\u017ee izazvati duboku me\u0111unacionalnu polarizaciju.<\/p>\n<p><strong>Zamenik poverenika za ravnopravnost Milovan Batak<\/strong> je rekao da svaki zlo\u010din mora da bude ka\u017enjen i da svi dr\u017eavni organi treba da sprovedu istragu kako bi se saznala puna istina o tome \u0161ta se u stanici \u0160trpci de\u0161avalo.<\/p>\n<p>Prema njegovim rije\u010dima, porodicama stradalih je neophodno obezbijediti ne samo moralnu ve\u0107 i materijalnu satisfakciju i zato na tome treba insistirati kod Ministarstva pravde.<\/p>\n<p><strong>Predsjednik Gra\u0111anske inicijative Miljenko Dereta<\/strong> je primjetio da zlo\u010din u \u0160trpcima nije adekvatno vrednovan i da o njemu ne treba govoriti u pro\u0161lom vremenu, jer ljudi koji su taj zlo\u010din organizovali i po\u010dinili i danas postoje, kao \u0161to postoje i pravdi jo\u0161 uvjek nisu privedeni ha\u0161ki begunci &#8211; Ratko Mladi\u0107 i Goran Had\u017ei\u0107.<\/p>\n<p>&#8220;Jako je va\u017eno da gra\u0111ani shvate svoju ulogu i da izvr\u0161e pritisak na institucije kako bi zlo\u010din bio ka\u017enjen, a pravda sprovedena&#8221;, rekao je Dereta koji se zalo\u017eio za pam\u0107enje i obele\u017eavanje se\u0107anja.<\/p>\n<p>&#8220;Potrebno je da promovi\u0161emo tu vrstu sje\u0107anja, druga\u010diju vrstu vrijednosti i razumevanja razli\u010ditosti, da pove\u017eemo ljude druga\u010dijom vrstom kmunikacija koja bi morala doprinjeti boljem upoznavanju i razumevanju. Neophodno je sve to pamtiti da bi se izbjeglo da se ponovi&#8221;, kazao je Dereta.<\/p>\n<p>Tribina je bila posve\u0107ena podsje\u0107anju i na zlo\u010din u Severinu iz oktobra 1992. godine, kada je iz autobusa kidnapovano 16 stanovnika tog grada, a njihovi posmrtni ostaci nikada nisu prona\u0111eni.<\/p>\n<p>Organizator zlo\u010dina u \u0160trpcu i Sjeverinu Milan Luki\u0107, iako provestepeno osu\u0111en u Hagu za zlo\u010dine u Vi\u0161egradu, nikada nije odgovarao za ove zlo\u010dine.<\/p>\n<p>Tribinu u Prijepolju su podr\u017eali ambasada Velike Britanije u Beogradu i Fond za otvoreno dru\u0161tvo, kao i Misija OEBS-a u Srbiji.<\/p>\n<p>Predsjednik vladine Komisije za nestale Veljko Odalovi\u0107 saop\u0107io je ju\u010der na konferenciji za novinare da se me\u0111u posmrtnim ostacima prona\u0111enim u jezeru Peru\u0107ac nalaze i ostaci dva putnika oteta iz voza Beograd-Bar u \u0160trpcima u februaru 1993. godine.<\/p>\n<p>Re\u010d je o Rasimu \u0106ori\u0107u iz Prijepolja i Jusufu Rastoederu iz Berana, rekao je Odalovi\u0107 i dodao da su njihovi posmrtni ostaci me\u0111u 11 skeleta prona\u0111enih letos prilikom pretra\u017eivanja jezera Peru\u0107ac.<\/p>\n<p>U toku tribine u Prijepolju o\u0161te\u0107eno je vozilo koje je prevozilo saradnike sand\u017ea\u010dkog odbora iz Novog Pazara.<\/p>\n<p>Izvor: <strong>B92.net<\/strong><\/p>\n","protected":false},"excerpt":{"rendered":"<p>Prijepolje &#8211;\u00a0 Tada je 19 gra\u0111ana Savezne Republike Jugoslavije, od kojih je 18 bilo bo\u0161nja\u010dke i jedan hrvatske nacionalnosti, oteto iz voza na \u017eelezni\u010dkoj stanici u \u0160trpcima i kasnije ubijeno. Na dana\u0161njoj tribini u Prijepolju, organizovanoj povodom 18-godi\u0161njice tog zlo\u010dina, 16 nevladinih organizacija zatra\u017eilo je od dr\u017eave da prona\u0111u po\u010dinioce, a da ubijeni dobiju status [&hellip;]<\/p>\n","protected":false},"author":13,"featured_media":13249,"comment_status":"open","ping_status":"open","sticky":false,"template":"","format":"standard","meta":{"footnotes":""},"categories":[392,5],"tags":[],"class_list":{"0":"post-13248","1":"post","2":"type-post","3":"status-publish","4":"format-standard","5":"has-post-thumbnail","7":"category-prijepolje_","8":"category-drustvo"},"yoast_head":"<!-- This site is optimized with the Yoast SEO Premium plugin v23.1 (Yoast SEO v24.9) - https:\/\/yoast.com\/wordpress\/plugins\/seo\/ -->\n<title>Na\u0107i po\u010dinioce zlo\u010dina u \u0160trpcima<\/title>\n<meta name=\"robots\" content=\"index, follow, max-snippet:-1, max-image-preview:large, max-video-preview:-1\" \/>\n<link rel=\"canonical\" href=\"https:\/\/sandzakpress.net\/arhiva\/naci-pocinioce-zlocina-u-strpcima\/\" \/>\n<meta property=\"og:locale\" content=\"bs_BA\" \/>\n<meta property=\"og:type\" content=\"article\" \/>\n<meta property=\"og:title\" content=\"Na\u0107i po\u010dinioce zlo\u010dina u \u0160trpcima\" \/>\n<meta property=\"og:description\" content=\"Prijepolje &#8211;\u00a0 Tada je 19 gra\u0111ana Savezne Republike Jugoslavije, od kojih je 18 bilo bo\u0161nja\u010dke i jedan hrvatske nacionalnosti, oteto iz voza na \u017eelezni\u010dkoj stanici u \u0160trpcima i kasnije ubijeno. Na dana\u0161njoj tribini u Prijepolju, organizovanoj povodom 18-godi\u0161njice tog zlo\u010dina, 16 nevladinih organizacija zatra\u017eilo je od dr\u017eave da prona\u0111u po\u010dinioce, a da ubijeni dobiju status [&hellip;]\" \/>\n<meta property=\"og:url\" content=\"https:\/\/sandzakpress.net\/arhiva\/naci-pocinioce-zlocina-u-strpcima\/\" \/>\n<meta property=\"og:site_name\" content=\"Sand\u017eak PRESS\" \/>\n<meta property=\"article:published_time\" content=\"2011-02-28T11:01:59+00:00\" \/>\n<meta property=\"og:image\" content=\"https:\/\/sandzakpress.net\/arhiva\/wp-content\/uploads\/2011\/02\/5594795164d497fab6497a712886942_368x259.jpg\" \/>\n\t<meta property=\"og:image:width\" content=\"368\" \/>\n\t<meta property=\"og:image:height\" content=\"259\" \/>\n\t<meta property=\"og:image:type\" content=\"image\/jpeg\" \/>\n<meta name=\"twitter:card\" content=\"summary_large_image\" \/>\n<meta name=\"twitter:label1\" content=\"Written by\" \/>\n\t<meta name=\"twitter:data1\" content=\"\" \/>\n\t<meta name=\"twitter:label2\" content=\"Est. reading time\" \/>\n\t<meta name=\"twitter:data2\" content=\"3 minute\" \/>\n<script type=\"application\/ld+json\" class=\"yoast-schema-graph\">{\"@context\":\"https:\/\/schema.org\",\"@graph\":[{\"@type\":\"Article\",\"@id\":\"https:\/\/sandzakpress.net\/arhiva\/naci-pocinioce-zlocina-u-strpcima\/#article\",\"isPartOf\":{\"@id\":\"https:\/\/sandzakpress.net\/arhiva\/naci-pocinioce-zlocina-u-strpcima\/\"},\"author\":{\"name\":\"\",\"@id\":\"\"},\"headline\":\"Na\u0107i po\u010dinioce zlo\u010dina u \u0160trpcima\",\"datePublished\":\"2011-02-28T11:01:59+00:00\",\"mainEntityOfPage\":{\"@id\":\"https:\/\/sandzakpress.net\/arhiva\/naci-pocinioce-zlocina-u-strpcima\/\"},\"wordCount\":689,\"commentCount\":0,\"publisher\":{\"@id\":\"https:\/\/sandzakpress.net\/arhiva\/#\/schema\/person\/6e72b67d6e51910a1117b3b483ba20bd\"},\"image\":{\"@id\":\"https:\/\/sandzakpress.net\/arhiva\/naci-pocinioce-zlocina-u-strpcima\/#primaryimage\"},\"thumbnailUrl\":\"https:\/\/sandzakpress.net\/arhiva\/wp-content\/uploads\/2011\/02\/5594795164d497fab6497a712886942_368x259.jpg\",\"articleSection\":[\"Prijepolje\",\"Dru\u0161tvo\"],\"inLanguage\":\"bs-BA\",\"potentialAction\":[{\"@type\":\"CommentAction\",\"name\":\"Comment\",\"target\":[\"https:\/\/sandzakpress.net\/arhiva\/naci-pocinioce-zlocina-u-strpcima\/#respond\"]}]},{\"@type\":\"WebPage\",\"@id\":\"https:\/\/sandzakpress.net\/arhiva\/naci-pocinioce-zlocina-u-strpcima\/\",\"url\":\"https:\/\/sandzakpress.net\/arhiva\/naci-pocinioce-zlocina-u-strpcima\/\",\"name\":\"Na\u0107i po\u010dinioce zlo\u010dina u \u0160trpcima\",\"isPartOf\":{\"@id\":\"https:\/\/sandzakpress.net\/arhiva\/#website\"},\"primaryImageOfPage\":{\"@id\":\"https:\/\/sandzakpress.net\/arhiva\/naci-pocinioce-zlocina-u-strpcima\/#primaryimage\"},\"image\":{\"@id\":\"https:\/\/sandzakpress.net\/arhiva\/naci-pocinioce-zlocina-u-strpcima\/#primaryimage\"},\"thumbnailUrl\":\"https:\/\/sandzakpress.net\/arhiva\/wp-content\/uploads\/2011\/02\/5594795164d497fab6497a712886942_368x259.jpg\",\"datePublished\":\"2011-02-28T11:01:59+00:00\",\"breadcrumb\":{\"@id\":\"https:\/\/sandzakpress.net\/arhiva\/naci-pocinioce-zlocina-u-strpcima\/#breadcrumb\"},\"inLanguage\":\"bs-BA\",\"potentialAction\":[{\"@type\":\"ReadAction\",\"target\":[\"https:\/\/sandzakpress.net\/arhiva\/naci-pocinioce-zlocina-u-strpcima\/\"]}]},{\"@type\":\"ImageObject\",\"inLanguage\":\"bs-BA\",\"@id\":\"https:\/\/sandzakpress.net\/arhiva\/naci-pocinioce-zlocina-u-strpcima\/#primaryimage\",\"url\":\"https:\/\/sandzakpress.net\/arhiva\/wp-content\/uploads\/2011\/02\/5594795164d497fab6497a712886942_368x259.jpg\",\"contentUrl\":\"https:\/\/sandzakpress.net\/arhiva\/wp-content\/uploads\/2011\/02\/5594795164d497fab6497a712886942_368x259.jpg\",\"width\":368,\"height\":259},{\"@type\":\"BreadcrumbList\",\"@id\":\"https:\/\/sandzakpress.net\/arhiva\/naci-pocinioce-zlocina-u-strpcima\/#breadcrumb\",\"itemListElement\":[{\"@type\":\"ListItem\",\"position\":1,\"name\":\"Home\",\"item\":\"https:\/\/sandzakpress.net\/arhiva\/\"},{\"@type\":\"ListItem\",\"position\":2,\"name\":\"Na\u0107i po\u010dinioce zlo\u010dina u \u0160trpcima\"}]},{\"@type\":\"WebSite\",\"@id\":\"https:\/\/sandzakpress.net\/arhiva\/#website\",\"url\":\"https:\/\/sandzakpress.net\/arhiva\/\",\"name\":\"Sand\u017eak PRESS\",\"description\":\"Prve elektronske novine u Sand\u017eaku\",\"publisher\":{\"@id\":\"https:\/\/sandzakpress.net\/arhiva\/#\/schema\/person\/6e72b67d6e51910a1117b3b483ba20bd\"},\"potentialAction\":[{\"@type\":\"SearchAction\",\"target\":{\"@type\":\"EntryPoint\",\"urlTemplate\":\"https:\/\/sandzakpress.net\/arhiva\/?s={search_term_string}\"},\"query-input\":{\"@type\":\"PropertyValueSpecification\",\"valueRequired\":true,\"valueName\":\"search_term_string\"}}],\"inLanguage\":\"bs-BA\"},{\"@type\":[\"Person\",\"Organization\"],\"@id\":\"https:\/\/sandzakpress.net\/arhiva\/#\/schema\/person\/6e72b67d6e51910a1117b3b483ba20bd\",\"name\":\"Kul\",\"image\":{\"@type\":\"ImageObject\",\"inLanguage\":\"bs-BA\",\"@id\":\"https:\/\/sandzakpress.net\/arhiva\/#\/schema\/person\/image\/\",\"url\":\"https:\/\/secure.gravatar.com\/avatar\/42263f39aa27ac04c43cab85c280eb2e?s=96&d=mm&r=pg\",\"contentUrl\":\"https:\/\/secure.gravatar.com\/avatar\/42263f39aa27ac04c43cab85c280eb2e?s=96&d=mm&r=pg\",\"caption\":\"Kul\"},\"logo\":{\"@id\":\"https:\/\/sandzakpress.net\/arhiva\/#\/schema\/person\/image\/\"}},{\"@type\":\"Person\",\"@id\":\"\",\"url\":\"https:\/\/sandzakpress.net\/arhiva\/author\/\"}]}<\/script>\n<!-- \/ Yoast SEO Premium plugin. -->","yoast_head_json":{"title":"Na\u0107i po\u010dinioce zlo\u010dina u \u0160trpcima","robots":{"index":"index","follow":"follow","max-snippet":"max-snippet:-1","max-image-preview":"max-image-preview:large","max-video-preview":"max-video-preview:-1"},"canonical":"https:\/\/sandzakpress.net\/arhiva\/naci-pocinioce-zlocina-u-strpcima\/","og_locale":"bs_BA","og_type":"article","og_title":"Na\u0107i po\u010dinioce zlo\u010dina u \u0160trpcima","og_description":"Prijepolje &#8211;\u00a0 Tada je 19 gra\u0111ana Savezne Republike Jugoslavije, od kojih je 18 bilo bo\u0161nja\u010dke i jedan hrvatske nacionalnosti, oteto iz voza na \u017eelezni\u010dkoj stanici u \u0160trpcima i kasnije ubijeno. Na dana\u0161njoj tribini u Prijepolju, organizovanoj povodom 18-godi\u0161njice tog zlo\u010dina, 16 nevladinih organizacija zatra\u017eilo je od dr\u017eave da prona\u0111u po\u010dinioce, a da ubijeni dobiju status [&hellip;]","og_url":"https:\/\/sandzakpress.net\/arhiva\/naci-pocinioce-zlocina-u-strpcima\/","og_site_name":"Sand\u017eak PRESS","article_published_time":"2011-02-28T11:01:59+00:00","og_image":[{"width":368,"height":259,"url":"https:\/\/sandzakpress.net\/arhiva\/wp-content\/uploads\/2011\/02\/5594795164d497fab6497a712886942_368x259.jpg","type":"image\/jpeg"}],"twitter_card":"summary_large_image","twitter_misc":{"Written by":"","Est. reading time":"3 minute"},"schema":{"@context":"https:\/\/schema.org","@graph":[{"@type":"Article","@id":"https:\/\/sandzakpress.net\/arhiva\/naci-pocinioce-zlocina-u-strpcima\/#article","isPartOf":{"@id":"https:\/\/sandzakpress.net\/arhiva\/naci-pocinioce-zlocina-u-strpcima\/"},"author":{"name":"","@id":""},"headline":"Na\u0107i po\u010dinioce zlo\u010dina u \u0160trpcima","datePublished":"2011-02-28T11:01:59+00:00","mainEntityOfPage":{"@id":"https:\/\/sandzakpress.net\/arhiva\/naci-pocinioce-zlocina-u-strpcima\/"},"wordCount":689,"commentCount":0,"publisher":{"@id":"https:\/\/sandzakpress.net\/arhiva\/#\/schema\/person\/6e72b67d6e51910a1117b3b483ba20bd"},"image":{"@id":"https:\/\/sandzakpress.net\/arhiva\/naci-pocinioce-zlocina-u-strpcima\/#primaryimage"},"thumbnailUrl":"https:\/\/sandzakpress.net\/arhiva\/wp-content\/uploads\/2011\/02\/5594795164d497fab6497a712886942_368x259.jpg","articleSection":["Prijepolje","Dru\u0161tvo"],"inLanguage":"bs-BA","potentialAction":[{"@type":"CommentAction","name":"Comment","target":["https:\/\/sandzakpress.net\/arhiva\/naci-pocinioce-zlocina-u-strpcima\/#respond"]}]},{"@type":"WebPage","@id":"https:\/\/sandzakpress.net\/arhiva\/naci-pocinioce-zlocina-u-strpcima\/","url":"https:\/\/sandzakpress.net\/arhiva\/naci-pocinioce-zlocina-u-strpcima\/","name":"Na\u0107i po\u010dinioce zlo\u010dina u \u0160trpcima","isPartOf":{"@id":"https:\/\/sandzakpress.net\/arhiva\/#website"},"primaryImageOfPage":{"@id":"https:\/\/sandzakpress.net\/arhiva\/naci-pocinioce-zlocina-u-strpcima\/#primaryimage"},"image":{"@id":"https:\/\/sandzakpress.net\/arhiva\/naci-pocinioce-zlocina-u-strpcima\/#primaryimage"},"thumbnailUrl":"https:\/\/sandzakpress.net\/arhiva\/wp-content\/uploads\/2011\/02\/5594795164d497fab6497a712886942_368x259.jpg","datePublished":"2011-02-28T11:01:59+00:00","breadcrumb":{"@id":"https:\/\/sandzakpress.net\/arhiva\/naci-pocinioce-zlocina-u-strpcima\/#breadcrumb"},"inLanguage":"bs-BA","potentialAction":[{"@type":"ReadAction","target":["https:\/\/sandzakpress.net\/arhiva\/naci-pocinioce-zlocina-u-strpcima\/"]}]},{"@type":"ImageObject","inLanguage":"bs-BA","@id":"https:\/\/sandzakpress.net\/arhiva\/naci-pocinioce-zlocina-u-strpcima\/#primaryimage","url":"https:\/\/sandzakpress.net\/arhiva\/wp-content\/uploads\/2011\/02\/5594795164d497fab6497a712886942_368x259.jpg","contentUrl":"https:\/\/sandzakpress.net\/arhiva\/wp-content\/uploads\/2011\/02\/5594795164d497fab6497a712886942_368x259.jpg","width":368,"height":259},{"@type":"BreadcrumbList","@id":"https:\/\/sandzakpress.net\/arhiva\/naci-pocinioce-zlocina-u-strpcima\/#breadcrumb","itemListElement":[{"@type":"ListItem","position":1,"name":"Home","item":"https:\/\/sandzakpress.net\/arhiva\/"},{"@type":"ListItem","position":2,"name":"Na\u0107i po\u010dinioce zlo\u010dina u \u0160trpcima"}]},{"@type":"WebSite","@id":"https:\/\/sandzakpress.net\/arhiva\/#website","url":"https:\/\/sandzakpress.net\/arhiva\/","name":"Sand\u017eak PRESS","description":"Prve elektronske novine u Sand\u017eaku","publisher":{"@id":"https:\/\/sandzakpress.net\/arhiva\/#\/schema\/person\/6e72b67d6e51910a1117b3b483ba20bd"},"potentialAction":[{"@type":"SearchAction","target":{"@type":"EntryPoint","urlTemplate":"https:\/\/sandzakpress.net\/arhiva\/?s={search_term_string}"},"query-input":{"@type":"PropertyValueSpecification","valueRequired":true,"valueName":"search_term_string"}}],"inLanguage":"bs-BA"},{"@type":["Person","Organization"],"@id":"https:\/\/sandzakpress.net\/arhiva\/#\/schema\/person\/6e72b67d6e51910a1117b3b483ba20bd","name":"Kul","image":{"@type":"ImageObject","inLanguage":"bs-BA","@id":"https:\/\/sandzakpress.net\/arhiva\/#\/schema\/person\/image\/","url":"https:\/\/secure.gravatar.com\/avatar\/42263f39aa27ac04c43cab85c280eb2e?s=96&d=mm&r=pg","contentUrl":"https:\/\/secure.gravatar.com\/avatar\/42263f39aa27ac04c43cab85c280eb2e?s=96&d=mm&r=pg","caption":"Kul"},"logo":{"@id":"https:\/\/sandzakpress.net\/arhiva\/#\/schema\/person\/image\/"}},{"@type":"Person","@id":"","url":"https:\/\/sandzakpress.net\/arhiva\/author\/"}]}},"_links":{"self":[{"href":"https:\/\/sandzakpress.net\/arhiva\/wp-json\/wp\/v2\/posts\/13248"}],"collection":[{"href":"https:\/\/sandzakpress.net\/arhiva\/wp-json\/wp\/v2\/posts"}],"about":[{"href":"https:\/\/sandzakpress.net\/arhiva\/wp-json\/wp\/v2\/types\/post"}],"author":[{"embeddable":true,"href":"https:\/\/sandzakpress.net\/arhiva\/wp-json\/wp\/v2\/users\/13"}],"replies":[{"embeddable":true,"href":"https:\/\/sandzakpress.net\/arhiva\/wp-json\/wp\/v2\/comments?post=13248"}],"version-history":[{"count":0,"href":"https:\/\/sandzakpress.net\/arhiva\/wp-json\/wp\/v2\/posts\/13248\/revisions"}],"wp:featuredmedia":[{"embeddable":true,"href":"https:\/\/sandzakpress.net\/arhiva\/wp-json\/wp\/v2\/media\/13249"}],"wp:attachment":[{"href":"https:\/\/sandzakpress.net\/arhiva\/wp-json\/wp\/v2\/media?parent=13248"}],"wp:term":[{"taxonomy":"category","embeddable":true,"href":"https:\/\/sandzakpress.net\/arhiva\/wp-json\/wp\/v2\/categories?post=13248"},{"taxonomy":"post_tag","embeddable":true,"href":"https:\/\/sandzakpress.net\/arhiva\/wp-json\/wp\/v2\/tags?post=13248"}],"curies":[{"name":"wp","href":"https:\/\/api.w.org\/{rel}","templated":true}]}}