{"id":132432,"date":"2015-08-04T13:25:29","date_gmt":"2015-08-04T11:25:29","guid":{"rendered":"https:\/\/sandzakpress.net\/arhiva\/izrael-uhapsio-vodu-ekstremisticke-grupe"},"modified":"2015-08-04T13:25:29","modified_gmt":"2015-08-04T11:25:29","slug":"izrael-uhapsio-vodu-ekstremisticke-grupe","status":"publish","type":"post","link":"https:\/\/sandzakpress.net\/arhiva\/izrael-uhapsio-vodu-ekstremisticke-grupe\/","title":{"rendered":"Izrael uhapsio vo\u0111u ekstremisti\u010dke grupe"},"content":{"rendered":"<p><img decoding=\"async\" src=\"http:\/\/balkans.aljazeera.net\/sites\/staff.balkans.aljazeera.com\/files\/styles\/aljazeera_article_main_image\/public\/izrael-policajac-afpgetty-main_0.jpg?itok=rBKpFGfN\" alt=\"Izrael, Policija\" \/><\/p>\n<p><strong>Palestina \u2013 Meir Ettinger, vo\u0111a jevrejske ekstremisti\u010dke grupe, uhap\u0161en je u ponedjeljak i osumnji\u010den za \u201enacionalisti\u010dka krivi\u010dna djela\u201c, saop\u0107ila je policija.<\/strong><\/p>\n<p>Hap\u0161enje Ettingera dolazi nakon \u0161to je palestinska beba \u017eiva spaljena kada su ba\u010dene zapaljive bombe u ku\u0107u na okupiranoj Zapadnoj obali, prenose agencije.<\/p>\n<p>Ettinger, unuk Meira Kahanea, rabina koji je osnovao rasisti\u010dki antiarapski pokret Kach i koji je ubijen 1990. godine, uhap\u0161en je u Safedu na sjeveru Izraela \u201ezbog aktivnosti u jevrejskoj ekstremisti\u010dkoj organizaciji\u201c, kazao je glasnogovornik izraelske obavje\u0161tajne slu\u017ebe Shin Bet agenciji AFP.<\/p>\n<p>Glasnogovornica policije je rekla da Ettinger, koji ima blizu 20 godina, nije optu\u017een za direktnu umije\u0161anost u napad od petka.<\/p>\n<p>Prema pisanju izraelskih medija, on je jedan od idejnih tvoraca napada na kr\u0161\u0107anski hram na sjeveru Izraela 18. juna.<\/p>\n<p>Tako\u0111er se navodi kako je Ettingeru ranije bilo zabranjeno na godinu dana da odlazi na Zapadnu obalu i u Jerusalem.<\/p>\n<p>Januara 2014. godine, ovaj je desni\u010dar, za koga se ka\u017ee da je bio klju\u010dan u uspostavljanju ilegalnih ispostava na Zapadnoj obali proteklih godina, bio talac palestinskih seljana vi\u0161e od dva sata, zajedno sa jo\u0161 nekoliko naseljenika koji su bili sa njim kada je navodno poku\u0161ao izvesti jedan od napada.<\/p>\n<p><strong>Administrativni pritvor<\/strong><\/p>\n<p>U nedjelju je kabinet premijera Benjamina Netanyahua, odobrio kori\u0161tenje mjere administrativnog pritvora i svih neophodnih mjera da se prona\u0111u i privedu osumnji\u010deni za ubijanje palestinske bebe.<\/p>\n<p>Tako\u0111er je odobreno pro\u0161irenje fizi\u010dkih mjera koje se mogu koristiti pri ispitivanju Izraelaca.<\/p>\n<p>Na vanrednoj sjednici u nedjelju nave\u010der, ministri su odobrili da se koriste \u201esva neophodna sredstva\u201c kako bi se uhvatile ubice, koje su bacile zapaljive bombe na dom porodice Dawabsheh.<\/p>\n<p>Tada je \u017eiv spaljen 18-mjese\u010dni Ali Dawabsheh, a njegov brat i njihovi roditelji pretrpjeli su veoma te\u0161ke povrede i trenutno se nalaze u kriti\u010dnom stanju.<\/p>\n<p>Ministri su se tako\u0111er dogovorili da ubrzaju dono\u0161enje zakona za borbu protiv jevrejskog terorizma, prema saop\u0107enju iz Ureda premijera koje su prenijeli izraelski mediji.<\/p>\n<p>Izvor: Agencije<\/p>\n<p>Pogledajte vijest na izvornom sajtu:<\/p>\n<p><a href=\"http:\/\/islampress.net\/dijeli\/izrael-uhapsio-vodu-ekstremisticke-grupe\" target=\"_blank\">Izrael uhapsio vo\u0111u ekstremisti\u010dke grupe<\/a><\/p>\n","protected":false},"excerpt":{"rendered":"<p>Palestina \u2013 Meir Ettinger, vo\u0111a jevrejske ekstremisti\u010dke grupe, uhap\u0161en je u ponedjeljak i osumnji\u010den za \u201enacionalisti\u010dka krivi\u010dna djela\u201c, saop\u0107ila je policija. Hap\u0161enje Ettingera dolazi nakon \u0161to je palestinska beba \u017eiva spaljena kada su ba\u010dene zapaljive bombe u ku\u0107u na okupiranoj Zapadnoj obali, prenose agencije. Ettinger, unuk Meira Kahanea, rabina koji je osnovao rasisti\u010dki antiarapski pokret [&hellip;]<\/p>\n","protected":false},"author":83,"featured_media":132433,"comment_status":"open","ping_status":"open","sticky":false,"template":"","format":"standard","meta":{"footnotes":""},"categories":[9],"tags":[10499],"class_list":{"0":"post-132432","1":"post","2":"type-post","3":"status-publish","4":"format-standard","5":"has-post-thumbnail","7":"category-svijet","8":"tag-a"},"yoast_head":"<!-- This site is optimized with the Yoast SEO Premium plugin v23.1 (Yoast SEO v24.9) - https:\/\/yoast.com\/wordpress\/plugins\/seo\/ -->\n<title>Izrael uhapsio vo\u0111u ekstremisti\u010dke grupe<\/title>\n<meta name=\"robots\" content=\"index, follow, max-snippet:-1, max-image-preview:large, max-video-preview:-1\" \/>\n<link rel=\"canonical\" href=\"https:\/\/sandzakpress.net\/arhiva\/izrael-uhapsio-vodu-ekstremisticke-grupe\/\" \/>\n<meta property=\"og:locale\" content=\"bs_BA\" \/>\n<meta property=\"og:type\" content=\"article\" \/>\n<meta property=\"og:title\" content=\"Izrael uhapsio vo\u0111u ekstremisti\u010dke grupe\" \/>\n<meta property=\"og:description\" content=\"Palestina \u2013 Meir Ettinger, vo\u0111a jevrejske ekstremisti\u010dke grupe, uhap\u0161en je u ponedjeljak i osumnji\u010den za \u201enacionalisti\u010dka krivi\u010dna djela\u201c, saop\u0107ila je policija. Hap\u0161enje Ettingera dolazi nakon \u0161to je palestinska beba \u017eiva spaljena kada su ba\u010dene zapaljive bombe u ku\u0107u na okupiranoj Zapadnoj obali, prenose agencije. Ettinger, unuk Meira Kahanea, rabina koji je osnovao rasisti\u010dki antiarapski pokret [&hellip;]\" \/>\n<meta property=\"og:url\" content=\"https:\/\/sandzakpress.net\/arhiva\/izrael-uhapsio-vodu-ekstremisticke-grupe\/\" \/>\n<meta property=\"og:site_name\" content=\"Sand\u017eak PRESS\" \/>\n<meta property=\"article:published_time\" content=\"2015-08-04T11:25:29+00:00\" \/>\n<meta property=\"og:image\" content=\"https:\/\/sandzakpress.net\/arhiva\/wp-content\/uploads\/2015\/08\/izrael-policajac-afpgetty-main_0.jpg\" \/>\n\t<meta property=\"og:image:width\" content=\"900\" \/>\n\t<meta property=\"og:image:height\" content=\"602\" \/>\n\t<meta property=\"og:image:type\" content=\"image\/jpeg\" \/>\n<meta name=\"author\" content=\"bosniak\" \/>\n<meta name=\"twitter:card\" content=\"summary_large_image\" \/>\n<meta name=\"twitter:label1\" content=\"Written by\" \/>\n\t<meta name=\"twitter:data1\" content=\"bosniak\" \/>\n\t<meta name=\"twitter:label2\" content=\"Est. reading time\" \/>\n\t<meta name=\"twitter:data2\" content=\"2 minute\" \/>\n<script type=\"application\/ld+json\" class=\"yoast-schema-graph\">{\"@context\":\"https:\/\/schema.org\",\"@graph\":[{\"@type\":\"Article\",\"@id\":\"https:\/\/sandzakpress.net\/arhiva\/izrael-uhapsio-vodu-ekstremisticke-grupe\/#article\",\"isPartOf\":{\"@id\":\"https:\/\/sandzakpress.net\/arhiva\/izrael-uhapsio-vodu-ekstremisticke-grupe\/\"},\"author\":{\"name\":\"bosniak\",\"@id\":\"https:\/\/sandzakpress.net\/arhiva\/#\/schema\/person\/c8baee722073534b583ea7bdb2e36c02\"},\"headline\":\"Izrael uhapsio vo\u0111u ekstremisti\u010dke grupe\",\"datePublished\":\"2015-08-04T11:25:29+00:00\",\"mainEntityOfPage\":{\"@id\":\"https:\/\/sandzakpress.net\/arhiva\/izrael-uhapsio-vodu-ekstremisticke-grupe\/\"},\"wordCount\":365,\"commentCount\":0,\"publisher\":{\"@id\":\"https:\/\/sandzakpress.net\/arhiva\/#\/schema\/person\/6e72b67d6e51910a1117b3b483ba20bd\"},\"image\":{\"@id\":\"https:\/\/sandzakpress.net\/arhiva\/izrael-uhapsio-vodu-ekstremisticke-grupe\/#primaryimage\"},\"thumbnailUrl\":\"https:\/\/sandzakpress.net\/arhiva\/wp-content\/uploads\/2015\/08\/izrael-policajac-afpgetty-main_0.jpg\",\"keywords\":[\"A\"],\"articleSection\":[\"Svijet\"],\"inLanguage\":\"bs-BA\",\"potentialAction\":[{\"@type\":\"CommentAction\",\"name\":\"Comment\",\"target\":[\"https:\/\/sandzakpress.net\/arhiva\/izrael-uhapsio-vodu-ekstremisticke-grupe\/#respond\"]}]},{\"@type\":\"WebPage\",\"@id\":\"https:\/\/sandzakpress.net\/arhiva\/izrael-uhapsio-vodu-ekstremisticke-grupe\/\",\"url\":\"https:\/\/sandzakpress.net\/arhiva\/izrael-uhapsio-vodu-ekstremisticke-grupe\/\",\"name\":\"Izrael uhapsio vo\u0111u ekstremisti\u010dke grupe\",\"isPartOf\":{\"@id\":\"https:\/\/sandzakpress.net\/arhiva\/#website\"},\"primaryImageOfPage\":{\"@id\":\"https:\/\/sandzakpress.net\/arhiva\/izrael-uhapsio-vodu-ekstremisticke-grupe\/#primaryimage\"},\"image\":{\"@id\":\"https:\/\/sandzakpress.net\/arhiva\/izrael-uhapsio-vodu-ekstremisticke-grupe\/#primaryimage\"},\"thumbnailUrl\":\"https:\/\/sandzakpress.net\/arhiva\/wp-content\/uploads\/2015\/08\/izrael-policajac-afpgetty-main_0.jpg\",\"datePublished\":\"2015-08-04T11:25:29+00:00\",\"breadcrumb\":{\"@id\":\"https:\/\/sandzakpress.net\/arhiva\/izrael-uhapsio-vodu-ekstremisticke-grupe\/#breadcrumb\"},\"inLanguage\":\"bs-BA\",\"potentialAction\":[{\"@type\":\"ReadAction\",\"target\":[\"https:\/\/sandzakpress.net\/arhiva\/izrael-uhapsio-vodu-ekstremisticke-grupe\/\"]}]},{\"@type\":\"ImageObject\",\"inLanguage\":\"bs-BA\",\"@id\":\"https:\/\/sandzakpress.net\/arhiva\/izrael-uhapsio-vodu-ekstremisticke-grupe\/#primaryimage\",\"url\":\"https:\/\/sandzakpress.net\/arhiva\/wp-content\/uploads\/2015\/08\/izrael-policajac-afpgetty-main_0.jpg\",\"contentUrl\":\"https:\/\/sandzakpress.net\/arhiva\/wp-content\/uploads\/2015\/08\/izrael-policajac-afpgetty-main_0.jpg\",\"width\":900,\"height\":602},{\"@type\":\"BreadcrumbList\",\"@id\":\"https:\/\/sandzakpress.net\/arhiva\/izrael-uhapsio-vodu-ekstremisticke-grupe\/#breadcrumb\",\"itemListElement\":[{\"@type\":\"ListItem\",\"position\":1,\"name\":\"Home\",\"item\":\"https:\/\/sandzakpress.net\/arhiva\/\"},{\"@type\":\"ListItem\",\"position\":2,\"name\":\"Izrael uhapsio vo\u0111u ekstremisti\u010dke grupe\"}]},{\"@type\":\"WebSite\",\"@id\":\"https:\/\/sandzakpress.net\/arhiva\/#website\",\"url\":\"https:\/\/sandzakpress.net\/arhiva\/\",\"name\":\"Sand\u017eak PRESS\",\"description\":\"Prve elektronske novine u Sand\u017eaku\",\"publisher\":{\"@id\":\"https:\/\/sandzakpress.net\/arhiva\/#\/schema\/person\/6e72b67d6e51910a1117b3b483ba20bd\"},\"potentialAction\":[{\"@type\":\"SearchAction\",\"target\":{\"@type\":\"EntryPoint\",\"urlTemplate\":\"https:\/\/sandzakpress.net\/arhiva\/?s={search_term_string}\"},\"query-input\":{\"@type\":\"PropertyValueSpecification\",\"valueRequired\":true,\"valueName\":\"search_term_string\"}}],\"inLanguage\":\"bs-BA\"},{\"@type\":[\"Person\",\"Organization\"],\"@id\":\"https:\/\/sandzakpress.net\/arhiva\/#\/schema\/person\/6e72b67d6e51910a1117b3b483ba20bd\",\"name\":\"Kul\",\"image\":{\"@type\":\"ImageObject\",\"inLanguage\":\"bs-BA\",\"@id\":\"https:\/\/sandzakpress.net\/arhiva\/#\/schema\/person\/image\/\",\"url\":\"https:\/\/secure.gravatar.com\/avatar\/42263f39aa27ac04c43cab85c280eb2e?s=96&d=mm&r=pg\",\"contentUrl\":\"https:\/\/secure.gravatar.com\/avatar\/42263f39aa27ac04c43cab85c280eb2e?s=96&d=mm&r=pg\",\"caption\":\"Kul\"},\"logo\":{\"@id\":\"https:\/\/sandzakpress.net\/arhiva\/#\/schema\/person\/image\/\"}},{\"@type\":\"Person\",\"@id\":\"https:\/\/sandzakpress.net\/arhiva\/#\/schema\/person\/c8baee722073534b583ea7bdb2e36c02\",\"name\":\"bosniak\",\"image\":{\"@type\":\"ImageObject\",\"inLanguage\":\"bs-BA\",\"@id\":\"https:\/\/sandzakpress.net\/arhiva\/#\/schema\/person\/image\/\",\"url\":\"https:\/\/secure.gravatar.com\/avatar\/a04fd330bfe3a36a72a0ad4a6d89fca7?s=96&d=mm&r=pg\",\"contentUrl\":\"https:\/\/secure.gravatar.com\/avatar\/a04fd330bfe3a36a72a0ad4a6d89fca7?s=96&d=mm&r=pg\",\"caption\":\"bosniak\"},\"url\":\"https:\/\/sandzakpress.net\/arhiva\/author\/bosniak\/\"}]}<\/script>\n<!-- \/ Yoast SEO Premium plugin. -->","yoast_head_json":{"title":"Izrael uhapsio vo\u0111u ekstremisti\u010dke grupe","robots":{"index":"index","follow":"follow","max-snippet":"max-snippet:-1","max-image-preview":"max-image-preview:large","max-video-preview":"max-video-preview:-1"},"canonical":"https:\/\/sandzakpress.net\/arhiva\/izrael-uhapsio-vodu-ekstremisticke-grupe\/","og_locale":"bs_BA","og_type":"article","og_title":"Izrael uhapsio vo\u0111u ekstremisti\u010dke grupe","og_description":"Palestina \u2013 Meir Ettinger, vo\u0111a jevrejske ekstremisti\u010dke grupe, uhap\u0161en je u ponedjeljak i osumnji\u010den za \u201enacionalisti\u010dka krivi\u010dna djela\u201c, saop\u0107ila je policija. Hap\u0161enje Ettingera dolazi nakon \u0161to je palestinska beba \u017eiva spaljena kada su ba\u010dene zapaljive bombe u ku\u0107u na okupiranoj Zapadnoj obali, prenose agencije. Ettinger, unuk Meira Kahanea, rabina koji je osnovao rasisti\u010dki antiarapski pokret [&hellip;]","og_url":"https:\/\/sandzakpress.net\/arhiva\/izrael-uhapsio-vodu-ekstremisticke-grupe\/","og_site_name":"Sand\u017eak PRESS","article_published_time":"2015-08-04T11:25:29+00:00","og_image":[{"width":900,"height":602,"url":"https:\/\/sandzakpress.net\/arhiva\/wp-content\/uploads\/2015\/08\/izrael-policajac-afpgetty-main_0.jpg","type":"image\/jpeg"}],"author":"bosniak","twitter_card":"summary_large_image","twitter_misc":{"Written by":"bosniak","Est. reading time":"2 minute"},"schema":{"@context":"https:\/\/schema.org","@graph":[{"@type":"Article","@id":"https:\/\/sandzakpress.net\/arhiva\/izrael-uhapsio-vodu-ekstremisticke-grupe\/#article","isPartOf":{"@id":"https:\/\/sandzakpress.net\/arhiva\/izrael-uhapsio-vodu-ekstremisticke-grupe\/"},"author":{"name":"bosniak","@id":"https:\/\/sandzakpress.net\/arhiva\/#\/schema\/person\/c8baee722073534b583ea7bdb2e36c02"},"headline":"Izrael uhapsio vo\u0111u ekstremisti\u010dke grupe","datePublished":"2015-08-04T11:25:29+00:00","mainEntityOfPage":{"@id":"https:\/\/sandzakpress.net\/arhiva\/izrael-uhapsio-vodu-ekstremisticke-grupe\/"},"wordCount":365,"commentCount":0,"publisher":{"@id":"https:\/\/sandzakpress.net\/arhiva\/#\/schema\/person\/6e72b67d6e51910a1117b3b483ba20bd"},"image":{"@id":"https:\/\/sandzakpress.net\/arhiva\/izrael-uhapsio-vodu-ekstremisticke-grupe\/#primaryimage"},"thumbnailUrl":"https:\/\/sandzakpress.net\/arhiva\/wp-content\/uploads\/2015\/08\/izrael-policajac-afpgetty-main_0.jpg","keywords":["A"],"articleSection":["Svijet"],"inLanguage":"bs-BA","potentialAction":[{"@type":"CommentAction","name":"Comment","target":["https:\/\/sandzakpress.net\/arhiva\/izrael-uhapsio-vodu-ekstremisticke-grupe\/#respond"]}]},{"@type":"WebPage","@id":"https:\/\/sandzakpress.net\/arhiva\/izrael-uhapsio-vodu-ekstremisticke-grupe\/","url":"https:\/\/sandzakpress.net\/arhiva\/izrael-uhapsio-vodu-ekstremisticke-grupe\/","name":"Izrael uhapsio vo\u0111u ekstremisti\u010dke grupe","isPartOf":{"@id":"https:\/\/sandzakpress.net\/arhiva\/#website"},"primaryImageOfPage":{"@id":"https:\/\/sandzakpress.net\/arhiva\/izrael-uhapsio-vodu-ekstremisticke-grupe\/#primaryimage"},"image":{"@id":"https:\/\/sandzakpress.net\/arhiva\/izrael-uhapsio-vodu-ekstremisticke-grupe\/#primaryimage"},"thumbnailUrl":"https:\/\/sandzakpress.net\/arhiva\/wp-content\/uploads\/2015\/08\/izrael-policajac-afpgetty-main_0.jpg","datePublished":"2015-08-04T11:25:29+00:00","breadcrumb":{"@id":"https:\/\/sandzakpress.net\/arhiva\/izrael-uhapsio-vodu-ekstremisticke-grupe\/#breadcrumb"},"inLanguage":"bs-BA","potentialAction":[{"@type":"ReadAction","target":["https:\/\/sandzakpress.net\/arhiva\/izrael-uhapsio-vodu-ekstremisticke-grupe\/"]}]},{"@type":"ImageObject","inLanguage":"bs-BA","@id":"https:\/\/sandzakpress.net\/arhiva\/izrael-uhapsio-vodu-ekstremisticke-grupe\/#primaryimage","url":"https:\/\/sandzakpress.net\/arhiva\/wp-content\/uploads\/2015\/08\/izrael-policajac-afpgetty-main_0.jpg","contentUrl":"https:\/\/sandzakpress.net\/arhiva\/wp-content\/uploads\/2015\/08\/izrael-policajac-afpgetty-main_0.jpg","width":900,"height":602},{"@type":"BreadcrumbList","@id":"https:\/\/sandzakpress.net\/arhiva\/izrael-uhapsio-vodu-ekstremisticke-grupe\/#breadcrumb","itemListElement":[{"@type":"ListItem","position":1,"name":"Home","item":"https:\/\/sandzakpress.net\/arhiva\/"},{"@type":"ListItem","position":2,"name":"Izrael uhapsio vo\u0111u ekstremisti\u010dke grupe"}]},{"@type":"WebSite","@id":"https:\/\/sandzakpress.net\/arhiva\/#website","url":"https:\/\/sandzakpress.net\/arhiva\/","name":"Sand\u017eak PRESS","description":"Prve elektronske novine u Sand\u017eaku","publisher":{"@id":"https:\/\/sandzakpress.net\/arhiva\/#\/schema\/person\/6e72b67d6e51910a1117b3b483ba20bd"},"potentialAction":[{"@type":"SearchAction","target":{"@type":"EntryPoint","urlTemplate":"https:\/\/sandzakpress.net\/arhiva\/?s={search_term_string}"},"query-input":{"@type":"PropertyValueSpecification","valueRequired":true,"valueName":"search_term_string"}}],"inLanguage":"bs-BA"},{"@type":["Person","Organization"],"@id":"https:\/\/sandzakpress.net\/arhiva\/#\/schema\/person\/6e72b67d6e51910a1117b3b483ba20bd","name":"Kul","image":{"@type":"ImageObject","inLanguage":"bs-BA","@id":"https:\/\/sandzakpress.net\/arhiva\/#\/schema\/person\/image\/","url":"https:\/\/secure.gravatar.com\/avatar\/42263f39aa27ac04c43cab85c280eb2e?s=96&d=mm&r=pg","contentUrl":"https:\/\/secure.gravatar.com\/avatar\/42263f39aa27ac04c43cab85c280eb2e?s=96&d=mm&r=pg","caption":"Kul"},"logo":{"@id":"https:\/\/sandzakpress.net\/arhiva\/#\/schema\/person\/image\/"}},{"@type":"Person","@id":"https:\/\/sandzakpress.net\/arhiva\/#\/schema\/person\/c8baee722073534b583ea7bdb2e36c02","name":"bosniak","image":{"@type":"ImageObject","inLanguage":"bs-BA","@id":"https:\/\/sandzakpress.net\/arhiva\/#\/schema\/person\/image\/","url":"https:\/\/secure.gravatar.com\/avatar\/a04fd330bfe3a36a72a0ad4a6d89fca7?s=96&d=mm&r=pg","contentUrl":"https:\/\/secure.gravatar.com\/avatar\/a04fd330bfe3a36a72a0ad4a6d89fca7?s=96&d=mm&r=pg","caption":"bosniak"},"url":"https:\/\/sandzakpress.net\/arhiva\/author\/bosniak\/"}]}},"_links":{"self":[{"href":"https:\/\/sandzakpress.net\/arhiva\/wp-json\/wp\/v2\/posts\/132432"}],"collection":[{"href":"https:\/\/sandzakpress.net\/arhiva\/wp-json\/wp\/v2\/posts"}],"about":[{"href":"https:\/\/sandzakpress.net\/arhiva\/wp-json\/wp\/v2\/types\/post"}],"author":[{"embeddable":true,"href":"https:\/\/sandzakpress.net\/arhiva\/wp-json\/wp\/v2\/users\/83"}],"replies":[{"embeddable":true,"href":"https:\/\/sandzakpress.net\/arhiva\/wp-json\/wp\/v2\/comments?post=132432"}],"version-history":[{"count":0,"href":"https:\/\/sandzakpress.net\/arhiva\/wp-json\/wp\/v2\/posts\/132432\/revisions"}],"wp:featuredmedia":[{"embeddable":true,"href":"https:\/\/sandzakpress.net\/arhiva\/wp-json\/wp\/v2\/media\/132433"}],"wp:attachment":[{"href":"https:\/\/sandzakpress.net\/arhiva\/wp-json\/wp\/v2\/media?parent=132432"}],"wp:term":[{"taxonomy":"category","embeddable":true,"href":"https:\/\/sandzakpress.net\/arhiva\/wp-json\/wp\/v2\/categories?post=132432"},{"taxonomy":"post_tag","embeddable":true,"href":"https:\/\/sandzakpress.net\/arhiva\/wp-json\/wp\/v2\/tags?post=132432"}],"curies":[{"name":"wp","href":"https:\/\/api.w.org\/{rel}","templated":true}]}}