{"id":132399,"date":"2015-08-04T13:18:14","date_gmt":"2015-08-04T11:18:14","guid":{"rendered":"https:\/\/sandzakpress.net\/arhiva\/?p=132399"},"modified":"2015-08-04T13:18:14","modified_gmt":"2015-08-04T11:18:14","slug":"cetiri-zrtve-u-poplavama-u-makedoniji","status":"publish","type":"post","link":"https:\/\/sandzakpress.net\/arhiva\/cetiri-zrtve-u-poplavama-u-makedoniji\/","title":{"rendered":"\u010cetiri \u017ertve u poplavama u Makedoniji"},"content":{"rendered":"<p><img decoding=\"async\" src=\"http:\/\/balkans.aljazeera.net\/sites\/staff.balkans.aljazeera.com\/files\/styles\/aljazeera_article_main_image\/public\/macmain.jpg?itok=_4uX1WV4\" alt=\"Makedonija, Tetovo, \u0160ipkovica, Nevrijeme, Poplave, Ki\u0161a, \u017drtve\" \/><\/p>\n<p><strong>Makedonija &#8211; Zbog obilnih ki\u0161nih padavina koje su u ponedjeljak zahvatile Makedoniju, poplavljeno je nekoliko gradova, a \u017eivot su izgubile \u010detiri osobe, dok se jedna vodi kao nestala, javljaju makedonski mediji.<\/strong><\/p>\n<p>Tijela \u010detiri \u017ertve su prona\u0111ene, dok se traga za jednom \u0161estogodi\u0161njom djevoj\u010dicom iz \u0160ipkovice, kazao je Marjan Josifovski, glasnogovornik Sektora unutra\u0161njih poslova Tetovo.<\/p>\n<p>Policija iz Tetova je potvrdila, pi\u0161e makedonska Ve\u010der, da su prona\u0111ena tijela H.F. (83), A.M. (14), tijelo djeteta inicijala R.A. koje jo\u0161 nije navr\u0161ilo dvije godine, svi iz \u0160ipkovice, dok je tijelo A.I. (7) prona\u0111eno u selu Velika Re\u010dica.<\/p>\n<p><strong>Obustava saobra\u0107aja<\/strong><\/p>\n<p>Zbog izlijevanja rijeke u tetovskom selu Doboro\u0161te, nakon obilnih ki\u0161nih padavina, obustavljen je saobra\u0107aj na regionalnom putu Tetovo &#8211; Ja\u017eince, saop\u0107io je Auto-moto savez Makedonije, a u prekidu je i saobra\u0107aj na putnom pravcu Tetovo &#8211; Popova \u0160apka.<\/p>\n<p>Poplava je bilo i u Prilepu, gdje je u roku od pola sata palo vi\u0161e od 40 litara ki\u0161e po metru kvadratnom.<\/p>\n<p>Nadle\u017enim institucijama gra\u0111ani je podnijeto skoro 40 prijava za poplavljene objekte i ulice.<\/p>\n<p>Ekipe nadle\u017enih institucija rade na terenu i u ve\u0107em dijelu \u0161tete su sanirane.<\/p>\n<p>U ponedjeljak u popodnevnim satima nevrijeme je zahvatilo i podru\u010dje najve\u0107e makedonske doline Pelagoniju, na jugozapadu dijelu dr\u017eave.<\/p>\n<p>Makedonska Vlada \u0107e u u utorak ujutro odr\u017eati vanrednu sednicu zbog poplava.<\/p>\n<p>Izvor: Agencije<\/p>\n","protected":false},"excerpt":{"rendered":"<p>Makedonija &#8211; Zbog obilnih ki\u0161nih padavina koje su u ponedjeljak zahvatile Makedoniju, poplavljeno je nekoliko gradova, a \u017eivot su izgubile \u010detiri osobe, dok se jedna vodi kao nestala, javljaju makedonski mediji. Tijela \u010detiri \u017ertve su prona\u0111ene, dok se traga za jednom \u0161estogodi\u0161njom djevoj\u010dicom iz \u0160ipkovice, kazao je Marjan Josifovski, glasnogovornik Sektora unutra\u0161njih poslova Tetovo. Policija [&hellip;]<\/p>\n","protected":false},"author":83,"featured_media":132400,"comment_status":"open","ping_status":"open","sticky":false,"template":"","format":"standard","meta":{"footnotes":""},"categories":[3,2691,10429],"tags":[],"class_list":{"0":"post-132399","1":"post","2":"type-post","3":"status-publish","4":"format-standard","5":"has-post-thumbnail","7":"category-privreda","8":"category-makedonija","9":"category-vazno"},"yoast_head":"<!-- This site is optimized with the Yoast SEO Premium plugin v23.1 (Yoast SEO v24.9) - https:\/\/yoast.com\/wordpress\/plugins\/seo\/ -->\n<title>\u010cetiri \u017ertve u poplavama u Makedoniji<\/title>\n<meta name=\"robots\" content=\"index, follow, max-snippet:-1, max-image-preview:large, max-video-preview:-1\" \/>\n<link rel=\"canonical\" href=\"https:\/\/sandzakpress.net\/arhiva\/cetiri-zrtve-u-poplavama-u-makedoniji\/\" \/>\n<meta property=\"og:locale\" content=\"bs_BA\" \/>\n<meta property=\"og:type\" content=\"article\" \/>\n<meta property=\"og:title\" content=\"\u010cetiri \u017ertve u poplavama u Makedoniji\" \/>\n<meta property=\"og:description\" content=\"Makedonija &#8211; Zbog obilnih ki\u0161nih padavina koje su u ponedjeljak zahvatile Makedoniju, poplavljeno je nekoliko gradova, a \u017eivot su izgubile \u010detiri osobe, dok se jedna vodi kao nestala, javljaju makedonski mediji. Tijela \u010detiri \u017ertve su prona\u0111ene, dok se traga za jednom \u0161estogodi\u0161njom djevoj\u010dicom iz \u0160ipkovice, kazao je Marjan Josifovski, glasnogovornik Sektora unutra\u0161njih poslova Tetovo. Policija [&hellip;]\" \/>\n<meta property=\"og:url\" content=\"https:\/\/sandzakpress.net\/arhiva\/cetiri-zrtve-u-poplavama-u-makedoniji\/\" \/>\n<meta property=\"og:site_name\" content=\"Sand\u017eak PRESS\" \/>\n<meta property=\"article:published_time\" content=\"2015-08-04T11:18:14+00:00\" \/>\n<meta property=\"og:image\" content=\"https:\/\/sandzakpress.net\/arhiva\/wp-content\/uploads\/2015\/08\/macmain.jpg\" \/>\n\t<meta property=\"og:image:width\" content=\"739\" \/>\n\t<meta property=\"og:image:height\" content=\"493\" \/>\n\t<meta property=\"og:image:type\" content=\"image\/jpeg\" \/>\n<meta name=\"author\" content=\"bosniak\" \/>\n<meta name=\"twitter:card\" content=\"summary_large_image\" \/>\n<meta name=\"twitter:label1\" content=\"Written by\" \/>\n\t<meta name=\"twitter:data1\" content=\"bosniak\" \/>\n\t<meta name=\"twitter:label2\" content=\"Est. reading time\" \/>\n\t<meta name=\"twitter:data2\" content=\"1 minuta\" \/>\n<script type=\"application\/ld+json\" class=\"yoast-schema-graph\">{\"@context\":\"https:\/\/schema.org\",\"@graph\":[{\"@type\":\"Article\",\"@id\":\"https:\/\/sandzakpress.net\/arhiva\/cetiri-zrtve-u-poplavama-u-makedoniji\/#article\",\"isPartOf\":{\"@id\":\"https:\/\/sandzakpress.net\/arhiva\/cetiri-zrtve-u-poplavama-u-makedoniji\/\"},\"author\":{\"name\":\"bosniak\",\"@id\":\"https:\/\/sandzakpress.net\/arhiva\/#\/schema\/person\/c8baee722073534b583ea7bdb2e36c02\"},\"headline\":\"\u010cetiri \u017ertve u poplavama u Makedoniji\",\"datePublished\":\"2015-08-04T11:18:14+00:00\",\"mainEntityOfPage\":{\"@id\":\"https:\/\/sandzakpress.net\/arhiva\/cetiri-zrtve-u-poplavama-u-makedoniji\/\"},\"wordCount\":246,\"commentCount\":0,\"publisher\":{\"@id\":\"https:\/\/sandzakpress.net\/arhiva\/#\/schema\/person\/6e72b67d6e51910a1117b3b483ba20bd\"},\"image\":{\"@id\":\"https:\/\/sandzakpress.net\/arhiva\/cetiri-zrtve-u-poplavama-u-makedoniji\/#primaryimage\"},\"thumbnailUrl\":\"https:\/\/sandzakpress.net\/arhiva\/wp-content\/uploads\/2015\/08\/macmain.jpg\",\"articleSection\":[\"Privreda\",\"Makedonija\",\"VA\u017dNO!\"],\"inLanguage\":\"bs-BA\",\"potentialAction\":[{\"@type\":\"CommentAction\",\"name\":\"Comment\",\"target\":[\"https:\/\/sandzakpress.net\/arhiva\/cetiri-zrtve-u-poplavama-u-makedoniji\/#respond\"]}]},{\"@type\":\"WebPage\",\"@id\":\"https:\/\/sandzakpress.net\/arhiva\/cetiri-zrtve-u-poplavama-u-makedoniji\/\",\"url\":\"https:\/\/sandzakpress.net\/arhiva\/cetiri-zrtve-u-poplavama-u-makedoniji\/\",\"name\":\"\u010cetiri \u017ertve u poplavama u Makedoniji\",\"isPartOf\":{\"@id\":\"https:\/\/sandzakpress.net\/arhiva\/#website\"},\"primaryImageOfPage\":{\"@id\":\"https:\/\/sandzakpress.net\/arhiva\/cetiri-zrtve-u-poplavama-u-makedoniji\/#primaryimage\"},\"image\":{\"@id\":\"https:\/\/sandzakpress.net\/arhiva\/cetiri-zrtve-u-poplavama-u-makedoniji\/#primaryimage\"},\"thumbnailUrl\":\"https:\/\/sandzakpress.net\/arhiva\/wp-content\/uploads\/2015\/08\/macmain.jpg\",\"datePublished\":\"2015-08-04T11:18:14+00:00\",\"breadcrumb\":{\"@id\":\"https:\/\/sandzakpress.net\/arhiva\/cetiri-zrtve-u-poplavama-u-makedoniji\/#breadcrumb\"},\"inLanguage\":\"bs-BA\",\"potentialAction\":[{\"@type\":\"ReadAction\",\"target\":[\"https:\/\/sandzakpress.net\/arhiva\/cetiri-zrtve-u-poplavama-u-makedoniji\/\"]}]},{\"@type\":\"ImageObject\",\"inLanguage\":\"bs-BA\",\"@id\":\"https:\/\/sandzakpress.net\/arhiva\/cetiri-zrtve-u-poplavama-u-makedoniji\/#primaryimage\",\"url\":\"https:\/\/sandzakpress.net\/arhiva\/wp-content\/uploads\/2015\/08\/macmain.jpg\",\"contentUrl\":\"https:\/\/sandzakpress.net\/arhiva\/wp-content\/uploads\/2015\/08\/macmain.jpg\",\"width\":739,\"height\":493},{\"@type\":\"BreadcrumbList\",\"@id\":\"https:\/\/sandzakpress.net\/arhiva\/cetiri-zrtve-u-poplavama-u-makedoniji\/#breadcrumb\",\"itemListElement\":[{\"@type\":\"ListItem\",\"position\":1,\"name\":\"Home\",\"item\":\"https:\/\/sandzakpress.net\/arhiva\/\"},{\"@type\":\"ListItem\",\"position\":2,\"name\":\"\u010cetiri \u017ertve u poplavama u Makedoniji\"}]},{\"@type\":\"WebSite\",\"@id\":\"https:\/\/sandzakpress.net\/arhiva\/#website\",\"url\":\"https:\/\/sandzakpress.net\/arhiva\/\",\"name\":\"Sand\u017eak PRESS\",\"description\":\"Prve elektronske novine u Sand\u017eaku\",\"publisher\":{\"@id\":\"https:\/\/sandzakpress.net\/arhiva\/#\/schema\/person\/6e72b67d6e51910a1117b3b483ba20bd\"},\"potentialAction\":[{\"@type\":\"SearchAction\",\"target\":{\"@type\":\"EntryPoint\",\"urlTemplate\":\"https:\/\/sandzakpress.net\/arhiva\/?s={search_term_string}\"},\"query-input\":{\"@type\":\"PropertyValueSpecification\",\"valueRequired\":true,\"valueName\":\"search_term_string\"}}],\"inLanguage\":\"bs-BA\"},{\"@type\":[\"Person\",\"Organization\"],\"@id\":\"https:\/\/sandzakpress.net\/arhiva\/#\/schema\/person\/6e72b67d6e51910a1117b3b483ba20bd\",\"name\":\"Kul\",\"image\":{\"@type\":\"ImageObject\",\"inLanguage\":\"bs-BA\",\"@id\":\"https:\/\/sandzakpress.net\/arhiva\/#\/schema\/person\/image\/\",\"url\":\"https:\/\/secure.gravatar.com\/avatar\/42263f39aa27ac04c43cab85c280eb2e?s=96&d=mm&r=pg\",\"contentUrl\":\"https:\/\/secure.gravatar.com\/avatar\/42263f39aa27ac04c43cab85c280eb2e?s=96&d=mm&r=pg\",\"caption\":\"Kul\"},\"logo\":{\"@id\":\"https:\/\/sandzakpress.net\/arhiva\/#\/schema\/person\/image\/\"}},{\"@type\":\"Person\",\"@id\":\"https:\/\/sandzakpress.net\/arhiva\/#\/schema\/person\/c8baee722073534b583ea7bdb2e36c02\",\"name\":\"bosniak\",\"image\":{\"@type\":\"ImageObject\",\"inLanguage\":\"bs-BA\",\"@id\":\"https:\/\/sandzakpress.net\/arhiva\/#\/schema\/person\/image\/\",\"url\":\"https:\/\/secure.gravatar.com\/avatar\/a04fd330bfe3a36a72a0ad4a6d89fca7?s=96&d=mm&r=pg\",\"contentUrl\":\"https:\/\/secure.gravatar.com\/avatar\/a04fd330bfe3a36a72a0ad4a6d89fca7?s=96&d=mm&r=pg\",\"caption\":\"bosniak\"},\"url\":\"https:\/\/sandzakpress.net\/arhiva\/author\/bosniak\/\"}]}<\/script>\n<!-- \/ Yoast SEO Premium plugin. -->","yoast_head_json":{"title":"\u010cetiri \u017ertve u poplavama u Makedoniji","robots":{"index":"index","follow":"follow","max-snippet":"max-snippet:-1","max-image-preview":"max-image-preview:large","max-video-preview":"max-video-preview:-1"},"canonical":"https:\/\/sandzakpress.net\/arhiva\/cetiri-zrtve-u-poplavama-u-makedoniji\/","og_locale":"bs_BA","og_type":"article","og_title":"\u010cetiri \u017ertve u poplavama u Makedoniji","og_description":"Makedonija &#8211; Zbog obilnih ki\u0161nih padavina koje su u ponedjeljak zahvatile Makedoniju, poplavljeno je nekoliko gradova, a \u017eivot su izgubile \u010detiri osobe, dok se jedna vodi kao nestala, javljaju makedonski mediji. Tijela \u010detiri \u017ertve su prona\u0111ene, dok se traga za jednom \u0161estogodi\u0161njom djevoj\u010dicom iz \u0160ipkovice, kazao je Marjan Josifovski, glasnogovornik Sektora unutra\u0161njih poslova Tetovo. Policija [&hellip;]","og_url":"https:\/\/sandzakpress.net\/arhiva\/cetiri-zrtve-u-poplavama-u-makedoniji\/","og_site_name":"Sand\u017eak PRESS","article_published_time":"2015-08-04T11:18:14+00:00","og_image":[{"width":739,"height":493,"url":"https:\/\/sandzakpress.net\/arhiva\/wp-content\/uploads\/2015\/08\/macmain.jpg","type":"image\/jpeg"}],"author":"bosniak","twitter_card":"summary_large_image","twitter_misc":{"Written by":"bosniak","Est. reading time":"1 minuta"},"schema":{"@context":"https:\/\/schema.org","@graph":[{"@type":"Article","@id":"https:\/\/sandzakpress.net\/arhiva\/cetiri-zrtve-u-poplavama-u-makedoniji\/#article","isPartOf":{"@id":"https:\/\/sandzakpress.net\/arhiva\/cetiri-zrtve-u-poplavama-u-makedoniji\/"},"author":{"name":"bosniak","@id":"https:\/\/sandzakpress.net\/arhiva\/#\/schema\/person\/c8baee722073534b583ea7bdb2e36c02"},"headline":"\u010cetiri \u017ertve u poplavama u Makedoniji","datePublished":"2015-08-04T11:18:14+00:00","mainEntityOfPage":{"@id":"https:\/\/sandzakpress.net\/arhiva\/cetiri-zrtve-u-poplavama-u-makedoniji\/"},"wordCount":246,"commentCount":0,"publisher":{"@id":"https:\/\/sandzakpress.net\/arhiva\/#\/schema\/person\/6e72b67d6e51910a1117b3b483ba20bd"},"image":{"@id":"https:\/\/sandzakpress.net\/arhiva\/cetiri-zrtve-u-poplavama-u-makedoniji\/#primaryimage"},"thumbnailUrl":"https:\/\/sandzakpress.net\/arhiva\/wp-content\/uploads\/2015\/08\/macmain.jpg","articleSection":["Privreda","Makedonija","VA\u017dNO!"],"inLanguage":"bs-BA","potentialAction":[{"@type":"CommentAction","name":"Comment","target":["https:\/\/sandzakpress.net\/arhiva\/cetiri-zrtve-u-poplavama-u-makedoniji\/#respond"]}]},{"@type":"WebPage","@id":"https:\/\/sandzakpress.net\/arhiva\/cetiri-zrtve-u-poplavama-u-makedoniji\/","url":"https:\/\/sandzakpress.net\/arhiva\/cetiri-zrtve-u-poplavama-u-makedoniji\/","name":"\u010cetiri \u017ertve u poplavama u Makedoniji","isPartOf":{"@id":"https:\/\/sandzakpress.net\/arhiva\/#website"},"primaryImageOfPage":{"@id":"https:\/\/sandzakpress.net\/arhiva\/cetiri-zrtve-u-poplavama-u-makedoniji\/#primaryimage"},"image":{"@id":"https:\/\/sandzakpress.net\/arhiva\/cetiri-zrtve-u-poplavama-u-makedoniji\/#primaryimage"},"thumbnailUrl":"https:\/\/sandzakpress.net\/arhiva\/wp-content\/uploads\/2015\/08\/macmain.jpg","datePublished":"2015-08-04T11:18:14+00:00","breadcrumb":{"@id":"https:\/\/sandzakpress.net\/arhiva\/cetiri-zrtve-u-poplavama-u-makedoniji\/#breadcrumb"},"inLanguage":"bs-BA","potentialAction":[{"@type":"ReadAction","target":["https:\/\/sandzakpress.net\/arhiva\/cetiri-zrtve-u-poplavama-u-makedoniji\/"]}]},{"@type":"ImageObject","inLanguage":"bs-BA","@id":"https:\/\/sandzakpress.net\/arhiva\/cetiri-zrtve-u-poplavama-u-makedoniji\/#primaryimage","url":"https:\/\/sandzakpress.net\/arhiva\/wp-content\/uploads\/2015\/08\/macmain.jpg","contentUrl":"https:\/\/sandzakpress.net\/arhiva\/wp-content\/uploads\/2015\/08\/macmain.jpg","width":739,"height":493},{"@type":"BreadcrumbList","@id":"https:\/\/sandzakpress.net\/arhiva\/cetiri-zrtve-u-poplavama-u-makedoniji\/#breadcrumb","itemListElement":[{"@type":"ListItem","position":1,"name":"Home","item":"https:\/\/sandzakpress.net\/arhiva\/"},{"@type":"ListItem","position":2,"name":"\u010cetiri \u017ertve u poplavama u Makedoniji"}]},{"@type":"WebSite","@id":"https:\/\/sandzakpress.net\/arhiva\/#website","url":"https:\/\/sandzakpress.net\/arhiva\/","name":"Sand\u017eak PRESS","description":"Prve elektronske novine u Sand\u017eaku","publisher":{"@id":"https:\/\/sandzakpress.net\/arhiva\/#\/schema\/person\/6e72b67d6e51910a1117b3b483ba20bd"},"potentialAction":[{"@type":"SearchAction","target":{"@type":"EntryPoint","urlTemplate":"https:\/\/sandzakpress.net\/arhiva\/?s={search_term_string}"},"query-input":{"@type":"PropertyValueSpecification","valueRequired":true,"valueName":"search_term_string"}}],"inLanguage":"bs-BA"},{"@type":["Person","Organization"],"@id":"https:\/\/sandzakpress.net\/arhiva\/#\/schema\/person\/6e72b67d6e51910a1117b3b483ba20bd","name":"Kul","image":{"@type":"ImageObject","inLanguage":"bs-BA","@id":"https:\/\/sandzakpress.net\/arhiva\/#\/schema\/person\/image\/","url":"https:\/\/secure.gravatar.com\/avatar\/42263f39aa27ac04c43cab85c280eb2e?s=96&d=mm&r=pg","contentUrl":"https:\/\/secure.gravatar.com\/avatar\/42263f39aa27ac04c43cab85c280eb2e?s=96&d=mm&r=pg","caption":"Kul"},"logo":{"@id":"https:\/\/sandzakpress.net\/arhiva\/#\/schema\/person\/image\/"}},{"@type":"Person","@id":"https:\/\/sandzakpress.net\/arhiva\/#\/schema\/person\/c8baee722073534b583ea7bdb2e36c02","name":"bosniak","image":{"@type":"ImageObject","inLanguage":"bs-BA","@id":"https:\/\/sandzakpress.net\/arhiva\/#\/schema\/person\/image\/","url":"https:\/\/secure.gravatar.com\/avatar\/a04fd330bfe3a36a72a0ad4a6d89fca7?s=96&d=mm&r=pg","contentUrl":"https:\/\/secure.gravatar.com\/avatar\/a04fd330bfe3a36a72a0ad4a6d89fca7?s=96&d=mm&r=pg","caption":"bosniak"},"url":"https:\/\/sandzakpress.net\/arhiva\/author\/bosniak\/"}]}},"_links":{"self":[{"href":"https:\/\/sandzakpress.net\/arhiva\/wp-json\/wp\/v2\/posts\/132399"}],"collection":[{"href":"https:\/\/sandzakpress.net\/arhiva\/wp-json\/wp\/v2\/posts"}],"about":[{"href":"https:\/\/sandzakpress.net\/arhiva\/wp-json\/wp\/v2\/types\/post"}],"author":[{"embeddable":true,"href":"https:\/\/sandzakpress.net\/arhiva\/wp-json\/wp\/v2\/users\/83"}],"replies":[{"embeddable":true,"href":"https:\/\/sandzakpress.net\/arhiva\/wp-json\/wp\/v2\/comments?post=132399"}],"version-history":[{"count":0,"href":"https:\/\/sandzakpress.net\/arhiva\/wp-json\/wp\/v2\/posts\/132399\/revisions"}],"wp:featuredmedia":[{"embeddable":true,"href":"https:\/\/sandzakpress.net\/arhiva\/wp-json\/wp\/v2\/media\/132400"}],"wp:attachment":[{"href":"https:\/\/sandzakpress.net\/arhiva\/wp-json\/wp\/v2\/media?parent=132399"}],"wp:term":[{"taxonomy":"category","embeddable":true,"href":"https:\/\/sandzakpress.net\/arhiva\/wp-json\/wp\/v2\/categories?post=132399"},{"taxonomy":"post_tag","embeddable":true,"href":"https:\/\/sandzakpress.net\/arhiva\/wp-json\/wp\/v2\/tags?post=132399"}],"curies":[{"name":"wp","href":"https:\/\/api.w.org\/{rel}","templated":true}]}}