{"id":13234,"date":"2011-02-27T02:30:49","date_gmt":"2011-02-27T01:30:49","guid":{"rendered":"https:\/\/sandzakpress.net\/arhiva\/?p=13234"},"modified":"2011-02-27T02:56:03","modified_gmt":"2011-02-27T01:56:03","slug":"od-strbaca-do-strbaca-do-kad","status":"publish","type":"post","link":"https:\/\/sandzakpress.net\/arhiva\/od-strbaca-do-strbaca-do-kad\/","title":{"rendered":"Od \u0160trbaca do \u0160trbaca, do kad?"},"content":{"rendered":"<p><a href=\"https:\/\/sandzakpress.net\/arhiva\/wp-content\/uploads\/2011\/02\/srtpci-zeljeznicka-stanica.jpg\"><img loading=\"lazy\" decoding=\"async\" class=\"aligncenter size-full wp-image-13235\" title=\"srtpci-zeljeznicka-stanica\" src=\"https:\/\/sandzakpress.net\/arhiva\/wp-content\/uploads\/2011\/02\/srtpci-zeljeznicka-stanica.jpg\" alt=\"\" width=\"616\" height=\"284\" \/><\/a><\/p>\n<p><strong>Dobri moj Bo\u0161njo. Nijet mi je, odnosno namjera mi je da ti napi\u0161em ne\u0161ta iz tariha, iz istorije na\u0161e bo\u0161nja\u010dke, pa da nekon toga i tebe i sebe ne\u0161ta upitam. 18. maja ove godine navr\u0161it \u0107e se ravno 203 godine od Kara\u0111or\u0111evog genocida nad Bo\u0161njacima Sjenice po\u010dinnjenog u junu 1809. god. Svjedok tog strahotnog zlo\u010dina nad sjeni\u010dkim Bo\u0161njacima, Kara\u0111or\u0111ev pisar Antonije Proti\u0107 o tome bilje\u017ei i ovo:<\/strong><\/p>\n<p><strong>&#8220;&#8230;po predaji grada, dobrovoljno razoru\u017eane ljude,goloruke \u017eene i neja\u010d, na\u0161i su plotunima pobili odma po izlasku iz grada,a glave im natakli na vrbovo kolje&#8230;ako \u0107e jedna manje od 2500&#8230; &#8220;.<\/strong> (A.Protic, &#8220;Povesnica od po\u010detka vremena vo\u017eda srpskog Karadjordja&#8221;, Spomenik Srpske Kraljevske Akademije XIX,Beograd, 1892. godine.) Vuk Karad\u017ei\u0107, savremenik ovog divlja\u010dkog zlo\u010dina nad Bo\u0161njacima u Sjenici bilje\u017eI: &#8230;\u00a0<strong>Na Sjenici pola iza\u0161lo crijevo se vuklo a dijete mrtve majke samo za sisu vu\u010de kando da doji&#8230;..&#8221;<\/strong>(V.S.Karad\u017ei\u0107, Istorijski spisi II, Beograd 1964.,str. 481-486.) Nakon \u010detiri godine, kad su srpski zlo\u010dinci zaustavljeni i pora\u017eeni, Kara\u0111or\u0111e, vo\u0111a i u\u010desnik genocida nad sjeni\u010dkim Bo\u0161njacima, se \u017ealio:\u00a0<strong>\u201eNe bi smo propali da nismo&#8230; krstili Turke (Bo\u0161njake), uzimali im \u017eene i djevojke i i\u0161li na Sjenicu\u201c<\/strong><strong> <\/strong>(V.S.Karad\u017ei\u0107, Istorijski spisi II, Beograd 1964.,str. 481-486.) .<\/p>\n<p>U septembru ove godine navr\u0161it \u0107e se 99 godina kako je najve\u0107im dijelom poubijano ili protjerano bo\u0161nja\u010dko stanovni\u0161tvo na prostorima Sand\u017eaka koje su 1912. god. okupirale Srbija i Crna Gora.<\/p>\n<p>10. novembra ove godine navr\u0161it \u0107e se 87 godina otkako su crnogorski zlo\u010dinci zaklali, \u017eive spalili&#8230; preko 500 Bo\u0161njaka, staraca, \u017eena i djece u \u0160ahovi\u0107ima.<br \/>\nU februaru ove godine navr\u0161ilo se 68 godina od srpskog pogroma nad Bo\u0161njacima pribojskog, pljevaljskog i fo\u010danskog kraja. O tom zlo\u010dinu je 1946. god. dr\u017eavna jugoslovenska komisija zabilje\u017eila i na su\u0111enju srpskom fa\u0161isti\u010dkom zlo\u010dincu Dra\u017ei Mihajilovi\u0107u predo\u010dila slijede\u0107e:<\/p>\n<table border=\"1\" cellpadding=\"0\">\n<tbody>\n<tr>\n<td><em>\u201eStatistika ubijenih po op\u0161tinama, u pribojskom kraju:<br \/>\n&#8230;U svim mjestima pribojskog kraja ukupno je 1943. god.:<br \/>\nUbijeno pu\u0161kom 231, Zaklano 638, Spaljeno 286, Utopljeno 91, Iskasapljeno 106<br \/>\nOd toga : Do 8 godina starosti: mu\u0161kih 187, \u017eenskih182<br \/>\nOd 8 do 18 godina starosti: 210 mu\u0161kih, 214 \u017eenskih<\/em><\/td>\n<\/tr>\n<\/tbody>\n<\/table>\n<p>Svi smo bili svjedoci ovog najnovijeg (1992-1993.) paljenja, razaranja Bukovice i ubijanja tamo\u0161njih Bo\u0161njaka. Svi smo bili svjedoci ovog najnovijeg srpskog zlo\u010dina nad Bo\u0161njacima u Sjeverinu. Svi smo bili svjedoci strahotnog srpskog zlo\u010dina nad Bo\u0161njacima izvedenih iz voza u \u0160trpcima 27. februara 1993. god. Me\u0111u 19 tada zvijerski ubijenih Bo\u0161njaka bila su i dvojica \u010dija sudbina bi morala biti pou\u010dna za svakog razumom obdarenog Bo\u0161njaka. Jedan od njih radio je tada negdje u Beogradu pa je sa vozom smrti krenuo u Sand\u017eak jer je bio dobio poziv da ide u \u201evojsku\u201c. Ta ista \u201evojska\u201c u koju je krenuo, kojoj je slijepa\u010dki bio lojalan, sa\u010dekala ga je u \u0160trpcima i ubila ga, zaklala&#8230;? Onaj drugi Bo\u0161njak vra\u0107ao se iz Beograda gdje je bio na proslavi rodjendana djetetu svojeg prijatelja Srbina. Vra\u0107aju\u0107i se iz Beograda vozom smrti u \u0160trpcima su ga sa\u010dekali Srbi i ubili ga, zaklali&#8230;? On je kao musliman imao u Beogradu prijatelja hri\u0161\u0107anina a vra\u0107aju\u0107i se od njega u \u0160trpcima su ga ubili oni sa znakom krsta na glavi. Ubili su ga, kao i sve ostale, samo zato \u0161to je bio musliman.<\/p>\n<p>Samo zbog toga \u0161to su muslimani ubijeni su, glave im odsje\u010dene i donesene pred Kara\u0111or\u0111a po njegovoj li\u010dnoj naredbi, dvije i po hiljade Bo\u0161njaka u Sjenici. Dvije i po hiljade tih glava bo\u0161nja\u010dkih Srbi su nabili na kolje samo zbog toga \u0161to su to bile muslimanske glave.<\/p>\n<p>Samo zbog toga \u0161to su muslimani ubijeni su, zaklani, uz plastove sijena zavezani i \u017eivi spaljivani Bo\u0161njaci u \u0160ahovi\u0107ima a djeci njohovoj tijela rasparana u maj\u010dinom krilu.<\/p>\n<p>Samo zbog toga \u0161to su muslimani\u00a0 <strong>zaklano je 638 Bo\u0161njaka, spaljeno njih 286, iskasapljeno 106 u pribojskim selima 1943. god. Tada je pod srpskom kamom du\u0161u ispu\u0161tilo i 369-oro bo\u0161nja\u010dke djece koja su bila mla\u0111a od osam godina i 424-oro onih koji su imali izme\u0111u 8 i 18 godina.<\/strong><strong> <\/strong><\/p>\n<p>Samo zbog toga \u0161to su muslimani ubijeno je dvije stotine hiljada Bo\u0161njaka u zadnjoj srpsko-hrvatskoj agresiji na Bosnu i Hercegovinu.<\/p>\n<p>Samo zbog toga \u0161to su muslimani ubijeno je, tokom 2-3 dana 8.000 Bo\u0161njaka u Srebrenici a najve\u0107a sudska instanca na svijetu to ozna\u010dila klasi\u010dnim genocidom.<br \/>\nZna\u010di, od Kara\u0111or\u0111evog genocida u Sjenici po\u010detkom 19. vijeka do zlo\u010dina u \u0160rpcima na kraju 20. vijeka, puna dva vijeka Srbi ubijaju Bo\u0161njake samo zbog toga \u0161to su muslimani. Me\u0111utim, ni \u201esekulariziranim\u201c Bo\u0161njacima, odnosno Bo\u0161njacima koji u svojoj su\u0161tini i nisu muslimani nije pomogao njihov \u201esekularizam\u201c. I njih su Srbi ubijali isto kao i sve ostale Bo\u0161njake ako ne i \u201esla\u0111e\u201c.<\/p>\n<p>Dobri moj Bo\u0161njo, od Kara\u0111or\u0111evog genocida u Sjenici do zlo\u010dina u \u0160rpcima, sa srpske strane dolaze samo \u0161utnja i nagra\u0111ivanje zlo\u010dinaca. \u0160utnja dr\u017eave, \u0161utnja akademika, knji\u017eevnika, novinara, medija&#8230;, \u0161utnja Srba kao cjeline uz \u010dasne pojedina\u010dne izuzetke. Istovremeno srbijanskom parlamentarnom odlukom izjedna\u010deni su svi \u010detni\u010dki fa\u0161isti, kolja\u010di, palioci Bo\u0161njaka sa antifa\u0161istima. Za takvu sramnu odluku, Dobri moj Bo\u0161njo, glasala su u tvoje ime i dvojica, nazovi Bo\u0161njaka.<\/p>\n<p>\u0160ta, Dobri moj Bo\u0161njo zna\u010di srpska \u0161utnja o vjekovnim zlo\u010dinima nad Bo\u0161njacima? \u0160ta zna\u010di i kakvu poruku nosi srpska \u0161utnja o zlo\u010dinu u \u0160trpcima? \u0160ta zna\u010di srpsko izjedna\u010davanje \u010detni\u010dkih fa\u0161ista sa antifa\u0161istima? \u0160ta zna\u010di to \u0161to se kolja\u010di, palioci Bo\u0161njaka me\u0111u Srbima smatraju nacionalnim herojima? \u0160ta zna\u010di nedavno postavljanje spomenika \u010detni\u010dkom zlikovcu Vuku Kalajitu? Sve ovo, Dobri moj Bo\u0161njo ima samo jednu jedinu poruku. Time se Bo\u0161njacima jasno i bjelodano ka\u017ee: I ubijat \u0107e mo vas i spaljivat \u0107e mo vas i kasapit \u0107e mo vas&#8230; ponovo, \u010dim nas to padne, \u010dim dobijemo novu priliku&#8230;<\/p>\n<p>Zna\u010di, Dobri moj Bo\u0161njo, od \u0160trbaca do \u0160trbaca. Dokad? Odgovor je kratak, jasan i bjelodan a galasi: Sve dotle dokle god ne bude\u0161 mogao sam sebe odbraniti. Sve dotle dokle du\u0161mani na\u0161i ne budu znali da \u0107e onda kad ubiju i sami biti ubijeni. Sve dotle dokle du\u0161mani na\u0161i ne budu znali da \u0107e im biti uzva\u0107eno istom mjerom. Za ovo, Dobri moj Bo\u0161njo, imamo primjer u na\u0161oj novijoj istoriji. \u010cetni\u010dki fa\u0161isti u toku II svjetskog rata nisu ni slu\u010dajno mogli napraviti zlo\u010din nad Bo\u0161njacima ni u Sjenici, ni u N. Pazaru ni u brodarevskom, ni u prijepoljskom kraju. Zbog toga \u0161to su Bo\u0161njaci u tim mjestima bili bir, bili su jedinstveni pa formirali svoju vojsku sa svojim vo\u0111ama A\u0107if ef. Had\u017eiahmetovi\u0107em, Hasanom Zvizdi\u0107em, D\u017eemailom Konji\u010daninom, Sulejman ef. Pa\u010darizom, Husejinom Rov\u010daninom, \u0106amilom Sijari\u0107em&#8230; U isto vrijeme tamo gdje je Bo\u0161njacima \u201eGajret\u201c isprao svijest kao u pribojskom kraju, tamo gdje nije bilo bo\u0161nja\u010dke odbrambene vojske, tamo su \u010detni\u010dki fa\u0161isti mogli izvesti svoj krvavi pir nad Bo\u0161njacima. Zbog toga, Dobri moj Bo\u0161njo, shvatimo jednom da ni Beograd ni Podgorica, ovakavi kakavi su bili ova dva vijeka, takvi su i danas. Oni nama Bo\u0161njacima ne misli ni\u0161ta dobro. Da li \u0107e Beograd i Podgorica nekad biti druga\u010diji, da li \u0107e oni prestati \u0161utjeti i time odobravati sva zla u\u010dinjena Bo\u0161njacima to niko od nas ne zna. Mi smo zbog toga du\u017eni da ne dozvolimo da i se ni nama ni evladu na\u0161em vi\u0161e nikad ne ponove ni \u0160trpci, ni Srebrenica, ni Omarska, ni Fo\u010da, ni&#8230;.<\/p>\n<p>Autor: <strong>Ferid \u0160anti\u0107<\/strong><\/p>\n<p>Izvor: <strong>Bosnjaci.net<\/strong><\/p>\n","protected":false},"excerpt":{"rendered":"<p>Dobri moj Bo\u0161njo. Nijet mi je, odnosno namjera mi je da ti napi\u0161em ne\u0161ta iz tariha, iz istorije na\u0161e bo\u0161nja\u010dke, pa da nekon toga i tebe i sebe ne\u0161ta upitam. 18. maja ove godine navr\u0161it \u0107e se ravno 203 godine od Kara\u0111or\u0111evog genocida nad Bo\u0161njacima Sjenice po\u010dinnjenog u junu 1809. god. Svjedok tog strahotnog zlo\u010dina [&hellip;]<\/p>\n","protected":false},"author":83,"featured_media":13235,"comment_status":"open","ping_status":"open","sticky":false,"template":"","format":"standard","meta":{"footnotes":""},"categories":[14],"tags":[],"class_list":{"0":"post-13234","1":"post","2":"type-post","3":"status-publish","4":"format-standard","5":"has-post-thumbnail","7":"category-sandzak-historija"},"yoast_head":"<!-- This site is optimized with the Yoast SEO Premium plugin v23.1 (Yoast SEO v24.9) - https:\/\/yoast.com\/wordpress\/plugins\/seo\/ -->\n<title>Od \u0160trbaca do \u0160trbaca, do kad?<\/title>\n<meta name=\"robots\" content=\"index, follow, max-snippet:-1, max-image-preview:large, max-video-preview:-1\" \/>\n<link rel=\"canonical\" href=\"https:\/\/sandzakpress.net\/arhiva\/od-strbaca-do-strbaca-do-kad\/\" \/>\n<meta property=\"og:locale\" content=\"bs_BA\" \/>\n<meta property=\"og:type\" content=\"article\" \/>\n<meta property=\"og:title\" content=\"Od \u0160trbaca do \u0160trbaca, do kad?\" \/>\n<meta property=\"og:description\" content=\"Dobri moj Bo\u0161njo. Nijet mi je, odnosno namjera mi je da ti napi\u0161em ne\u0161ta iz tariha, iz istorije na\u0161e bo\u0161nja\u010dke, pa da nekon toga i tebe i sebe ne\u0161ta upitam. 18. maja ove godine navr\u0161it \u0107e se ravno 203 godine od Kara\u0111or\u0111evog genocida nad Bo\u0161njacima Sjenice po\u010dinnjenog u junu 1809. god. Svjedok tog strahotnog zlo\u010dina [&hellip;]\" \/>\n<meta property=\"og:url\" content=\"https:\/\/sandzakpress.net\/arhiva\/od-strbaca-do-strbaca-do-kad\/\" \/>\n<meta property=\"og:site_name\" content=\"Sand\u017eak PRESS\" \/>\n<meta property=\"article:published_time\" content=\"2011-02-27T01:30:49+00:00\" \/>\n<meta property=\"article:modified_time\" content=\"2011-02-27T01:56:03+00:00\" \/>\n<meta property=\"og:image\" content=\"https:\/\/sandzakpress.net\/arhiva\/wp-content\/uploads\/2011\/02\/srtpci-zeljeznicka-stanica.jpg\" \/>\n\t<meta property=\"og:image:width\" content=\"616\" \/>\n\t<meta property=\"og:image:height\" content=\"284\" \/>\n\t<meta property=\"og:image:type\" content=\"image\/jpeg\" \/>\n<meta name=\"author\" content=\"bosniak\" \/>\n<meta name=\"twitter:card\" content=\"summary_large_image\" \/>\n<meta name=\"twitter:label1\" content=\"Written by\" \/>\n\t<meta name=\"twitter:data1\" content=\"bosniak\" \/>\n\t<meta name=\"twitter:label2\" content=\"Est. reading time\" \/>\n\t<meta name=\"twitter:data2\" content=\"7 minuta\" \/>\n<script type=\"application\/ld+json\" class=\"yoast-schema-graph\">{\"@context\":\"https:\/\/schema.org\",\"@graph\":[{\"@type\":\"Article\",\"@id\":\"https:\/\/sandzakpress.net\/arhiva\/od-strbaca-do-strbaca-do-kad\/#article\",\"isPartOf\":{\"@id\":\"https:\/\/sandzakpress.net\/arhiva\/od-strbaca-do-strbaca-do-kad\/\"},\"author\":{\"name\":\"bosniak\",\"@id\":\"https:\/\/sandzakpress.net\/arhiva\/#\/schema\/person\/c8baee722073534b583ea7bdb2e36c02\"},\"headline\":\"Od \u0160trbaca do \u0160trbaca, do kad?\",\"datePublished\":\"2011-02-27T01:30:49+00:00\",\"dateModified\":\"2011-02-27T01:56:03+00:00\",\"mainEntityOfPage\":{\"@id\":\"https:\/\/sandzakpress.net\/arhiva\/od-strbaca-do-strbaca-do-kad\/\"},\"wordCount\":1343,\"commentCount\":0,\"publisher\":{\"@id\":\"https:\/\/sandzakpress.net\/arhiva\/#\/schema\/person\/6e72b67d6e51910a1117b3b483ba20bd\"},\"image\":{\"@id\":\"https:\/\/sandzakpress.net\/arhiva\/od-strbaca-do-strbaca-do-kad\/#primaryimage\"},\"thumbnailUrl\":\"https:\/\/sandzakpress.net\/arhiva\/wp-content\/uploads\/2011\/02\/srtpci-zeljeznicka-stanica.jpg\",\"articleSection\":[\"Sand\u017eak HISTORIJA\"],\"inLanguage\":\"bs-BA\",\"potentialAction\":[{\"@type\":\"CommentAction\",\"name\":\"Comment\",\"target\":[\"https:\/\/sandzakpress.net\/arhiva\/od-strbaca-do-strbaca-do-kad\/#respond\"]}]},{\"@type\":\"WebPage\",\"@id\":\"https:\/\/sandzakpress.net\/arhiva\/od-strbaca-do-strbaca-do-kad\/\",\"url\":\"https:\/\/sandzakpress.net\/arhiva\/od-strbaca-do-strbaca-do-kad\/\",\"name\":\"Od \u0160trbaca do \u0160trbaca, do kad?\",\"isPartOf\":{\"@id\":\"https:\/\/sandzakpress.net\/arhiva\/#website\"},\"primaryImageOfPage\":{\"@id\":\"https:\/\/sandzakpress.net\/arhiva\/od-strbaca-do-strbaca-do-kad\/#primaryimage\"},\"image\":{\"@id\":\"https:\/\/sandzakpress.net\/arhiva\/od-strbaca-do-strbaca-do-kad\/#primaryimage\"},\"thumbnailUrl\":\"https:\/\/sandzakpress.net\/arhiva\/wp-content\/uploads\/2011\/02\/srtpci-zeljeznicka-stanica.jpg\",\"datePublished\":\"2011-02-27T01:30:49+00:00\",\"dateModified\":\"2011-02-27T01:56:03+00:00\",\"breadcrumb\":{\"@id\":\"https:\/\/sandzakpress.net\/arhiva\/od-strbaca-do-strbaca-do-kad\/#breadcrumb\"},\"inLanguage\":\"bs-BA\",\"potentialAction\":[{\"@type\":\"ReadAction\",\"target\":[\"https:\/\/sandzakpress.net\/arhiva\/od-strbaca-do-strbaca-do-kad\/\"]}]},{\"@type\":\"ImageObject\",\"inLanguage\":\"bs-BA\",\"@id\":\"https:\/\/sandzakpress.net\/arhiva\/od-strbaca-do-strbaca-do-kad\/#primaryimage\",\"url\":\"https:\/\/sandzakpress.net\/arhiva\/wp-content\/uploads\/2011\/02\/srtpci-zeljeznicka-stanica.jpg\",\"contentUrl\":\"https:\/\/sandzakpress.net\/arhiva\/wp-content\/uploads\/2011\/02\/srtpci-zeljeznicka-stanica.jpg\",\"width\":616,\"height\":284},{\"@type\":\"BreadcrumbList\",\"@id\":\"https:\/\/sandzakpress.net\/arhiva\/od-strbaca-do-strbaca-do-kad\/#breadcrumb\",\"itemListElement\":[{\"@type\":\"ListItem\",\"position\":1,\"name\":\"Home\",\"item\":\"https:\/\/sandzakpress.net\/arhiva\/\"},{\"@type\":\"ListItem\",\"position\":2,\"name\":\"Od \u0160trbaca do \u0160trbaca, do kad?\"}]},{\"@type\":\"WebSite\",\"@id\":\"https:\/\/sandzakpress.net\/arhiva\/#website\",\"url\":\"https:\/\/sandzakpress.net\/arhiva\/\",\"name\":\"Sand\u017eak PRESS\",\"description\":\"Prve elektronske novine u Sand\u017eaku\",\"publisher\":{\"@id\":\"https:\/\/sandzakpress.net\/arhiva\/#\/schema\/person\/6e72b67d6e51910a1117b3b483ba20bd\"},\"potentialAction\":[{\"@type\":\"SearchAction\",\"target\":{\"@type\":\"EntryPoint\",\"urlTemplate\":\"https:\/\/sandzakpress.net\/arhiva\/?s={search_term_string}\"},\"query-input\":{\"@type\":\"PropertyValueSpecification\",\"valueRequired\":true,\"valueName\":\"search_term_string\"}}],\"inLanguage\":\"bs-BA\"},{\"@type\":[\"Person\",\"Organization\"],\"@id\":\"https:\/\/sandzakpress.net\/arhiva\/#\/schema\/person\/6e72b67d6e51910a1117b3b483ba20bd\",\"name\":\"Kul\",\"image\":{\"@type\":\"ImageObject\",\"inLanguage\":\"bs-BA\",\"@id\":\"https:\/\/sandzakpress.net\/arhiva\/#\/schema\/person\/image\/\",\"url\":\"https:\/\/secure.gravatar.com\/avatar\/42263f39aa27ac04c43cab85c280eb2e?s=96&d=mm&r=pg\",\"contentUrl\":\"https:\/\/secure.gravatar.com\/avatar\/42263f39aa27ac04c43cab85c280eb2e?s=96&d=mm&r=pg\",\"caption\":\"Kul\"},\"logo\":{\"@id\":\"https:\/\/sandzakpress.net\/arhiva\/#\/schema\/person\/image\/\"}},{\"@type\":\"Person\",\"@id\":\"https:\/\/sandzakpress.net\/arhiva\/#\/schema\/person\/c8baee722073534b583ea7bdb2e36c02\",\"name\":\"bosniak\",\"image\":{\"@type\":\"ImageObject\",\"inLanguage\":\"bs-BA\",\"@id\":\"https:\/\/sandzakpress.net\/arhiva\/#\/schema\/person\/image\/\",\"url\":\"https:\/\/secure.gravatar.com\/avatar\/a04fd330bfe3a36a72a0ad4a6d89fca7?s=96&d=mm&r=pg\",\"contentUrl\":\"https:\/\/secure.gravatar.com\/avatar\/a04fd330bfe3a36a72a0ad4a6d89fca7?s=96&d=mm&r=pg\",\"caption\":\"bosniak\"},\"url\":\"https:\/\/sandzakpress.net\/arhiva\/author\/bosniak\/\"}]}<\/script>\n<!-- \/ Yoast SEO Premium plugin. -->","yoast_head_json":{"title":"Od \u0160trbaca do \u0160trbaca, do kad?","robots":{"index":"index","follow":"follow","max-snippet":"max-snippet:-1","max-image-preview":"max-image-preview:large","max-video-preview":"max-video-preview:-1"},"canonical":"https:\/\/sandzakpress.net\/arhiva\/od-strbaca-do-strbaca-do-kad\/","og_locale":"bs_BA","og_type":"article","og_title":"Od \u0160trbaca do \u0160trbaca, do kad?","og_description":"Dobri moj Bo\u0161njo. Nijet mi je, odnosno namjera mi je da ti napi\u0161em ne\u0161ta iz tariha, iz istorije na\u0161e bo\u0161nja\u010dke, pa da nekon toga i tebe i sebe ne\u0161ta upitam. 18. maja ove godine navr\u0161it \u0107e se ravno 203 godine od Kara\u0111or\u0111evog genocida nad Bo\u0161njacima Sjenice po\u010dinnjenog u junu 1809. god. Svjedok tog strahotnog zlo\u010dina [&hellip;]","og_url":"https:\/\/sandzakpress.net\/arhiva\/od-strbaca-do-strbaca-do-kad\/","og_site_name":"Sand\u017eak PRESS","article_published_time":"2011-02-27T01:30:49+00:00","article_modified_time":"2011-02-27T01:56:03+00:00","og_image":[{"width":616,"height":284,"url":"https:\/\/sandzakpress.net\/arhiva\/wp-content\/uploads\/2011\/02\/srtpci-zeljeznicka-stanica.jpg","type":"image\/jpeg"}],"author":"bosniak","twitter_card":"summary_large_image","twitter_misc":{"Written by":"bosniak","Est. reading time":"7 minuta"},"schema":{"@context":"https:\/\/schema.org","@graph":[{"@type":"Article","@id":"https:\/\/sandzakpress.net\/arhiva\/od-strbaca-do-strbaca-do-kad\/#article","isPartOf":{"@id":"https:\/\/sandzakpress.net\/arhiva\/od-strbaca-do-strbaca-do-kad\/"},"author":{"name":"bosniak","@id":"https:\/\/sandzakpress.net\/arhiva\/#\/schema\/person\/c8baee722073534b583ea7bdb2e36c02"},"headline":"Od \u0160trbaca do \u0160trbaca, do kad?","datePublished":"2011-02-27T01:30:49+00:00","dateModified":"2011-02-27T01:56:03+00:00","mainEntityOfPage":{"@id":"https:\/\/sandzakpress.net\/arhiva\/od-strbaca-do-strbaca-do-kad\/"},"wordCount":1343,"commentCount":0,"publisher":{"@id":"https:\/\/sandzakpress.net\/arhiva\/#\/schema\/person\/6e72b67d6e51910a1117b3b483ba20bd"},"image":{"@id":"https:\/\/sandzakpress.net\/arhiva\/od-strbaca-do-strbaca-do-kad\/#primaryimage"},"thumbnailUrl":"https:\/\/sandzakpress.net\/arhiva\/wp-content\/uploads\/2011\/02\/srtpci-zeljeznicka-stanica.jpg","articleSection":["Sand\u017eak HISTORIJA"],"inLanguage":"bs-BA","potentialAction":[{"@type":"CommentAction","name":"Comment","target":["https:\/\/sandzakpress.net\/arhiva\/od-strbaca-do-strbaca-do-kad\/#respond"]}]},{"@type":"WebPage","@id":"https:\/\/sandzakpress.net\/arhiva\/od-strbaca-do-strbaca-do-kad\/","url":"https:\/\/sandzakpress.net\/arhiva\/od-strbaca-do-strbaca-do-kad\/","name":"Od \u0160trbaca do \u0160trbaca, do kad?","isPartOf":{"@id":"https:\/\/sandzakpress.net\/arhiva\/#website"},"primaryImageOfPage":{"@id":"https:\/\/sandzakpress.net\/arhiva\/od-strbaca-do-strbaca-do-kad\/#primaryimage"},"image":{"@id":"https:\/\/sandzakpress.net\/arhiva\/od-strbaca-do-strbaca-do-kad\/#primaryimage"},"thumbnailUrl":"https:\/\/sandzakpress.net\/arhiva\/wp-content\/uploads\/2011\/02\/srtpci-zeljeznicka-stanica.jpg","datePublished":"2011-02-27T01:30:49+00:00","dateModified":"2011-02-27T01:56:03+00:00","breadcrumb":{"@id":"https:\/\/sandzakpress.net\/arhiva\/od-strbaca-do-strbaca-do-kad\/#breadcrumb"},"inLanguage":"bs-BA","potentialAction":[{"@type":"ReadAction","target":["https:\/\/sandzakpress.net\/arhiva\/od-strbaca-do-strbaca-do-kad\/"]}]},{"@type":"ImageObject","inLanguage":"bs-BA","@id":"https:\/\/sandzakpress.net\/arhiva\/od-strbaca-do-strbaca-do-kad\/#primaryimage","url":"https:\/\/sandzakpress.net\/arhiva\/wp-content\/uploads\/2011\/02\/srtpci-zeljeznicka-stanica.jpg","contentUrl":"https:\/\/sandzakpress.net\/arhiva\/wp-content\/uploads\/2011\/02\/srtpci-zeljeznicka-stanica.jpg","width":616,"height":284},{"@type":"BreadcrumbList","@id":"https:\/\/sandzakpress.net\/arhiva\/od-strbaca-do-strbaca-do-kad\/#breadcrumb","itemListElement":[{"@type":"ListItem","position":1,"name":"Home","item":"https:\/\/sandzakpress.net\/arhiva\/"},{"@type":"ListItem","position":2,"name":"Od \u0160trbaca do \u0160trbaca, do kad?"}]},{"@type":"WebSite","@id":"https:\/\/sandzakpress.net\/arhiva\/#website","url":"https:\/\/sandzakpress.net\/arhiva\/","name":"Sand\u017eak PRESS","description":"Prve elektronske novine u Sand\u017eaku","publisher":{"@id":"https:\/\/sandzakpress.net\/arhiva\/#\/schema\/person\/6e72b67d6e51910a1117b3b483ba20bd"},"potentialAction":[{"@type":"SearchAction","target":{"@type":"EntryPoint","urlTemplate":"https:\/\/sandzakpress.net\/arhiva\/?s={search_term_string}"},"query-input":{"@type":"PropertyValueSpecification","valueRequired":true,"valueName":"search_term_string"}}],"inLanguage":"bs-BA"},{"@type":["Person","Organization"],"@id":"https:\/\/sandzakpress.net\/arhiva\/#\/schema\/person\/6e72b67d6e51910a1117b3b483ba20bd","name":"Kul","image":{"@type":"ImageObject","inLanguage":"bs-BA","@id":"https:\/\/sandzakpress.net\/arhiva\/#\/schema\/person\/image\/","url":"https:\/\/secure.gravatar.com\/avatar\/42263f39aa27ac04c43cab85c280eb2e?s=96&d=mm&r=pg","contentUrl":"https:\/\/secure.gravatar.com\/avatar\/42263f39aa27ac04c43cab85c280eb2e?s=96&d=mm&r=pg","caption":"Kul"},"logo":{"@id":"https:\/\/sandzakpress.net\/arhiva\/#\/schema\/person\/image\/"}},{"@type":"Person","@id":"https:\/\/sandzakpress.net\/arhiva\/#\/schema\/person\/c8baee722073534b583ea7bdb2e36c02","name":"bosniak","image":{"@type":"ImageObject","inLanguage":"bs-BA","@id":"https:\/\/sandzakpress.net\/arhiva\/#\/schema\/person\/image\/","url":"https:\/\/secure.gravatar.com\/avatar\/a04fd330bfe3a36a72a0ad4a6d89fca7?s=96&d=mm&r=pg","contentUrl":"https:\/\/secure.gravatar.com\/avatar\/a04fd330bfe3a36a72a0ad4a6d89fca7?s=96&d=mm&r=pg","caption":"bosniak"},"url":"https:\/\/sandzakpress.net\/arhiva\/author\/bosniak\/"}]}},"_links":{"self":[{"href":"https:\/\/sandzakpress.net\/arhiva\/wp-json\/wp\/v2\/posts\/13234"}],"collection":[{"href":"https:\/\/sandzakpress.net\/arhiva\/wp-json\/wp\/v2\/posts"}],"about":[{"href":"https:\/\/sandzakpress.net\/arhiva\/wp-json\/wp\/v2\/types\/post"}],"author":[{"embeddable":true,"href":"https:\/\/sandzakpress.net\/arhiva\/wp-json\/wp\/v2\/users\/83"}],"replies":[{"embeddable":true,"href":"https:\/\/sandzakpress.net\/arhiva\/wp-json\/wp\/v2\/comments?post=13234"}],"version-history":[{"count":0,"href":"https:\/\/sandzakpress.net\/arhiva\/wp-json\/wp\/v2\/posts\/13234\/revisions"}],"wp:featuredmedia":[{"embeddable":true,"href":"https:\/\/sandzakpress.net\/arhiva\/wp-json\/wp\/v2\/media\/13235"}],"wp:attachment":[{"href":"https:\/\/sandzakpress.net\/arhiva\/wp-json\/wp\/v2\/media?parent=13234"}],"wp:term":[{"taxonomy":"category","embeddable":true,"href":"https:\/\/sandzakpress.net\/arhiva\/wp-json\/wp\/v2\/categories?post=13234"},{"taxonomy":"post_tag","embeddable":true,"href":"https:\/\/sandzakpress.net\/arhiva\/wp-json\/wp\/v2\/tags?post=13234"}],"curies":[{"name":"wp","href":"https:\/\/api.w.org\/{rel}","templated":true}]}}