{"id":132338,"date":"2015-08-03T12:37:22","date_gmt":"2015-08-03T10:37:22","guid":{"rendered":"https:\/\/sandzakpress.net\/arhiva\/srbija-mora-da-prestane-da-bude-frustrirana-zemlja"},"modified":"2015-08-03T12:37:22","modified_gmt":"2015-08-03T10:37:22","slug":"srbija-mora-da-prestane-da-bude-frustrirana-zemlja","status":"publish","type":"post","link":"https:\/\/sandzakpress.net\/arhiva\/srbija-mora-da-prestane-da-bude-frustrirana-zemlja\/","title":{"rendered":"Srbija mora da prestane da bude frustrirana zemlja"},"content":{"rendered":"<p><a href=\"http:\/\/bosnapress.net\/wp-content\/uploads\/2015\/08\/cedomir-jovanovic-ceda.jpg\"><img loading=\"lazy\" decoding=\"async\" class=\"alignnone size-large wp-image-140529\" src=\"http:\/\/bosnapress.net\/wp-content\/uploads\/2015\/08\/cedomir-jovanovic-ceda-616x307.jpg\" alt=\"cedomir jovanovic ceda\" width=\"600\" height=\"299\" \/><\/a><\/p>\n<p><strong>Srbija \u2013 \u010cedomir Jovanovi\u0107, predsjednik LDP, u intervjuu za hrvatski \u201cVe\u010dernji list\u201d odgovarao je na pitanja o obilje\u017eavanju \u201cOluje\u201d i vojnoj paradi u Zagrebu, krivcima za nove napetosti u srpsko-hrvatskim odnosima, beatifikaciji Stepinca, politi\u010dkoj situaciji u Srbiji i srpskoj spoljnoj politici, problemima u regionu i Zoranu \u0110in\u0111i\u0107u.<\/strong><\/p>\n<div class=\"short_desc\"><em><strong><span style=\"line-height: 1.5\">Uvijek uo\u010di obilje\u017eavanja godi\u0161njice Oluje u Hrvatskoj podignu senapetosti izme\u0111u Hrvatske i Srbije. Ho\u0107e li nas to \u010dekati i u sljede\u0107im godin\u00a0<\/span><\/strong><strong><span style=\"line-height: 1.5\">ama i decenijama s obzirom da se Hrvatska ne\u0107e odre\u0107i Dana zahvalnosti, a Srbija isto tako ne\u0107e Dana sje\u0107anja?\u00a0<\/span><\/strong><\/em><\/div>\n<div class=\"short_desc\"><\/div>\n<div class=\"short_desc\">Mislim da ti dani sami po sebi ne moraju da budu problem. Problem su poruke koje \u0161alju vlasti koje ih organizuju i njihova percepcija u na\u0161im dru\u0161tvima koja su hroni\u010dno opijena svojim nacionalizmima i mr\u017enjama, koji se dalje jedan u drugom ogledaju kao u nekim beskona\u010dnim ogledalima, spre\u010davaju\u0107i nas sve zajedno da prestanemo da re\u017eimo jedni na druge, evo sad ve\u0107 dvadeset godina od kraja rata. Ve\u0107ina ljudi u svakoj dr\u017eavi u na\u0161em okru\u017eenju i dalje je savr\u0161eno sposobna da vidi tu\u0111u krivicu, ali je i dalje svaki pogled u ogledalo i suo\u010davanje sa sopstvenim gresima privilegija progonjene manjine, jednako u Srbiji, BiH, na Kosovu ili Hrvatskoj. Mene je, pre svega, uvek interesovalo da se bavim zlom koje su \u010dinili predstavnici mog naroda, bez gledanja u kojoj meri to rade drugi, ne zato da bi se nekom svideo, ne zbog ne\u010dijeg diktata, nego jednostavno zato \u0161to to smatram civilizacijskom obavezom i zato \u0161to mislim da bez ra\u0161\u010di\u0161\u0107avanja sa teretom pro\u0161losti koji moja zemlja nosi na le\u0111ima, nikada ne\u0107emo postati normalno, slobodno, moderno evropsko dru\u0161tvo u kakvom bih \u017eeleo da \u017eive moja deca. Li\u010dno bih voleo da Srbija prestane da bude mala frustrirana zemlja nastanjena takvim ljudima i da u vremenu pred nama da sve od sebe da se u celom regionu uspostave novi odnosi. Da prednja\u010di u pomirenju onako kako je u pro\u0161losti, u o\u0161troj konkurenciji, prednja\u010dila u gluposti i zlu. Voleo bih da Dan zahvalnosti i Dan se\u0107anja jednako opominju na u\u017eas rata i da jednako slu\u017ee ideji da se takvo zlo ne desi ni nama ni nikom pored nas.<\/div>\n<div class=\"short_desc\"><\/div>\n<div class=\"short_desc\">\n<p><em><strong>Da ste Vi na vlasti, kako biste reagirali na najavljeni vojni mimohod u Zagrebu?<\/strong><\/em><\/p>\n<p>Na to pitanje nema ba\u0161 jednostavnog odgovora. Meni li\u010dno sve te vojne parade, ona beogradska od pro\u0161le godine i ova zagreba\u010dka, u kojima se po gradskim ulicama voze prestareli vojni kr\u0161evi i nebom lete old timeri stari \u010detrdeset godina, koje samo provi\u0111enje dr\u017ei u vazduhu, sve mi to li\u010di jedno na drugo i mislim da je u oba slu\u010daja izraz vlasti koja nema \u0161ta da ponudi svom narodu osim tog jalovog zveckanja oru\u017ejem. Sa druge strane, ako je mogu\u0107e zamisliti da sam ja ili neko sli\u010dan meni na vlasti, u Srbiji bi se odavno desila lustracija ne samo u politici, vojsci, medijima i crkvi nego u svim segmentima javnog \u017eivota koji su doprineli da Srbija od sebe i svih oko sebe napravi ovo \u0161to je napravila, i sa ra\u0161\u010di\u0161\u0107avanjem na\u0161e bliske i crne pro\u0161losti bih oti\u0161ao mnogo dalje nego \u0161to su od nas to tra\u017eile me\u0111unarodne institucije. Onda bi mo\u017eda Hrvatska na\u0161la nekakav drugi na\u010din da proslavi Dan zahvalnosti, da poku\u0161a sa svoje strane da doprinese uspostavljanju nekih druga\u010dijih odnosa, ili ako ne, imao bih pravo da ka\u017eem: \u201eLjudi ovo sve \u0161to radite danas izgleda malo blesavo\u201c. Do tada mi ostaje da sa \u017ealjenjem gledam, i ovde i tamo, kako ljudi \u017eive po matricama koje \u0107e malo dobrog da nam donesu i da gledam dvadesetogodi\u0161njake koji nemaju li\u010dna se\u0107anja na u\u017ease rata, ali su savr\u0161eno uka\u010dili taj kod mr\u017enje i di\u010de se svojim ratnim zlo\u010dincima, ne zato \u0161to misle da su nevini nego zato \u0161to znaju da su ubijali.<\/p>\n<p><em><strong>Tko je vi\u0161e kriv za novu rundu napetih odnosa: srbijanski ili hrvatski politi\u010dari?\u00a0<\/strong><\/em><\/p>\n<\/div>\n<p>Do sada na\u017ealost, bez obzira da li su na vlasti bile snage od kojih smo o\u010dekivali da budu reformske, koje su bar na papiru imale ve\u0107i potencijal da grade nekakve nove odnose ili su bile one koje su dublje zaglavljene u pro\u0161lost, odnosi izme\u0111u Srbije i Hrvatske, ali i drugih zemalja u regionu, uvek su bili nekako protokolarni, u najboljem slu\u010daju premazani nekom lepom marketin\u0161kom ve\u0161tinom, ali bi u principu uvek lako upadali u stare kli\u0161ee, jednim delom zbog \u017eelje politi\u010dara da se dopadnu dru\u0161tvima tradicionalo zaglavljenim u nacionalizam, a drugim, meni se \u010dini ve\u0107im, zbog definitivnog neshvatanja kako bi jedno moderno dru\u0161tvo trebalo da izgleda, zbog nedostatka ideje da \u0107e druga\u010diji odnosi, druga\u010dija organizacija dru\u0161tva, biti dobri za njenu budu\u0107nost, njenu ekonomiju, kulturu, da \u0107e u krajnjoj meri doprineti njenom opstanku i razvitku. \u010cini mi se da je taj princip dominantnan na obe strane i da je stvar nijansi ko, koliko i u kom periodu u tome prednja\u010di.<\/p>\n<p><em><strong>Pra\u0161ina se digla i oko Alojzija Stepinca, kakav je va\u0161 stav o njegovoj beatifikaciji i \u017eestokoj reakciji SPC-a?<\/strong><\/em><\/p>\n<p>Znam da je istorijski pogled na kardinala Stepinca mnogo komplikovaniji nego \u0161to ga vide ljudi u Srbiji, pa verovatno i ve\u0107ina ljudi u Hrvatskoj. Pitanje beatifikacije je verovatno za jo\u0161 nekoliko nijansi te\u017ee premeriti i staviti u neke racionalne i univerzalne okvire. Kada su kardinala koji je predvodio inicijativu za beatifikaciju Antonija Gaudija, koja je i sama, na neki drugi na\u010din, bila kontroverzna kao i ova Stepin\u010deva, pitali kada \u0107e taj proces da bude gotov, kardinal je citirao naj\u010de\u0161\u0107i odgovor samog Gaudija na pitanje kada \u0107e da bude gotova Sagrada Familia \u2013 rekao je: \u201eMom klijentu se ne \u017euri\u201c. Ako je kardinal Stepinac zaista bla\u017een me\u0111u an\u0111elima, ovo zemaljsko vreme mu verovatno ne igra neku odlu\u010duju\u0107u ulogu, i verovatno ne bi imao problem da se pitanja ve\u010dnosti odvoje od dnevno politi\u010dkih potreba, kao \u0161to mu sigurno ne\u0107e biti nepremostiv problem ako se njegova beatifikacija ne bude proslavljala nekakvim koncertom na \u010cavoglavama. Sa druge strane, eto sada i SPC svog mitropolita Nikolaja Velimirovi\u0107a, ni malo manje kontroverznog, isto \u017eeli da popne na nebo, \u0161to je i dalje razumljivije od inicijative da beatifikuje i Nikolu Teslu. Generalno mislim da ljudi koji se bave Bogom ne bi trebalo da rade ni\u0161ta \u0161to \u0107e buditi \u0111avola u ljudima. Kada bi ljudima bila ukinuta spoljna manifestacija vere, kada ne bi bilo kostima, nakita i rituala, kada bi nas neko premerio kakvi smo stvarno iznutra, koliko u nama ima besa, empatije za tu\u0111u patnju ili sposobnosti da pra\u0161tamo, \u010dini mi se da bi mnogo vi\u0161e li\u010dili na pripadnike nekog paganskog kulta koji slavi krv i \u010delik nego na sledbenike crkve ljubavi. Neko se pre dve hiljade godina setio da jednostavnu naredbu \u201ene ubij\u201c stavi me\u0111u deset bo\u017eijih zapovesti. Gledano iz dana\u0161nje perspektive, taj doga\u0111aj je toliko veli\u010danstven da \u010dovek lako poveruje da je iza njega stajalo bo\u017eansko nadahnu\u0107e. Sa druge strane, lako\u0107a sa kojom ve\u0107ina ljudi ume tu zapovest da ignori\u0161e u\u010dini da ljude lak\u0161e vidimo kao potomke majmuna koji su slu\u010dajno si\u0161li sa drveta.<\/p>\n<p><em><strong>Svojedobno ste bili na konvenciji Hrvatske narodne stranke, je li to va\u0161a neka vrsta sestrinske stranke u Hrvatskoj? Tko su po vama hrvatski politi\u010dari koji mogu graditi dobre odnose sa Srbijom?<\/strong><\/em><\/p>\n<p>Mi smo uvek imali sa HNS i Vesnom Pusi\u0107 posebno, odnose me\u0111usobnog razumevanja i uva\u017eavanja. Ipak, mislim da nije tema na\u0161 spisak \u017eelja sa kim bi \u017eeleli da pri\u010damo. Mislim da moramo da pri\u010damo sa svakim. U svojoj sredini poku\u0161avamo svakom da objasnimo na\u0161u politiku i spremni smo da pru\u017eimo ruku svakom ko ho\u0107e da nas saslu\u0161a. Bez obzira koliko sporo se Srbija menja i koliko je ta promena nedovoljna, danas su se mnogi ljudi u njoj promenili do neprepoznatljivosti. Mislim da isto va\u017ei i za odnose izme\u0111u na\u0161ih zemalja. Mislim da je va\u017eno da svako sa svakim razgovara. Mislim da je dobro \u0161to i najkonzervativniji delovi na\u0161ih dru\u0161tava danas imaju nekakve kontakte, ne gledaju se vi\u0161e preko ni\u0161ana nego razgovaraju. To je daleko od odnosa kakve bi dve normalne zemlje trebalo da imaju, ali danas stvari izgledaju bolje nego \u0161to je bilo mogu\u0107e zamisliti pre dvadeset godina. Nije problem u tome da se razumemo mi i HNS. Problem je da se razumeju stranke sa ve\u0107inskom podr\u0161kom u svojim zemljama i u tome ih treba ohrabrivati, gurati napred, jer izgleda da u svakom dru\u0161tvu i dalje postoji tendencija da se zatvori u svoje male mr\u017enje i paranoje, u velike nacionalne pri\u010de, iza kojih se kao \u0161to znamo, uvek lako sakriju lopovi, manijaci i pre svega, nesposobni ljudi.<\/p>\n<p><em><strong>Za\u0161to je ljevica u Srbiji tako potonula? Odakle tolika popularnost Vu\u010di\u0107u, \u010demu mo\u017ee zahvaliti toliku podr\u0161ku?<\/strong><\/em><\/p>\n<p>Srbija je svojih deset godina, od atentata na Zorana \u0110in\u0111i\u0107a do Vu\u010di\u0107evog dolaska na vlast, potro\u0161ila vode\u0107i neiskrenu i nejasnu politiku. Te godine, kad je trebalo \u0161to br\u017ee da pro\u0111e kroz bolnu tranziciju, Srbija je tro\u0161ila na opstrukciju saradnje sa Ha\u0161kim sudom, na saplitanje Crne Gore, na saplitanje Kosova, na lutanje u spoljnoj politici, na lutanje u ekonomiji, i posle deset godina toga, u vremenu koje je naknadno iskomplikovala ekonomska kriza, imali ste razlu\u0111eno dru\u0161tvo, dezorijentisane, umorne i razo\u010darane ljude, verovatno dosta sli\u010dne ve\u0107ini ljudi koji \u017eive u Hrvatskoj. Ljudi vi\u0161e nisu \u017eeleli da slu\u0161aju bilo kakva obja\u0161njenja, \u017eeleli su nekog ko \u0107e da kazni sve koje su videli kao krivce za sopstveno nezadovoljstvo, politi\u010dare, tajkune, sve. Vu\u010di\u0107 im je ponudio najjednostavniju formulu, spisak onih koje \u0107e da uhapsi i osudi i ljudima je izgledalo da \u0107e im ta kazna kompenzovati deo nezadovoljstva. Na\u017ealost, jednostavna re\u0161enja su retko ispravna. Srpsko dru\u0161tvo \u0107e se promeniti kad ljudi jednom po\u010dnu kona\u010dno da shvataju sopstvenu ulogu u svom \u017eivotu. Ljudi, ili bar ve\u0107ina njih, uvek o\u010dekuju nekog ko \u0107e im re\u0161iti sve patnje sveta. To je prvo bio Milo\u0161evi\u0107, koji je sve patnje hteo da re\u0161i otimanjem tu\u0111ih teritorija, kad je on postao prete\u017eak, kad vi\u0161e nisu bili spremni da pla\u0107aju cenu te luda\u010dke politike, izabrali su Ko\u0161tunicu, pa Tadi\u0107a, koji su im, svaki na svoj na\u010din, nudili ne\u0161to \u0161to ne postoji. Na kraju, kad su sva velika obe\u0107anja nestala u magli, kad su ostali sami sa sobom, prevareni i razo\u010darani sto puta, Vu\u010di\u0107 im je ponudio poslednju kompenzaciju, navodno razra\u010dunavanje sa korupcijom, koje je jedan njegov nesretni bira\u010d lako sa\u017eeo u floskulu: \u201eVu\u010di\u0107u pohapsi ih sve\u201c. Srbija i dalje \u017eivi u toj atmosferi, jo\u0161 uvek nije shvatila da je \u201esve\u201c ipak previ\u0161e ljudi i da svoju sre\u0107u na kraju ne\u0107e na\u0107i sve dok bude isklju\u010divo zavisila od broja uhap\u0161enih.<\/p>\n<p><em><strong>Ugro\u017eava li Srbija sjedenjem na dvije stolice \u2013 briselskoj i moskovskoj \u2013 br\u017ei ulazak u Europsku uniju? Kakav je va\u0161 stav o Putinu?\u00a0<\/strong><\/em><\/p>\n<p>Srbija je prethodnih deset godina na\u017ealost potro\u0161ila ne znaju\u0107i ni sama \u0161ta ta\u010dno ho\u0107e da bude, da li ho\u0107e da bude ruski geto ili ure\u0111ena evropsko dru\u0161tvo, da li ho\u0107e da obara ruke sa Evropom ili da sara\u0111uje, da li ho\u0107e da radi ili da \u201emulja\u201c. Zato su stalno izmi\u0161ljani razni stubovi spoljne politike, kojih je po potrebi bilo dva, \u010detiri, sedam, jedanest, koliko god treba, samo da ne ka\u017eemo gde i kako mi vidimo svoju budu\u0107nost. Ispostavilo se naravno da kad imate \u010detiri stuba spoljne politike u stvari nemate nijedan. Srbija svoju budu\u0107nost mo\u017ee da na\u0111e samo integrisana u region, u Evropsku uniju, u NATO, grade\u0107i sa svim drugim zemljama prijateljske odnose u onoj meri u kojoj se ne me\u0161aju u njen mir i stabilnost.<\/p>\n<p><em><strong>Nakon \u0161to je u Srebrenici imao onakav tertman kakav je imao, Vu\u010di\u0107 je za to optu\u017eio Bakira Izetbegovi\u0107a. Nedugo zatim s Bakirom je igrao \u0161ah, maltene su bilio zagrljeni u Beogradu\u2026 Kao da je taj njihov odnos sav isfabriciran, \u0161to se vama \u010dini?\u00a0<\/strong><\/em><\/p>\n<p>Uprkos svim manama tih odnosa, uprkos svoj neiskrenosti i foliranju, mislim da je dobro \u0161to ti kontakti postoje. Lo\u0161e \u0107e biti ako se ponovo, posle protokolarnih susreta, stvari vrate tamo gde su bile i ranije i ako svako u svojoj sredini nastavi da pali vatre kao \u0161to ih je palio do sada. U srpskoj politici stalno postoje te imaginarne crvene linije koje jednom neko povu\u010de i posle ih se svi dr\u017ee sve dok im vreme ne obri\u0161e svaki smisao i dok same od sebe ne izblede. Poslednja takva linija je negiranje genocida u Srebrenici. Odnosno, eto sad kona\u010dno svi mogu da priznaju da se tamo desio stra\u0161an zlo\u010din, ali i dalje iz nekog razloga, iako za to postoje validne sudske presude, ljudi u Srbiji ne\u0107e da prevale tu re\u010d preko usta, dr\u017ee\u0107i se nekog nadriprava i nadripolitike.<\/p>\n<p><em><strong>Biste li priznali Kosovo da ste premijer i da imate ve\u0107inu u Skup\u0161tini?<\/strong><\/em><\/p>\n<p>Srpska politika prema Kosovu poslednjih petnaest godina se svodila na ideju da \u0107ete dr\u017eanjem kazaljke na satu zaustaviti vreme. Kosovo je odavno nezavisna dr\u017eava, i to saplitanje koje Srbija poku\u0161ava da radi na svakom koraku, ne samo da \u0161teti Kosovu i na\u0161im odnosima sa Kosovom, nego \u0161teti i samoj Srbiji i najvi\u0161e Srbima koji su ostali da \u017eive na Kosovu. Racionalna stvar bi bila \u0161to pre uraditi sve da Kosovo postane normalno i stabilno dru\u0161tvo sa kojim \u0107emo uspostaviti odnose rastere\u0107ene pro\u0161losti u najve\u0107oj mogu\u0107oj meri, a priznanje, dok jo\u0161 uvek ima neku te\u017einu, iskoristiti kao instrument za ostvarivanje \u0161to boljeg polo\u017eaja tamo\u0161nje srpske zajednice. Na kraju dana, svi \u0107emo ostati da \u017eivimo tu, jedni sa drugima i jedni pored drugih, dobro je da taj su\u017eivot \u0161to pre po\u010dne da se de\u0161ava bez dr\u017eanja za vratove i \u0161krgutanja zubima.<\/p>\n<p><em><strong>Kakav je va\u0161 dana\u0161nji odnos prema Republici Srpskoj\u2026 Svojedobno ste je nazvali genocidnom tvorevinom\u2026 Ima li zapravo tamo zdrave alternative Miloradu Dodiku?<\/strong><\/em><\/p>\n<p>Milorad Dodik je, kao i svaki dosada\u0161nji lider bosanskih Srba, ipak uvek bio samo produ\u017eeni refleks politike Beograda. Njegov dana\u0161nji polo\u017eaj i snaga po\u010divaju pre svega na bipolarnosti vlasti u Srbiji, na razli\u010ditim interesima vlade, koja vodi kakvu-takvu proevropsku politiku i predsednika Srbije, koji na svaki mogu\u0107i na\u010din tu politiku sabotira. Kada na to dodate ruski uticaj i opstrukciju svakog poku\u0161aja da se od BiH napravi funkcionalna dr\u017eava, dobijete ta\u010dnu te\u017einu i zna\u010daj Milorada Dodika. Ipak, danas doga\u0111aji teraju Srbiju ka nekakvom razre\u0161enju tog \u010dvora i \u010dine ovaj status quo sve manje mogu\u0107im, pa se nadam da \u0107e u vremenu pred nama uloga Srbije u razre\u0161enju bosanske krize biti konstruktivnija, \u0161to \u0107e i Dodika staviti gde mu je mesto.<\/p>\n<p><em><strong>Mo\u017ee li u Srbiji na vlast ponovno jednoga dana do\u0107i politi\u010dar \u0110in\u0111i\u0107eva profila?\u00a0<\/strong><\/em><\/p>\n<p>To je stvarno te\u0161ko pitanje. Ne samo zbog toga \u0161to je Zoran bio jedan prili\u010dno poseban i neponovljiv \u010dovek, nego i zato \u0161to je Srbija danas na nekoj ta\u010dki sa koje mo\u017ee da sklizne na bilo koju stranu, iako se deklarativno kre\u0107e evropskim putem. Uostalom, dolazak \u0110in\u0111i\u0107a na mesto premijera Srbije je bio posledica jednog neponovljivog politi\u010dkog konteksta, u kojem se on nametnuo kao logi\u010dno re\u0161enje za premijera u koaliciji velikog broja malih stranaka. Celim tokom svoje kratkotrajne vladavine bio je stra\u0161no osporavan, podr\u0161ka me\u0111u bira\u010dima koju je imao kao premijer je retko prelazila pet ili deset procenata i Srbija je shvatila njegov zna\u010daj tek kad ga je izgubila, kao \u0161to \u010desto ume da stvari shvata prekasno ili pogre\u0161no.<\/p>\n<p><em><strong>Kakav je va\u0161 odnos s Borisom Tadi\u0107em?<\/strong><\/em><\/p>\n<p>Na\u0161i odnosi vi\u0161e nisu vredni nekog pomena. Kad se sretnemo normalno porazgovaramo. Kad je bilo va\u017eno da se razumemo, Boris uglavnom nije razumeo \u0161ta sam mu govorio. Danas kada se pogleda u pro\u0161lost ne mo\u017eete videti skoro nijednu stvar koja je uradio, a koja je bila izraz neke njegove autenti\u010dne volje, ideje ili namere. Osam godina vladavine Demokratske stranke pod Borisom Tadi\u0107em su bile osam godina paktiranja sa svakim, od Ko\u0161tunice do Tome Nikoli\u0107a, osam godina za otvorenost prema svakakvim idejama, ali najmanje prema onim koje su stizale od gra\u0111anske Srbije. Na\u017ealost, ta politika stajanja u mestu na \u017eivom pesku je na kraju progutala i njega, bez nekog jasnog i vidljivog traga da je nekad suvereno vladao Srbijom. U njegovu odbranu, ipak je van Srbije predstavljao neko bolje lice na\u0161e zemlje.<\/p>\n<p><em><strong>Dolazili ste na ljetovanje u Hrvatsku, gdje \u0107ete ove godine odmarati? Imate li neugodnosti kad u Hrvatskoj progovorite ekavicom i naru\u010dite kafu i hleb?\u00a0<\/strong><\/em><\/p>\n<p>Me\u0111u ljudima koje sre\u0107em u Hrvatskoj sam se uvek ose\u0107ao dobro. Li\u010dno nikada nisam imao neprijatnosti u Hrvatskoj, ni zbog svog govora ni zbog bilo \u010dega drugog. \u017delim da verujem da \u0107e svaka slede\u0107a godina nositi vi\u0161e mira i manje problema i siguran sam da je trag koji su za sobom ostavili Arsen Dedi\u0107 ili Darko Rundek ipak ve\u0107i od onog \u0161to za sobom seje Tompson.<\/p>\n<p>(Ldp)<\/p>\n<div class=\"clear\"><\/div>\n<p>Pogledajte vijest na izvornom sajtu:<\/p>\n<p><a href=\"http:\/\/bosnapress.net\/srbija-mora-da-prestane-da-bude-frustrirana-zemlja\/\" target=\"_blank\">Srbija mora da prestane da bude frustrirana zemlja<\/a><\/p>\n","protected":false},"excerpt":{"rendered":"<p>Srbija \u2013 \u010cedomir Jovanovi\u0107, predsjednik LDP, u intervjuu za hrvatski \u201cVe\u010dernji list\u201d odgovarao je na pitanja o obilje\u017eavanju \u201cOluje\u201d i vojnoj paradi u Zagrebu, krivcima za nove napetosti u srpsko-hrvatskim odnosima, beatifikaciji Stepinca, politi\u010dkoj situaciji u Srbiji i srpskoj spoljnoj politici, problemima u regionu i Zoranu \u0110in\u0111i\u0107u. Uvijek uo\u010di obilje\u017eavanja godi\u0161njice Oluje u Hrvatskoj podignu [&hellip;]<\/p>\n","protected":false},"author":83,"featured_media":132340,"comment_status":"open","ping_status":"open","sticky":false,"template":"","format":"standard","meta":{"footnotes":""},"categories":[10513],"tags":[10466],"class_list":{"0":"post-132338","1":"post","2":"type-post","3":"status-publish","4":"format-standard","5":"has-post-thumbnail","7":"category-bosna-press","8":"tag-bosna-i-hercegovina"},"yoast_head":"<!-- This site is optimized with the Yoast SEO Premium plugin v23.1 (Yoast SEO v24.9) - https:\/\/yoast.com\/wordpress\/plugins\/seo\/ -->\n<title>Srbija mora da prestane da bude frustrirana zemlja<\/title>\n<meta name=\"robots\" content=\"index, follow, max-snippet:-1, max-image-preview:large, max-video-preview:-1\" \/>\n<link rel=\"canonical\" href=\"https:\/\/sandzakpress.net\/arhiva\/srbija-mora-da-prestane-da-bude-frustrirana-zemlja\/\" \/>\n<meta property=\"og:locale\" content=\"bs_BA\" \/>\n<meta property=\"og:type\" content=\"article\" \/>\n<meta property=\"og:title\" content=\"Srbija mora da prestane da bude frustrirana zemlja\" \/>\n<meta property=\"og:description\" content=\"Srbija \u2013 \u010cedomir Jovanovi\u0107, predsjednik LDP, u intervjuu za hrvatski \u201cVe\u010dernji list\u201d odgovarao je na pitanja o obilje\u017eavanju \u201cOluje\u201d i vojnoj paradi u Zagrebu, krivcima za nove napetosti u srpsko-hrvatskim odnosima, beatifikaciji Stepinca, politi\u010dkoj situaciji u Srbiji i srpskoj spoljnoj politici, problemima u regionu i Zoranu \u0110in\u0111i\u0107u. Uvijek uo\u010di obilje\u017eavanja godi\u0161njice Oluje u Hrvatskoj podignu [&hellip;]\" \/>\n<meta property=\"og:url\" content=\"https:\/\/sandzakpress.net\/arhiva\/srbija-mora-da-prestane-da-bude-frustrirana-zemlja\/\" \/>\n<meta property=\"og:site_name\" content=\"Sand\u017eak PRESS\" \/>\n<meta property=\"article:published_time\" content=\"2015-08-03T10:37:22+00:00\" \/>\n<meta property=\"og:image\" content=\"https:\/\/sandzakpress.net\/arhiva\/wp-content\/uploads\/2015\/08\/cedomir-jovanovic-ceda-616x3071.jpg\" \/>\n\t<meta property=\"og:image:width\" content=\"616\" \/>\n\t<meta property=\"og:image:height\" content=\"307\" \/>\n\t<meta property=\"og:image:type\" content=\"image\/jpeg\" \/>\n<meta name=\"author\" content=\"bosniak\" \/>\n<meta name=\"twitter:card\" content=\"summary_large_image\" \/>\n<meta name=\"twitter:label1\" content=\"Written by\" \/>\n\t<meta name=\"twitter:data1\" content=\"bosniak\" \/>\n\t<meta name=\"twitter:label2\" content=\"Est. reading time\" \/>\n\t<meta name=\"twitter:data2\" content=\"15 minuta\" \/>\n<script type=\"application\/ld+json\" class=\"yoast-schema-graph\">{\"@context\":\"https:\/\/schema.org\",\"@graph\":[{\"@type\":\"Article\",\"@id\":\"https:\/\/sandzakpress.net\/arhiva\/srbija-mora-da-prestane-da-bude-frustrirana-zemlja\/#article\",\"isPartOf\":{\"@id\":\"https:\/\/sandzakpress.net\/arhiva\/srbija-mora-da-prestane-da-bude-frustrirana-zemlja\/\"},\"author\":{\"name\":\"bosniak\",\"@id\":\"https:\/\/sandzakpress.net\/arhiva\/#\/schema\/person\/c8baee722073534b583ea7bdb2e36c02\"},\"headline\":\"Srbija mora da prestane da bude frustrirana zemlja\",\"datePublished\":\"2015-08-03T10:37:22+00:00\",\"mainEntityOfPage\":{\"@id\":\"https:\/\/sandzakpress.net\/arhiva\/srbija-mora-da-prestane-da-bude-frustrirana-zemlja\/\"},\"wordCount\":3030,\"commentCount\":2,\"publisher\":{\"@id\":\"https:\/\/sandzakpress.net\/arhiva\/#\/schema\/person\/6e72b67d6e51910a1117b3b483ba20bd\"},\"image\":{\"@id\":\"https:\/\/sandzakpress.net\/arhiva\/srbija-mora-da-prestane-da-bude-frustrirana-zemlja\/#primaryimage\"},\"thumbnailUrl\":\"https:\/\/sandzakpress.net\/arhiva\/wp-content\/uploads\/2015\/08\/cedomir-jovanovic-ceda-616x3071.jpg\",\"keywords\":[\"Bosna i Hercegovina\"],\"articleSection\":[\"Bosna PRESS\"],\"inLanguage\":\"bs-BA\",\"potentialAction\":[{\"@type\":\"CommentAction\",\"name\":\"Comment\",\"target\":[\"https:\/\/sandzakpress.net\/arhiva\/srbija-mora-da-prestane-da-bude-frustrirana-zemlja\/#respond\"]}]},{\"@type\":\"WebPage\",\"@id\":\"https:\/\/sandzakpress.net\/arhiva\/srbija-mora-da-prestane-da-bude-frustrirana-zemlja\/\",\"url\":\"https:\/\/sandzakpress.net\/arhiva\/srbija-mora-da-prestane-da-bude-frustrirana-zemlja\/\",\"name\":\"Srbija mora da prestane da bude frustrirana zemlja\",\"isPartOf\":{\"@id\":\"https:\/\/sandzakpress.net\/arhiva\/#website\"},\"primaryImageOfPage\":{\"@id\":\"https:\/\/sandzakpress.net\/arhiva\/srbija-mora-da-prestane-da-bude-frustrirana-zemlja\/#primaryimage\"},\"image\":{\"@id\":\"https:\/\/sandzakpress.net\/arhiva\/srbija-mora-da-prestane-da-bude-frustrirana-zemlja\/#primaryimage\"},\"thumbnailUrl\":\"https:\/\/sandzakpress.net\/arhiva\/wp-content\/uploads\/2015\/08\/cedomir-jovanovic-ceda-616x3071.jpg\",\"datePublished\":\"2015-08-03T10:37:22+00:00\",\"breadcrumb\":{\"@id\":\"https:\/\/sandzakpress.net\/arhiva\/srbija-mora-da-prestane-da-bude-frustrirana-zemlja\/#breadcrumb\"},\"inLanguage\":\"bs-BA\",\"potentialAction\":[{\"@type\":\"ReadAction\",\"target\":[\"https:\/\/sandzakpress.net\/arhiva\/srbija-mora-da-prestane-da-bude-frustrirana-zemlja\/\"]}]},{\"@type\":\"ImageObject\",\"inLanguage\":\"bs-BA\",\"@id\":\"https:\/\/sandzakpress.net\/arhiva\/srbija-mora-da-prestane-da-bude-frustrirana-zemlja\/#primaryimage\",\"url\":\"https:\/\/sandzakpress.net\/arhiva\/wp-content\/uploads\/2015\/08\/cedomir-jovanovic-ceda-616x3071.jpg\",\"contentUrl\":\"https:\/\/sandzakpress.net\/arhiva\/wp-content\/uploads\/2015\/08\/cedomir-jovanovic-ceda-616x3071.jpg\",\"width\":616,\"height\":307},{\"@type\":\"BreadcrumbList\",\"@id\":\"https:\/\/sandzakpress.net\/arhiva\/srbija-mora-da-prestane-da-bude-frustrirana-zemlja\/#breadcrumb\",\"itemListElement\":[{\"@type\":\"ListItem\",\"position\":1,\"name\":\"Home\",\"item\":\"https:\/\/sandzakpress.net\/arhiva\/\"},{\"@type\":\"ListItem\",\"position\":2,\"name\":\"Srbija mora da prestane da bude frustrirana zemlja\"}]},{\"@type\":\"WebSite\",\"@id\":\"https:\/\/sandzakpress.net\/arhiva\/#website\",\"url\":\"https:\/\/sandzakpress.net\/arhiva\/\",\"name\":\"Sand\u017eak PRESS\",\"description\":\"Prve elektronske novine u Sand\u017eaku\",\"publisher\":{\"@id\":\"https:\/\/sandzakpress.net\/arhiva\/#\/schema\/person\/6e72b67d6e51910a1117b3b483ba20bd\"},\"potentialAction\":[{\"@type\":\"SearchAction\",\"target\":{\"@type\":\"EntryPoint\",\"urlTemplate\":\"https:\/\/sandzakpress.net\/arhiva\/?s={search_term_string}\"},\"query-input\":{\"@type\":\"PropertyValueSpecification\",\"valueRequired\":true,\"valueName\":\"search_term_string\"}}],\"inLanguage\":\"bs-BA\"},{\"@type\":[\"Person\",\"Organization\"],\"@id\":\"https:\/\/sandzakpress.net\/arhiva\/#\/schema\/person\/6e72b67d6e51910a1117b3b483ba20bd\",\"name\":\"Kul\",\"image\":{\"@type\":\"ImageObject\",\"inLanguage\":\"bs-BA\",\"@id\":\"https:\/\/sandzakpress.net\/arhiva\/#\/schema\/person\/image\/\",\"url\":\"https:\/\/secure.gravatar.com\/avatar\/42263f39aa27ac04c43cab85c280eb2e?s=96&d=mm&r=pg\",\"contentUrl\":\"https:\/\/secure.gravatar.com\/avatar\/42263f39aa27ac04c43cab85c280eb2e?s=96&d=mm&r=pg\",\"caption\":\"Kul\"},\"logo\":{\"@id\":\"https:\/\/sandzakpress.net\/arhiva\/#\/schema\/person\/image\/\"}},{\"@type\":\"Person\",\"@id\":\"https:\/\/sandzakpress.net\/arhiva\/#\/schema\/person\/c8baee722073534b583ea7bdb2e36c02\",\"name\":\"bosniak\",\"image\":{\"@type\":\"ImageObject\",\"inLanguage\":\"bs-BA\",\"@id\":\"https:\/\/sandzakpress.net\/arhiva\/#\/schema\/person\/image\/\",\"url\":\"https:\/\/secure.gravatar.com\/avatar\/a04fd330bfe3a36a72a0ad4a6d89fca7?s=96&d=mm&r=pg\",\"contentUrl\":\"https:\/\/secure.gravatar.com\/avatar\/a04fd330bfe3a36a72a0ad4a6d89fca7?s=96&d=mm&r=pg\",\"caption\":\"bosniak\"},\"url\":\"https:\/\/sandzakpress.net\/arhiva\/author\/bosniak\/\"}]}<\/script>\n<!-- \/ Yoast SEO Premium plugin. -->","yoast_head_json":{"title":"Srbija mora da prestane da bude frustrirana zemlja","robots":{"index":"index","follow":"follow","max-snippet":"max-snippet:-1","max-image-preview":"max-image-preview:large","max-video-preview":"max-video-preview:-1"},"canonical":"https:\/\/sandzakpress.net\/arhiva\/srbija-mora-da-prestane-da-bude-frustrirana-zemlja\/","og_locale":"bs_BA","og_type":"article","og_title":"Srbija mora da prestane da bude frustrirana zemlja","og_description":"Srbija \u2013 \u010cedomir Jovanovi\u0107, predsjednik LDP, u intervjuu za hrvatski \u201cVe\u010dernji list\u201d odgovarao je na pitanja o obilje\u017eavanju \u201cOluje\u201d i vojnoj paradi u Zagrebu, krivcima za nove napetosti u srpsko-hrvatskim odnosima, beatifikaciji Stepinca, politi\u010dkoj situaciji u Srbiji i srpskoj spoljnoj politici, problemima u regionu i Zoranu \u0110in\u0111i\u0107u. Uvijek uo\u010di obilje\u017eavanja godi\u0161njice Oluje u Hrvatskoj podignu [&hellip;]","og_url":"https:\/\/sandzakpress.net\/arhiva\/srbija-mora-da-prestane-da-bude-frustrirana-zemlja\/","og_site_name":"Sand\u017eak PRESS","article_published_time":"2015-08-03T10:37:22+00:00","og_image":[{"width":616,"height":307,"url":"https:\/\/sandzakpress.net\/arhiva\/wp-content\/uploads\/2015\/08\/cedomir-jovanovic-ceda-616x3071.jpg","type":"image\/jpeg"}],"author":"bosniak","twitter_card":"summary_large_image","twitter_misc":{"Written by":"bosniak","Est. reading time":"15 minuta"},"schema":{"@context":"https:\/\/schema.org","@graph":[{"@type":"Article","@id":"https:\/\/sandzakpress.net\/arhiva\/srbija-mora-da-prestane-da-bude-frustrirana-zemlja\/#article","isPartOf":{"@id":"https:\/\/sandzakpress.net\/arhiva\/srbija-mora-da-prestane-da-bude-frustrirana-zemlja\/"},"author":{"name":"bosniak","@id":"https:\/\/sandzakpress.net\/arhiva\/#\/schema\/person\/c8baee722073534b583ea7bdb2e36c02"},"headline":"Srbija mora da prestane da bude frustrirana zemlja","datePublished":"2015-08-03T10:37:22+00:00","mainEntityOfPage":{"@id":"https:\/\/sandzakpress.net\/arhiva\/srbija-mora-da-prestane-da-bude-frustrirana-zemlja\/"},"wordCount":3030,"commentCount":2,"publisher":{"@id":"https:\/\/sandzakpress.net\/arhiva\/#\/schema\/person\/6e72b67d6e51910a1117b3b483ba20bd"},"image":{"@id":"https:\/\/sandzakpress.net\/arhiva\/srbija-mora-da-prestane-da-bude-frustrirana-zemlja\/#primaryimage"},"thumbnailUrl":"https:\/\/sandzakpress.net\/arhiva\/wp-content\/uploads\/2015\/08\/cedomir-jovanovic-ceda-616x3071.jpg","keywords":["Bosna i Hercegovina"],"articleSection":["Bosna PRESS"],"inLanguage":"bs-BA","potentialAction":[{"@type":"CommentAction","name":"Comment","target":["https:\/\/sandzakpress.net\/arhiva\/srbija-mora-da-prestane-da-bude-frustrirana-zemlja\/#respond"]}]},{"@type":"WebPage","@id":"https:\/\/sandzakpress.net\/arhiva\/srbija-mora-da-prestane-da-bude-frustrirana-zemlja\/","url":"https:\/\/sandzakpress.net\/arhiva\/srbija-mora-da-prestane-da-bude-frustrirana-zemlja\/","name":"Srbija mora da prestane da bude frustrirana zemlja","isPartOf":{"@id":"https:\/\/sandzakpress.net\/arhiva\/#website"},"primaryImageOfPage":{"@id":"https:\/\/sandzakpress.net\/arhiva\/srbija-mora-da-prestane-da-bude-frustrirana-zemlja\/#primaryimage"},"image":{"@id":"https:\/\/sandzakpress.net\/arhiva\/srbija-mora-da-prestane-da-bude-frustrirana-zemlja\/#primaryimage"},"thumbnailUrl":"https:\/\/sandzakpress.net\/arhiva\/wp-content\/uploads\/2015\/08\/cedomir-jovanovic-ceda-616x3071.jpg","datePublished":"2015-08-03T10:37:22+00:00","breadcrumb":{"@id":"https:\/\/sandzakpress.net\/arhiva\/srbija-mora-da-prestane-da-bude-frustrirana-zemlja\/#breadcrumb"},"inLanguage":"bs-BA","potentialAction":[{"@type":"ReadAction","target":["https:\/\/sandzakpress.net\/arhiva\/srbija-mora-da-prestane-da-bude-frustrirana-zemlja\/"]}]},{"@type":"ImageObject","inLanguage":"bs-BA","@id":"https:\/\/sandzakpress.net\/arhiva\/srbija-mora-da-prestane-da-bude-frustrirana-zemlja\/#primaryimage","url":"https:\/\/sandzakpress.net\/arhiva\/wp-content\/uploads\/2015\/08\/cedomir-jovanovic-ceda-616x3071.jpg","contentUrl":"https:\/\/sandzakpress.net\/arhiva\/wp-content\/uploads\/2015\/08\/cedomir-jovanovic-ceda-616x3071.jpg","width":616,"height":307},{"@type":"BreadcrumbList","@id":"https:\/\/sandzakpress.net\/arhiva\/srbija-mora-da-prestane-da-bude-frustrirana-zemlja\/#breadcrumb","itemListElement":[{"@type":"ListItem","position":1,"name":"Home","item":"https:\/\/sandzakpress.net\/arhiva\/"},{"@type":"ListItem","position":2,"name":"Srbija mora da prestane da bude frustrirana zemlja"}]},{"@type":"WebSite","@id":"https:\/\/sandzakpress.net\/arhiva\/#website","url":"https:\/\/sandzakpress.net\/arhiva\/","name":"Sand\u017eak PRESS","description":"Prve elektronske novine u Sand\u017eaku","publisher":{"@id":"https:\/\/sandzakpress.net\/arhiva\/#\/schema\/person\/6e72b67d6e51910a1117b3b483ba20bd"},"potentialAction":[{"@type":"SearchAction","target":{"@type":"EntryPoint","urlTemplate":"https:\/\/sandzakpress.net\/arhiva\/?s={search_term_string}"},"query-input":{"@type":"PropertyValueSpecification","valueRequired":true,"valueName":"search_term_string"}}],"inLanguage":"bs-BA"},{"@type":["Person","Organization"],"@id":"https:\/\/sandzakpress.net\/arhiva\/#\/schema\/person\/6e72b67d6e51910a1117b3b483ba20bd","name":"Kul","image":{"@type":"ImageObject","inLanguage":"bs-BA","@id":"https:\/\/sandzakpress.net\/arhiva\/#\/schema\/person\/image\/","url":"https:\/\/secure.gravatar.com\/avatar\/42263f39aa27ac04c43cab85c280eb2e?s=96&d=mm&r=pg","contentUrl":"https:\/\/secure.gravatar.com\/avatar\/42263f39aa27ac04c43cab85c280eb2e?s=96&d=mm&r=pg","caption":"Kul"},"logo":{"@id":"https:\/\/sandzakpress.net\/arhiva\/#\/schema\/person\/image\/"}},{"@type":"Person","@id":"https:\/\/sandzakpress.net\/arhiva\/#\/schema\/person\/c8baee722073534b583ea7bdb2e36c02","name":"bosniak","image":{"@type":"ImageObject","inLanguage":"bs-BA","@id":"https:\/\/sandzakpress.net\/arhiva\/#\/schema\/person\/image\/","url":"https:\/\/secure.gravatar.com\/avatar\/a04fd330bfe3a36a72a0ad4a6d89fca7?s=96&d=mm&r=pg","contentUrl":"https:\/\/secure.gravatar.com\/avatar\/a04fd330bfe3a36a72a0ad4a6d89fca7?s=96&d=mm&r=pg","caption":"bosniak"},"url":"https:\/\/sandzakpress.net\/arhiva\/author\/bosniak\/"}]}},"_links":{"self":[{"href":"https:\/\/sandzakpress.net\/arhiva\/wp-json\/wp\/v2\/posts\/132338"}],"collection":[{"href":"https:\/\/sandzakpress.net\/arhiva\/wp-json\/wp\/v2\/posts"}],"about":[{"href":"https:\/\/sandzakpress.net\/arhiva\/wp-json\/wp\/v2\/types\/post"}],"author":[{"embeddable":true,"href":"https:\/\/sandzakpress.net\/arhiva\/wp-json\/wp\/v2\/users\/83"}],"replies":[{"embeddable":true,"href":"https:\/\/sandzakpress.net\/arhiva\/wp-json\/wp\/v2\/comments?post=132338"}],"version-history":[{"count":0,"href":"https:\/\/sandzakpress.net\/arhiva\/wp-json\/wp\/v2\/posts\/132338\/revisions"}],"wp:featuredmedia":[{"embeddable":true,"href":"https:\/\/sandzakpress.net\/arhiva\/wp-json\/wp\/v2\/media\/132340"}],"wp:attachment":[{"href":"https:\/\/sandzakpress.net\/arhiva\/wp-json\/wp\/v2\/media?parent=132338"}],"wp:term":[{"taxonomy":"category","embeddable":true,"href":"https:\/\/sandzakpress.net\/arhiva\/wp-json\/wp\/v2\/categories?post=132338"},{"taxonomy":"post_tag","embeddable":true,"href":"https:\/\/sandzakpress.net\/arhiva\/wp-json\/wp\/v2\/tags?post=132338"}],"curies":[{"name":"wp","href":"https:\/\/api.w.org\/{rel}","templated":true}]}}