{"id":132282,"date":"2015-08-03T13:49:21","date_gmt":"2015-08-03T11:49:21","guid":{"rendered":"https:\/\/sandzakpress.net\/arhiva\/?p=132282"},"modified":"2015-08-03T13:49:21","modified_gmt":"2015-08-03T11:49:21","slug":"rozaje-izbacili-ga-iz-kafane-zbog-pjesme-i-pretukli","status":"publish","type":"post","link":"https:\/\/sandzakpress.net\/arhiva\/rozaje-izbacili-ga-iz-kafane-zbog-pjesme-i-pretukli\/","title":{"rendered":"Ro\u017eaje &#8211; Izbacili ga iz kafane zbog pjesme i pretukli"},"content":{"rendered":"<p><img decoding=\"async\" src=\"http:\/\/www.vijesti.me\/media\/cache\/85\/f2\/85f2807cb1a1a72daad17d7006d7cb1e.jpg\" alt=\"Izbacili ga iz kafane zbog pjesme i pretukli\" \/><\/p>\n<p><strong>Ro\u017eaje &#8211; Aldin Sinanovi\u0107 (22) iz Ro\u017eaja zadr\u017ean je u subotu u beranskoj bolnici nakon \u0161to \u00a0mu se zdravstveno stanje pogor\u0161alo zbog batina. Na Aldina su, tvrde u policiji, \u00a0u no\u0107i izme\u0111u petka i subote, oko dva sata poslije pono\u0107i, \u00a0ispred \u00a0ku\u0107e nasrnuli vlasnik i radnik lokala \u201eDaimond\u201c, Velija Hot (51) i Murat Bu\u010dan (31).\u00a0Incidentu je, navodno, prethodio nesporazum u kafi\u0107u.<\/strong><\/p>\n<p>\u201eAldin je u &#8216;Daimondu&#8217; bio sa trojicom drugova. Zamolio je di d\u017eeja da mu pusti neku pjesmu, a \u00a0Bu\u010dan mu je \u00a0rekao da ne mo\u017ee i da sa dru\u0161tvom napusti lokal. Zato \u0161to su izba\u010deni, a \u00a0nijesu pravili nikakve incidente, mladi\u0107i su odbili da plate ra\u010dun\u201c, tvrdi Sinanovi\u0107ev \u00a0ro\u0111ak.<\/p>\n<p>Kada je kasnije \u00a0dru\u0161tvo ispratilo Aldina do ku\u0107e, iza njih se vozilom, \u00a0navodno, parkirao Hot koji im je blokirao put.<\/p>\n<p>\u201eHot i Bu\u010dan su nasrnuli na Aldina, oborili ga na ulicu i \u00a0bjesomu\u010dno ga udarali. \u00a0Uspjeli su da ih razdvoje i \u00a0Aldin je po\u010deo da bje\u017ei ka ku\u0107i. U pravcu njega je tada ispaljeno nekoliko metaka\u201d, tvrdi Sinanovi\u0107ev ro\u0111ak.<\/p>\n<p>Iz ro\u017eajske policije su kazali da je Hotu i Bu\u010danu odre\u0111eno zadr\u017eavanje, te da \u0107e se tu\u017eilac danas izjasniti o daljim mjerama.<\/p>\n<p>\u201eNa licu mjesta je prona\u0111ena jedna \u010daura, a parafinske rukavice su uzete od oba napada\u010da, od kojih ni jedan nije priznao da je koristio oru\u017eje\u201d, saop\u0161tila je policija.<\/p>\n<p>Ro\u017eajska policija je saop\u0161tila da su ljekari \u00a0Sinanovi\u0107u konstatovali lak\u0161e tjelesne povrede. Njegova porodica ogor\u010dena je zbog toga.\u00a0<\/p>\n<p>Oni vjeruju da \u0107e policija i tu\u017eila\u0161tvo jo\u0161 jednom ispitati sve okolnosti incidenta i ispraviti eventualne propuste.<\/p>\n<p>Velija Hot je crnogorskoj javnosti poznat po optu\u017enici na osnovu koje je u periodu od 2005. do 2007. godine \u201eoprao\u201c oko 780.000 eura, navodno ste\u010denih drogom. Nakon du\u017eeg bjekstva pro\u0161le godine se \u00a0pojavio u Vi\u0161em sudu u Bijelom Polju. Sudija Jokan Varagi\u0107 tada je usvojio njegov zahtijev za jemstvo u iznosu od\u00a050 hiljada \u00a0eura.<\/p>\n<p>&nbsp;<\/p>\n<p>(Vijesti)<\/p>\n","protected":false},"excerpt":{"rendered":"<p>Ro\u017eaje &#8211; Aldin Sinanovi\u0107 (22) iz Ro\u017eaja zadr\u017ean je u subotu u beranskoj bolnici nakon \u0161to \u00a0mu se zdravstveno stanje pogor\u0161alo zbog batina. Na Aldina su, tvrde u policiji, \u00a0u no\u0107i izme\u0111u petka i subote, oko dva sata poslije pono\u0107i, \u00a0ispred \u00a0ku\u0107e nasrnuli vlasnik i radnik lokala \u201eDaimond\u201c, Velija Hot (51) i Murat Bu\u010dan (31).\u00a0Incidentu [&hellip;]<\/p>\n","protected":false},"author":83,"featured_media":132283,"comment_status":"open","ping_status":"open","sticky":false,"template":"","format":"standard","meta":{"footnotes":""},"categories":[398,801,10429],"tags":[],"class_list":{"0":"post-132282","1":"post","2":"type-post","3":"status-publish","4":"format-standard","5":"has-post-thumbnail","7":"category-rozaje","8":"category-crna_hronika","9":"category-vazno"},"yoast_head":"<!-- This site is optimized with the Yoast SEO Premium plugin v23.1 (Yoast SEO v24.9) - https:\/\/yoast.com\/wordpress\/plugins\/seo\/ -->\n<title>Ro\u017eaje - Izbacili ga iz kafane zbog pjesme i pretukli<\/title>\n<meta name=\"robots\" content=\"index, follow, max-snippet:-1, max-image-preview:large, max-video-preview:-1\" \/>\n<link rel=\"canonical\" href=\"https:\/\/sandzakpress.net\/arhiva\/rozaje-izbacili-ga-iz-kafane-zbog-pjesme-i-pretukli\/\" \/>\n<meta property=\"og:locale\" content=\"bs_BA\" \/>\n<meta property=\"og:type\" content=\"article\" \/>\n<meta property=\"og:title\" content=\"Ro\u017eaje - Izbacili ga iz kafane zbog pjesme i pretukli\" \/>\n<meta property=\"og:description\" content=\"Ro\u017eaje &#8211; Aldin Sinanovi\u0107 (22) iz Ro\u017eaja zadr\u017ean je u subotu u beranskoj bolnici nakon \u0161to \u00a0mu se zdravstveno stanje pogor\u0161alo zbog batina. Na Aldina su, tvrde u policiji, \u00a0u no\u0107i izme\u0111u petka i subote, oko dva sata poslije pono\u0107i, \u00a0ispred \u00a0ku\u0107e nasrnuli vlasnik i radnik lokala \u201eDaimond\u201c, Velija Hot (51) i Murat Bu\u010dan (31).\u00a0Incidentu [&hellip;]\" \/>\n<meta property=\"og:url\" content=\"https:\/\/sandzakpress.net\/arhiva\/rozaje-izbacili-ga-iz-kafane-zbog-pjesme-i-pretukli\/\" \/>\n<meta property=\"og:site_name\" content=\"Sand\u017eak PRESS\" \/>\n<meta property=\"article:published_time\" content=\"2015-08-03T11:49:21+00:00\" \/>\n<meta property=\"og:image\" content=\"https:\/\/sandzakpress.net\/arhiva\/wp-content\/uploads\/2015\/08\/85f2807cb1a1a72daad17d7006d7cb1e.jpg\" \/>\n\t<meta property=\"og:image:width\" content=\"560\" \/>\n\t<meta property=\"og:image:height\" content=\"352\" \/>\n\t<meta property=\"og:image:type\" content=\"image\/jpeg\" \/>\n<meta name=\"author\" content=\"bosniak\" \/>\n<meta name=\"twitter:card\" content=\"summary_large_image\" \/>\n<meta name=\"twitter:label1\" content=\"Written by\" \/>\n\t<meta name=\"twitter:data1\" content=\"bosniak\" \/>\n\t<meta name=\"twitter:label2\" content=\"Est. reading time\" \/>\n\t<meta name=\"twitter:data2\" content=\"2 minute\" \/>\n<script type=\"application\/ld+json\" class=\"yoast-schema-graph\">{\"@context\":\"https:\/\/schema.org\",\"@graph\":[{\"@type\":\"Article\",\"@id\":\"https:\/\/sandzakpress.net\/arhiva\/rozaje-izbacili-ga-iz-kafane-zbog-pjesme-i-pretukli\/#article\",\"isPartOf\":{\"@id\":\"https:\/\/sandzakpress.net\/arhiva\/rozaje-izbacili-ga-iz-kafane-zbog-pjesme-i-pretukli\/\"},\"author\":{\"name\":\"bosniak\",\"@id\":\"https:\/\/sandzakpress.net\/arhiva\/#\/schema\/person\/c8baee722073534b583ea7bdb2e36c02\"},\"headline\":\"Ro\u017eaje &#8211; Izbacili ga iz kafane zbog pjesme i pretukli\",\"datePublished\":\"2015-08-03T11:49:21+00:00\",\"mainEntityOfPage\":{\"@id\":\"https:\/\/sandzakpress.net\/arhiva\/rozaje-izbacili-ga-iz-kafane-zbog-pjesme-i-pretukli\/\"},\"wordCount\":365,\"commentCount\":14,\"publisher\":{\"@id\":\"https:\/\/sandzakpress.net\/arhiva\/#\/schema\/person\/6e72b67d6e51910a1117b3b483ba20bd\"},\"image\":{\"@id\":\"https:\/\/sandzakpress.net\/arhiva\/rozaje-izbacili-ga-iz-kafane-zbog-pjesme-i-pretukli\/#primaryimage\"},\"thumbnailUrl\":\"https:\/\/sandzakpress.net\/arhiva\/wp-content\/uploads\/2015\/08\/85f2807cb1a1a72daad17d7006d7cb1e.jpg\",\"articleSection\":[\"Ro\u017eaje\",\"Hronika\",\"VA\u017dNO!\"],\"inLanguage\":\"bs-BA\",\"potentialAction\":[{\"@type\":\"CommentAction\",\"name\":\"Comment\",\"target\":[\"https:\/\/sandzakpress.net\/arhiva\/rozaje-izbacili-ga-iz-kafane-zbog-pjesme-i-pretukli\/#respond\"]}]},{\"@type\":\"WebPage\",\"@id\":\"https:\/\/sandzakpress.net\/arhiva\/rozaje-izbacili-ga-iz-kafane-zbog-pjesme-i-pretukli\/\",\"url\":\"https:\/\/sandzakpress.net\/arhiva\/rozaje-izbacili-ga-iz-kafane-zbog-pjesme-i-pretukli\/\",\"name\":\"Ro\u017eaje - Izbacili ga iz kafane zbog pjesme i pretukli\",\"isPartOf\":{\"@id\":\"https:\/\/sandzakpress.net\/arhiva\/#website\"},\"primaryImageOfPage\":{\"@id\":\"https:\/\/sandzakpress.net\/arhiva\/rozaje-izbacili-ga-iz-kafane-zbog-pjesme-i-pretukli\/#primaryimage\"},\"image\":{\"@id\":\"https:\/\/sandzakpress.net\/arhiva\/rozaje-izbacili-ga-iz-kafane-zbog-pjesme-i-pretukli\/#primaryimage\"},\"thumbnailUrl\":\"https:\/\/sandzakpress.net\/arhiva\/wp-content\/uploads\/2015\/08\/85f2807cb1a1a72daad17d7006d7cb1e.jpg\",\"datePublished\":\"2015-08-03T11:49:21+00:00\",\"breadcrumb\":{\"@id\":\"https:\/\/sandzakpress.net\/arhiva\/rozaje-izbacili-ga-iz-kafane-zbog-pjesme-i-pretukli\/#breadcrumb\"},\"inLanguage\":\"bs-BA\",\"potentialAction\":[{\"@type\":\"ReadAction\",\"target\":[\"https:\/\/sandzakpress.net\/arhiva\/rozaje-izbacili-ga-iz-kafane-zbog-pjesme-i-pretukli\/\"]}]},{\"@type\":\"ImageObject\",\"inLanguage\":\"bs-BA\",\"@id\":\"https:\/\/sandzakpress.net\/arhiva\/rozaje-izbacili-ga-iz-kafane-zbog-pjesme-i-pretukli\/#primaryimage\",\"url\":\"https:\/\/sandzakpress.net\/arhiva\/wp-content\/uploads\/2015\/08\/85f2807cb1a1a72daad17d7006d7cb1e.jpg\",\"contentUrl\":\"https:\/\/sandzakpress.net\/arhiva\/wp-content\/uploads\/2015\/08\/85f2807cb1a1a72daad17d7006d7cb1e.jpg\",\"width\":560,\"height\":352},{\"@type\":\"BreadcrumbList\",\"@id\":\"https:\/\/sandzakpress.net\/arhiva\/rozaje-izbacili-ga-iz-kafane-zbog-pjesme-i-pretukli\/#breadcrumb\",\"itemListElement\":[{\"@type\":\"ListItem\",\"position\":1,\"name\":\"Home\",\"item\":\"https:\/\/sandzakpress.net\/arhiva\/\"},{\"@type\":\"ListItem\",\"position\":2,\"name\":\"Ro\u017eaje &#8211; Izbacili ga iz kafane zbog pjesme i pretukli\"}]},{\"@type\":\"WebSite\",\"@id\":\"https:\/\/sandzakpress.net\/arhiva\/#website\",\"url\":\"https:\/\/sandzakpress.net\/arhiva\/\",\"name\":\"Sand\u017eak PRESS\",\"description\":\"Prve elektronske novine u Sand\u017eaku\",\"publisher\":{\"@id\":\"https:\/\/sandzakpress.net\/arhiva\/#\/schema\/person\/6e72b67d6e51910a1117b3b483ba20bd\"},\"potentialAction\":[{\"@type\":\"SearchAction\",\"target\":{\"@type\":\"EntryPoint\",\"urlTemplate\":\"https:\/\/sandzakpress.net\/arhiva\/?s={search_term_string}\"},\"query-input\":{\"@type\":\"PropertyValueSpecification\",\"valueRequired\":true,\"valueName\":\"search_term_string\"}}],\"inLanguage\":\"bs-BA\"},{\"@type\":[\"Person\",\"Organization\"],\"@id\":\"https:\/\/sandzakpress.net\/arhiva\/#\/schema\/person\/6e72b67d6e51910a1117b3b483ba20bd\",\"name\":\"Kul\",\"image\":{\"@type\":\"ImageObject\",\"inLanguage\":\"bs-BA\",\"@id\":\"https:\/\/sandzakpress.net\/arhiva\/#\/schema\/person\/image\/\",\"url\":\"https:\/\/secure.gravatar.com\/avatar\/42263f39aa27ac04c43cab85c280eb2e?s=96&d=mm&r=pg\",\"contentUrl\":\"https:\/\/secure.gravatar.com\/avatar\/42263f39aa27ac04c43cab85c280eb2e?s=96&d=mm&r=pg\",\"caption\":\"Kul\"},\"logo\":{\"@id\":\"https:\/\/sandzakpress.net\/arhiva\/#\/schema\/person\/image\/\"}},{\"@type\":\"Person\",\"@id\":\"https:\/\/sandzakpress.net\/arhiva\/#\/schema\/person\/c8baee722073534b583ea7bdb2e36c02\",\"name\":\"bosniak\",\"image\":{\"@type\":\"ImageObject\",\"inLanguage\":\"bs-BA\",\"@id\":\"https:\/\/sandzakpress.net\/arhiva\/#\/schema\/person\/image\/\",\"url\":\"https:\/\/secure.gravatar.com\/avatar\/a04fd330bfe3a36a72a0ad4a6d89fca7?s=96&d=mm&r=pg\",\"contentUrl\":\"https:\/\/secure.gravatar.com\/avatar\/a04fd330bfe3a36a72a0ad4a6d89fca7?s=96&d=mm&r=pg\",\"caption\":\"bosniak\"},\"url\":\"https:\/\/sandzakpress.net\/arhiva\/author\/bosniak\/\"}]}<\/script>\n<!-- \/ Yoast SEO Premium plugin. -->","yoast_head_json":{"title":"Ro\u017eaje - Izbacili ga iz kafane zbog pjesme i pretukli","robots":{"index":"index","follow":"follow","max-snippet":"max-snippet:-1","max-image-preview":"max-image-preview:large","max-video-preview":"max-video-preview:-1"},"canonical":"https:\/\/sandzakpress.net\/arhiva\/rozaje-izbacili-ga-iz-kafane-zbog-pjesme-i-pretukli\/","og_locale":"bs_BA","og_type":"article","og_title":"Ro\u017eaje - Izbacili ga iz kafane zbog pjesme i pretukli","og_description":"Ro\u017eaje &#8211; Aldin Sinanovi\u0107 (22) iz Ro\u017eaja zadr\u017ean je u subotu u beranskoj bolnici nakon \u0161to \u00a0mu se zdravstveno stanje pogor\u0161alo zbog batina. Na Aldina su, tvrde u policiji, \u00a0u no\u0107i izme\u0111u petka i subote, oko dva sata poslije pono\u0107i, \u00a0ispred \u00a0ku\u0107e nasrnuli vlasnik i radnik lokala \u201eDaimond\u201c, Velija Hot (51) i Murat Bu\u010dan (31).\u00a0Incidentu [&hellip;]","og_url":"https:\/\/sandzakpress.net\/arhiva\/rozaje-izbacili-ga-iz-kafane-zbog-pjesme-i-pretukli\/","og_site_name":"Sand\u017eak PRESS","article_published_time":"2015-08-03T11:49:21+00:00","og_image":[{"width":560,"height":352,"url":"https:\/\/sandzakpress.net\/arhiva\/wp-content\/uploads\/2015\/08\/85f2807cb1a1a72daad17d7006d7cb1e.jpg","type":"image\/jpeg"}],"author":"bosniak","twitter_card":"summary_large_image","twitter_misc":{"Written by":"bosniak","Est. reading time":"2 minute"},"schema":{"@context":"https:\/\/schema.org","@graph":[{"@type":"Article","@id":"https:\/\/sandzakpress.net\/arhiva\/rozaje-izbacili-ga-iz-kafane-zbog-pjesme-i-pretukli\/#article","isPartOf":{"@id":"https:\/\/sandzakpress.net\/arhiva\/rozaje-izbacili-ga-iz-kafane-zbog-pjesme-i-pretukli\/"},"author":{"name":"bosniak","@id":"https:\/\/sandzakpress.net\/arhiva\/#\/schema\/person\/c8baee722073534b583ea7bdb2e36c02"},"headline":"Ro\u017eaje &#8211; Izbacili ga iz kafane zbog pjesme i pretukli","datePublished":"2015-08-03T11:49:21+00:00","mainEntityOfPage":{"@id":"https:\/\/sandzakpress.net\/arhiva\/rozaje-izbacili-ga-iz-kafane-zbog-pjesme-i-pretukli\/"},"wordCount":365,"commentCount":14,"publisher":{"@id":"https:\/\/sandzakpress.net\/arhiva\/#\/schema\/person\/6e72b67d6e51910a1117b3b483ba20bd"},"image":{"@id":"https:\/\/sandzakpress.net\/arhiva\/rozaje-izbacili-ga-iz-kafane-zbog-pjesme-i-pretukli\/#primaryimage"},"thumbnailUrl":"https:\/\/sandzakpress.net\/arhiva\/wp-content\/uploads\/2015\/08\/85f2807cb1a1a72daad17d7006d7cb1e.jpg","articleSection":["Ro\u017eaje","Hronika","VA\u017dNO!"],"inLanguage":"bs-BA","potentialAction":[{"@type":"CommentAction","name":"Comment","target":["https:\/\/sandzakpress.net\/arhiva\/rozaje-izbacili-ga-iz-kafane-zbog-pjesme-i-pretukli\/#respond"]}]},{"@type":"WebPage","@id":"https:\/\/sandzakpress.net\/arhiva\/rozaje-izbacili-ga-iz-kafane-zbog-pjesme-i-pretukli\/","url":"https:\/\/sandzakpress.net\/arhiva\/rozaje-izbacili-ga-iz-kafane-zbog-pjesme-i-pretukli\/","name":"Ro\u017eaje - Izbacili ga iz kafane zbog pjesme i pretukli","isPartOf":{"@id":"https:\/\/sandzakpress.net\/arhiva\/#website"},"primaryImageOfPage":{"@id":"https:\/\/sandzakpress.net\/arhiva\/rozaje-izbacili-ga-iz-kafane-zbog-pjesme-i-pretukli\/#primaryimage"},"image":{"@id":"https:\/\/sandzakpress.net\/arhiva\/rozaje-izbacili-ga-iz-kafane-zbog-pjesme-i-pretukli\/#primaryimage"},"thumbnailUrl":"https:\/\/sandzakpress.net\/arhiva\/wp-content\/uploads\/2015\/08\/85f2807cb1a1a72daad17d7006d7cb1e.jpg","datePublished":"2015-08-03T11:49:21+00:00","breadcrumb":{"@id":"https:\/\/sandzakpress.net\/arhiva\/rozaje-izbacili-ga-iz-kafane-zbog-pjesme-i-pretukli\/#breadcrumb"},"inLanguage":"bs-BA","potentialAction":[{"@type":"ReadAction","target":["https:\/\/sandzakpress.net\/arhiva\/rozaje-izbacili-ga-iz-kafane-zbog-pjesme-i-pretukli\/"]}]},{"@type":"ImageObject","inLanguage":"bs-BA","@id":"https:\/\/sandzakpress.net\/arhiva\/rozaje-izbacili-ga-iz-kafane-zbog-pjesme-i-pretukli\/#primaryimage","url":"https:\/\/sandzakpress.net\/arhiva\/wp-content\/uploads\/2015\/08\/85f2807cb1a1a72daad17d7006d7cb1e.jpg","contentUrl":"https:\/\/sandzakpress.net\/arhiva\/wp-content\/uploads\/2015\/08\/85f2807cb1a1a72daad17d7006d7cb1e.jpg","width":560,"height":352},{"@type":"BreadcrumbList","@id":"https:\/\/sandzakpress.net\/arhiva\/rozaje-izbacili-ga-iz-kafane-zbog-pjesme-i-pretukli\/#breadcrumb","itemListElement":[{"@type":"ListItem","position":1,"name":"Home","item":"https:\/\/sandzakpress.net\/arhiva\/"},{"@type":"ListItem","position":2,"name":"Ro\u017eaje &#8211; Izbacili ga iz kafane zbog pjesme i pretukli"}]},{"@type":"WebSite","@id":"https:\/\/sandzakpress.net\/arhiva\/#website","url":"https:\/\/sandzakpress.net\/arhiva\/","name":"Sand\u017eak PRESS","description":"Prve elektronske novine u Sand\u017eaku","publisher":{"@id":"https:\/\/sandzakpress.net\/arhiva\/#\/schema\/person\/6e72b67d6e51910a1117b3b483ba20bd"},"potentialAction":[{"@type":"SearchAction","target":{"@type":"EntryPoint","urlTemplate":"https:\/\/sandzakpress.net\/arhiva\/?s={search_term_string}"},"query-input":{"@type":"PropertyValueSpecification","valueRequired":true,"valueName":"search_term_string"}}],"inLanguage":"bs-BA"},{"@type":["Person","Organization"],"@id":"https:\/\/sandzakpress.net\/arhiva\/#\/schema\/person\/6e72b67d6e51910a1117b3b483ba20bd","name":"Kul","image":{"@type":"ImageObject","inLanguage":"bs-BA","@id":"https:\/\/sandzakpress.net\/arhiva\/#\/schema\/person\/image\/","url":"https:\/\/secure.gravatar.com\/avatar\/42263f39aa27ac04c43cab85c280eb2e?s=96&d=mm&r=pg","contentUrl":"https:\/\/secure.gravatar.com\/avatar\/42263f39aa27ac04c43cab85c280eb2e?s=96&d=mm&r=pg","caption":"Kul"},"logo":{"@id":"https:\/\/sandzakpress.net\/arhiva\/#\/schema\/person\/image\/"}},{"@type":"Person","@id":"https:\/\/sandzakpress.net\/arhiva\/#\/schema\/person\/c8baee722073534b583ea7bdb2e36c02","name":"bosniak","image":{"@type":"ImageObject","inLanguage":"bs-BA","@id":"https:\/\/sandzakpress.net\/arhiva\/#\/schema\/person\/image\/","url":"https:\/\/secure.gravatar.com\/avatar\/a04fd330bfe3a36a72a0ad4a6d89fca7?s=96&d=mm&r=pg","contentUrl":"https:\/\/secure.gravatar.com\/avatar\/a04fd330bfe3a36a72a0ad4a6d89fca7?s=96&d=mm&r=pg","caption":"bosniak"},"url":"https:\/\/sandzakpress.net\/arhiva\/author\/bosniak\/"}]}},"_links":{"self":[{"href":"https:\/\/sandzakpress.net\/arhiva\/wp-json\/wp\/v2\/posts\/132282"}],"collection":[{"href":"https:\/\/sandzakpress.net\/arhiva\/wp-json\/wp\/v2\/posts"}],"about":[{"href":"https:\/\/sandzakpress.net\/arhiva\/wp-json\/wp\/v2\/types\/post"}],"author":[{"embeddable":true,"href":"https:\/\/sandzakpress.net\/arhiva\/wp-json\/wp\/v2\/users\/83"}],"replies":[{"embeddable":true,"href":"https:\/\/sandzakpress.net\/arhiva\/wp-json\/wp\/v2\/comments?post=132282"}],"version-history":[{"count":0,"href":"https:\/\/sandzakpress.net\/arhiva\/wp-json\/wp\/v2\/posts\/132282\/revisions"}],"wp:featuredmedia":[{"embeddable":true,"href":"https:\/\/sandzakpress.net\/arhiva\/wp-json\/wp\/v2\/media\/132283"}],"wp:attachment":[{"href":"https:\/\/sandzakpress.net\/arhiva\/wp-json\/wp\/v2\/media?parent=132282"}],"wp:term":[{"taxonomy":"category","embeddable":true,"href":"https:\/\/sandzakpress.net\/arhiva\/wp-json\/wp\/v2\/categories?post=132282"},{"taxonomy":"post_tag","embeddable":true,"href":"https:\/\/sandzakpress.net\/arhiva\/wp-json\/wp\/v2\/tags?post=132282"}],"curies":[{"name":"wp","href":"https:\/\/api.w.org\/{rel}","templated":true}]}}