{"id":132240,"date":"2015-08-02T14:10:58","date_gmt":"2015-08-02T12:10:58","guid":{"rendered":"https:\/\/sandzakpress.net\/arhiva\/svecano-otvorena-dzamija-u-cerskoj-kod-vlasenice"},"modified":"2015-08-02T14:10:58","modified_gmt":"2015-08-02T12:10:58","slug":"svecano-otvorena-dzamija-u-cerskoj-kod-vlasenice","status":"publish","type":"post","link":"https:\/\/sandzakpress.net\/arhiva\/svecano-otvorena-dzamija-u-cerskoj-kod-vlasenice\/","title":{"rendered":"Sve\u010dano otvorena d\u017eamija u Cerskoj kod Vlasenice"},"content":{"rendered":"<p><strong><a href=\"http:\/\/bosnapress.net\/wp-content\/uploads\/2015\/08\/cerska2.jpg\"><img loading=\"lazy\" decoding=\"async\" class=\" size-full wp-image-140487 alignnone\" src=\"http:\/\/bosnapress.net\/wp-content\/uploads\/2015\/08\/cerska2.jpg\" alt=\"cerska2\" width=\"600\" height=\"339\" \/><\/a><\/strong><\/p>\n<p><strong>Vlasenica \u2013 Izgradnja nove d\u017eamije u Cerskoj kod Vlasenice okon\u010dana je prije nekoliko dana, a sve\u010danost povodom otvorenje d\u017eamije, mekteba i imamske ku\u0107e kao i jedne dionice asfaltiranog puta \u00a0odr\u017eana je u subotu 1. augusta.\u00a0<\/strong><\/p>\n<p>Reisul-ulema Islamske zajednice u BiH Husein ef. Kavazovi\u0107 izrazio je zadovoljstvo \u0161to ima priliku da prisustvuje sve\u010danom \u010dinu otvorenja d\u017eamije u \u201cherojskoj Cerskoj\u201d.<\/p>\n<p>\u201cAko postoji mjesto koje me podsje\u0107a na simbol otpora koji su pru\u017eili ljudi u BiH onda je to Cerska. Imam nekakav unutarnji osje\u0107aj da Cerska u sebi mo\u017ee sa\u017eeti cijelu na\u0161u lijepu domovinu BiH\u201d, rekao je reisul-ulema na po\u010detku obra\u0107anja\u201d.<br \/>\nOn je dodao da su Cerani garant o\u010duvanja posebnosti Bosne i Hercegovine i Bo\u0161njaka.<\/p>\n<p><img decoding=\"async\" src=\"http:\/\/preporod.com\/images\/ISLAMSKA-ZAJEDNICA\/Medzlisi\/2015\/07_Juli\/cerska1.jpg\" alt=\"\" \/><\/p>\n<p>Naime, u poplavama i klizi\u0161tima koja su u maju pro\u0161le godine zadesila BiH stradala je i Cerska. Tada je, usljed klizi\u0161ta, jedna osoba smrtno stradala, dok je mjesna d\u017eamija poru\u0161ena u potpunosti, s tim da je munara ostala netaknuta.<\/p>\n<p>Obnova d\u017eamije u Cerskoj zvani\u010dno je po\u010dela polaganjem kamena-temeljca na Dan dr\u017eavnosti BiH 25. novembra 2014. godine, s tim da su gra\u0111evinski radovi zapo\u010deti u martu ove godine.<\/p>\n<p>\u201cD\u017eamija je u potpunosti poru\u0161ena, ali je ostala uspravna munara kao simbol uspravnosti i ustrajnosti mje\u0161tana Cerske. D\u017eamija je premje\u0161tena na novu lokaciju iz razloga \u0161to je lokacija u \u010celebi\u0107ima na kojoj je bila izgra\u0111ena prethodna d\u017eamija progla\u0161ena nesigurnom za gradnju novih objekata. Nova d\u017eamija je izgra\u0111ena u zaseoku Hasanovi\u0107i, a zemlji\u0161te za izgradnju d\u017eamije uvakufio je Bego ef. Selimovi\u0107\u201d, ka\u017ee Muamer ef. Jusupovi\u0107, imam u Cerskoj.<\/p>\n<p>S obzirom na to da je Cerska d\u017eemat sa vi\u0161e mahala koje su udaljene jedna od druge, odlu\u010deno je da se pored d\u017eamije izgradi i jedan mekteb u zaseoku Gobelje, a za potrebe stanovni\u0161tva iz ovog naselja. Gobelje su ina\u010de udaljene sedam km od novoizgra\u0111ene d\u017eamije.<\/p>\n<p><img decoding=\"async\" src=\"http:\/\/preporod.com\/images\/ISLAMSKA-ZAJEDNICA\/Medzlisi\/2015\/07_Juli\/cer3.jpg\" alt=\"\" \/><\/p>\n<p>Pored d\u017eamije i mekteba izgra\u0111ena je i imamska ku\u0107a te objekt abdesthane i \u0161adrvan koji su odvojeni od d\u017eamije.\u00a0Izgradnja ovih objekata finansirana je uz pomo\u0107 Islamske zajednica BiH koja je dala inicijalna sredstva u iznosu od 30.000 KM, te sredstvima prikupljenim putem organizacija, d\u017eemata, firmi\u2026 Ipak, najve\u0107im dijelom sredstva su prikupljena prilozima ljudi iz BiH i dijaspore.<\/p>\n<p>\u00a0<\/p>\n<p><img decoding=\"async\" src=\"http:\/\/preporod.com\/images\/ISLAMSKA-ZAJEDNICA\/Medzlisi\/2015\/07_Juli\/cer2.jpg\" alt=\"\" \/><br \/>\nPogledajte vijest na izvornom sajtu:<\/p>\n<p><a href=\"http:\/\/bosnapress.net\/svecano-otvorena-dzamija-u-cerskoj-kod-vlasenice\/\" target=\"_blank\">Sve\u010dano otvorena d\u017eamija u Cerskoj kod Vlasenice<\/a><\/p>\n","protected":false},"excerpt":{"rendered":"<p>Vlasenica \u2013 Izgradnja nove d\u017eamije u Cerskoj kod Vlasenice okon\u010dana je prije nekoliko dana, a sve\u010danost povodom otvorenje d\u017eamije, mekteba i imamske ku\u0107e kao i jedne dionice asfaltiranog puta \u00a0odr\u017eana je u subotu 1. augusta.\u00a0 Reisul-ulema Islamske zajednice u BiH Husein ef. Kavazovi\u0107 izrazio je zadovoljstvo \u0161to ima priliku da prisustvuje sve\u010danom \u010dinu otvorenja d\u017eamije [&hellip;]<\/p>\n","protected":false},"author":83,"featured_media":132242,"comment_status":"open","ping_status":"open","sticky":false,"template":"","format":"standard","meta":{"footnotes":""},"categories":[10513],"tags":[10466],"class_list":{"0":"post-132240","1":"post","2":"type-post","3":"status-publish","4":"format-standard","5":"has-post-thumbnail","7":"category-bosna-press","8":"tag-bosna-i-hercegovina"},"yoast_head":"<!-- This site is optimized with the Yoast SEO Premium plugin v23.1 (Yoast SEO v24.9) - https:\/\/yoast.com\/wordpress\/plugins\/seo\/ -->\n<title>Sve\u010dano otvorena d\u017eamija u Cerskoj kod Vlasenice<\/title>\n<meta name=\"robots\" content=\"index, follow, max-snippet:-1, max-image-preview:large, max-video-preview:-1\" \/>\n<link rel=\"canonical\" href=\"https:\/\/sandzakpress.net\/arhiva\/svecano-otvorena-dzamija-u-cerskoj-kod-vlasenice\/\" \/>\n<meta property=\"og:locale\" content=\"bs_BA\" \/>\n<meta property=\"og:type\" content=\"article\" \/>\n<meta property=\"og:title\" content=\"Sve\u010dano otvorena d\u017eamija u Cerskoj kod Vlasenice\" \/>\n<meta property=\"og:description\" content=\"Vlasenica \u2013 Izgradnja nove d\u017eamije u Cerskoj kod Vlasenice okon\u010dana je prije nekoliko dana, a sve\u010danost povodom otvorenje d\u017eamije, mekteba i imamske ku\u0107e kao i jedne dionice asfaltiranog puta \u00a0odr\u017eana je u subotu 1. augusta.\u00a0 Reisul-ulema Islamske zajednice u BiH Husein ef. Kavazovi\u0107 izrazio je zadovoljstvo \u0161to ima priliku da prisustvuje sve\u010danom \u010dinu otvorenja d\u017eamije [&hellip;]\" \/>\n<meta property=\"og:url\" content=\"https:\/\/sandzakpress.net\/arhiva\/svecano-otvorena-dzamija-u-cerskoj-kod-vlasenice\/\" \/>\n<meta property=\"og:site_name\" content=\"Sand\u017eak PRESS\" \/>\n<meta property=\"article:published_time\" content=\"2015-08-02T12:10:58+00:00\" \/>\n<meta property=\"og:image\" content=\"https:\/\/sandzakpress.net\/arhiva\/wp-content\/uploads\/2015\/08\/cerska21.jpg\" \/>\n\t<meta property=\"og:image:width\" content=\"600\" \/>\n\t<meta property=\"og:image:height\" content=\"339\" \/>\n\t<meta property=\"og:image:type\" content=\"image\/jpeg\" \/>\n<meta name=\"author\" content=\"bosniak\" \/>\n<meta name=\"twitter:card\" content=\"summary_large_image\" \/>\n<meta name=\"twitter:label1\" content=\"Written by\" \/>\n\t<meta name=\"twitter:data1\" content=\"bosniak\" \/>\n\t<meta name=\"twitter:label2\" content=\"Est. reading time\" \/>\n\t<meta name=\"twitter:data2\" content=\"2 minute\" \/>\n<script type=\"application\/ld+json\" class=\"yoast-schema-graph\">{\"@context\":\"https:\/\/schema.org\",\"@graph\":[{\"@type\":\"Article\",\"@id\":\"https:\/\/sandzakpress.net\/arhiva\/svecano-otvorena-dzamija-u-cerskoj-kod-vlasenice\/#article\",\"isPartOf\":{\"@id\":\"https:\/\/sandzakpress.net\/arhiva\/svecano-otvorena-dzamija-u-cerskoj-kod-vlasenice\/\"},\"author\":{\"name\":\"bosniak\",\"@id\":\"https:\/\/sandzakpress.net\/arhiva\/#\/schema\/person\/c8baee722073534b583ea7bdb2e36c02\"},\"headline\":\"Sve\u010dano otvorena d\u017eamija u Cerskoj kod Vlasenice\",\"datePublished\":\"2015-08-02T12:10:58+00:00\",\"mainEntityOfPage\":{\"@id\":\"https:\/\/sandzakpress.net\/arhiva\/svecano-otvorena-dzamija-u-cerskoj-kod-vlasenice\/\"},\"wordCount\":426,\"commentCount\":0,\"publisher\":{\"@id\":\"https:\/\/sandzakpress.net\/arhiva\/#\/schema\/person\/6e72b67d6e51910a1117b3b483ba20bd\"},\"image\":{\"@id\":\"https:\/\/sandzakpress.net\/arhiva\/svecano-otvorena-dzamija-u-cerskoj-kod-vlasenice\/#primaryimage\"},\"thumbnailUrl\":\"https:\/\/sandzakpress.net\/arhiva\/wp-content\/uploads\/2015\/08\/cerska21.jpg\",\"keywords\":[\"Bosna i Hercegovina\"],\"articleSection\":[\"Bosna PRESS\"],\"inLanguage\":\"bs-BA\",\"potentialAction\":[{\"@type\":\"CommentAction\",\"name\":\"Comment\",\"target\":[\"https:\/\/sandzakpress.net\/arhiva\/svecano-otvorena-dzamija-u-cerskoj-kod-vlasenice\/#respond\"]}]},{\"@type\":\"WebPage\",\"@id\":\"https:\/\/sandzakpress.net\/arhiva\/svecano-otvorena-dzamija-u-cerskoj-kod-vlasenice\/\",\"url\":\"https:\/\/sandzakpress.net\/arhiva\/svecano-otvorena-dzamija-u-cerskoj-kod-vlasenice\/\",\"name\":\"Sve\u010dano otvorena d\u017eamija u Cerskoj kod Vlasenice\",\"isPartOf\":{\"@id\":\"https:\/\/sandzakpress.net\/arhiva\/#website\"},\"primaryImageOfPage\":{\"@id\":\"https:\/\/sandzakpress.net\/arhiva\/svecano-otvorena-dzamija-u-cerskoj-kod-vlasenice\/#primaryimage\"},\"image\":{\"@id\":\"https:\/\/sandzakpress.net\/arhiva\/svecano-otvorena-dzamija-u-cerskoj-kod-vlasenice\/#primaryimage\"},\"thumbnailUrl\":\"https:\/\/sandzakpress.net\/arhiva\/wp-content\/uploads\/2015\/08\/cerska21.jpg\",\"datePublished\":\"2015-08-02T12:10:58+00:00\",\"breadcrumb\":{\"@id\":\"https:\/\/sandzakpress.net\/arhiva\/svecano-otvorena-dzamija-u-cerskoj-kod-vlasenice\/#breadcrumb\"},\"inLanguage\":\"bs-BA\",\"potentialAction\":[{\"@type\":\"ReadAction\",\"target\":[\"https:\/\/sandzakpress.net\/arhiva\/svecano-otvorena-dzamija-u-cerskoj-kod-vlasenice\/\"]}]},{\"@type\":\"ImageObject\",\"inLanguage\":\"bs-BA\",\"@id\":\"https:\/\/sandzakpress.net\/arhiva\/svecano-otvorena-dzamija-u-cerskoj-kod-vlasenice\/#primaryimage\",\"url\":\"https:\/\/sandzakpress.net\/arhiva\/wp-content\/uploads\/2015\/08\/cerska21.jpg\",\"contentUrl\":\"https:\/\/sandzakpress.net\/arhiva\/wp-content\/uploads\/2015\/08\/cerska21.jpg\",\"width\":600,\"height\":339},{\"@type\":\"BreadcrumbList\",\"@id\":\"https:\/\/sandzakpress.net\/arhiva\/svecano-otvorena-dzamija-u-cerskoj-kod-vlasenice\/#breadcrumb\",\"itemListElement\":[{\"@type\":\"ListItem\",\"position\":1,\"name\":\"Home\",\"item\":\"https:\/\/sandzakpress.net\/arhiva\/\"},{\"@type\":\"ListItem\",\"position\":2,\"name\":\"Sve\u010dano otvorena d\u017eamija u Cerskoj kod Vlasenice\"}]},{\"@type\":\"WebSite\",\"@id\":\"https:\/\/sandzakpress.net\/arhiva\/#website\",\"url\":\"https:\/\/sandzakpress.net\/arhiva\/\",\"name\":\"Sand\u017eak PRESS\",\"description\":\"Prve elektronske novine u Sand\u017eaku\",\"publisher\":{\"@id\":\"https:\/\/sandzakpress.net\/arhiva\/#\/schema\/person\/6e72b67d6e51910a1117b3b483ba20bd\"},\"potentialAction\":[{\"@type\":\"SearchAction\",\"target\":{\"@type\":\"EntryPoint\",\"urlTemplate\":\"https:\/\/sandzakpress.net\/arhiva\/?s={search_term_string}\"},\"query-input\":{\"@type\":\"PropertyValueSpecification\",\"valueRequired\":true,\"valueName\":\"search_term_string\"}}],\"inLanguage\":\"bs-BA\"},{\"@type\":[\"Person\",\"Organization\"],\"@id\":\"https:\/\/sandzakpress.net\/arhiva\/#\/schema\/person\/6e72b67d6e51910a1117b3b483ba20bd\",\"name\":\"Kul\",\"image\":{\"@type\":\"ImageObject\",\"inLanguage\":\"bs-BA\",\"@id\":\"https:\/\/sandzakpress.net\/arhiva\/#\/schema\/person\/image\/\",\"url\":\"https:\/\/secure.gravatar.com\/avatar\/42263f39aa27ac04c43cab85c280eb2e?s=96&d=mm&r=pg\",\"contentUrl\":\"https:\/\/secure.gravatar.com\/avatar\/42263f39aa27ac04c43cab85c280eb2e?s=96&d=mm&r=pg\",\"caption\":\"Kul\"},\"logo\":{\"@id\":\"https:\/\/sandzakpress.net\/arhiva\/#\/schema\/person\/image\/\"}},{\"@type\":\"Person\",\"@id\":\"https:\/\/sandzakpress.net\/arhiva\/#\/schema\/person\/c8baee722073534b583ea7bdb2e36c02\",\"name\":\"bosniak\",\"image\":{\"@type\":\"ImageObject\",\"inLanguage\":\"bs-BA\",\"@id\":\"https:\/\/sandzakpress.net\/arhiva\/#\/schema\/person\/image\/\",\"url\":\"https:\/\/secure.gravatar.com\/avatar\/a04fd330bfe3a36a72a0ad4a6d89fca7?s=96&d=mm&r=pg\",\"contentUrl\":\"https:\/\/secure.gravatar.com\/avatar\/a04fd330bfe3a36a72a0ad4a6d89fca7?s=96&d=mm&r=pg\",\"caption\":\"bosniak\"},\"url\":\"https:\/\/sandzakpress.net\/arhiva\/author\/bosniak\/\"}]}<\/script>\n<!-- \/ Yoast SEO Premium plugin. -->","yoast_head_json":{"title":"Sve\u010dano otvorena d\u017eamija u Cerskoj kod Vlasenice","robots":{"index":"index","follow":"follow","max-snippet":"max-snippet:-1","max-image-preview":"max-image-preview:large","max-video-preview":"max-video-preview:-1"},"canonical":"https:\/\/sandzakpress.net\/arhiva\/svecano-otvorena-dzamija-u-cerskoj-kod-vlasenice\/","og_locale":"bs_BA","og_type":"article","og_title":"Sve\u010dano otvorena d\u017eamija u Cerskoj kod Vlasenice","og_description":"Vlasenica \u2013 Izgradnja nove d\u017eamije u Cerskoj kod Vlasenice okon\u010dana je prije nekoliko dana, a sve\u010danost povodom otvorenje d\u017eamije, mekteba i imamske ku\u0107e kao i jedne dionice asfaltiranog puta \u00a0odr\u017eana je u subotu 1. augusta.\u00a0 Reisul-ulema Islamske zajednice u BiH Husein ef. Kavazovi\u0107 izrazio je zadovoljstvo \u0161to ima priliku da prisustvuje sve\u010danom \u010dinu otvorenja d\u017eamije [&hellip;]","og_url":"https:\/\/sandzakpress.net\/arhiva\/svecano-otvorena-dzamija-u-cerskoj-kod-vlasenice\/","og_site_name":"Sand\u017eak PRESS","article_published_time":"2015-08-02T12:10:58+00:00","og_image":[{"width":600,"height":339,"url":"https:\/\/sandzakpress.net\/arhiva\/wp-content\/uploads\/2015\/08\/cerska21.jpg","type":"image\/jpeg"}],"author":"bosniak","twitter_card":"summary_large_image","twitter_misc":{"Written by":"bosniak","Est. reading time":"2 minute"},"schema":{"@context":"https:\/\/schema.org","@graph":[{"@type":"Article","@id":"https:\/\/sandzakpress.net\/arhiva\/svecano-otvorena-dzamija-u-cerskoj-kod-vlasenice\/#article","isPartOf":{"@id":"https:\/\/sandzakpress.net\/arhiva\/svecano-otvorena-dzamija-u-cerskoj-kod-vlasenice\/"},"author":{"name":"bosniak","@id":"https:\/\/sandzakpress.net\/arhiva\/#\/schema\/person\/c8baee722073534b583ea7bdb2e36c02"},"headline":"Sve\u010dano otvorena d\u017eamija u Cerskoj kod Vlasenice","datePublished":"2015-08-02T12:10:58+00:00","mainEntityOfPage":{"@id":"https:\/\/sandzakpress.net\/arhiva\/svecano-otvorena-dzamija-u-cerskoj-kod-vlasenice\/"},"wordCount":426,"commentCount":0,"publisher":{"@id":"https:\/\/sandzakpress.net\/arhiva\/#\/schema\/person\/6e72b67d6e51910a1117b3b483ba20bd"},"image":{"@id":"https:\/\/sandzakpress.net\/arhiva\/svecano-otvorena-dzamija-u-cerskoj-kod-vlasenice\/#primaryimage"},"thumbnailUrl":"https:\/\/sandzakpress.net\/arhiva\/wp-content\/uploads\/2015\/08\/cerska21.jpg","keywords":["Bosna i Hercegovina"],"articleSection":["Bosna PRESS"],"inLanguage":"bs-BA","potentialAction":[{"@type":"CommentAction","name":"Comment","target":["https:\/\/sandzakpress.net\/arhiva\/svecano-otvorena-dzamija-u-cerskoj-kod-vlasenice\/#respond"]}]},{"@type":"WebPage","@id":"https:\/\/sandzakpress.net\/arhiva\/svecano-otvorena-dzamija-u-cerskoj-kod-vlasenice\/","url":"https:\/\/sandzakpress.net\/arhiva\/svecano-otvorena-dzamija-u-cerskoj-kod-vlasenice\/","name":"Sve\u010dano otvorena d\u017eamija u Cerskoj kod Vlasenice","isPartOf":{"@id":"https:\/\/sandzakpress.net\/arhiva\/#website"},"primaryImageOfPage":{"@id":"https:\/\/sandzakpress.net\/arhiva\/svecano-otvorena-dzamija-u-cerskoj-kod-vlasenice\/#primaryimage"},"image":{"@id":"https:\/\/sandzakpress.net\/arhiva\/svecano-otvorena-dzamija-u-cerskoj-kod-vlasenice\/#primaryimage"},"thumbnailUrl":"https:\/\/sandzakpress.net\/arhiva\/wp-content\/uploads\/2015\/08\/cerska21.jpg","datePublished":"2015-08-02T12:10:58+00:00","breadcrumb":{"@id":"https:\/\/sandzakpress.net\/arhiva\/svecano-otvorena-dzamija-u-cerskoj-kod-vlasenice\/#breadcrumb"},"inLanguage":"bs-BA","potentialAction":[{"@type":"ReadAction","target":["https:\/\/sandzakpress.net\/arhiva\/svecano-otvorena-dzamija-u-cerskoj-kod-vlasenice\/"]}]},{"@type":"ImageObject","inLanguage":"bs-BA","@id":"https:\/\/sandzakpress.net\/arhiva\/svecano-otvorena-dzamija-u-cerskoj-kod-vlasenice\/#primaryimage","url":"https:\/\/sandzakpress.net\/arhiva\/wp-content\/uploads\/2015\/08\/cerska21.jpg","contentUrl":"https:\/\/sandzakpress.net\/arhiva\/wp-content\/uploads\/2015\/08\/cerska21.jpg","width":600,"height":339},{"@type":"BreadcrumbList","@id":"https:\/\/sandzakpress.net\/arhiva\/svecano-otvorena-dzamija-u-cerskoj-kod-vlasenice\/#breadcrumb","itemListElement":[{"@type":"ListItem","position":1,"name":"Home","item":"https:\/\/sandzakpress.net\/arhiva\/"},{"@type":"ListItem","position":2,"name":"Sve\u010dano otvorena d\u017eamija u Cerskoj kod Vlasenice"}]},{"@type":"WebSite","@id":"https:\/\/sandzakpress.net\/arhiva\/#website","url":"https:\/\/sandzakpress.net\/arhiva\/","name":"Sand\u017eak PRESS","description":"Prve elektronske novine u Sand\u017eaku","publisher":{"@id":"https:\/\/sandzakpress.net\/arhiva\/#\/schema\/person\/6e72b67d6e51910a1117b3b483ba20bd"},"potentialAction":[{"@type":"SearchAction","target":{"@type":"EntryPoint","urlTemplate":"https:\/\/sandzakpress.net\/arhiva\/?s={search_term_string}"},"query-input":{"@type":"PropertyValueSpecification","valueRequired":true,"valueName":"search_term_string"}}],"inLanguage":"bs-BA"},{"@type":["Person","Organization"],"@id":"https:\/\/sandzakpress.net\/arhiva\/#\/schema\/person\/6e72b67d6e51910a1117b3b483ba20bd","name":"Kul","image":{"@type":"ImageObject","inLanguage":"bs-BA","@id":"https:\/\/sandzakpress.net\/arhiva\/#\/schema\/person\/image\/","url":"https:\/\/secure.gravatar.com\/avatar\/42263f39aa27ac04c43cab85c280eb2e?s=96&d=mm&r=pg","contentUrl":"https:\/\/secure.gravatar.com\/avatar\/42263f39aa27ac04c43cab85c280eb2e?s=96&d=mm&r=pg","caption":"Kul"},"logo":{"@id":"https:\/\/sandzakpress.net\/arhiva\/#\/schema\/person\/image\/"}},{"@type":"Person","@id":"https:\/\/sandzakpress.net\/arhiva\/#\/schema\/person\/c8baee722073534b583ea7bdb2e36c02","name":"bosniak","image":{"@type":"ImageObject","inLanguage":"bs-BA","@id":"https:\/\/sandzakpress.net\/arhiva\/#\/schema\/person\/image\/","url":"https:\/\/secure.gravatar.com\/avatar\/a04fd330bfe3a36a72a0ad4a6d89fca7?s=96&d=mm&r=pg","contentUrl":"https:\/\/secure.gravatar.com\/avatar\/a04fd330bfe3a36a72a0ad4a6d89fca7?s=96&d=mm&r=pg","caption":"bosniak"},"url":"https:\/\/sandzakpress.net\/arhiva\/author\/bosniak\/"}]}},"_links":{"self":[{"href":"https:\/\/sandzakpress.net\/arhiva\/wp-json\/wp\/v2\/posts\/132240"}],"collection":[{"href":"https:\/\/sandzakpress.net\/arhiva\/wp-json\/wp\/v2\/posts"}],"about":[{"href":"https:\/\/sandzakpress.net\/arhiva\/wp-json\/wp\/v2\/types\/post"}],"author":[{"embeddable":true,"href":"https:\/\/sandzakpress.net\/arhiva\/wp-json\/wp\/v2\/users\/83"}],"replies":[{"embeddable":true,"href":"https:\/\/sandzakpress.net\/arhiva\/wp-json\/wp\/v2\/comments?post=132240"}],"version-history":[{"count":0,"href":"https:\/\/sandzakpress.net\/arhiva\/wp-json\/wp\/v2\/posts\/132240\/revisions"}],"wp:featuredmedia":[{"embeddable":true,"href":"https:\/\/sandzakpress.net\/arhiva\/wp-json\/wp\/v2\/media\/132242"}],"wp:attachment":[{"href":"https:\/\/sandzakpress.net\/arhiva\/wp-json\/wp\/v2\/media?parent=132240"}],"wp:term":[{"taxonomy":"category","embeddable":true,"href":"https:\/\/sandzakpress.net\/arhiva\/wp-json\/wp\/v2\/categories?post=132240"},{"taxonomy":"post_tag","embeddable":true,"href":"https:\/\/sandzakpress.net\/arhiva\/wp-json\/wp\/v2\/tags?post=132240"}],"curies":[{"name":"wp","href":"https:\/\/api.w.org\/{rel}","templated":true}]}}