{"id":132238,"date":"2015-08-02T13:57:48","date_gmt":"2015-08-02T11:57:48","guid":{"rendered":"https:\/\/sandzakpress.net\/arhiva\/?p=132238"},"modified":"2015-08-02T13:57:48","modified_gmt":"2015-08-02T11:57:48","slug":"vise-od-300-hiljada-azilanata-u-njemackoj","status":"publish","type":"post","link":"https:\/\/sandzakpress.net\/arhiva\/vise-od-300-hiljada-azilanata-u-njemackoj\/","title":{"rendered":"Vi\u0161e od 300 hiljada azilanata u Njema\u010dkoj"},"content":{"rendered":"<p><strong><a href=\"https:\/\/sandzakpress.net\/arhiva\/wp-content\/uploads\/2015\/08\/njemacka.jpg\"><img loading=\"lazy\" decoding=\"async\" class=\" size-full wp-image-132239 aligncenter\" src=\"https:\/\/sandzakpress.net\/arhiva\/wp-content\/uploads\/2015\/08\/njemacka.jpg\" alt=\"njemacka\" width=\"600\" height=\"319\" \/><\/a>Njema\u010dka &#8211; Njema\u010dka je od po\u010detka godine primila vi\u0161e od 300 hiljada podnosilaca zahtjeva za azil, prenio je danas njema\u010dki list Velt nakon \u0161to se vlasti u Berlinu pripremaju za novi talas izbjeglica.<\/strong><\/p>\n<p>Pozivaju\u0107i se na sastanak ministara unutra\u0161njih poslova 16 saveznih dr\u017eava u Njema\u010dkoj, Velt je naveo da od po\u010detka godine u Njema\u010dkoj registrovano ta\u010dno 302.415 osoba koje su podnijele zahtjev za azil.<\/p>\n<p>Taj broj je znatno ve\u0107i od broja Saveznog zavoda za migrante i izbjeglice, koji je nedavno saop\u0161tio da ima 258.000 azilanata.<\/p>\n<p>Njema\u010dka je pro\u0161le godine primila 202.000 azilanata \u0161to je za 60 odsto vi\u0161e nego 2013.<\/p>\n<p>Drugi njema\u010dki list Tages\u0161pigl pominje broj od 600.000 kandidata za azil ove godine.<\/p>\n<p>Njema\u010dka je zbog stabilne ekonomske situacije postala prva evropska zemlja u koju dolaze migranti koji bje\u017ee od siroma\u0161tva, rata i progonstva u svojim dr\u017eavama.<\/p>\n<p>(bijelo polje)<\/p>\n","protected":false},"excerpt":{"rendered":"<p>Njema\u010dka &#8211; Njema\u010dka je od po\u010detka godine primila vi\u0161e od 300 hiljada podnosilaca zahtjeva za azil, prenio je danas njema\u010dki list Velt nakon \u0161to se vlasti u Berlinu pripremaju za novi talas izbjeglica. Pozivaju\u0107i se na sastanak ministara unutra\u0161njih poslova 16 saveznih dr\u017eava u Njema\u010dkoj, Velt je naveo da od po\u010detka godine u Njema\u010dkoj registrovano [&hellip;]<\/p>\n","protected":false},"author":83,"featured_media":132239,"comment_status":"open","ping_status":"open","sticky":false,"template":"","format":"standard","meta":{"footnotes":""},"categories":[9538,5,8957,798,10429],"tags":[],"class_list":{"0":"post-132238","1":"post","2":"type-post","3":"status-publish","4":"format-standard","5":"has-post-thumbnail","7":"category-njemacka-dijaspora-gradovi-vase-vijesti","8":"category-drustvo","9":"category-vijesti-dana","10":"category-teme","11":"category-vazno"},"yoast_head":"<!-- This site is optimized with the Yoast SEO Premium plugin v23.1 (Yoast SEO v24.9) - https:\/\/yoast.com\/wordpress\/plugins\/seo\/ -->\n<title>Vi\u0161e od 300 hiljada azilanata u Njema\u010dkoj<\/title>\n<meta name=\"robots\" content=\"index, follow, max-snippet:-1, max-image-preview:large, max-video-preview:-1\" \/>\n<link rel=\"canonical\" href=\"https:\/\/sandzakpress.net\/arhiva\/vise-od-300-hiljada-azilanata-u-njemackoj\/\" \/>\n<meta property=\"og:locale\" content=\"bs_BA\" \/>\n<meta property=\"og:type\" content=\"article\" \/>\n<meta property=\"og:title\" content=\"Vi\u0161e od 300 hiljada azilanata u Njema\u010dkoj\" \/>\n<meta property=\"og:description\" content=\"Njema\u010dka &#8211; Njema\u010dka je od po\u010detka godine primila vi\u0161e od 300 hiljada podnosilaca zahtjeva za azil, prenio je danas njema\u010dki list Velt nakon \u0161to se vlasti u Berlinu pripremaju za novi talas izbjeglica. Pozivaju\u0107i se na sastanak ministara unutra\u0161njih poslova 16 saveznih dr\u017eava u Njema\u010dkoj, Velt je naveo da od po\u010detka godine u Njema\u010dkoj registrovano [&hellip;]\" \/>\n<meta property=\"og:url\" content=\"https:\/\/sandzakpress.net\/arhiva\/vise-od-300-hiljada-azilanata-u-njemackoj\/\" \/>\n<meta property=\"og:site_name\" content=\"Sand\u017eak PRESS\" \/>\n<meta property=\"article:published_time\" content=\"2015-08-02T11:57:48+00:00\" \/>\n<meta property=\"og:image\" content=\"https:\/\/sandzakpress.net\/arhiva\/wp-content\/uploads\/2015\/08\/njemacka.jpg\" \/>\n\t<meta property=\"og:image:width\" content=\"600\" \/>\n\t<meta property=\"og:image:height\" content=\"319\" \/>\n\t<meta property=\"og:image:type\" content=\"image\/jpeg\" \/>\n<meta name=\"author\" content=\"bosniak\" \/>\n<meta name=\"twitter:card\" content=\"summary_large_image\" \/>\n<meta name=\"twitter:label1\" content=\"Written by\" \/>\n\t<meta name=\"twitter:data1\" content=\"bosniak\" \/>\n\t<meta name=\"twitter:label2\" content=\"Est. reading time\" \/>\n\t<meta name=\"twitter:data2\" content=\"1 minuta\" \/>\n<script type=\"application\/ld+json\" class=\"yoast-schema-graph\">{\"@context\":\"https:\/\/schema.org\",\"@graph\":[{\"@type\":\"Article\",\"@id\":\"https:\/\/sandzakpress.net\/arhiva\/vise-od-300-hiljada-azilanata-u-njemackoj\/#article\",\"isPartOf\":{\"@id\":\"https:\/\/sandzakpress.net\/arhiva\/vise-od-300-hiljada-azilanata-u-njemackoj\/\"},\"author\":{\"name\":\"bosniak\",\"@id\":\"https:\/\/sandzakpress.net\/arhiva\/#\/schema\/person\/c8baee722073534b583ea7bdb2e36c02\"},\"headline\":\"Vi\u0161e od 300 hiljada azilanata u Njema\u010dkoj\",\"datePublished\":\"2015-08-02T11:57:48+00:00\",\"mainEntityOfPage\":{\"@id\":\"https:\/\/sandzakpress.net\/arhiva\/vise-od-300-hiljada-azilanata-u-njemackoj\/\"},\"wordCount\":162,\"commentCount\":19,\"publisher\":{\"@id\":\"https:\/\/sandzakpress.net\/arhiva\/#\/schema\/person\/6e72b67d6e51910a1117b3b483ba20bd\"},\"image\":{\"@id\":\"https:\/\/sandzakpress.net\/arhiva\/vise-od-300-hiljada-azilanata-u-njemackoj\/#primaryimage\"},\"thumbnailUrl\":\"https:\/\/sandzakpress.net\/arhiva\/wp-content\/uploads\/2015\/08\/njemacka.jpg\",\"articleSection\":[\"Njema\u010dka\",\"Dru\u0161tvo\",\"VIJESTI DANA\",\"NAJNOVIJE\",\"VA\u017dNO!\"],\"inLanguage\":\"bs-BA\",\"potentialAction\":[{\"@type\":\"CommentAction\",\"name\":\"Comment\",\"target\":[\"https:\/\/sandzakpress.net\/arhiva\/vise-od-300-hiljada-azilanata-u-njemackoj\/#respond\"]}]},{\"@type\":\"WebPage\",\"@id\":\"https:\/\/sandzakpress.net\/arhiva\/vise-od-300-hiljada-azilanata-u-njemackoj\/\",\"url\":\"https:\/\/sandzakpress.net\/arhiva\/vise-od-300-hiljada-azilanata-u-njemackoj\/\",\"name\":\"Vi\u0161e od 300 hiljada azilanata u Njema\u010dkoj\",\"isPartOf\":{\"@id\":\"https:\/\/sandzakpress.net\/arhiva\/#website\"},\"primaryImageOfPage\":{\"@id\":\"https:\/\/sandzakpress.net\/arhiva\/vise-od-300-hiljada-azilanata-u-njemackoj\/#primaryimage\"},\"image\":{\"@id\":\"https:\/\/sandzakpress.net\/arhiva\/vise-od-300-hiljada-azilanata-u-njemackoj\/#primaryimage\"},\"thumbnailUrl\":\"https:\/\/sandzakpress.net\/arhiva\/wp-content\/uploads\/2015\/08\/njemacka.jpg\",\"datePublished\":\"2015-08-02T11:57:48+00:00\",\"breadcrumb\":{\"@id\":\"https:\/\/sandzakpress.net\/arhiva\/vise-od-300-hiljada-azilanata-u-njemackoj\/#breadcrumb\"},\"inLanguage\":\"bs-BA\",\"potentialAction\":[{\"@type\":\"ReadAction\",\"target\":[\"https:\/\/sandzakpress.net\/arhiva\/vise-od-300-hiljada-azilanata-u-njemackoj\/\"]}]},{\"@type\":\"ImageObject\",\"inLanguage\":\"bs-BA\",\"@id\":\"https:\/\/sandzakpress.net\/arhiva\/vise-od-300-hiljada-azilanata-u-njemackoj\/#primaryimage\",\"url\":\"https:\/\/sandzakpress.net\/arhiva\/wp-content\/uploads\/2015\/08\/njemacka.jpg\",\"contentUrl\":\"https:\/\/sandzakpress.net\/arhiva\/wp-content\/uploads\/2015\/08\/njemacka.jpg\",\"width\":600,\"height\":319},{\"@type\":\"BreadcrumbList\",\"@id\":\"https:\/\/sandzakpress.net\/arhiva\/vise-od-300-hiljada-azilanata-u-njemackoj\/#breadcrumb\",\"itemListElement\":[{\"@type\":\"ListItem\",\"position\":1,\"name\":\"Home\",\"item\":\"https:\/\/sandzakpress.net\/arhiva\/\"},{\"@type\":\"ListItem\",\"position\":2,\"name\":\"Vi\u0161e od 300 hiljada azilanata u Njema\u010dkoj\"}]},{\"@type\":\"WebSite\",\"@id\":\"https:\/\/sandzakpress.net\/arhiva\/#website\",\"url\":\"https:\/\/sandzakpress.net\/arhiva\/\",\"name\":\"Sand\u017eak PRESS\",\"description\":\"Prve elektronske novine u Sand\u017eaku\",\"publisher\":{\"@id\":\"https:\/\/sandzakpress.net\/arhiva\/#\/schema\/person\/6e72b67d6e51910a1117b3b483ba20bd\"},\"potentialAction\":[{\"@type\":\"SearchAction\",\"target\":{\"@type\":\"EntryPoint\",\"urlTemplate\":\"https:\/\/sandzakpress.net\/arhiva\/?s={search_term_string}\"},\"query-input\":{\"@type\":\"PropertyValueSpecification\",\"valueRequired\":true,\"valueName\":\"search_term_string\"}}],\"inLanguage\":\"bs-BA\"},{\"@type\":[\"Person\",\"Organization\"],\"@id\":\"https:\/\/sandzakpress.net\/arhiva\/#\/schema\/person\/6e72b67d6e51910a1117b3b483ba20bd\",\"name\":\"Kul\",\"image\":{\"@type\":\"ImageObject\",\"inLanguage\":\"bs-BA\",\"@id\":\"https:\/\/sandzakpress.net\/arhiva\/#\/schema\/person\/image\/\",\"url\":\"https:\/\/secure.gravatar.com\/avatar\/42263f39aa27ac04c43cab85c280eb2e?s=96&d=mm&r=pg\",\"contentUrl\":\"https:\/\/secure.gravatar.com\/avatar\/42263f39aa27ac04c43cab85c280eb2e?s=96&d=mm&r=pg\",\"caption\":\"Kul\"},\"logo\":{\"@id\":\"https:\/\/sandzakpress.net\/arhiva\/#\/schema\/person\/image\/\"}},{\"@type\":\"Person\",\"@id\":\"https:\/\/sandzakpress.net\/arhiva\/#\/schema\/person\/c8baee722073534b583ea7bdb2e36c02\",\"name\":\"bosniak\",\"image\":{\"@type\":\"ImageObject\",\"inLanguage\":\"bs-BA\",\"@id\":\"https:\/\/sandzakpress.net\/arhiva\/#\/schema\/person\/image\/\",\"url\":\"https:\/\/secure.gravatar.com\/avatar\/a04fd330bfe3a36a72a0ad4a6d89fca7?s=96&d=mm&r=pg\",\"contentUrl\":\"https:\/\/secure.gravatar.com\/avatar\/a04fd330bfe3a36a72a0ad4a6d89fca7?s=96&d=mm&r=pg\",\"caption\":\"bosniak\"},\"url\":\"https:\/\/sandzakpress.net\/arhiva\/author\/bosniak\/\"}]}<\/script>\n<!-- \/ Yoast SEO Premium plugin. -->","yoast_head_json":{"title":"Vi\u0161e od 300 hiljada azilanata u Njema\u010dkoj","robots":{"index":"index","follow":"follow","max-snippet":"max-snippet:-1","max-image-preview":"max-image-preview:large","max-video-preview":"max-video-preview:-1"},"canonical":"https:\/\/sandzakpress.net\/arhiva\/vise-od-300-hiljada-azilanata-u-njemackoj\/","og_locale":"bs_BA","og_type":"article","og_title":"Vi\u0161e od 300 hiljada azilanata u Njema\u010dkoj","og_description":"Njema\u010dka &#8211; Njema\u010dka je od po\u010detka godine primila vi\u0161e od 300 hiljada podnosilaca zahtjeva za azil, prenio je danas njema\u010dki list Velt nakon \u0161to se vlasti u Berlinu pripremaju za novi talas izbjeglica. Pozivaju\u0107i se na sastanak ministara unutra\u0161njih poslova 16 saveznih dr\u017eava u Njema\u010dkoj, Velt je naveo da od po\u010detka godine u Njema\u010dkoj registrovano [&hellip;]","og_url":"https:\/\/sandzakpress.net\/arhiva\/vise-od-300-hiljada-azilanata-u-njemackoj\/","og_site_name":"Sand\u017eak PRESS","article_published_time":"2015-08-02T11:57:48+00:00","og_image":[{"width":600,"height":319,"url":"https:\/\/sandzakpress.net\/arhiva\/wp-content\/uploads\/2015\/08\/njemacka.jpg","type":"image\/jpeg"}],"author":"bosniak","twitter_card":"summary_large_image","twitter_misc":{"Written by":"bosniak","Est. reading time":"1 minuta"},"schema":{"@context":"https:\/\/schema.org","@graph":[{"@type":"Article","@id":"https:\/\/sandzakpress.net\/arhiva\/vise-od-300-hiljada-azilanata-u-njemackoj\/#article","isPartOf":{"@id":"https:\/\/sandzakpress.net\/arhiva\/vise-od-300-hiljada-azilanata-u-njemackoj\/"},"author":{"name":"bosniak","@id":"https:\/\/sandzakpress.net\/arhiva\/#\/schema\/person\/c8baee722073534b583ea7bdb2e36c02"},"headline":"Vi\u0161e od 300 hiljada azilanata u Njema\u010dkoj","datePublished":"2015-08-02T11:57:48+00:00","mainEntityOfPage":{"@id":"https:\/\/sandzakpress.net\/arhiva\/vise-od-300-hiljada-azilanata-u-njemackoj\/"},"wordCount":162,"commentCount":19,"publisher":{"@id":"https:\/\/sandzakpress.net\/arhiva\/#\/schema\/person\/6e72b67d6e51910a1117b3b483ba20bd"},"image":{"@id":"https:\/\/sandzakpress.net\/arhiva\/vise-od-300-hiljada-azilanata-u-njemackoj\/#primaryimage"},"thumbnailUrl":"https:\/\/sandzakpress.net\/arhiva\/wp-content\/uploads\/2015\/08\/njemacka.jpg","articleSection":["Njema\u010dka","Dru\u0161tvo","VIJESTI DANA","NAJNOVIJE","VA\u017dNO!"],"inLanguage":"bs-BA","potentialAction":[{"@type":"CommentAction","name":"Comment","target":["https:\/\/sandzakpress.net\/arhiva\/vise-od-300-hiljada-azilanata-u-njemackoj\/#respond"]}]},{"@type":"WebPage","@id":"https:\/\/sandzakpress.net\/arhiva\/vise-od-300-hiljada-azilanata-u-njemackoj\/","url":"https:\/\/sandzakpress.net\/arhiva\/vise-od-300-hiljada-azilanata-u-njemackoj\/","name":"Vi\u0161e od 300 hiljada azilanata u Njema\u010dkoj","isPartOf":{"@id":"https:\/\/sandzakpress.net\/arhiva\/#website"},"primaryImageOfPage":{"@id":"https:\/\/sandzakpress.net\/arhiva\/vise-od-300-hiljada-azilanata-u-njemackoj\/#primaryimage"},"image":{"@id":"https:\/\/sandzakpress.net\/arhiva\/vise-od-300-hiljada-azilanata-u-njemackoj\/#primaryimage"},"thumbnailUrl":"https:\/\/sandzakpress.net\/arhiva\/wp-content\/uploads\/2015\/08\/njemacka.jpg","datePublished":"2015-08-02T11:57:48+00:00","breadcrumb":{"@id":"https:\/\/sandzakpress.net\/arhiva\/vise-od-300-hiljada-azilanata-u-njemackoj\/#breadcrumb"},"inLanguage":"bs-BA","potentialAction":[{"@type":"ReadAction","target":["https:\/\/sandzakpress.net\/arhiva\/vise-od-300-hiljada-azilanata-u-njemackoj\/"]}]},{"@type":"ImageObject","inLanguage":"bs-BA","@id":"https:\/\/sandzakpress.net\/arhiva\/vise-od-300-hiljada-azilanata-u-njemackoj\/#primaryimage","url":"https:\/\/sandzakpress.net\/arhiva\/wp-content\/uploads\/2015\/08\/njemacka.jpg","contentUrl":"https:\/\/sandzakpress.net\/arhiva\/wp-content\/uploads\/2015\/08\/njemacka.jpg","width":600,"height":319},{"@type":"BreadcrumbList","@id":"https:\/\/sandzakpress.net\/arhiva\/vise-od-300-hiljada-azilanata-u-njemackoj\/#breadcrumb","itemListElement":[{"@type":"ListItem","position":1,"name":"Home","item":"https:\/\/sandzakpress.net\/arhiva\/"},{"@type":"ListItem","position":2,"name":"Vi\u0161e od 300 hiljada azilanata u Njema\u010dkoj"}]},{"@type":"WebSite","@id":"https:\/\/sandzakpress.net\/arhiva\/#website","url":"https:\/\/sandzakpress.net\/arhiva\/","name":"Sand\u017eak PRESS","description":"Prve elektronske novine u Sand\u017eaku","publisher":{"@id":"https:\/\/sandzakpress.net\/arhiva\/#\/schema\/person\/6e72b67d6e51910a1117b3b483ba20bd"},"potentialAction":[{"@type":"SearchAction","target":{"@type":"EntryPoint","urlTemplate":"https:\/\/sandzakpress.net\/arhiva\/?s={search_term_string}"},"query-input":{"@type":"PropertyValueSpecification","valueRequired":true,"valueName":"search_term_string"}}],"inLanguage":"bs-BA"},{"@type":["Person","Organization"],"@id":"https:\/\/sandzakpress.net\/arhiva\/#\/schema\/person\/6e72b67d6e51910a1117b3b483ba20bd","name":"Kul","image":{"@type":"ImageObject","inLanguage":"bs-BA","@id":"https:\/\/sandzakpress.net\/arhiva\/#\/schema\/person\/image\/","url":"https:\/\/secure.gravatar.com\/avatar\/42263f39aa27ac04c43cab85c280eb2e?s=96&d=mm&r=pg","contentUrl":"https:\/\/secure.gravatar.com\/avatar\/42263f39aa27ac04c43cab85c280eb2e?s=96&d=mm&r=pg","caption":"Kul"},"logo":{"@id":"https:\/\/sandzakpress.net\/arhiva\/#\/schema\/person\/image\/"}},{"@type":"Person","@id":"https:\/\/sandzakpress.net\/arhiva\/#\/schema\/person\/c8baee722073534b583ea7bdb2e36c02","name":"bosniak","image":{"@type":"ImageObject","inLanguage":"bs-BA","@id":"https:\/\/sandzakpress.net\/arhiva\/#\/schema\/person\/image\/","url":"https:\/\/secure.gravatar.com\/avatar\/a04fd330bfe3a36a72a0ad4a6d89fca7?s=96&d=mm&r=pg","contentUrl":"https:\/\/secure.gravatar.com\/avatar\/a04fd330bfe3a36a72a0ad4a6d89fca7?s=96&d=mm&r=pg","caption":"bosniak"},"url":"https:\/\/sandzakpress.net\/arhiva\/author\/bosniak\/"}]}},"_links":{"self":[{"href":"https:\/\/sandzakpress.net\/arhiva\/wp-json\/wp\/v2\/posts\/132238"}],"collection":[{"href":"https:\/\/sandzakpress.net\/arhiva\/wp-json\/wp\/v2\/posts"}],"about":[{"href":"https:\/\/sandzakpress.net\/arhiva\/wp-json\/wp\/v2\/types\/post"}],"author":[{"embeddable":true,"href":"https:\/\/sandzakpress.net\/arhiva\/wp-json\/wp\/v2\/users\/83"}],"replies":[{"embeddable":true,"href":"https:\/\/sandzakpress.net\/arhiva\/wp-json\/wp\/v2\/comments?post=132238"}],"version-history":[{"count":0,"href":"https:\/\/sandzakpress.net\/arhiva\/wp-json\/wp\/v2\/posts\/132238\/revisions"}],"wp:featuredmedia":[{"embeddable":true,"href":"https:\/\/sandzakpress.net\/arhiva\/wp-json\/wp\/v2\/media\/132239"}],"wp:attachment":[{"href":"https:\/\/sandzakpress.net\/arhiva\/wp-json\/wp\/v2\/media?parent=132238"}],"wp:term":[{"taxonomy":"category","embeddable":true,"href":"https:\/\/sandzakpress.net\/arhiva\/wp-json\/wp\/v2\/categories?post=132238"},{"taxonomy":"post_tag","embeddable":true,"href":"https:\/\/sandzakpress.net\/arhiva\/wp-json\/wp\/v2\/tags?post=132238"}],"curies":[{"name":"wp","href":"https:\/\/api.w.org\/{rel}","templated":true}]}}