{"id":132165,"date":"2015-07-31T15:24:13","date_gmt":"2015-07-31T13:24:13","guid":{"rendered":"https:\/\/sandzakpress.net\/arhiva\/obiljezena-22-godisnjica-tunel-spasa-znacio-je-zivot-za-opkoljeno-sarajevo"},"modified":"2015-07-31T15:24:13","modified_gmt":"2015-07-31T13:24:13","slug":"obiljezena-22-godisnjica-tunel-spasa-znacio-je-zivot-za-opkoljeno-sarajevo","status":"publish","type":"post","link":"https:\/\/sandzakpress.net\/arhiva\/obiljezena-22-godisnjica-tunel-spasa-znacio-je-zivot-za-opkoljeno-sarajevo\/","title":{"rendered":"Obilje\u017eena 22. godi\u0161njica: Tunel spasa zna\u010dio je \u017eivot za opkoljeno Sarajevo"},"content":{"rendered":"<p><img decoding=\"async\" src=\"http:\/\/static.klix.ba\/media\/images\/vijesti\/150731055.5_xl.jpg\" alt=\"\" \/><\/p>\n<p><strong>Sarajevo \u2013 Pro\u0161le su 22 godine otkako je opkoljeno Sarajevo dobilo put spasa koji je pomogao stanovnicima glavnog grada BiH da pre\u017eive, dobiju hranu, lijekove i oru\u017eje kako bi se odbranili od neprijatelja koji je napravio obru\u010d oko Sarajeva.<\/strong><\/p>\n<p>Tunel spasa napravili su vojnici koji su svakodnevno pod granatama kopali zemlju kako bi se spojili sa slobodnom teritorijom. Poku\u0161ali su ga potopiti, probiti i uni\u0161titi, ali je njegova ruta bila strogo \u010duvana tajna.<\/p>\n<p>Dvadeset dvije godine nakon \u0161to je 30. jula u 20:40 sati tunel bio pu\u0161ten u funkciju, postao je muzej u kojem se sje\u0107amo pro\u0161losti i odajemo po\u010dast onima koji su poginuli brane\u0107i BiH, Sarajevo i tunel. Otvorena je i izlo\u017eba pod nazivom \u201dWelcome to Sarajevo\u201d koju su organizovali Fond memorijala Tunel spasa i Muzej knji\u017eevnosti i pozori\u0161ne umjetnosti.<\/p>\n<p>\u201cTunel spasa ili Tunel \u017eivota imao je veliki zna\u010daj za vojni aspekt zbog uvoza oru\u017eja za odbranu, politi\u010dki za siguran prolaz vlasti, ali i kulturolo\u0161ki jer su kroz njega odlazili umjetnici i prenosili pri\u010du o de\u0161avanjima u Sarajevu. Tu je bio i psiholo\u0161ki aspekt jer su ljudi znali da postoji izlaz ukoliko bude nu\u017eno. Izlo\u017eba \u2018Welcome to Sarajevo\u2019 prikazuje kako se odvijao \u017eivot u opkoljenom Sarajevu i kako se pru\u017eao kulturolo\u0161ki otpor. Tu su slike, karte, zahvalnice i novinski \u010dlanci o radu teatra tokom, rata kao i dio postavke predstave \u2018Bajka o Sarajevu'\u201d, rekla je kustosica Dina Memi\u0107.<\/p>\n<p>Prije otvorenja izlo\u017ebe delegacije KS, kao i bora\u010dka udru\u017eenja, polo\u017eili su cvije\u0107e i odali po\u010dast nevino stradalim vojnicima i gra\u0111anima Sarajeva na ulazu u tunel. Cvije\u0107e je polo\u017eio i Ned\u017ead Brankovi\u0107 koji je projektovao tunel.<\/p>\n<p>\u201cKada smo spojili obje strane tunela bilo je odstupanja oko pola metra s butmirske strane. Tada su pro\u0161li prvi vojnici do slobodne teritorije i uvezen je prvi TNT u grad. Bio je to dramati\u010dan trenutak. Tada je na\u0161a delegacije napustila pregovore u \u017denevi kojim je BiH trebala biti pretvorena u geto\u201d, rekao ne Brankovi\u0107.<\/p>\n<p>Ministar za bora\u010dka pitanja KS Muharem Fi\u0161o kazao je da se na ove dane sje\u0107amo svih onih koji nisu pre\u017eivjeli prolazak kroz tunel \u017eivota i odajemo im po\u010dast \u017eale\u0107i \u0161to nisu s nama.<\/p>\n<p>\u201cKroz ovaj tunel mnogi su na\u0161li spas i stigli do bolnica, a neki su oti\u0161li vani. Na\u0161e jedinice, sinovi grada i heroji pro\u0161li su kroz njega da bi prelomili obru\u010d oko na\u0161eg grada i spasili nas\u201d, rekao je Fi\u0161o.<\/p>\n<p><strong>O tunelu<br \/>\n<\/strong><br \/>\nTunel je napravljen ispod aerodromske piste i povezivao je dvije teritorije koje je dr\u017eala ARBiH (Dobrinju i Butmir) pa se tako i tunel zvao \u201cTunel D-B\u201d. Tunel je dug blizu 720 metara, a visok 1,5 m, dok je na nekim dijelovima bio visok i do 1,8 m. Tunel se u zvani\u010dnim razgovorima ARBiH i UN vodio pod imenom \u201cTunel kojeg nema\u201d. Tokom 1994. tunelom su postavljene male \u0161ine po kojima su i\u0161la mala kolica.<\/p>\n<p>Tako\u0111er tokom 1994. godine za tunel je saznala vojska Republike Srpske tako da je Ratko Mladi\u0107 kontaktirao Aerodrom koji su dr\u017eale UN i tra\u017eio da se tunel sru\u0161i i zatvori. Potom je Vojska RS poku\u0161ala kopanjem drugog tunela i preusmjeravanjem rijeke \u017deljeznice potopiti tunel i tako ga onesposobiti, me\u0111utim ta im<\/p>\n<p><img decoding=\"async\" src=\"http:\/\/static.klix.ba\/media\/images\/vijesti\/150731055.3_xl.jpg\" alt=\"\" \/> namjera nije uspjela.<img decoding=\"async\" src=\"http:\/\/static.klix.ba\/media\/images\/vijesti\/150731055.4_xl.jpg\" alt=\"\" \/><br \/>\n<img decoding=\"async\" src=\"http:\/\/static.klix.ba\/media\/images\/vijesti\/150731055.6_xl.jpg\" alt=\"\" \/><br \/>\n<img decoding=\"async\" src=\"http:\/\/static.klix.ba\/media\/images\/vijesti\/150731055.7_xl.jpg\" alt=\"\" \/><\/p>\n<p>(klix)<\/p>\n<p>Pogledajte vijest na izvornom sajtu:<\/p>\n<p><a href=\"http:\/\/bosnapress.net\/obiljezena-22-godisnjica-tunel-spasa-znacio-je-zivot-za-opkoljeno-sarajevo\/\" target=\"_blank\">Obilje\u017eena 22. godi\u0161njica: Tunel spasa zna\u010dio je \u017eivot za opkoljeno Sarajevo<\/a><\/p>\n","protected":false},"excerpt":{"rendered":"<p>Sarajevo \u2013 Pro\u0161le su 22 godine otkako je opkoljeno Sarajevo dobilo put spasa koji je pomogao stanovnicima glavnog grada BiH da pre\u017eive, dobiju hranu, lijekove i oru\u017eje kako bi se odbranili od neprijatelja koji je napravio obru\u010d oko Sarajeva. Tunel spasa napravili su vojnici koji su svakodnevno pod granatama kopali zemlju kako bi se spojili [&hellip;]<\/p>\n","protected":false},"author":83,"featured_media":132167,"comment_status":"open","ping_status":"open","sticky":false,"template":"","format":"standard","meta":{"footnotes":""},"categories":[10513],"tags":[10466],"class_list":{"0":"post-132165","1":"post","2":"type-post","3":"status-publish","4":"format-standard","5":"has-post-thumbnail","7":"category-bosna-press","8":"tag-bosna-i-hercegovina"},"yoast_head":"<!-- This site is optimized with the Yoast SEO Premium plugin v23.1 (Yoast SEO v24.9) - https:\/\/yoast.com\/wordpress\/plugins\/seo\/ -->\n<title>Obilje\u017eena 22. godi\u0161njica: Tunel spasa zna\u010dio je \u017eivot za opkoljeno Sarajevo<\/title>\n<meta name=\"robots\" content=\"index, follow, max-snippet:-1, max-image-preview:large, max-video-preview:-1\" \/>\n<link rel=\"canonical\" href=\"https:\/\/sandzakpress.net\/arhiva\/obiljezena-22-godisnjica-tunel-spasa-znacio-je-zivot-za-opkoljeno-sarajevo\/\" \/>\n<meta property=\"og:locale\" content=\"bs_BA\" \/>\n<meta property=\"og:type\" content=\"article\" \/>\n<meta property=\"og:title\" content=\"Obilje\u017eena 22. godi\u0161njica: Tunel spasa zna\u010dio je \u017eivot za opkoljeno Sarajevo\" \/>\n<meta property=\"og:description\" content=\"Sarajevo \u2013 Pro\u0161le su 22 godine otkako je opkoljeno Sarajevo dobilo put spasa koji je pomogao stanovnicima glavnog grada BiH da pre\u017eive, dobiju hranu, lijekove i oru\u017eje kako bi se odbranili od neprijatelja koji je napravio obru\u010d oko Sarajeva. Tunel spasa napravili su vojnici koji su svakodnevno pod granatama kopali zemlju kako bi se spojili [&hellip;]\" \/>\n<meta property=\"og:url\" content=\"https:\/\/sandzakpress.net\/arhiva\/obiljezena-22-godisnjica-tunel-spasa-znacio-je-zivot-za-opkoljeno-sarajevo\/\" \/>\n<meta property=\"og:site_name\" content=\"Sand\u017eak PRESS\" \/>\n<meta property=\"article:published_time\" content=\"2015-07-31T13:24:13+00:00\" \/>\n<meta property=\"og:image\" content=\"https:\/\/sandzakpress.net\/arhiva\/wp-content\/uploads\/2015\/07\/150731055.5_xl.jpg\" \/>\n\t<meta property=\"og:image:width\" content=\"938\" \/>\n\t<meta property=\"og:image:height\" content=\"625\" \/>\n\t<meta property=\"og:image:type\" content=\"image\/jpeg\" \/>\n<meta name=\"author\" content=\"bosniak\" \/>\n<meta name=\"twitter:card\" content=\"summary_large_image\" \/>\n<meta name=\"twitter:label1\" content=\"Written by\" \/>\n\t<meta name=\"twitter:data1\" content=\"bosniak\" \/>\n\t<meta name=\"twitter:label2\" content=\"Est. reading time\" \/>\n\t<meta name=\"twitter:data2\" content=\"3 minute\" \/>\n<script type=\"application\/ld+json\" class=\"yoast-schema-graph\">{\"@context\":\"https:\/\/schema.org\",\"@graph\":[{\"@type\":\"Article\",\"@id\":\"https:\/\/sandzakpress.net\/arhiva\/obiljezena-22-godisnjica-tunel-spasa-znacio-je-zivot-za-opkoljeno-sarajevo\/#article\",\"isPartOf\":{\"@id\":\"https:\/\/sandzakpress.net\/arhiva\/obiljezena-22-godisnjica-tunel-spasa-znacio-je-zivot-za-opkoljeno-sarajevo\/\"},\"author\":{\"name\":\"bosniak\",\"@id\":\"https:\/\/sandzakpress.net\/arhiva\/#\/schema\/person\/c8baee722073534b583ea7bdb2e36c02\"},\"headline\":\"Obilje\u017eena 22. godi\u0161njica: Tunel spasa zna\u010dio je \u017eivot za opkoljeno Sarajevo\",\"datePublished\":\"2015-07-31T13:24:13+00:00\",\"mainEntityOfPage\":{\"@id\":\"https:\/\/sandzakpress.net\/arhiva\/obiljezena-22-godisnjica-tunel-spasa-znacio-je-zivot-za-opkoljeno-sarajevo\/\"},\"wordCount\":601,\"commentCount\":0,\"publisher\":{\"@id\":\"https:\/\/sandzakpress.net\/arhiva\/#\/schema\/person\/6e72b67d6e51910a1117b3b483ba20bd\"},\"image\":{\"@id\":\"https:\/\/sandzakpress.net\/arhiva\/obiljezena-22-godisnjica-tunel-spasa-znacio-je-zivot-za-opkoljeno-sarajevo\/#primaryimage\"},\"thumbnailUrl\":\"https:\/\/sandzakpress.net\/arhiva\/wp-content\/uploads\/2015\/07\/150731055.5_xl.jpg\",\"keywords\":[\"Bosna i Hercegovina\"],\"articleSection\":[\"Bosna PRESS\"],\"inLanguage\":\"bs-BA\",\"potentialAction\":[{\"@type\":\"CommentAction\",\"name\":\"Comment\",\"target\":[\"https:\/\/sandzakpress.net\/arhiva\/obiljezena-22-godisnjica-tunel-spasa-znacio-je-zivot-za-opkoljeno-sarajevo\/#respond\"]}]},{\"@type\":\"WebPage\",\"@id\":\"https:\/\/sandzakpress.net\/arhiva\/obiljezena-22-godisnjica-tunel-spasa-znacio-je-zivot-za-opkoljeno-sarajevo\/\",\"url\":\"https:\/\/sandzakpress.net\/arhiva\/obiljezena-22-godisnjica-tunel-spasa-znacio-je-zivot-za-opkoljeno-sarajevo\/\",\"name\":\"Obilje\u017eena 22. godi\u0161njica: Tunel spasa zna\u010dio je \u017eivot za opkoljeno Sarajevo\",\"isPartOf\":{\"@id\":\"https:\/\/sandzakpress.net\/arhiva\/#website\"},\"primaryImageOfPage\":{\"@id\":\"https:\/\/sandzakpress.net\/arhiva\/obiljezena-22-godisnjica-tunel-spasa-znacio-je-zivot-za-opkoljeno-sarajevo\/#primaryimage\"},\"image\":{\"@id\":\"https:\/\/sandzakpress.net\/arhiva\/obiljezena-22-godisnjica-tunel-spasa-znacio-je-zivot-za-opkoljeno-sarajevo\/#primaryimage\"},\"thumbnailUrl\":\"https:\/\/sandzakpress.net\/arhiva\/wp-content\/uploads\/2015\/07\/150731055.5_xl.jpg\",\"datePublished\":\"2015-07-31T13:24:13+00:00\",\"breadcrumb\":{\"@id\":\"https:\/\/sandzakpress.net\/arhiva\/obiljezena-22-godisnjica-tunel-spasa-znacio-je-zivot-za-opkoljeno-sarajevo\/#breadcrumb\"},\"inLanguage\":\"bs-BA\",\"potentialAction\":[{\"@type\":\"ReadAction\",\"target\":[\"https:\/\/sandzakpress.net\/arhiva\/obiljezena-22-godisnjica-tunel-spasa-znacio-je-zivot-za-opkoljeno-sarajevo\/\"]}]},{\"@type\":\"ImageObject\",\"inLanguage\":\"bs-BA\",\"@id\":\"https:\/\/sandzakpress.net\/arhiva\/obiljezena-22-godisnjica-tunel-spasa-znacio-je-zivot-za-opkoljeno-sarajevo\/#primaryimage\",\"url\":\"https:\/\/sandzakpress.net\/arhiva\/wp-content\/uploads\/2015\/07\/150731055.5_xl.jpg\",\"contentUrl\":\"https:\/\/sandzakpress.net\/arhiva\/wp-content\/uploads\/2015\/07\/150731055.5_xl.jpg\",\"width\":938,\"height\":625},{\"@type\":\"BreadcrumbList\",\"@id\":\"https:\/\/sandzakpress.net\/arhiva\/obiljezena-22-godisnjica-tunel-spasa-znacio-je-zivot-za-opkoljeno-sarajevo\/#breadcrumb\",\"itemListElement\":[{\"@type\":\"ListItem\",\"position\":1,\"name\":\"Home\",\"item\":\"https:\/\/sandzakpress.net\/arhiva\/\"},{\"@type\":\"ListItem\",\"position\":2,\"name\":\"Obilje\u017eena 22. godi\u0161njica: Tunel spasa zna\u010dio je \u017eivot za opkoljeno Sarajevo\"}]},{\"@type\":\"WebSite\",\"@id\":\"https:\/\/sandzakpress.net\/arhiva\/#website\",\"url\":\"https:\/\/sandzakpress.net\/arhiva\/\",\"name\":\"Sand\u017eak PRESS\",\"description\":\"Prve elektronske novine u Sand\u017eaku\",\"publisher\":{\"@id\":\"https:\/\/sandzakpress.net\/arhiva\/#\/schema\/person\/6e72b67d6e51910a1117b3b483ba20bd\"},\"potentialAction\":[{\"@type\":\"SearchAction\",\"target\":{\"@type\":\"EntryPoint\",\"urlTemplate\":\"https:\/\/sandzakpress.net\/arhiva\/?s={search_term_string}\"},\"query-input\":{\"@type\":\"PropertyValueSpecification\",\"valueRequired\":true,\"valueName\":\"search_term_string\"}}],\"inLanguage\":\"bs-BA\"},{\"@type\":[\"Person\",\"Organization\"],\"@id\":\"https:\/\/sandzakpress.net\/arhiva\/#\/schema\/person\/6e72b67d6e51910a1117b3b483ba20bd\",\"name\":\"Kul\",\"image\":{\"@type\":\"ImageObject\",\"inLanguage\":\"bs-BA\",\"@id\":\"https:\/\/sandzakpress.net\/arhiva\/#\/schema\/person\/image\/\",\"url\":\"https:\/\/secure.gravatar.com\/avatar\/42263f39aa27ac04c43cab85c280eb2e?s=96&d=mm&r=pg\",\"contentUrl\":\"https:\/\/secure.gravatar.com\/avatar\/42263f39aa27ac04c43cab85c280eb2e?s=96&d=mm&r=pg\",\"caption\":\"Kul\"},\"logo\":{\"@id\":\"https:\/\/sandzakpress.net\/arhiva\/#\/schema\/person\/image\/\"}},{\"@type\":\"Person\",\"@id\":\"https:\/\/sandzakpress.net\/arhiva\/#\/schema\/person\/c8baee722073534b583ea7bdb2e36c02\",\"name\":\"bosniak\",\"image\":{\"@type\":\"ImageObject\",\"inLanguage\":\"bs-BA\",\"@id\":\"https:\/\/sandzakpress.net\/arhiva\/#\/schema\/person\/image\/\",\"url\":\"https:\/\/secure.gravatar.com\/avatar\/a04fd330bfe3a36a72a0ad4a6d89fca7?s=96&d=mm&r=pg\",\"contentUrl\":\"https:\/\/secure.gravatar.com\/avatar\/a04fd330bfe3a36a72a0ad4a6d89fca7?s=96&d=mm&r=pg\",\"caption\":\"bosniak\"},\"url\":\"https:\/\/sandzakpress.net\/arhiva\/author\/bosniak\/\"}]}<\/script>\n<!-- \/ Yoast SEO Premium plugin. -->","yoast_head_json":{"title":"Obilje\u017eena 22. godi\u0161njica: Tunel spasa zna\u010dio je \u017eivot za opkoljeno Sarajevo","robots":{"index":"index","follow":"follow","max-snippet":"max-snippet:-1","max-image-preview":"max-image-preview:large","max-video-preview":"max-video-preview:-1"},"canonical":"https:\/\/sandzakpress.net\/arhiva\/obiljezena-22-godisnjica-tunel-spasa-znacio-je-zivot-za-opkoljeno-sarajevo\/","og_locale":"bs_BA","og_type":"article","og_title":"Obilje\u017eena 22. godi\u0161njica: Tunel spasa zna\u010dio je \u017eivot za opkoljeno Sarajevo","og_description":"Sarajevo \u2013 Pro\u0161le su 22 godine otkako je opkoljeno Sarajevo dobilo put spasa koji je pomogao stanovnicima glavnog grada BiH da pre\u017eive, dobiju hranu, lijekove i oru\u017eje kako bi se odbranili od neprijatelja koji je napravio obru\u010d oko Sarajeva. Tunel spasa napravili su vojnici koji su svakodnevno pod granatama kopali zemlju kako bi se spojili [&hellip;]","og_url":"https:\/\/sandzakpress.net\/arhiva\/obiljezena-22-godisnjica-tunel-spasa-znacio-je-zivot-za-opkoljeno-sarajevo\/","og_site_name":"Sand\u017eak PRESS","article_published_time":"2015-07-31T13:24:13+00:00","og_image":[{"width":938,"height":625,"url":"https:\/\/sandzakpress.net\/arhiva\/wp-content\/uploads\/2015\/07\/150731055.5_xl.jpg","type":"image\/jpeg"}],"author":"bosniak","twitter_card":"summary_large_image","twitter_misc":{"Written by":"bosniak","Est. reading time":"3 minute"},"schema":{"@context":"https:\/\/schema.org","@graph":[{"@type":"Article","@id":"https:\/\/sandzakpress.net\/arhiva\/obiljezena-22-godisnjica-tunel-spasa-znacio-je-zivot-za-opkoljeno-sarajevo\/#article","isPartOf":{"@id":"https:\/\/sandzakpress.net\/arhiva\/obiljezena-22-godisnjica-tunel-spasa-znacio-je-zivot-za-opkoljeno-sarajevo\/"},"author":{"name":"bosniak","@id":"https:\/\/sandzakpress.net\/arhiva\/#\/schema\/person\/c8baee722073534b583ea7bdb2e36c02"},"headline":"Obilje\u017eena 22. godi\u0161njica: Tunel spasa zna\u010dio je \u017eivot za opkoljeno Sarajevo","datePublished":"2015-07-31T13:24:13+00:00","mainEntityOfPage":{"@id":"https:\/\/sandzakpress.net\/arhiva\/obiljezena-22-godisnjica-tunel-spasa-znacio-je-zivot-za-opkoljeno-sarajevo\/"},"wordCount":601,"commentCount":0,"publisher":{"@id":"https:\/\/sandzakpress.net\/arhiva\/#\/schema\/person\/6e72b67d6e51910a1117b3b483ba20bd"},"image":{"@id":"https:\/\/sandzakpress.net\/arhiva\/obiljezena-22-godisnjica-tunel-spasa-znacio-je-zivot-za-opkoljeno-sarajevo\/#primaryimage"},"thumbnailUrl":"https:\/\/sandzakpress.net\/arhiva\/wp-content\/uploads\/2015\/07\/150731055.5_xl.jpg","keywords":["Bosna i Hercegovina"],"articleSection":["Bosna PRESS"],"inLanguage":"bs-BA","potentialAction":[{"@type":"CommentAction","name":"Comment","target":["https:\/\/sandzakpress.net\/arhiva\/obiljezena-22-godisnjica-tunel-spasa-znacio-je-zivot-za-opkoljeno-sarajevo\/#respond"]}]},{"@type":"WebPage","@id":"https:\/\/sandzakpress.net\/arhiva\/obiljezena-22-godisnjica-tunel-spasa-znacio-je-zivot-za-opkoljeno-sarajevo\/","url":"https:\/\/sandzakpress.net\/arhiva\/obiljezena-22-godisnjica-tunel-spasa-znacio-je-zivot-za-opkoljeno-sarajevo\/","name":"Obilje\u017eena 22. godi\u0161njica: Tunel spasa zna\u010dio je \u017eivot za opkoljeno Sarajevo","isPartOf":{"@id":"https:\/\/sandzakpress.net\/arhiva\/#website"},"primaryImageOfPage":{"@id":"https:\/\/sandzakpress.net\/arhiva\/obiljezena-22-godisnjica-tunel-spasa-znacio-je-zivot-za-opkoljeno-sarajevo\/#primaryimage"},"image":{"@id":"https:\/\/sandzakpress.net\/arhiva\/obiljezena-22-godisnjica-tunel-spasa-znacio-je-zivot-za-opkoljeno-sarajevo\/#primaryimage"},"thumbnailUrl":"https:\/\/sandzakpress.net\/arhiva\/wp-content\/uploads\/2015\/07\/150731055.5_xl.jpg","datePublished":"2015-07-31T13:24:13+00:00","breadcrumb":{"@id":"https:\/\/sandzakpress.net\/arhiva\/obiljezena-22-godisnjica-tunel-spasa-znacio-je-zivot-za-opkoljeno-sarajevo\/#breadcrumb"},"inLanguage":"bs-BA","potentialAction":[{"@type":"ReadAction","target":["https:\/\/sandzakpress.net\/arhiva\/obiljezena-22-godisnjica-tunel-spasa-znacio-je-zivot-za-opkoljeno-sarajevo\/"]}]},{"@type":"ImageObject","inLanguage":"bs-BA","@id":"https:\/\/sandzakpress.net\/arhiva\/obiljezena-22-godisnjica-tunel-spasa-znacio-je-zivot-za-opkoljeno-sarajevo\/#primaryimage","url":"https:\/\/sandzakpress.net\/arhiva\/wp-content\/uploads\/2015\/07\/150731055.5_xl.jpg","contentUrl":"https:\/\/sandzakpress.net\/arhiva\/wp-content\/uploads\/2015\/07\/150731055.5_xl.jpg","width":938,"height":625},{"@type":"BreadcrumbList","@id":"https:\/\/sandzakpress.net\/arhiva\/obiljezena-22-godisnjica-tunel-spasa-znacio-je-zivot-za-opkoljeno-sarajevo\/#breadcrumb","itemListElement":[{"@type":"ListItem","position":1,"name":"Home","item":"https:\/\/sandzakpress.net\/arhiva\/"},{"@type":"ListItem","position":2,"name":"Obilje\u017eena 22. godi\u0161njica: Tunel spasa zna\u010dio je \u017eivot za opkoljeno Sarajevo"}]},{"@type":"WebSite","@id":"https:\/\/sandzakpress.net\/arhiva\/#website","url":"https:\/\/sandzakpress.net\/arhiva\/","name":"Sand\u017eak PRESS","description":"Prve elektronske novine u Sand\u017eaku","publisher":{"@id":"https:\/\/sandzakpress.net\/arhiva\/#\/schema\/person\/6e72b67d6e51910a1117b3b483ba20bd"},"potentialAction":[{"@type":"SearchAction","target":{"@type":"EntryPoint","urlTemplate":"https:\/\/sandzakpress.net\/arhiva\/?s={search_term_string}"},"query-input":{"@type":"PropertyValueSpecification","valueRequired":true,"valueName":"search_term_string"}}],"inLanguage":"bs-BA"},{"@type":["Person","Organization"],"@id":"https:\/\/sandzakpress.net\/arhiva\/#\/schema\/person\/6e72b67d6e51910a1117b3b483ba20bd","name":"Kul","image":{"@type":"ImageObject","inLanguage":"bs-BA","@id":"https:\/\/sandzakpress.net\/arhiva\/#\/schema\/person\/image\/","url":"https:\/\/secure.gravatar.com\/avatar\/42263f39aa27ac04c43cab85c280eb2e?s=96&d=mm&r=pg","contentUrl":"https:\/\/secure.gravatar.com\/avatar\/42263f39aa27ac04c43cab85c280eb2e?s=96&d=mm&r=pg","caption":"Kul"},"logo":{"@id":"https:\/\/sandzakpress.net\/arhiva\/#\/schema\/person\/image\/"}},{"@type":"Person","@id":"https:\/\/sandzakpress.net\/arhiva\/#\/schema\/person\/c8baee722073534b583ea7bdb2e36c02","name":"bosniak","image":{"@type":"ImageObject","inLanguage":"bs-BA","@id":"https:\/\/sandzakpress.net\/arhiva\/#\/schema\/person\/image\/","url":"https:\/\/secure.gravatar.com\/avatar\/a04fd330bfe3a36a72a0ad4a6d89fca7?s=96&d=mm&r=pg","contentUrl":"https:\/\/secure.gravatar.com\/avatar\/a04fd330bfe3a36a72a0ad4a6d89fca7?s=96&d=mm&r=pg","caption":"bosniak"},"url":"https:\/\/sandzakpress.net\/arhiva\/author\/bosniak\/"}]}},"_links":{"self":[{"href":"https:\/\/sandzakpress.net\/arhiva\/wp-json\/wp\/v2\/posts\/132165"}],"collection":[{"href":"https:\/\/sandzakpress.net\/arhiva\/wp-json\/wp\/v2\/posts"}],"about":[{"href":"https:\/\/sandzakpress.net\/arhiva\/wp-json\/wp\/v2\/types\/post"}],"author":[{"embeddable":true,"href":"https:\/\/sandzakpress.net\/arhiva\/wp-json\/wp\/v2\/users\/83"}],"replies":[{"embeddable":true,"href":"https:\/\/sandzakpress.net\/arhiva\/wp-json\/wp\/v2\/comments?post=132165"}],"version-history":[{"count":0,"href":"https:\/\/sandzakpress.net\/arhiva\/wp-json\/wp\/v2\/posts\/132165\/revisions"}],"wp:featuredmedia":[{"embeddable":true,"href":"https:\/\/sandzakpress.net\/arhiva\/wp-json\/wp\/v2\/media\/132167"}],"wp:attachment":[{"href":"https:\/\/sandzakpress.net\/arhiva\/wp-json\/wp\/v2\/media?parent=132165"}],"wp:term":[{"taxonomy":"category","embeddable":true,"href":"https:\/\/sandzakpress.net\/arhiva\/wp-json\/wp\/v2\/categories?post=132165"},{"taxonomy":"post_tag","embeddable":true,"href":"https:\/\/sandzakpress.net\/arhiva\/wp-json\/wp\/v2\/tags?post=132165"}],"curies":[{"name":"wp","href":"https:\/\/api.w.org\/{rel}","templated":true}]}}