{"id":132153,"date":"2015-07-31T22:20:41","date_gmt":"2015-07-31T20:20:41","guid":{"rendered":"https:\/\/sandzakpress.net\/arhiva\/bakir-izetbegovic-i-sefer-halilovic-rasvijetliti-sva-nerijesena-ubistva"},"modified":"2015-07-31T22:20:41","modified_gmt":"2015-07-31T20:20:41","slug":"bakir-izetbegovic-i-sefer-halilovic-rasvijetliti-sva-nerijesena-ubistva","status":"publish","type":"post","link":"https:\/\/sandzakpress.net\/arhiva\/bakir-izetbegovic-i-sefer-halilovic-rasvijetliti-sva-nerijesena-ubistva\/","title":{"rendered":"Bakir Izetbegovi\u0107 i Sefer Halilovi\u0107: Rasvijetliti sva nerije\u0161ena ubistva"},"content":{"rendered":"<p><strong><a href=\"http:\/\/bosnapress.net\/wp-content\/uploads\/2015\/07\/Bakir-Sefer.jpg\"><img loading=\"lazy\" decoding=\"async\" class=\" size-full wp-image-140416 aligncenter\" src=\"http:\/\/bosnapress.net\/wp-content\/uploads\/2015\/07\/Bakir-Sefer.jpg\" alt=\"Bakir Sefer\" width=\"600\" height=\"302\" \/><\/a>BIH \u2013 Predsjednici Stranke demokratske akcije (SDA) i Bosanskohercegova\u010dke patriotske stranke (BPS) Bakir Izetbegovi\u0107 i Sefer Halilovi\u0107 izrazili su danas opredjeljenje za rasvjetljavanje nerazrije\u0161enih ubistava.<\/strong><\/p>\n<p>Halilovi\u0107 je novinarima kazao da je postignut dogovor o maksimalnom zalaganju u rje\u0161avanje slu\u010daja Halilovi\u0107 i svih nerazja\u0161njenih ubistava, a kada se to razjasni na sudu \u201cmo\u017ee se donijeti zaklju\u010dak da li su to bila politi\u010dka ubistva ili ne\u201d.<\/p>\n<p>Na pitanje da li to zna\u010di da sada ima povjerenja u SDA, Halilovi\u0107 je kazao da ima povjerenje u institucije dr\u017eave za koje se, kako je naveo, bori od 1991. godine.<\/p>\n<p>Izetbegovi\u0107 je kazao da su razgovori o ovim pitanjima vo\u0111eni iskreno i temeljito, a posebno o odnosima izme\u0111u Alije Izetbegovi\u0107a i generala Armije BiH Sefera Halilovi\u0107a te je podvukao da institucije BiH moraju kona\u010dno zavr\u0161iti svoj posao.<\/p>\n<p>\u201cOva pitanja optere\u0107uju i dru\u0161tvo i nas kao ljude. Tra\u017eimo da se efikasno pristupi rje\u0161enju ovog pitanja, da se kona\u010dno skinu stigme i hipoteke te da se razjasni ko stoji iza toga. Spreman sam s te strane iskoristiti sve postoje\u0107e mehanizme i eventualno kreirati i nove mehanizme kako bismo te stvari kona\u010dno ra\u0161\u010distili. Ukoliko se utvrdi da je tu bilo planiranih stvari te da su ljudi iz sistema u tome u\u010destvovali oni \u0107e morati za to odgovarati i hitno biti uklonjeni iz sistema\u201d, kazao je Izetbegovi\u0107.<\/p>\n<p>Na pitanje kako se SDA ima namjeru distancirati od ljudi kao \u0161to su\u00a0Bakir Alispahi\u0107 i Fikret Muslimovi\u0107, Izetbegovi\u0107 je kazao da nije sudija da bi mogao re\u0107i ko je za \u0161ta odgovoran, ali je zatra\u017eio da sudovi daju odgovor \u0161to prije na ovo pitanje, javila je novinska agencija <em>Fena<\/em>.<\/p>\n<p><i>Radiosarajevo.ba<\/i><\/p>\n<p>Pogledajte vijest na izvornom sajtu:<\/p>\n<p><a href=\"http:\/\/bosnapress.net\/bakir-izetbegovic-i-sefer-halilovic-rasvijetliti-sva-nerijesena-ubistva\/\" target=\"_blank\">Bakir Izetbegovi\u0107 i Sefer Halilovi\u0107: Rasvijetliti sva nerije\u0161ena ubistva<\/a><\/p>\n","protected":false},"excerpt":{"rendered":"<p>BIH \u2013 Predsjednici Stranke demokratske akcije (SDA) i Bosanskohercegova\u010dke patriotske stranke (BPS) Bakir Izetbegovi\u0107 i Sefer Halilovi\u0107 izrazili su danas opredjeljenje za rasvjetljavanje nerazrije\u0161enih ubistava. Halilovi\u0107 je novinarima kazao da je postignut dogovor o maksimalnom zalaganju u rje\u0161avanje slu\u010daja Halilovi\u0107 i svih nerazja\u0161njenih ubistava, a kada se to razjasni na sudu \u201cmo\u017ee se donijeti zaklju\u010dak [&hellip;]<\/p>\n","protected":false},"author":83,"featured_media":132155,"comment_status":"open","ping_status":"open","sticky":false,"template":"","format":"standard","meta":{"footnotes":""},"categories":[10513],"tags":[10466],"class_list":{"0":"post-132153","1":"post","2":"type-post","3":"status-publish","4":"format-standard","5":"has-post-thumbnail","7":"category-bosna-press","8":"tag-bosna-i-hercegovina"},"yoast_head":"<!-- This site is optimized with the Yoast SEO Premium plugin v23.1 (Yoast SEO v24.9) - https:\/\/yoast.com\/wordpress\/plugins\/seo\/ -->\n<title>Bakir Izetbegovi\u0107 i Sefer Halilovi\u0107: Rasvijetliti sva nerije\u0161ena ubistva<\/title>\n<meta name=\"robots\" content=\"index, follow, max-snippet:-1, max-image-preview:large, max-video-preview:-1\" \/>\n<link rel=\"canonical\" href=\"https:\/\/sandzakpress.net\/arhiva\/bakir-izetbegovic-i-sefer-halilovic-rasvijetliti-sva-nerijesena-ubistva\/\" \/>\n<meta property=\"og:locale\" content=\"bs_BA\" \/>\n<meta property=\"og:type\" content=\"article\" \/>\n<meta property=\"og:title\" content=\"Bakir Izetbegovi\u0107 i Sefer Halilovi\u0107: Rasvijetliti sva nerije\u0161ena ubistva\" \/>\n<meta property=\"og:description\" content=\"BIH \u2013 Predsjednici Stranke demokratske akcije (SDA) i Bosanskohercegova\u010dke patriotske stranke (BPS) Bakir Izetbegovi\u0107 i Sefer Halilovi\u0107 izrazili su danas opredjeljenje za rasvjetljavanje nerazrije\u0161enih ubistava. Halilovi\u0107 je novinarima kazao da je postignut dogovor o maksimalnom zalaganju u rje\u0161avanje slu\u010daja Halilovi\u0107 i svih nerazja\u0161njenih ubistava, a kada se to razjasni na sudu \u201cmo\u017ee se donijeti zaklju\u010dak [&hellip;]\" \/>\n<meta property=\"og:url\" content=\"https:\/\/sandzakpress.net\/arhiva\/bakir-izetbegovic-i-sefer-halilovic-rasvijetliti-sva-nerijesena-ubistva\/\" \/>\n<meta property=\"og:site_name\" content=\"Sand\u017eak PRESS\" \/>\n<meta property=\"article:published_time\" content=\"2015-07-31T20:20:41+00:00\" \/>\n<meta property=\"og:image\" content=\"https:\/\/sandzakpress.net\/arhiva\/wp-content\/uploads\/2015\/07\/Bakir-Sefer.jpg\" \/>\n\t<meta property=\"og:image:width\" content=\"600\" \/>\n\t<meta property=\"og:image:height\" content=\"302\" \/>\n\t<meta property=\"og:image:type\" content=\"image\/jpeg\" \/>\n<meta name=\"author\" content=\"bosniak\" \/>\n<meta name=\"twitter:card\" content=\"summary_large_image\" \/>\n<meta name=\"twitter:label1\" content=\"Written by\" \/>\n\t<meta name=\"twitter:data1\" content=\"bosniak\" \/>\n\t<meta name=\"twitter:label2\" content=\"Est. reading time\" \/>\n\t<meta name=\"twitter:data2\" content=\"2 minute\" \/>\n<script type=\"application\/ld+json\" class=\"yoast-schema-graph\">{\"@context\":\"https:\/\/schema.org\",\"@graph\":[{\"@type\":\"Article\",\"@id\":\"https:\/\/sandzakpress.net\/arhiva\/bakir-izetbegovic-i-sefer-halilovic-rasvijetliti-sva-nerijesena-ubistva\/#article\",\"isPartOf\":{\"@id\":\"https:\/\/sandzakpress.net\/arhiva\/bakir-izetbegovic-i-sefer-halilovic-rasvijetliti-sva-nerijesena-ubistva\/\"},\"author\":{\"name\":\"bosniak\",\"@id\":\"https:\/\/sandzakpress.net\/arhiva\/#\/schema\/person\/c8baee722073534b583ea7bdb2e36c02\"},\"headline\":\"Bakir Izetbegovi\u0107 i Sefer Halilovi\u0107: Rasvijetliti sva nerije\u0161ena ubistva\",\"datePublished\":\"2015-07-31T20:20:41+00:00\",\"mainEntityOfPage\":{\"@id\":\"https:\/\/sandzakpress.net\/arhiva\/bakir-izetbegovic-i-sefer-halilovic-rasvijetliti-sva-nerijesena-ubistva\/\"},\"wordCount\":320,\"commentCount\":1,\"publisher\":{\"@id\":\"https:\/\/sandzakpress.net\/arhiva\/#\/schema\/person\/6e72b67d6e51910a1117b3b483ba20bd\"},\"image\":{\"@id\":\"https:\/\/sandzakpress.net\/arhiva\/bakir-izetbegovic-i-sefer-halilovic-rasvijetliti-sva-nerijesena-ubistva\/#primaryimage\"},\"thumbnailUrl\":\"https:\/\/sandzakpress.net\/arhiva\/wp-content\/uploads\/2015\/07\/Bakir-Sefer.jpg\",\"keywords\":[\"Bosna i Hercegovina\"],\"articleSection\":[\"Bosna PRESS\"],\"inLanguage\":\"bs-BA\",\"potentialAction\":[{\"@type\":\"CommentAction\",\"name\":\"Comment\",\"target\":[\"https:\/\/sandzakpress.net\/arhiva\/bakir-izetbegovic-i-sefer-halilovic-rasvijetliti-sva-nerijesena-ubistva\/#respond\"]}]},{\"@type\":\"WebPage\",\"@id\":\"https:\/\/sandzakpress.net\/arhiva\/bakir-izetbegovic-i-sefer-halilovic-rasvijetliti-sva-nerijesena-ubistva\/\",\"url\":\"https:\/\/sandzakpress.net\/arhiva\/bakir-izetbegovic-i-sefer-halilovic-rasvijetliti-sva-nerijesena-ubistva\/\",\"name\":\"Bakir Izetbegovi\u0107 i Sefer Halilovi\u0107: Rasvijetliti sva nerije\u0161ena ubistva\",\"isPartOf\":{\"@id\":\"https:\/\/sandzakpress.net\/arhiva\/#website\"},\"primaryImageOfPage\":{\"@id\":\"https:\/\/sandzakpress.net\/arhiva\/bakir-izetbegovic-i-sefer-halilovic-rasvijetliti-sva-nerijesena-ubistva\/#primaryimage\"},\"image\":{\"@id\":\"https:\/\/sandzakpress.net\/arhiva\/bakir-izetbegovic-i-sefer-halilovic-rasvijetliti-sva-nerijesena-ubistva\/#primaryimage\"},\"thumbnailUrl\":\"https:\/\/sandzakpress.net\/arhiva\/wp-content\/uploads\/2015\/07\/Bakir-Sefer.jpg\",\"datePublished\":\"2015-07-31T20:20:41+00:00\",\"breadcrumb\":{\"@id\":\"https:\/\/sandzakpress.net\/arhiva\/bakir-izetbegovic-i-sefer-halilovic-rasvijetliti-sva-nerijesena-ubistva\/#breadcrumb\"},\"inLanguage\":\"bs-BA\",\"potentialAction\":[{\"@type\":\"ReadAction\",\"target\":[\"https:\/\/sandzakpress.net\/arhiva\/bakir-izetbegovic-i-sefer-halilovic-rasvijetliti-sva-nerijesena-ubistva\/\"]}]},{\"@type\":\"ImageObject\",\"inLanguage\":\"bs-BA\",\"@id\":\"https:\/\/sandzakpress.net\/arhiva\/bakir-izetbegovic-i-sefer-halilovic-rasvijetliti-sva-nerijesena-ubistva\/#primaryimage\",\"url\":\"https:\/\/sandzakpress.net\/arhiva\/wp-content\/uploads\/2015\/07\/Bakir-Sefer.jpg\",\"contentUrl\":\"https:\/\/sandzakpress.net\/arhiva\/wp-content\/uploads\/2015\/07\/Bakir-Sefer.jpg\",\"width\":600,\"height\":302},{\"@type\":\"BreadcrumbList\",\"@id\":\"https:\/\/sandzakpress.net\/arhiva\/bakir-izetbegovic-i-sefer-halilovic-rasvijetliti-sva-nerijesena-ubistva\/#breadcrumb\",\"itemListElement\":[{\"@type\":\"ListItem\",\"position\":1,\"name\":\"Home\",\"item\":\"https:\/\/sandzakpress.net\/arhiva\/\"},{\"@type\":\"ListItem\",\"position\":2,\"name\":\"Bakir Izetbegovi\u0107 i Sefer Halilovi\u0107: Rasvijetliti sva nerije\u0161ena ubistva\"}]},{\"@type\":\"WebSite\",\"@id\":\"https:\/\/sandzakpress.net\/arhiva\/#website\",\"url\":\"https:\/\/sandzakpress.net\/arhiva\/\",\"name\":\"Sand\u017eak PRESS\",\"description\":\"Prve elektronske novine u Sand\u017eaku\",\"publisher\":{\"@id\":\"https:\/\/sandzakpress.net\/arhiva\/#\/schema\/person\/6e72b67d6e51910a1117b3b483ba20bd\"},\"potentialAction\":[{\"@type\":\"SearchAction\",\"target\":{\"@type\":\"EntryPoint\",\"urlTemplate\":\"https:\/\/sandzakpress.net\/arhiva\/?s={search_term_string}\"},\"query-input\":{\"@type\":\"PropertyValueSpecification\",\"valueRequired\":true,\"valueName\":\"search_term_string\"}}],\"inLanguage\":\"bs-BA\"},{\"@type\":[\"Person\",\"Organization\"],\"@id\":\"https:\/\/sandzakpress.net\/arhiva\/#\/schema\/person\/6e72b67d6e51910a1117b3b483ba20bd\",\"name\":\"Kul\",\"image\":{\"@type\":\"ImageObject\",\"inLanguage\":\"bs-BA\",\"@id\":\"https:\/\/sandzakpress.net\/arhiva\/#\/schema\/person\/image\/\",\"url\":\"https:\/\/secure.gravatar.com\/avatar\/42263f39aa27ac04c43cab85c280eb2e?s=96&d=mm&r=pg\",\"contentUrl\":\"https:\/\/secure.gravatar.com\/avatar\/42263f39aa27ac04c43cab85c280eb2e?s=96&d=mm&r=pg\",\"caption\":\"Kul\"},\"logo\":{\"@id\":\"https:\/\/sandzakpress.net\/arhiva\/#\/schema\/person\/image\/\"}},{\"@type\":\"Person\",\"@id\":\"https:\/\/sandzakpress.net\/arhiva\/#\/schema\/person\/c8baee722073534b583ea7bdb2e36c02\",\"name\":\"bosniak\",\"image\":{\"@type\":\"ImageObject\",\"inLanguage\":\"bs-BA\",\"@id\":\"https:\/\/sandzakpress.net\/arhiva\/#\/schema\/person\/image\/\",\"url\":\"https:\/\/secure.gravatar.com\/avatar\/a04fd330bfe3a36a72a0ad4a6d89fca7?s=96&d=mm&r=pg\",\"contentUrl\":\"https:\/\/secure.gravatar.com\/avatar\/a04fd330bfe3a36a72a0ad4a6d89fca7?s=96&d=mm&r=pg\",\"caption\":\"bosniak\"},\"url\":\"https:\/\/sandzakpress.net\/arhiva\/author\/bosniak\/\"}]}<\/script>\n<!-- \/ Yoast SEO Premium plugin. -->","yoast_head_json":{"title":"Bakir Izetbegovi\u0107 i Sefer Halilovi\u0107: Rasvijetliti sva nerije\u0161ena ubistva","robots":{"index":"index","follow":"follow","max-snippet":"max-snippet:-1","max-image-preview":"max-image-preview:large","max-video-preview":"max-video-preview:-1"},"canonical":"https:\/\/sandzakpress.net\/arhiva\/bakir-izetbegovic-i-sefer-halilovic-rasvijetliti-sva-nerijesena-ubistva\/","og_locale":"bs_BA","og_type":"article","og_title":"Bakir Izetbegovi\u0107 i Sefer Halilovi\u0107: Rasvijetliti sva nerije\u0161ena ubistva","og_description":"BIH \u2013 Predsjednici Stranke demokratske akcije (SDA) i Bosanskohercegova\u010dke patriotske stranke (BPS) Bakir Izetbegovi\u0107 i Sefer Halilovi\u0107 izrazili su danas opredjeljenje za rasvjetljavanje nerazrije\u0161enih ubistava. Halilovi\u0107 je novinarima kazao da je postignut dogovor o maksimalnom zalaganju u rje\u0161avanje slu\u010daja Halilovi\u0107 i svih nerazja\u0161njenih ubistava, a kada se to razjasni na sudu \u201cmo\u017ee se donijeti zaklju\u010dak [&hellip;]","og_url":"https:\/\/sandzakpress.net\/arhiva\/bakir-izetbegovic-i-sefer-halilovic-rasvijetliti-sva-nerijesena-ubistva\/","og_site_name":"Sand\u017eak PRESS","article_published_time":"2015-07-31T20:20:41+00:00","og_image":[{"width":600,"height":302,"url":"https:\/\/sandzakpress.net\/arhiva\/wp-content\/uploads\/2015\/07\/Bakir-Sefer.jpg","type":"image\/jpeg"}],"author":"bosniak","twitter_card":"summary_large_image","twitter_misc":{"Written by":"bosniak","Est. reading time":"2 minute"},"schema":{"@context":"https:\/\/schema.org","@graph":[{"@type":"Article","@id":"https:\/\/sandzakpress.net\/arhiva\/bakir-izetbegovic-i-sefer-halilovic-rasvijetliti-sva-nerijesena-ubistva\/#article","isPartOf":{"@id":"https:\/\/sandzakpress.net\/arhiva\/bakir-izetbegovic-i-sefer-halilovic-rasvijetliti-sva-nerijesena-ubistva\/"},"author":{"name":"bosniak","@id":"https:\/\/sandzakpress.net\/arhiva\/#\/schema\/person\/c8baee722073534b583ea7bdb2e36c02"},"headline":"Bakir Izetbegovi\u0107 i Sefer Halilovi\u0107: Rasvijetliti sva nerije\u0161ena ubistva","datePublished":"2015-07-31T20:20:41+00:00","mainEntityOfPage":{"@id":"https:\/\/sandzakpress.net\/arhiva\/bakir-izetbegovic-i-sefer-halilovic-rasvijetliti-sva-nerijesena-ubistva\/"},"wordCount":320,"commentCount":1,"publisher":{"@id":"https:\/\/sandzakpress.net\/arhiva\/#\/schema\/person\/6e72b67d6e51910a1117b3b483ba20bd"},"image":{"@id":"https:\/\/sandzakpress.net\/arhiva\/bakir-izetbegovic-i-sefer-halilovic-rasvijetliti-sva-nerijesena-ubistva\/#primaryimage"},"thumbnailUrl":"https:\/\/sandzakpress.net\/arhiva\/wp-content\/uploads\/2015\/07\/Bakir-Sefer.jpg","keywords":["Bosna i Hercegovina"],"articleSection":["Bosna PRESS"],"inLanguage":"bs-BA","potentialAction":[{"@type":"CommentAction","name":"Comment","target":["https:\/\/sandzakpress.net\/arhiva\/bakir-izetbegovic-i-sefer-halilovic-rasvijetliti-sva-nerijesena-ubistva\/#respond"]}]},{"@type":"WebPage","@id":"https:\/\/sandzakpress.net\/arhiva\/bakir-izetbegovic-i-sefer-halilovic-rasvijetliti-sva-nerijesena-ubistva\/","url":"https:\/\/sandzakpress.net\/arhiva\/bakir-izetbegovic-i-sefer-halilovic-rasvijetliti-sva-nerijesena-ubistva\/","name":"Bakir Izetbegovi\u0107 i Sefer Halilovi\u0107: Rasvijetliti sva nerije\u0161ena ubistva","isPartOf":{"@id":"https:\/\/sandzakpress.net\/arhiva\/#website"},"primaryImageOfPage":{"@id":"https:\/\/sandzakpress.net\/arhiva\/bakir-izetbegovic-i-sefer-halilovic-rasvijetliti-sva-nerijesena-ubistva\/#primaryimage"},"image":{"@id":"https:\/\/sandzakpress.net\/arhiva\/bakir-izetbegovic-i-sefer-halilovic-rasvijetliti-sva-nerijesena-ubistva\/#primaryimage"},"thumbnailUrl":"https:\/\/sandzakpress.net\/arhiva\/wp-content\/uploads\/2015\/07\/Bakir-Sefer.jpg","datePublished":"2015-07-31T20:20:41+00:00","breadcrumb":{"@id":"https:\/\/sandzakpress.net\/arhiva\/bakir-izetbegovic-i-sefer-halilovic-rasvijetliti-sva-nerijesena-ubistva\/#breadcrumb"},"inLanguage":"bs-BA","potentialAction":[{"@type":"ReadAction","target":["https:\/\/sandzakpress.net\/arhiva\/bakir-izetbegovic-i-sefer-halilovic-rasvijetliti-sva-nerijesena-ubistva\/"]}]},{"@type":"ImageObject","inLanguage":"bs-BA","@id":"https:\/\/sandzakpress.net\/arhiva\/bakir-izetbegovic-i-sefer-halilovic-rasvijetliti-sva-nerijesena-ubistva\/#primaryimage","url":"https:\/\/sandzakpress.net\/arhiva\/wp-content\/uploads\/2015\/07\/Bakir-Sefer.jpg","contentUrl":"https:\/\/sandzakpress.net\/arhiva\/wp-content\/uploads\/2015\/07\/Bakir-Sefer.jpg","width":600,"height":302},{"@type":"BreadcrumbList","@id":"https:\/\/sandzakpress.net\/arhiva\/bakir-izetbegovic-i-sefer-halilovic-rasvijetliti-sva-nerijesena-ubistva\/#breadcrumb","itemListElement":[{"@type":"ListItem","position":1,"name":"Home","item":"https:\/\/sandzakpress.net\/arhiva\/"},{"@type":"ListItem","position":2,"name":"Bakir Izetbegovi\u0107 i Sefer Halilovi\u0107: Rasvijetliti sva nerije\u0161ena ubistva"}]},{"@type":"WebSite","@id":"https:\/\/sandzakpress.net\/arhiva\/#website","url":"https:\/\/sandzakpress.net\/arhiva\/","name":"Sand\u017eak PRESS","description":"Prve elektronske novine u Sand\u017eaku","publisher":{"@id":"https:\/\/sandzakpress.net\/arhiva\/#\/schema\/person\/6e72b67d6e51910a1117b3b483ba20bd"},"potentialAction":[{"@type":"SearchAction","target":{"@type":"EntryPoint","urlTemplate":"https:\/\/sandzakpress.net\/arhiva\/?s={search_term_string}"},"query-input":{"@type":"PropertyValueSpecification","valueRequired":true,"valueName":"search_term_string"}}],"inLanguage":"bs-BA"},{"@type":["Person","Organization"],"@id":"https:\/\/sandzakpress.net\/arhiva\/#\/schema\/person\/6e72b67d6e51910a1117b3b483ba20bd","name":"Kul","image":{"@type":"ImageObject","inLanguage":"bs-BA","@id":"https:\/\/sandzakpress.net\/arhiva\/#\/schema\/person\/image\/","url":"https:\/\/secure.gravatar.com\/avatar\/42263f39aa27ac04c43cab85c280eb2e?s=96&d=mm&r=pg","contentUrl":"https:\/\/secure.gravatar.com\/avatar\/42263f39aa27ac04c43cab85c280eb2e?s=96&d=mm&r=pg","caption":"Kul"},"logo":{"@id":"https:\/\/sandzakpress.net\/arhiva\/#\/schema\/person\/image\/"}},{"@type":"Person","@id":"https:\/\/sandzakpress.net\/arhiva\/#\/schema\/person\/c8baee722073534b583ea7bdb2e36c02","name":"bosniak","image":{"@type":"ImageObject","inLanguage":"bs-BA","@id":"https:\/\/sandzakpress.net\/arhiva\/#\/schema\/person\/image\/","url":"https:\/\/secure.gravatar.com\/avatar\/a04fd330bfe3a36a72a0ad4a6d89fca7?s=96&d=mm&r=pg","contentUrl":"https:\/\/secure.gravatar.com\/avatar\/a04fd330bfe3a36a72a0ad4a6d89fca7?s=96&d=mm&r=pg","caption":"bosniak"},"url":"https:\/\/sandzakpress.net\/arhiva\/author\/bosniak\/"}]}},"_links":{"self":[{"href":"https:\/\/sandzakpress.net\/arhiva\/wp-json\/wp\/v2\/posts\/132153"}],"collection":[{"href":"https:\/\/sandzakpress.net\/arhiva\/wp-json\/wp\/v2\/posts"}],"about":[{"href":"https:\/\/sandzakpress.net\/arhiva\/wp-json\/wp\/v2\/types\/post"}],"author":[{"embeddable":true,"href":"https:\/\/sandzakpress.net\/arhiva\/wp-json\/wp\/v2\/users\/83"}],"replies":[{"embeddable":true,"href":"https:\/\/sandzakpress.net\/arhiva\/wp-json\/wp\/v2\/comments?post=132153"}],"version-history":[{"count":0,"href":"https:\/\/sandzakpress.net\/arhiva\/wp-json\/wp\/v2\/posts\/132153\/revisions"}],"wp:featuredmedia":[{"embeddable":true,"href":"https:\/\/sandzakpress.net\/arhiva\/wp-json\/wp\/v2\/media\/132155"}],"wp:attachment":[{"href":"https:\/\/sandzakpress.net\/arhiva\/wp-json\/wp\/v2\/media?parent=132153"}],"wp:term":[{"taxonomy":"category","embeddable":true,"href":"https:\/\/sandzakpress.net\/arhiva\/wp-json\/wp\/v2\/categories?post=132153"},{"taxonomy":"post_tag","embeddable":true,"href":"https:\/\/sandzakpress.net\/arhiva\/wp-json\/wp\/v2\/tags?post=132153"}],"curies":[{"name":"wp","href":"https:\/\/api.w.org\/{rel}","templated":true}]}}