{"id":132089,"date":"2015-08-01T13:23:37","date_gmt":"2015-08-01T11:23:37","guid":{"rendered":"https:\/\/sandzakpress.net\/arhiva\/?p=132089"},"modified":"2015-08-01T13:23:37","modified_gmt":"2015-08-01T11:23:37","slug":"njemacka-balkancima-umjesto-azila-posao","status":"publish","type":"post","link":"https:\/\/sandzakpress.net\/arhiva\/njemacka-balkancima-umjesto-azila-posao\/","title":{"rendered":"Njema\u010dka: Balkancima umjesto azila posao?"},"content":{"rendered":"<p><img decoding=\"async\" src=\"http:\/\/www.sandzacke.rs\/wp-content\/uploads\/2015\/08\/azilanti-Njemacka-2.jpg\" alt=\"azilanti Njemacka 2\" \/><\/p>\n<p><strong>Njema\u010dka &#8211; Debata o do\u0161ljacima s Balkana u Njema\u010dkoj stigla je i do tr\u017ei\u0161ta rada \u2013 poslodavci bi voljeli da se odbijenim potra\u017eiocima azila dozvoli da rade u Njema\u010dkoj, dok ministarstvo unutra\u0161njih poslova misli da bi to bilo pogubno, objavio je radio Doj\u010de vele DW.<\/strong><\/p>\n<p>\u201dGlas Vinfrida Kre\u010dmana dao je te\u017einu debati koja se razvila u Njema\u010dkoj u vezi s izbjeglicama sa zapadnog Balkana. Kre\u010dman, pokrajinski premijer Baden-Virtemberga iz stranke Zelenih, zahtijeva od vlade Njema\u010dke da omogu\u0107i legalan pristup tr\u017ei\u0161tu rada tim ljudima\u201d, prenosi DW.<\/p>\n<p>\u201dMi mo\u017eemo da omogu\u0107imo useljeni\u010dke koridore za zanimanja gdje nam nedostaje radne snage, na primjer kada su u pitanju njegovatelji starih osoba\u201d, kazao je Kre\u010dman i dodao je da je zapadni Balkan dio Evrope i da se mora stabilizovati.<\/p>\n<p>\u201dAko po\u017eelite da saznate \u0161ta je premijer Baden-Virtemberga mislio pod pojmom useljeni\u010dki koridor \u2013 ne\u0107ete ba\u0161 imati mnogo sre\u0107e\u201d, navodi se u tekstu.<\/p>\n<p>Dodaje se da je Kre\u010dmanov portparol rekao da nije nadle\u017ean i uputio novinare na pokrajinsko ministarstvo za integracije.<\/p>\n<p>\u201dA tamo smo nakon nekoliko sati dobili odgovor da bi se ,mo\u017eda, mogli obratiti kancelariji odnosa sa javno\u0161cu premijera Kre\u010dmana. Jedini referent za odnose s medijima kojeg smo uspjeli da dobijemo ka\u017ee da nema vremena jer ima 250 novinarskih zahtjeva\u201d, prenosi DW.<\/p>\n<p>\u201dTako ostaje nejasno \u0161ta je Kre\u010dman zapravo mislio. Da li je onda u pitanju promjena za koju se zala\u017eu u udru\u017eenjima privrednika? Kao \u0161to, na primjer, prijedla\u017ee predsjednik saveznog udru\u017eenja privatnih socijalnih slu\u017ebi Bernd Mojrer. On ho\u0107e da se potra\u017eiocima azila ponudi jo\u0161 jedan put za dobijanje dozvole za boravak u Njema\u010dkoj, odnosno da se na njih gleda kao na radnu snagu\u201d, ka\u017ee se u tekstu DW.<\/p>\n<p>Oni onda ne bi morali da idu nazad u svoju zemlju samo da bi predali zahtjev za posao, objasnio je Mojrer za DW.<\/p>\n<p>\u201dAzilanti u poku\u0161aju bi upravo u njegovateljskoj bran\u0161i, pod pretpostavkom da solidno znaju njema\u010dki, mogli brzo da do\u0111u do posla, jer je nivo obrazovanja njegovatelja u Srbiji i Bosni i Hercegovini sli\u010dan onom koji imaju njema\u010dki njegovatelji. Savezna agencija za rad regrutuje personal iz obje te zemlje, ali s ograni\u010denim uspjehom. U prethodne dvije godine u Njema\u010dku je iz ove dvije zemlje do\u0161lo tek oko 100 njegovatelja\u201d, javlja DW i navodi da ministarstvo unutra\u0161njih poslova odbija promjenu kursa.<\/p>\n<p>\u201cTamo ka\u017eu da su potraga za azilom i potraga za poslom dvije razli\u010dite stvari koje treba da ostanu odvojene\u201d, javlja DW.<\/p>\n<p>(Doj\u010de vele DW)<\/p>\n","protected":false},"excerpt":{"rendered":"<p>Njema\u010dka &#8211; Debata o do\u0161ljacima s Balkana u Njema\u010dkoj stigla je i do tr\u017ei\u0161ta rada \u2013 poslodavci bi voljeli da se odbijenim potra\u017eiocima azila dozvoli da rade u Njema\u010dkoj, dok ministarstvo unutra\u0161njih poslova misli da bi to bilo pogubno, objavio je radio Doj\u010de vele DW. \u201dGlas Vinfrida Kre\u010dmana dao je te\u017einu debati koja se razvila [&hellip;]<\/p>\n","protected":false},"author":83,"featured_media":132090,"comment_status":"open","ping_status":"open","sticky":false,"template":"","format":"standard","meta":{"footnotes":""},"categories":[9538,9],"tags":[],"class_list":{"0":"post-132089","1":"post","2":"type-post","3":"status-publish","4":"format-standard","5":"has-post-thumbnail","7":"category-njemacka-dijaspora-gradovi-vase-vijesti","8":"category-svijet"},"yoast_head":"<!-- This site is optimized with the Yoast SEO Premium plugin v23.1 (Yoast SEO v24.9) - https:\/\/yoast.com\/wordpress\/plugins\/seo\/ -->\n<title>Njema\u010dka: Balkancima umjesto azila posao?<\/title>\n<meta name=\"robots\" content=\"index, follow, max-snippet:-1, max-image-preview:large, max-video-preview:-1\" \/>\n<link rel=\"canonical\" href=\"https:\/\/sandzakpress.net\/arhiva\/njemacka-balkancima-umjesto-azila-posao\/\" \/>\n<meta property=\"og:locale\" content=\"bs_BA\" \/>\n<meta property=\"og:type\" content=\"article\" \/>\n<meta property=\"og:title\" content=\"Njema\u010dka: Balkancima umjesto azila posao?\" \/>\n<meta property=\"og:description\" content=\"Njema\u010dka &#8211; Debata o do\u0161ljacima s Balkana u Njema\u010dkoj stigla je i do tr\u017ei\u0161ta rada \u2013 poslodavci bi voljeli da se odbijenim potra\u017eiocima azila dozvoli da rade u Njema\u010dkoj, dok ministarstvo unutra\u0161njih poslova misli da bi to bilo pogubno, objavio je radio Doj\u010de vele DW. \u201dGlas Vinfrida Kre\u010dmana dao je te\u017einu debati koja se razvila [&hellip;]\" \/>\n<meta property=\"og:url\" content=\"https:\/\/sandzakpress.net\/arhiva\/njemacka-balkancima-umjesto-azila-posao\/\" \/>\n<meta property=\"og:site_name\" content=\"Sand\u017eak PRESS\" \/>\n<meta property=\"article:published_time\" content=\"2015-08-01T11:23:37+00:00\" \/>\n<meta property=\"og:image\" content=\"https:\/\/sandzakpress.net\/arhiva\/wp-content\/uploads\/2015\/08\/azilanti-Njemacka-2.jpg\" \/>\n\t<meta property=\"og:image:width\" content=\"620\" \/>\n\t<meta property=\"og:image:height\" content=\"400\" \/>\n\t<meta property=\"og:image:type\" content=\"image\/jpeg\" \/>\n<meta name=\"author\" content=\"bosniak\" \/>\n<meta name=\"twitter:card\" content=\"summary_large_image\" \/>\n<meta name=\"twitter:label1\" content=\"Written by\" \/>\n\t<meta name=\"twitter:data1\" content=\"bosniak\" \/>\n\t<meta name=\"twitter:label2\" content=\"Est. reading time\" \/>\n\t<meta name=\"twitter:data2\" content=\"2 minute\" \/>\n<script type=\"application\/ld+json\" class=\"yoast-schema-graph\">{\"@context\":\"https:\/\/schema.org\",\"@graph\":[{\"@type\":\"Article\",\"@id\":\"https:\/\/sandzakpress.net\/arhiva\/njemacka-balkancima-umjesto-azila-posao\/#article\",\"isPartOf\":{\"@id\":\"https:\/\/sandzakpress.net\/arhiva\/njemacka-balkancima-umjesto-azila-posao\/\"},\"author\":{\"name\":\"bosniak\",\"@id\":\"https:\/\/sandzakpress.net\/arhiva\/#\/schema\/person\/c8baee722073534b583ea7bdb2e36c02\"},\"headline\":\"Njema\u010dka: Balkancima umjesto azila posao?\",\"datePublished\":\"2015-08-01T11:23:37+00:00\",\"mainEntityOfPage\":{\"@id\":\"https:\/\/sandzakpress.net\/arhiva\/njemacka-balkancima-umjesto-azila-posao\/\"},\"wordCount\":455,\"commentCount\":0,\"publisher\":{\"@id\":\"https:\/\/sandzakpress.net\/arhiva\/#\/schema\/person\/6e72b67d6e51910a1117b3b483ba20bd\"},\"image\":{\"@id\":\"https:\/\/sandzakpress.net\/arhiva\/njemacka-balkancima-umjesto-azila-posao\/#primaryimage\"},\"thumbnailUrl\":\"https:\/\/sandzakpress.net\/arhiva\/wp-content\/uploads\/2015\/08\/azilanti-Njemacka-2.jpg\",\"articleSection\":[\"Njema\u010dka\",\"Svijet\"],\"inLanguage\":\"bs-BA\",\"potentialAction\":[{\"@type\":\"CommentAction\",\"name\":\"Comment\",\"target\":[\"https:\/\/sandzakpress.net\/arhiva\/njemacka-balkancima-umjesto-azila-posao\/#respond\"]}]},{\"@type\":\"WebPage\",\"@id\":\"https:\/\/sandzakpress.net\/arhiva\/njemacka-balkancima-umjesto-azila-posao\/\",\"url\":\"https:\/\/sandzakpress.net\/arhiva\/njemacka-balkancima-umjesto-azila-posao\/\",\"name\":\"Njema\u010dka: Balkancima umjesto azila posao?\",\"isPartOf\":{\"@id\":\"https:\/\/sandzakpress.net\/arhiva\/#website\"},\"primaryImageOfPage\":{\"@id\":\"https:\/\/sandzakpress.net\/arhiva\/njemacka-balkancima-umjesto-azila-posao\/#primaryimage\"},\"image\":{\"@id\":\"https:\/\/sandzakpress.net\/arhiva\/njemacka-balkancima-umjesto-azila-posao\/#primaryimage\"},\"thumbnailUrl\":\"https:\/\/sandzakpress.net\/arhiva\/wp-content\/uploads\/2015\/08\/azilanti-Njemacka-2.jpg\",\"datePublished\":\"2015-08-01T11:23:37+00:00\",\"breadcrumb\":{\"@id\":\"https:\/\/sandzakpress.net\/arhiva\/njemacka-balkancima-umjesto-azila-posao\/#breadcrumb\"},\"inLanguage\":\"bs-BA\",\"potentialAction\":[{\"@type\":\"ReadAction\",\"target\":[\"https:\/\/sandzakpress.net\/arhiva\/njemacka-balkancima-umjesto-azila-posao\/\"]}]},{\"@type\":\"ImageObject\",\"inLanguage\":\"bs-BA\",\"@id\":\"https:\/\/sandzakpress.net\/arhiva\/njemacka-balkancima-umjesto-azila-posao\/#primaryimage\",\"url\":\"https:\/\/sandzakpress.net\/arhiva\/wp-content\/uploads\/2015\/08\/azilanti-Njemacka-2.jpg\",\"contentUrl\":\"https:\/\/sandzakpress.net\/arhiva\/wp-content\/uploads\/2015\/08\/azilanti-Njemacka-2.jpg\",\"width\":620,\"height\":400},{\"@type\":\"BreadcrumbList\",\"@id\":\"https:\/\/sandzakpress.net\/arhiva\/njemacka-balkancima-umjesto-azila-posao\/#breadcrumb\",\"itemListElement\":[{\"@type\":\"ListItem\",\"position\":1,\"name\":\"Home\",\"item\":\"https:\/\/sandzakpress.net\/arhiva\/\"},{\"@type\":\"ListItem\",\"position\":2,\"name\":\"Njema\u010dka: Balkancima umjesto azila posao?\"}]},{\"@type\":\"WebSite\",\"@id\":\"https:\/\/sandzakpress.net\/arhiva\/#website\",\"url\":\"https:\/\/sandzakpress.net\/arhiva\/\",\"name\":\"Sand\u017eak PRESS\",\"description\":\"Prve elektronske novine u Sand\u017eaku\",\"publisher\":{\"@id\":\"https:\/\/sandzakpress.net\/arhiva\/#\/schema\/person\/6e72b67d6e51910a1117b3b483ba20bd\"},\"potentialAction\":[{\"@type\":\"SearchAction\",\"target\":{\"@type\":\"EntryPoint\",\"urlTemplate\":\"https:\/\/sandzakpress.net\/arhiva\/?s={search_term_string}\"},\"query-input\":{\"@type\":\"PropertyValueSpecification\",\"valueRequired\":true,\"valueName\":\"search_term_string\"}}],\"inLanguage\":\"bs-BA\"},{\"@type\":[\"Person\",\"Organization\"],\"@id\":\"https:\/\/sandzakpress.net\/arhiva\/#\/schema\/person\/6e72b67d6e51910a1117b3b483ba20bd\",\"name\":\"Kul\",\"image\":{\"@type\":\"ImageObject\",\"inLanguage\":\"bs-BA\",\"@id\":\"https:\/\/sandzakpress.net\/arhiva\/#\/schema\/person\/image\/\",\"url\":\"https:\/\/secure.gravatar.com\/avatar\/42263f39aa27ac04c43cab85c280eb2e?s=96&d=mm&r=pg\",\"contentUrl\":\"https:\/\/secure.gravatar.com\/avatar\/42263f39aa27ac04c43cab85c280eb2e?s=96&d=mm&r=pg\",\"caption\":\"Kul\"},\"logo\":{\"@id\":\"https:\/\/sandzakpress.net\/arhiva\/#\/schema\/person\/image\/\"}},{\"@type\":\"Person\",\"@id\":\"https:\/\/sandzakpress.net\/arhiva\/#\/schema\/person\/c8baee722073534b583ea7bdb2e36c02\",\"name\":\"bosniak\",\"image\":{\"@type\":\"ImageObject\",\"inLanguage\":\"bs-BA\",\"@id\":\"https:\/\/sandzakpress.net\/arhiva\/#\/schema\/person\/image\/\",\"url\":\"https:\/\/secure.gravatar.com\/avatar\/a04fd330bfe3a36a72a0ad4a6d89fca7?s=96&d=mm&r=pg\",\"contentUrl\":\"https:\/\/secure.gravatar.com\/avatar\/a04fd330bfe3a36a72a0ad4a6d89fca7?s=96&d=mm&r=pg\",\"caption\":\"bosniak\"},\"url\":\"https:\/\/sandzakpress.net\/arhiva\/author\/bosniak\/\"}]}<\/script>\n<!-- \/ Yoast SEO Premium plugin. -->","yoast_head_json":{"title":"Njema\u010dka: Balkancima umjesto azila posao?","robots":{"index":"index","follow":"follow","max-snippet":"max-snippet:-1","max-image-preview":"max-image-preview:large","max-video-preview":"max-video-preview:-1"},"canonical":"https:\/\/sandzakpress.net\/arhiva\/njemacka-balkancima-umjesto-azila-posao\/","og_locale":"bs_BA","og_type":"article","og_title":"Njema\u010dka: Balkancima umjesto azila posao?","og_description":"Njema\u010dka &#8211; Debata o do\u0161ljacima s Balkana u Njema\u010dkoj stigla je i do tr\u017ei\u0161ta rada \u2013 poslodavci bi voljeli da se odbijenim potra\u017eiocima azila dozvoli da rade u Njema\u010dkoj, dok ministarstvo unutra\u0161njih poslova misli da bi to bilo pogubno, objavio je radio Doj\u010de vele DW. \u201dGlas Vinfrida Kre\u010dmana dao je te\u017einu debati koja se razvila [&hellip;]","og_url":"https:\/\/sandzakpress.net\/arhiva\/njemacka-balkancima-umjesto-azila-posao\/","og_site_name":"Sand\u017eak PRESS","article_published_time":"2015-08-01T11:23:37+00:00","og_image":[{"width":620,"height":400,"url":"https:\/\/sandzakpress.net\/arhiva\/wp-content\/uploads\/2015\/08\/azilanti-Njemacka-2.jpg","type":"image\/jpeg"}],"author":"bosniak","twitter_card":"summary_large_image","twitter_misc":{"Written by":"bosniak","Est. reading time":"2 minute"},"schema":{"@context":"https:\/\/schema.org","@graph":[{"@type":"Article","@id":"https:\/\/sandzakpress.net\/arhiva\/njemacka-balkancima-umjesto-azila-posao\/#article","isPartOf":{"@id":"https:\/\/sandzakpress.net\/arhiva\/njemacka-balkancima-umjesto-azila-posao\/"},"author":{"name":"bosniak","@id":"https:\/\/sandzakpress.net\/arhiva\/#\/schema\/person\/c8baee722073534b583ea7bdb2e36c02"},"headline":"Njema\u010dka: Balkancima umjesto azila posao?","datePublished":"2015-08-01T11:23:37+00:00","mainEntityOfPage":{"@id":"https:\/\/sandzakpress.net\/arhiva\/njemacka-balkancima-umjesto-azila-posao\/"},"wordCount":455,"commentCount":0,"publisher":{"@id":"https:\/\/sandzakpress.net\/arhiva\/#\/schema\/person\/6e72b67d6e51910a1117b3b483ba20bd"},"image":{"@id":"https:\/\/sandzakpress.net\/arhiva\/njemacka-balkancima-umjesto-azila-posao\/#primaryimage"},"thumbnailUrl":"https:\/\/sandzakpress.net\/arhiva\/wp-content\/uploads\/2015\/08\/azilanti-Njemacka-2.jpg","articleSection":["Njema\u010dka","Svijet"],"inLanguage":"bs-BA","potentialAction":[{"@type":"CommentAction","name":"Comment","target":["https:\/\/sandzakpress.net\/arhiva\/njemacka-balkancima-umjesto-azila-posao\/#respond"]}]},{"@type":"WebPage","@id":"https:\/\/sandzakpress.net\/arhiva\/njemacka-balkancima-umjesto-azila-posao\/","url":"https:\/\/sandzakpress.net\/arhiva\/njemacka-balkancima-umjesto-azila-posao\/","name":"Njema\u010dka: Balkancima umjesto azila posao?","isPartOf":{"@id":"https:\/\/sandzakpress.net\/arhiva\/#website"},"primaryImageOfPage":{"@id":"https:\/\/sandzakpress.net\/arhiva\/njemacka-balkancima-umjesto-azila-posao\/#primaryimage"},"image":{"@id":"https:\/\/sandzakpress.net\/arhiva\/njemacka-balkancima-umjesto-azila-posao\/#primaryimage"},"thumbnailUrl":"https:\/\/sandzakpress.net\/arhiva\/wp-content\/uploads\/2015\/08\/azilanti-Njemacka-2.jpg","datePublished":"2015-08-01T11:23:37+00:00","breadcrumb":{"@id":"https:\/\/sandzakpress.net\/arhiva\/njemacka-balkancima-umjesto-azila-posao\/#breadcrumb"},"inLanguage":"bs-BA","potentialAction":[{"@type":"ReadAction","target":["https:\/\/sandzakpress.net\/arhiva\/njemacka-balkancima-umjesto-azila-posao\/"]}]},{"@type":"ImageObject","inLanguage":"bs-BA","@id":"https:\/\/sandzakpress.net\/arhiva\/njemacka-balkancima-umjesto-azila-posao\/#primaryimage","url":"https:\/\/sandzakpress.net\/arhiva\/wp-content\/uploads\/2015\/08\/azilanti-Njemacka-2.jpg","contentUrl":"https:\/\/sandzakpress.net\/arhiva\/wp-content\/uploads\/2015\/08\/azilanti-Njemacka-2.jpg","width":620,"height":400},{"@type":"BreadcrumbList","@id":"https:\/\/sandzakpress.net\/arhiva\/njemacka-balkancima-umjesto-azila-posao\/#breadcrumb","itemListElement":[{"@type":"ListItem","position":1,"name":"Home","item":"https:\/\/sandzakpress.net\/arhiva\/"},{"@type":"ListItem","position":2,"name":"Njema\u010dka: Balkancima umjesto azila posao?"}]},{"@type":"WebSite","@id":"https:\/\/sandzakpress.net\/arhiva\/#website","url":"https:\/\/sandzakpress.net\/arhiva\/","name":"Sand\u017eak PRESS","description":"Prve elektronske novine u Sand\u017eaku","publisher":{"@id":"https:\/\/sandzakpress.net\/arhiva\/#\/schema\/person\/6e72b67d6e51910a1117b3b483ba20bd"},"potentialAction":[{"@type":"SearchAction","target":{"@type":"EntryPoint","urlTemplate":"https:\/\/sandzakpress.net\/arhiva\/?s={search_term_string}"},"query-input":{"@type":"PropertyValueSpecification","valueRequired":true,"valueName":"search_term_string"}}],"inLanguage":"bs-BA"},{"@type":["Person","Organization"],"@id":"https:\/\/sandzakpress.net\/arhiva\/#\/schema\/person\/6e72b67d6e51910a1117b3b483ba20bd","name":"Kul","image":{"@type":"ImageObject","inLanguage":"bs-BA","@id":"https:\/\/sandzakpress.net\/arhiva\/#\/schema\/person\/image\/","url":"https:\/\/secure.gravatar.com\/avatar\/42263f39aa27ac04c43cab85c280eb2e?s=96&d=mm&r=pg","contentUrl":"https:\/\/secure.gravatar.com\/avatar\/42263f39aa27ac04c43cab85c280eb2e?s=96&d=mm&r=pg","caption":"Kul"},"logo":{"@id":"https:\/\/sandzakpress.net\/arhiva\/#\/schema\/person\/image\/"}},{"@type":"Person","@id":"https:\/\/sandzakpress.net\/arhiva\/#\/schema\/person\/c8baee722073534b583ea7bdb2e36c02","name":"bosniak","image":{"@type":"ImageObject","inLanguage":"bs-BA","@id":"https:\/\/sandzakpress.net\/arhiva\/#\/schema\/person\/image\/","url":"https:\/\/secure.gravatar.com\/avatar\/a04fd330bfe3a36a72a0ad4a6d89fca7?s=96&d=mm&r=pg","contentUrl":"https:\/\/secure.gravatar.com\/avatar\/a04fd330bfe3a36a72a0ad4a6d89fca7?s=96&d=mm&r=pg","caption":"bosniak"},"url":"https:\/\/sandzakpress.net\/arhiva\/author\/bosniak\/"}]}},"_links":{"self":[{"href":"https:\/\/sandzakpress.net\/arhiva\/wp-json\/wp\/v2\/posts\/132089"}],"collection":[{"href":"https:\/\/sandzakpress.net\/arhiva\/wp-json\/wp\/v2\/posts"}],"about":[{"href":"https:\/\/sandzakpress.net\/arhiva\/wp-json\/wp\/v2\/types\/post"}],"author":[{"embeddable":true,"href":"https:\/\/sandzakpress.net\/arhiva\/wp-json\/wp\/v2\/users\/83"}],"replies":[{"embeddable":true,"href":"https:\/\/sandzakpress.net\/arhiva\/wp-json\/wp\/v2\/comments?post=132089"}],"version-history":[{"count":0,"href":"https:\/\/sandzakpress.net\/arhiva\/wp-json\/wp\/v2\/posts\/132089\/revisions"}],"wp:featuredmedia":[{"embeddable":true,"href":"https:\/\/sandzakpress.net\/arhiva\/wp-json\/wp\/v2\/media\/132090"}],"wp:attachment":[{"href":"https:\/\/sandzakpress.net\/arhiva\/wp-json\/wp\/v2\/media?parent=132089"}],"wp:term":[{"taxonomy":"category","embeddable":true,"href":"https:\/\/sandzakpress.net\/arhiva\/wp-json\/wp\/v2\/categories?post=132089"},{"taxonomy":"post_tag","embeddable":true,"href":"https:\/\/sandzakpress.net\/arhiva\/wp-json\/wp\/v2\/tags?post=132089"}],"curies":[{"name":"wp","href":"https:\/\/api.w.org\/{rel}","templated":true}]}}