{"id":132066,"date":"2015-07-31T22:05:05","date_gmt":"2015-07-31T20:05:05","guid":{"rendered":"https:\/\/sandzakpress.net\/arhiva\/?p=132066"},"modified":"2015-07-31T22:05:05","modified_gmt":"2015-07-31T20:05:05","slug":"tuzilastvo-podiglo-optuznicu-protiv-numanovicevog-vozaca","status":"publish","type":"post","link":"https:\/\/sandzakpress.net\/arhiva\/tuzilastvo-podiglo-optuznicu-protiv-numanovicevog-vozaca\/","title":{"rendered":"Tu\u017eila\u0161tvo podiglo optu\u017enicu protiv Numanovi\u0107evog voza\u010da"},"content":{"rendered":"<p><strong><a href=\"https:\/\/sandzakpress.net\/arhiva\/wp-content\/uploads\/2015\/07\/numan.jpg\"><img loading=\"lazy\" decoding=\"async\" class=\" size-full wp-image-132067 aligncenter\" src=\"https:\/\/sandzakpress.net\/arhiva\/wp-content\/uploads\/2015\/07\/numan.jpg\" alt=\"numan\" width=\"600\" height=\"377\" \/><\/a>Crna Gora &#8211; Hamzi\u0107 je u tu\u017eila\u0161tvu ispri\u010dao da je to radio iz bezbjednosnih razloga, odnosno kako bi za\u0161titio vozilo koje je ranije vi\u0161e puta bilo meta vandalskih napada.<\/strong><\/p>\n<p>Osnovno dr\u017eavno tu\u017eila\u0161tvo podiglo je optu\u017eni prijedlog protiv Edina Hamzi\u0107a, voza\u010da ministra za ljudska i manjinska prava Suada Numanovi\u0107a\u00a0zbog dva krivi\u010dna djela falsifikovanja isprava, potvr\u0111eno je Vijestima iz Tu\u017eila\u0161tva.\u00a0<\/p>\n<p>\u201cOkrivljenom se stavlja na teret da je u maju i decembru 2014.godine, la\u017enu javnu ispravu upotrijebio kao pravu, tako \u0161to je sa putni\u010dkog vozila Ministarstva za ljudska i manjinska prava, marke \u201emercedes ML\u201c registarske oznake PG CG 029, skinuo prave registarske tablice i umjesto njih stavio druge- la\u017ene registarske tablice, koje je neovla\u0161\u0107eno nabavio. H.E. je na taj na\u010din la\u017eno predstavio da se ne radi o slu\u017ebenom vozilu Ministarstva\u201d, saop\u0161teno je iz kabineta Vrhovnog dr\u017eavnog tu\u017eioca..\u00a0<\/p>\n<p>Hamzi\u0107 je prethodno teretio da je poslije isteka radnog vremena i vikendom, na slu\u017ebenom vozilu stavljao civilne registarske tablice PG EK 895 i PG BF 466. Tim povodom po\u010detkom aprila saslu\u0161an je i Numanovi\u0107, a na saslu\u0161anju u tu\u017eila\u0161tvu po\u010detkom maja Hamzi\u0107 je kazao je da je on mijenjao tablice na slu\u017ebenom automobilu ministra, te da o tome ministar nije imao pojma.<\/p>\n<p>Hamzi\u0107 je u tu\u017eila\u0161tvu ispri\u010dao da je to radio iz bezbjednosnih razloga, odnosno kako bi za\u0161titio vozilo koje je ranije vi\u0161e puta bilo meta vandalskih napada koji su po\u010deli nakon \u0161to je prisustvovao dvijema Paradama ponosa.\u00a0<\/p>\n<p>&#8220;Mercedes\u201d, koji je Numanovi\u0107u dat na stalnu upotrebu, ima slu\u017ebene oznake PG CG 029, me\u0111utim na njegovom d\u017eipu van radnog vremena uo\u010dene su &#8220;civilne\u201d tablice koje pripadaju S.D. i S.\u0106. Iz MUP-a je ranije saop\u0161teno da nijesu odobrili Numanovi\u0107u kori\u0161\u0107enje paralelnih tablica, &#8220;niti za to postoji zakonski osnov\u201d.<\/p>\n<p>Ovim priznanjem Hamzi\u0107 je na sebe preuzeo krivicu, tako da se Numanovi\u0107 u eventualnom sudskom postupku jedino mo\u017ee pojaviti kao svjedok.<\/p>\n<p>(vijesti)<\/p>\n","protected":false},"excerpt":{"rendered":"<p>Crna Gora &#8211; Hamzi\u0107 je u tu\u017eila\u0161tvu ispri\u010dao da je to radio iz bezbjednosnih razloga, odnosno kako bi za\u0161titio vozilo koje je ranije vi\u0161e puta bilo meta vandalskih napada. Osnovno dr\u017eavno tu\u017eila\u0161tvo podiglo je optu\u017eni prijedlog protiv Edina Hamzi\u0107a, voza\u010da ministra za ljudska i manjinska prava Suada Numanovi\u0107a\u00a0zbog dva krivi\u010dna djela falsifikovanja isprava, potvr\u0111eno je [&hellip;]<\/p>\n","protected":false},"author":83,"featured_media":132067,"comment_status":"open","ping_status":"open","sticky":false,"template":"","format":"standard","meta":{"footnotes":""},"categories":[1,10308,798,10429],"tags":[],"class_list":{"0":"post-132066","1":"post","2":"type-post","3":"status-publish","4":"format-standard","5":"has-post-thumbnail","7":"category-politika","8":"category-crna-gora","9":"category-teme","10":"category-vazno"},"yoast_head":"<!-- This site is optimized with the Yoast SEO Premium plugin v23.1 (Yoast SEO v24.9) - https:\/\/yoast.com\/wordpress\/plugins\/seo\/ -->\n<title>Tu\u017eila\u0161tvo podiglo optu\u017enicu protiv Numanovi\u0107evog voza\u010da<\/title>\n<meta name=\"robots\" content=\"index, follow, max-snippet:-1, max-image-preview:large, max-video-preview:-1\" \/>\n<link rel=\"canonical\" href=\"https:\/\/sandzakpress.net\/arhiva\/tuzilastvo-podiglo-optuznicu-protiv-numanovicevog-vozaca\/\" \/>\n<meta property=\"og:locale\" content=\"bs_BA\" \/>\n<meta property=\"og:type\" content=\"article\" \/>\n<meta property=\"og:title\" content=\"Tu\u017eila\u0161tvo podiglo optu\u017enicu protiv Numanovi\u0107evog voza\u010da\" \/>\n<meta property=\"og:description\" content=\"Crna Gora &#8211; Hamzi\u0107 je u tu\u017eila\u0161tvu ispri\u010dao da je to radio iz bezbjednosnih razloga, odnosno kako bi za\u0161titio vozilo koje je ranije vi\u0161e puta bilo meta vandalskih napada. Osnovno dr\u017eavno tu\u017eila\u0161tvo podiglo je optu\u017eni prijedlog protiv Edina Hamzi\u0107a, voza\u010da ministra za ljudska i manjinska prava Suada Numanovi\u0107a\u00a0zbog dva krivi\u010dna djela falsifikovanja isprava, potvr\u0111eno je [&hellip;]\" \/>\n<meta property=\"og:url\" content=\"https:\/\/sandzakpress.net\/arhiva\/tuzilastvo-podiglo-optuznicu-protiv-numanovicevog-vozaca\/\" \/>\n<meta property=\"og:site_name\" content=\"Sand\u017eak PRESS\" \/>\n<meta property=\"article:published_time\" content=\"2015-07-31T20:05:05+00:00\" \/>\n<meta property=\"og:image\" content=\"https:\/\/sandzakpress.net\/arhiva\/wp-content\/uploads\/2015\/07\/numan.jpg\" \/>\n\t<meta property=\"og:image:width\" content=\"600\" \/>\n\t<meta property=\"og:image:height\" content=\"377\" \/>\n\t<meta property=\"og:image:type\" content=\"image\/jpeg\" \/>\n<meta name=\"author\" content=\"bosniak\" \/>\n<meta name=\"twitter:card\" content=\"summary_large_image\" \/>\n<meta name=\"twitter:label1\" content=\"Written by\" \/>\n\t<meta name=\"twitter:data1\" content=\"bosniak\" \/>\n\t<meta name=\"twitter:label2\" content=\"Est. reading time\" \/>\n\t<meta name=\"twitter:data2\" content=\"2 minute\" \/>\n<script type=\"application\/ld+json\" class=\"yoast-schema-graph\">{\"@context\":\"https:\/\/schema.org\",\"@graph\":[{\"@type\":\"Article\",\"@id\":\"https:\/\/sandzakpress.net\/arhiva\/tuzilastvo-podiglo-optuznicu-protiv-numanovicevog-vozaca\/#article\",\"isPartOf\":{\"@id\":\"https:\/\/sandzakpress.net\/arhiva\/tuzilastvo-podiglo-optuznicu-protiv-numanovicevog-vozaca\/\"},\"author\":{\"name\":\"bosniak\",\"@id\":\"https:\/\/sandzakpress.net\/arhiva\/#\/schema\/person\/c8baee722073534b583ea7bdb2e36c02\"},\"headline\":\"Tu\u017eila\u0161tvo podiglo optu\u017enicu protiv Numanovi\u0107evog voza\u010da\",\"datePublished\":\"2015-07-31T20:05:05+00:00\",\"mainEntityOfPage\":{\"@id\":\"https:\/\/sandzakpress.net\/arhiva\/tuzilastvo-podiglo-optuznicu-protiv-numanovicevog-vozaca\/\"},\"wordCount\":361,\"commentCount\":0,\"publisher\":{\"@id\":\"https:\/\/sandzakpress.net\/arhiva\/#\/schema\/person\/6e72b67d6e51910a1117b3b483ba20bd\"},\"image\":{\"@id\":\"https:\/\/sandzakpress.net\/arhiva\/tuzilastvo-podiglo-optuznicu-protiv-numanovicevog-vozaca\/#primaryimage\"},\"thumbnailUrl\":\"https:\/\/sandzakpress.net\/arhiva\/wp-content\/uploads\/2015\/07\/numan.jpg\",\"articleSection\":[\"Politika\",\"Crna Gora\",\"NAJNOVIJE\",\"VA\u017dNO!\"],\"inLanguage\":\"bs-BA\",\"potentialAction\":[{\"@type\":\"CommentAction\",\"name\":\"Comment\",\"target\":[\"https:\/\/sandzakpress.net\/arhiva\/tuzilastvo-podiglo-optuznicu-protiv-numanovicevog-vozaca\/#respond\"]}]},{\"@type\":\"WebPage\",\"@id\":\"https:\/\/sandzakpress.net\/arhiva\/tuzilastvo-podiglo-optuznicu-protiv-numanovicevog-vozaca\/\",\"url\":\"https:\/\/sandzakpress.net\/arhiva\/tuzilastvo-podiglo-optuznicu-protiv-numanovicevog-vozaca\/\",\"name\":\"Tu\u017eila\u0161tvo podiglo optu\u017enicu protiv Numanovi\u0107evog voza\u010da\",\"isPartOf\":{\"@id\":\"https:\/\/sandzakpress.net\/arhiva\/#website\"},\"primaryImageOfPage\":{\"@id\":\"https:\/\/sandzakpress.net\/arhiva\/tuzilastvo-podiglo-optuznicu-protiv-numanovicevog-vozaca\/#primaryimage\"},\"image\":{\"@id\":\"https:\/\/sandzakpress.net\/arhiva\/tuzilastvo-podiglo-optuznicu-protiv-numanovicevog-vozaca\/#primaryimage\"},\"thumbnailUrl\":\"https:\/\/sandzakpress.net\/arhiva\/wp-content\/uploads\/2015\/07\/numan.jpg\",\"datePublished\":\"2015-07-31T20:05:05+00:00\",\"breadcrumb\":{\"@id\":\"https:\/\/sandzakpress.net\/arhiva\/tuzilastvo-podiglo-optuznicu-protiv-numanovicevog-vozaca\/#breadcrumb\"},\"inLanguage\":\"bs-BA\",\"potentialAction\":[{\"@type\":\"ReadAction\",\"target\":[\"https:\/\/sandzakpress.net\/arhiva\/tuzilastvo-podiglo-optuznicu-protiv-numanovicevog-vozaca\/\"]}]},{\"@type\":\"ImageObject\",\"inLanguage\":\"bs-BA\",\"@id\":\"https:\/\/sandzakpress.net\/arhiva\/tuzilastvo-podiglo-optuznicu-protiv-numanovicevog-vozaca\/#primaryimage\",\"url\":\"https:\/\/sandzakpress.net\/arhiva\/wp-content\/uploads\/2015\/07\/numan.jpg\",\"contentUrl\":\"https:\/\/sandzakpress.net\/arhiva\/wp-content\/uploads\/2015\/07\/numan.jpg\",\"width\":600,\"height\":377},{\"@type\":\"BreadcrumbList\",\"@id\":\"https:\/\/sandzakpress.net\/arhiva\/tuzilastvo-podiglo-optuznicu-protiv-numanovicevog-vozaca\/#breadcrumb\",\"itemListElement\":[{\"@type\":\"ListItem\",\"position\":1,\"name\":\"Home\",\"item\":\"https:\/\/sandzakpress.net\/arhiva\/\"},{\"@type\":\"ListItem\",\"position\":2,\"name\":\"Tu\u017eila\u0161tvo podiglo optu\u017enicu protiv Numanovi\u0107evog voza\u010da\"}]},{\"@type\":\"WebSite\",\"@id\":\"https:\/\/sandzakpress.net\/arhiva\/#website\",\"url\":\"https:\/\/sandzakpress.net\/arhiva\/\",\"name\":\"Sand\u017eak PRESS\",\"description\":\"Prve elektronske novine u Sand\u017eaku\",\"publisher\":{\"@id\":\"https:\/\/sandzakpress.net\/arhiva\/#\/schema\/person\/6e72b67d6e51910a1117b3b483ba20bd\"},\"potentialAction\":[{\"@type\":\"SearchAction\",\"target\":{\"@type\":\"EntryPoint\",\"urlTemplate\":\"https:\/\/sandzakpress.net\/arhiva\/?s={search_term_string}\"},\"query-input\":{\"@type\":\"PropertyValueSpecification\",\"valueRequired\":true,\"valueName\":\"search_term_string\"}}],\"inLanguage\":\"bs-BA\"},{\"@type\":[\"Person\",\"Organization\"],\"@id\":\"https:\/\/sandzakpress.net\/arhiva\/#\/schema\/person\/6e72b67d6e51910a1117b3b483ba20bd\",\"name\":\"Kul\",\"image\":{\"@type\":\"ImageObject\",\"inLanguage\":\"bs-BA\",\"@id\":\"https:\/\/sandzakpress.net\/arhiva\/#\/schema\/person\/image\/\",\"url\":\"https:\/\/secure.gravatar.com\/avatar\/42263f39aa27ac04c43cab85c280eb2e?s=96&d=mm&r=pg\",\"contentUrl\":\"https:\/\/secure.gravatar.com\/avatar\/42263f39aa27ac04c43cab85c280eb2e?s=96&d=mm&r=pg\",\"caption\":\"Kul\"},\"logo\":{\"@id\":\"https:\/\/sandzakpress.net\/arhiva\/#\/schema\/person\/image\/\"}},{\"@type\":\"Person\",\"@id\":\"https:\/\/sandzakpress.net\/arhiva\/#\/schema\/person\/c8baee722073534b583ea7bdb2e36c02\",\"name\":\"bosniak\",\"image\":{\"@type\":\"ImageObject\",\"inLanguage\":\"bs-BA\",\"@id\":\"https:\/\/sandzakpress.net\/arhiva\/#\/schema\/person\/image\/\",\"url\":\"https:\/\/secure.gravatar.com\/avatar\/a04fd330bfe3a36a72a0ad4a6d89fca7?s=96&d=mm&r=pg\",\"contentUrl\":\"https:\/\/secure.gravatar.com\/avatar\/a04fd330bfe3a36a72a0ad4a6d89fca7?s=96&d=mm&r=pg\",\"caption\":\"bosniak\"},\"url\":\"https:\/\/sandzakpress.net\/arhiva\/author\/bosniak\/\"}]}<\/script>\n<!-- \/ Yoast SEO Premium plugin. -->","yoast_head_json":{"title":"Tu\u017eila\u0161tvo podiglo optu\u017enicu protiv Numanovi\u0107evog voza\u010da","robots":{"index":"index","follow":"follow","max-snippet":"max-snippet:-1","max-image-preview":"max-image-preview:large","max-video-preview":"max-video-preview:-1"},"canonical":"https:\/\/sandzakpress.net\/arhiva\/tuzilastvo-podiglo-optuznicu-protiv-numanovicevog-vozaca\/","og_locale":"bs_BA","og_type":"article","og_title":"Tu\u017eila\u0161tvo podiglo optu\u017enicu protiv Numanovi\u0107evog voza\u010da","og_description":"Crna Gora &#8211; Hamzi\u0107 je u tu\u017eila\u0161tvu ispri\u010dao da je to radio iz bezbjednosnih razloga, odnosno kako bi za\u0161titio vozilo koje je ranije vi\u0161e puta bilo meta vandalskih napada. Osnovno dr\u017eavno tu\u017eila\u0161tvo podiglo je optu\u017eni prijedlog protiv Edina Hamzi\u0107a, voza\u010da ministra za ljudska i manjinska prava Suada Numanovi\u0107a\u00a0zbog dva krivi\u010dna djela falsifikovanja isprava, potvr\u0111eno je [&hellip;]","og_url":"https:\/\/sandzakpress.net\/arhiva\/tuzilastvo-podiglo-optuznicu-protiv-numanovicevog-vozaca\/","og_site_name":"Sand\u017eak PRESS","article_published_time":"2015-07-31T20:05:05+00:00","og_image":[{"width":600,"height":377,"url":"https:\/\/sandzakpress.net\/arhiva\/wp-content\/uploads\/2015\/07\/numan.jpg","type":"image\/jpeg"}],"author":"bosniak","twitter_card":"summary_large_image","twitter_misc":{"Written by":"bosniak","Est. reading time":"2 minute"},"schema":{"@context":"https:\/\/schema.org","@graph":[{"@type":"Article","@id":"https:\/\/sandzakpress.net\/arhiva\/tuzilastvo-podiglo-optuznicu-protiv-numanovicevog-vozaca\/#article","isPartOf":{"@id":"https:\/\/sandzakpress.net\/arhiva\/tuzilastvo-podiglo-optuznicu-protiv-numanovicevog-vozaca\/"},"author":{"name":"bosniak","@id":"https:\/\/sandzakpress.net\/arhiva\/#\/schema\/person\/c8baee722073534b583ea7bdb2e36c02"},"headline":"Tu\u017eila\u0161tvo podiglo optu\u017enicu protiv Numanovi\u0107evog voza\u010da","datePublished":"2015-07-31T20:05:05+00:00","mainEntityOfPage":{"@id":"https:\/\/sandzakpress.net\/arhiva\/tuzilastvo-podiglo-optuznicu-protiv-numanovicevog-vozaca\/"},"wordCount":361,"commentCount":0,"publisher":{"@id":"https:\/\/sandzakpress.net\/arhiva\/#\/schema\/person\/6e72b67d6e51910a1117b3b483ba20bd"},"image":{"@id":"https:\/\/sandzakpress.net\/arhiva\/tuzilastvo-podiglo-optuznicu-protiv-numanovicevog-vozaca\/#primaryimage"},"thumbnailUrl":"https:\/\/sandzakpress.net\/arhiva\/wp-content\/uploads\/2015\/07\/numan.jpg","articleSection":["Politika","Crna Gora","NAJNOVIJE","VA\u017dNO!"],"inLanguage":"bs-BA","potentialAction":[{"@type":"CommentAction","name":"Comment","target":["https:\/\/sandzakpress.net\/arhiva\/tuzilastvo-podiglo-optuznicu-protiv-numanovicevog-vozaca\/#respond"]}]},{"@type":"WebPage","@id":"https:\/\/sandzakpress.net\/arhiva\/tuzilastvo-podiglo-optuznicu-protiv-numanovicevog-vozaca\/","url":"https:\/\/sandzakpress.net\/arhiva\/tuzilastvo-podiglo-optuznicu-protiv-numanovicevog-vozaca\/","name":"Tu\u017eila\u0161tvo podiglo optu\u017enicu protiv Numanovi\u0107evog voza\u010da","isPartOf":{"@id":"https:\/\/sandzakpress.net\/arhiva\/#website"},"primaryImageOfPage":{"@id":"https:\/\/sandzakpress.net\/arhiva\/tuzilastvo-podiglo-optuznicu-protiv-numanovicevog-vozaca\/#primaryimage"},"image":{"@id":"https:\/\/sandzakpress.net\/arhiva\/tuzilastvo-podiglo-optuznicu-protiv-numanovicevog-vozaca\/#primaryimage"},"thumbnailUrl":"https:\/\/sandzakpress.net\/arhiva\/wp-content\/uploads\/2015\/07\/numan.jpg","datePublished":"2015-07-31T20:05:05+00:00","breadcrumb":{"@id":"https:\/\/sandzakpress.net\/arhiva\/tuzilastvo-podiglo-optuznicu-protiv-numanovicevog-vozaca\/#breadcrumb"},"inLanguage":"bs-BA","potentialAction":[{"@type":"ReadAction","target":["https:\/\/sandzakpress.net\/arhiva\/tuzilastvo-podiglo-optuznicu-protiv-numanovicevog-vozaca\/"]}]},{"@type":"ImageObject","inLanguage":"bs-BA","@id":"https:\/\/sandzakpress.net\/arhiva\/tuzilastvo-podiglo-optuznicu-protiv-numanovicevog-vozaca\/#primaryimage","url":"https:\/\/sandzakpress.net\/arhiva\/wp-content\/uploads\/2015\/07\/numan.jpg","contentUrl":"https:\/\/sandzakpress.net\/arhiva\/wp-content\/uploads\/2015\/07\/numan.jpg","width":600,"height":377},{"@type":"BreadcrumbList","@id":"https:\/\/sandzakpress.net\/arhiva\/tuzilastvo-podiglo-optuznicu-protiv-numanovicevog-vozaca\/#breadcrumb","itemListElement":[{"@type":"ListItem","position":1,"name":"Home","item":"https:\/\/sandzakpress.net\/arhiva\/"},{"@type":"ListItem","position":2,"name":"Tu\u017eila\u0161tvo podiglo optu\u017enicu protiv Numanovi\u0107evog voza\u010da"}]},{"@type":"WebSite","@id":"https:\/\/sandzakpress.net\/arhiva\/#website","url":"https:\/\/sandzakpress.net\/arhiva\/","name":"Sand\u017eak PRESS","description":"Prve elektronske novine u Sand\u017eaku","publisher":{"@id":"https:\/\/sandzakpress.net\/arhiva\/#\/schema\/person\/6e72b67d6e51910a1117b3b483ba20bd"},"potentialAction":[{"@type":"SearchAction","target":{"@type":"EntryPoint","urlTemplate":"https:\/\/sandzakpress.net\/arhiva\/?s={search_term_string}"},"query-input":{"@type":"PropertyValueSpecification","valueRequired":true,"valueName":"search_term_string"}}],"inLanguage":"bs-BA"},{"@type":["Person","Organization"],"@id":"https:\/\/sandzakpress.net\/arhiva\/#\/schema\/person\/6e72b67d6e51910a1117b3b483ba20bd","name":"Kul","image":{"@type":"ImageObject","inLanguage":"bs-BA","@id":"https:\/\/sandzakpress.net\/arhiva\/#\/schema\/person\/image\/","url":"https:\/\/secure.gravatar.com\/avatar\/42263f39aa27ac04c43cab85c280eb2e?s=96&d=mm&r=pg","contentUrl":"https:\/\/secure.gravatar.com\/avatar\/42263f39aa27ac04c43cab85c280eb2e?s=96&d=mm&r=pg","caption":"Kul"},"logo":{"@id":"https:\/\/sandzakpress.net\/arhiva\/#\/schema\/person\/image\/"}},{"@type":"Person","@id":"https:\/\/sandzakpress.net\/arhiva\/#\/schema\/person\/c8baee722073534b583ea7bdb2e36c02","name":"bosniak","image":{"@type":"ImageObject","inLanguage":"bs-BA","@id":"https:\/\/sandzakpress.net\/arhiva\/#\/schema\/person\/image\/","url":"https:\/\/secure.gravatar.com\/avatar\/a04fd330bfe3a36a72a0ad4a6d89fca7?s=96&d=mm&r=pg","contentUrl":"https:\/\/secure.gravatar.com\/avatar\/a04fd330bfe3a36a72a0ad4a6d89fca7?s=96&d=mm&r=pg","caption":"bosniak"},"url":"https:\/\/sandzakpress.net\/arhiva\/author\/bosniak\/"}]}},"_links":{"self":[{"href":"https:\/\/sandzakpress.net\/arhiva\/wp-json\/wp\/v2\/posts\/132066"}],"collection":[{"href":"https:\/\/sandzakpress.net\/arhiva\/wp-json\/wp\/v2\/posts"}],"about":[{"href":"https:\/\/sandzakpress.net\/arhiva\/wp-json\/wp\/v2\/types\/post"}],"author":[{"embeddable":true,"href":"https:\/\/sandzakpress.net\/arhiva\/wp-json\/wp\/v2\/users\/83"}],"replies":[{"embeddable":true,"href":"https:\/\/sandzakpress.net\/arhiva\/wp-json\/wp\/v2\/comments?post=132066"}],"version-history":[{"count":0,"href":"https:\/\/sandzakpress.net\/arhiva\/wp-json\/wp\/v2\/posts\/132066\/revisions"}],"wp:featuredmedia":[{"embeddable":true,"href":"https:\/\/sandzakpress.net\/arhiva\/wp-json\/wp\/v2\/media\/132067"}],"wp:attachment":[{"href":"https:\/\/sandzakpress.net\/arhiva\/wp-json\/wp\/v2\/media?parent=132066"}],"wp:term":[{"taxonomy":"category","embeddable":true,"href":"https:\/\/sandzakpress.net\/arhiva\/wp-json\/wp\/v2\/categories?post=132066"},{"taxonomy":"post_tag","embeddable":true,"href":"https:\/\/sandzakpress.net\/arhiva\/wp-json\/wp\/v2\/tags?post=132066"}],"curies":[{"name":"wp","href":"https:\/\/api.w.org\/{rel}","templated":true}]}}