{"id":13204,"date":"2011-02-25T18:30:29","date_gmt":"2011-02-25T17:30:29","guid":{"rendered":"https:\/\/sandzakpress.net\/arhiva\/?p=13204"},"modified":"2011-02-25T18:30:29","modified_gmt":"2011-02-25T17:30:29","slug":"identifikovana-dva-tijela-otetih-u-strpcima","status":"publish","type":"post","link":"https:\/\/sandzakpress.net\/arhiva\/identifikovana-dva-tijela-otetih-u-strpcima\/","title":{"rendered":"Identifikovana dva tijela otetih u \u0160trpcima"},"content":{"rendered":"<p><strong><a href=\"https:\/\/sandzakpress.net\/arhiva\/wp-content\/uploads\/2011\/02\/C6E32A62-7699-4879-B45A-B29A3B296993_mw270_s.jpg\"><img loading=\"lazy\" decoding=\"async\" class=\"alignleft size-full wp-image-13205\" src=\"https:\/\/sandzakpress.net\/arhiva\/wp-content\/uploads\/2011\/02\/C6E32A62-7699-4879-B45A-B29A3B296993_mw270_s.jpg\" alt=\"\" width=\"270\" height=\"190\" \/><\/a>Prijepolje &#8211; Me\u0111u skeletnim ostacima prona\u0111enim u Peru\u0107cu nalaze i ostaci dva putnika  oteta u \u0160trpcima 27. februara 1993. godine, izjavio je danas  predsjednik vladine komisije za nestale Veljko Odalovi\u0107.<\/strong><\/p>\n<p>Identifikovana su dva putnika oteta u \u0160trpcima &#8211; Rasim \u0106ori\u0107 iz  Prijepolja i Jusuf Rastoder iz Berana &#8211; rekao je Odalovi\u0107 na  konferenciji za novinare.<\/p>\n<p>Odalovi\u0107 je dodao da \u0107e komisijia nastaviti intenzivan rad na rasvjetljavanju tog zlo\u010dina.<\/p>\n<p>Iz voza na relaciji Beograd-Bar 27. februara 1993. grupa vojnika iz  Republike Srpske, koju je predvodio ha\u0161ki optu\u017eenik Milan Luki\u0107, otela  je 18 Bo\u0161njaka i jednog Hrvata.<\/p>\n<p>Poslje toga, putnici iz voza su vezani \u017eicom, uba\u010deni u kamion, odvezeni  u pravcu Vi\u0161egrada i likvidirani nedaleko od obale Drine.<\/p>\n<p><strong>BNV: Jo\u0161 nisu ka\u017enjeni po\u010dinioci zlo\u010dina u \u0160trpcima<br \/>\n<\/strong><br \/>\nBo\u0161nja\u010dka kulturna zajednica i Bo\u0161nja\u010dko nacionalno vije\u0107e (BNV) koje je  formirala ta zajednica zatra\u017eili su danas formiranje nezavisne komisije  koja bi ispitala u\u010de\u0161\u0107e politi\u010dkog, vojnog i policijskog vrha Srbije u  otmici i ubistvu 18 Bo\u0161njaka iz voza u stanici \u0160trpci, 27. februara  1993. godine.<\/p>\n<p>U saop\u0161tenju povom 18 godina od otmice i likvidacije 18 gra\u0111ana, BNV je  zatra\u017eio i da se utvrdi u\u010de\u0161\u0107e rukovodstva \u017eelezni\u010dkog-transportnog  preduze\u0107a Srbije u tom zlo\u010dinu, za koji ni poslje 18 godina nisu  ka\u017enjeni ni po\u010dinioci ni inspiratori.<\/p>\n<p>&#8220;Neshvatljivo je da Srbija ha\u0161kim optu\u017eenicima, koji su optu\u017eeni za  najte\u017ee zlo\u010dine, pla\u0107a pravne zastupnike, dok na drugoj strani nije  u\u010dinila ni\u0161ta da se porodicama \u010diji su \u010dlanovi oteti u stanici \u0160trpci  obezbjedi trajna materijalna egzistencija, ili da djeca otetih<br \/>\ndobiju zaposlenje&#8221;, isti\u010de se u saop\u0161tenju BNV.<\/p>\n<p>Zbog toga je BNV zatra\u017eio od dr\u017eave da promeni takav odnos prema tim  porodicama i da se hitno rije\u0161i pitanje njihove egzistencije.<\/p>\n<p>Od lokalne uprave Prijepolje, BNV je zatra\u017eio da plato ispred Doma  kulture nazove &#8220;Trg otetih u \u0160trpcima&#8221;, kako bi taj zlo\u010din bio opomena  koliko ljudsko zlo mo\u017ee da bude opasno.<\/p>\n<p>Zbog neotkrivanja i ka\u017enjavanja po\u010dinioca zlo\u010dina u \u0160trpcima, BNV je  istakao da je odgovoran predsjednik Srbije Boris Tadi\u0107, navode\u0107i da  nikada nije primio \u010dlanove porodica otetih, niti je preduzeo korake da  se nalogodavci i izvr\u0161ioci kazne.<\/p>\n<p>&#8220;To nas navodi na zaklju\u010dak da genocidna politika 90-ih spram Bo\u0161njaka  jo\u0161 traje i da nije do\u0161lo do su\u0161tinskog suo\u010davanja i raskida zvani\u010dnog  re\u017eima sa mra\u010dnom politikom 90-ih&#8221;, pi\u0161e u saop\u0161tenju BNV.<\/p>\n<p>Izvor: <strong>Sandzak-X.com<\/strong><\/p>\n","protected":false},"excerpt":{"rendered":"<p>Prijepolje &#8211; Me\u0111u skeletnim ostacima prona\u0111enim u Peru\u0107cu nalaze i ostaci dva putnika oteta u \u0160trpcima 27. februara 1993. godine, izjavio je danas predsjednik vladine komisije za nestale Veljko Odalovi\u0107. Identifikovana su dva putnika oteta u \u0160trpcima &#8211; Rasim \u0106ori\u0107 iz Prijepolja i Jusuf Rastoder iz Berana &#8211; rekao je Odalovi\u0107 na konferenciji za novinare. [&hellip;]<\/p>\n","protected":false},"author":13,"featured_media":13205,"comment_status":"open","ping_status":"open","sticky":false,"template":"","format":"standard","meta":{"footnotes":""},"categories":[392],"tags":[],"class_list":{"0":"post-13204","1":"post","2":"type-post","3":"status-publish","4":"format-standard","5":"has-post-thumbnail","7":"category-prijepolje_"},"yoast_head":"<!-- This site is optimized with the Yoast SEO Premium plugin v23.1 (Yoast SEO v24.9) - https:\/\/yoast.com\/wordpress\/plugins\/seo\/ -->\n<title>Identifikovana dva tijela otetih u \u0160trpcima<\/title>\n<meta name=\"robots\" content=\"index, follow, max-snippet:-1, max-image-preview:large, max-video-preview:-1\" \/>\n<link rel=\"canonical\" href=\"https:\/\/sandzakpress.net\/arhiva\/identifikovana-dva-tijela-otetih-u-strpcima\/\" \/>\n<meta property=\"og:locale\" content=\"bs_BA\" \/>\n<meta property=\"og:type\" content=\"article\" \/>\n<meta property=\"og:title\" content=\"Identifikovana dva tijela otetih u \u0160trpcima\" \/>\n<meta property=\"og:description\" content=\"Prijepolje &#8211; Me\u0111u skeletnim ostacima prona\u0111enim u Peru\u0107cu nalaze i ostaci dva putnika oteta u \u0160trpcima 27. februara 1993. godine, izjavio je danas predsjednik vladine komisije za nestale Veljko Odalovi\u0107. Identifikovana su dva putnika oteta u \u0160trpcima &#8211; Rasim \u0106ori\u0107 iz Prijepolja i Jusuf Rastoder iz Berana &#8211; rekao je Odalovi\u0107 na konferenciji za novinare. [&hellip;]\" \/>\n<meta property=\"og:url\" content=\"https:\/\/sandzakpress.net\/arhiva\/identifikovana-dva-tijela-otetih-u-strpcima\/\" \/>\n<meta property=\"og:site_name\" content=\"Sand\u017eak PRESS\" \/>\n<meta property=\"article:published_time\" content=\"2011-02-25T17:30:29+00:00\" \/>\n<meta property=\"og:image\" content=\"https:\/\/sandzakpress.net\/arhiva\/wp-content\/uploads\/2011\/02\/C6E32A62-7699-4879-B45A-B29A3B296993_mw270_s.jpg\" \/>\n\t<meta property=\"og:image:width\" content=\"270\" \/>\n\t<meta property=\"og:image:height\" content=\"190\" \/>\n\t<meta property=\"og:image:type\" content=\"image\/jpeg\" \/>\n<meta name=\"twitter:card\" content=\"summary_large_image\" \/>\n<meta name=\"twitter:label1\" content=\"Written by\" \/>\n\t<meta name=\"twitter:data1\" content=\"\" \/>\n\t<meta name=\"twitter:label2\" content=\"Est. reading time\" \/>\n\t<meta name=\"twitter:data2\" content=\"2 minute\" \/>\n<script type=\"application\/ld+json\" class=\"yoast-schema-graph\">{\"@context\":\"https:\/\/schema.org\",\"@graph\":[{\"@type\":\"Article\",\"@id\":\"https:\/\/sandzakpress.net\/arhiva\/identifikovana-dva-tijela-otetih-u-strpcima\/#article\",\"isPartOf\":{\"@id\":\"https:\/\/sandzakpress.net\/arhiva\/identifikovana-dva-tijela-otetih-u-strpcima\/\"},\"author\":{\"name\":\"\",\"@id\":\"\"},\"headline\":\"Identifikovana dva tijela otetih u \u0160trpcima\",\"datePublished\":\"2011-02-25T17:30:29+00:00\",\"mainEntityOfPage\":{\"@id\":\"https:\/\/sandzakpress.net\/arhiva\/identifikovana-dva-tijela-otetih-u-strpcima\/\"},\"wordCount\":434,\"commentCount\":1,\"publisher\":{\"@id\":\"https:\/\/sandzakpress.net\/arhiva\/#\/schema\/person\/6e72b67d6e51910a1117b3b483ba20bd\"},\"image\":{\"@id\":\"https:\/\/sandzakpress.net\/arhiva\/identifikovana-dva-tijela-otetih-u-strpcima\/#primaryimage\"},\"thumbnailUrl\":\"https:\/\/sandzakpress.net\/arhiva\/wp-content\/uploads\/2011\/02\/C6E32A62-7699-4879-B45A-B29A3B296993_mw270_s.jpg\",\"articleSection\":[\"Prijepolje\"],\"inLanguage\":\"bs-BA\",\"potentialAction\":[{\"@type\":\"CommentAction\",\"name\":\"Comment\",\"target\":[\"https:\/\/sandzakpress.net\/arhiva\/identifikovana-dva-tijela-otetih-u-strpcima\/#respond\"]}]},{\"@type\":\"WebPage\",\"@id\":\"https:\/\/sandzakpress.net\/arhiva\/identifikovana-dva-tijela-otetih-u-strpcima\/\",\"url\":\"https:\/\/sandzakpress.net\/arhiva\/identifikovana-dva-tijela-otetih-u-strpcima\/\",\"name\":\"Identifikovana dva tijela otetih u \u0160trpcima\",\"isPartOf\":{\"@id\":\"https:\/\/sandzakpress.net\/arhiva\/#website\"},\"primaryImageOfPage\":{\"@id\":\"https:\/\/sandzakpress.net\/arhiva\/identifikovana-dva-tijela-otetih-u-strpcima\/#primaryimage\"},\"image\":{\"@id\":\"https:\/\/sandzakpress.net\/arhiva\/identifikovana-dva-tijela-otetih-u-strpcima\/#primaryimage\"},\"thumbnailUrl\":\"https:\/\/sandzakpress.net\/arhiva\/wp-content\/uploads\/2011\/02\/C6E32A62-7699-4879-B45A-B29A3B296993_mw270_s.jpg\",\"datePublished\":\"2011-02-25T17:30:29+00:00\",\"breadcrumb\":{\"@id\":\"https:\/\/sandzakpress.net\/arhiva\/identifikovana-dva-tijela-otetih-u-strpcima\/#breadcrumb\"},\"inLanguage\":\"bs-BA\",\"potentialAction\":[{\"@type\":\"ReadAction\",\"target\":[\"https:\/\/sandzakpress.net\/arhiva\/identifikovana-dva-tijela-otetih-u-strpcima\/\"]}]},{\"@type\":\"ImageObject\",\"inLanguage\":\"bs-BA\",\"@id\":\"https:\/\/sandzakpress.net\/arhiva\/identifikovana-dva-tijela-otetih-u-strpcima\/#primaryimage\",\"url\":\"https:\/\/sandzakpress.net\/arhiva\/wp-content\/uploads\/2011\/02\/C6E32A62-7699-4879-B45A-B29A3B296993_mw270_s.jpg\",\"contentUrl\":\"https:\/\/sandzakpress.net\/arhiva\/wp-content\/uploads\/2011\/02\/C6E32A62-7699-4879-B45A-B29A3B296993_mw270_s.jpg\",\"width\":270,\"height\":190},{\"@type\":\"BreadcrumbList\",\"@id\":\"https:\/\/sandzakpress.net\/arhiva\/identifikovana-dva-tijela-otetih-u-strpcima\/#breadcrumb\",\"itemListElement\":[{\"@type\":\"ListItem\",\"position\":1,\"name\":\"Home\",\"item\":\"https:\/\/sandzakpress.net\/arhiva\/\"},{\"@type\":\"ListItem\",\"position\":2,\"name\":\"Identifikovana dva tijela otetih u \u0160trpcima\"}]},{\"@type\":\"WebSite\",\"@id\":\"https:\/\/sandzakpress.net\/arhiva\/#website\",\"url\":\"https:\/\/sandzakpress.net\/arhiva\/\",\"name\":\"Sand\u017eak PRESS\",\"description\":\"Prve elektronske novine u Sand\u017eaku\",\"publisher\":{\"@id\":\"https:\/\/sandzakpress.net\/arhiva\/#\/schema\/person\/6e72b67d6e51910a1117b3b483ba20bd\"},\"potentialAction\":[{\"@type\":\"SearchAction\",\"target\":{\"@type\":\"EntryPoint\",\"urlTemplate\":\"https:\/\/sandzakpress.net\/arhiva\/?s={search_term_string}\"},\"query-input\":{\"@type\":\"PropertyValueSpecification\",\"valueRequired\":true,\"valueName\":\"search_term_string\"}}],\"inLanguage\":\"bs-BA\"},{\"@type\":[\"Person\",\"Organization\"],\"@id\":\"https:\/\/sandzakpress.net\/arhiva\/#\/schema\/person\/6e72b67d6e51910a1117b3b483ba20bd\",\"name\":\"Kul\",\"image\":{\"@type\":\"ImageObject\",\"inLanguage\":\"bs-BA\",\"@id\":\"https:\/\/sandzakpress.net\/arhiva\/#\/schema\/person\/image\/\",\"url\":\"https:\/\/secure.gravatar.com\/avatar\/42263f39aa27ac04c43cab85c280eb2e?s=96&d=mm&r=pg\",\"contentUrl\":\"https:\/\/secure.gravatar.com\/avatar\/42263f39aa27ac04c43cab85c280eb2e?s=96&d=mm&r=pg\",\"caption\":\"Kul\"},\"logo\":{\"@id\":\"https:\/\/sandzakpress.net\/arhiva\/#\/schema\/person\/image\/\"}},{\"@type\":\"Person\",\"@id\":\"\",\"url\":\"https:\/\/sandzakpress.net\/arhiva\/author\/\"}]}<\/script>\n<!-- \/ Yoast SEO Premium plugin. -->","yoast_head_json":{"title":"Identifikovana dva tijela otetih u \u0160trpcima","robots":{"index":"index","follow":"follow","max-snippet":"max-snippet:-1","max-image-preview":"max-image-preview:large","max-video-preview":"max-video-preview:-1"},"canonical":"https:\/\/sandzakpress.net\/arhiva\/identifikovana-dva-tijela-otetih-u-strpcima\/","og_locale":"bs_BA","og_type":"article","og_title":"Identifikovana dva tijela otetih u \u0160trpcima","og_description":"Prijepolje &#8211; Me\u0111u skeletnim ostacima prona\u0111enim u Peru\u0107cu nalaze i ostaci dva putnika oteta u \u0160trpcima 27. februara 1993. godine, izjavio je danas predsjednik vladine komisije za nestale Veljko Odalovi\u0107. Identifikovana su dva putnika oteta u \u0160trpcima &#8211; Rasim \u0106ori\u0107 iz Prijepolja i Jusuf Rastoder iz Berana &#8211; rekao je Odalovi\u0107 na konferenciji za novinare. [&hellip;]","og_url":"https:\/\/sandzakpress.net\/arhiva\/identifikovana-dva-tijela-otetih-u-strpcima\/","og_site_name":"Sand\u017eak PRESS","article_published_time":"2011-02-25T17:30:29+00:00","og_image":[{"width":270,"height":190,"url":"https:\/\/sandzakpress.net\/arhiva\/wp-content\/uploads\/2011\/02\/C6E32A62-7699-4879-B45A-B29A3B296993_mw270_s.jpg","type":"image\/jpeg"}],"twitter_card":"summary_large_image","twitter_misc":{"Written by":"","Est. reading time":"2 minute"},"schema":{"@context":"https:\/\/schema.org","@graph":[{"@type":"Article","@id":"https:\/\/sandzakpress.net\/arhiva\/identifikovana-dva-tijela-otetih-u-strpcima\/#article","isPartOf":{"@id":"https:\/\/sandzakpress.net\/arhiva\/identifikovana-dva-tijela-otetih-u-strpcima\/"},"author":{"name":"","@id":""},"headline":"Identifikovana dva tijela otetih u \u0160trpcima","datePublished":"2011-02-25T17:30:29+00:00","mainEntityOfPage":{"@id":"https:\/\/sandzakpress.net\/arhiva\/identifikovana-dva-tijela-otetih-u-strpcima\/"},"wordCount":434,"commentCount":1,"publisher":{"@id":"https:\/\/sandzakpress.net\/arhiva\/#\/schema\/person\/6e72b67d6e51910a1117b3b483ba20bd"},"image":{"@id":"https:\/\/sandzakpress.net\/arhiva\/identifikovana-dva-tijela-otetih-u-strpcima\/#primaryimage"},"thumbnailUrl":"https:\/\/sandzakpress.net\/arhiva\/wp-content\/uploads\/2011\/02\/C6E32A62-7699-4879-B45A-B29A3B296993_mw270_s.jpg","articleSection":["Prijepolje"],"inLanguage":"bs-BA","potentialAction":[{"@type":"CommentAction","name":"Comment","target":["https:\/\/sandzakpress.net\/arhiva\/identifikovana-dva-tijela-otetih-u-strpcima\/#respond"]}]},{"@type":"WebPage","@id":"https:\/\/sandzakpress.net\/arhiva\/identifikovana-dva-tijela-otetih-u-strpcima\/","url":"https:\/\/sandzakpress.net\/arhiva\/identifikovana-dva-tijela-otetih-u-strpcima\/","name":"Identifikovana dva tijela otetih u \u0160trpcima","isPartOf":{"@id":"https:\/\/sandzakpress.net\/arhiva\/#website"},"primaryImageOfPage":{"@id":"https:\/\/sandzakpress.net\/arhiva\/identifikovana-dva-tijela-otetih-u-strpcima\/#primaryimage"},"image":{"@id":"https:\/\/sandzakpress.net\/arhiva\/identifikovana-dva-tijela-otetih-u-strpcima\/#primaryimage"},"thumbnailUrl":"https:\/\/sandzakpress.net\/arhiva\/wp-content\/uploads\/2011\/02\/C6E32A62-7699-4879-B45A-B29A3B296993_mw270_s.jpg","datePublished":"2011-02-25T17:30:29+00:00","breadcrumb":{"@id":"https:\/\/sandzakpress.net\/arhiva\/identifikovana-dva-tijela-otetih-u-strpcima\/#breadcrumb"},"inLanguage":"bs-BA","potentialAction":[{"@type":"ReadAction","target":["https:\/\/sandzakpress.net\/arhiva\/identifikovana-dva-tijela-otetih-u-strpcima\/"]}]},{"@type":"ImageObject","inLanguage":"bs-BA","@id":"https:\/\/sandzakpress.net\/arhiva\/identifikovana-dva-tijela-otetih-u-strpcima\/#primaryimage","url":"https:\/\/sandzakpress.net\/arhiva\/wp-content\/uploads\/2011\/02\/C6E32A62-7699-4879-B45A-B29A3B296993_mw270_s.jpg","contentUrl":"https:\/\/sandzakpress.net\/arhiva\/wp-content\/uploads\/2011\/02\/C6E32A62-7699-4879-B45A-B29A3B296993_mw270_s.jpg","width":270,"height":190},{"@type":"BreadcrumbList","@id":"https:\/\/sandzakpress.net\/arhiva\/identifikovana-dva-tijela-otetih-u-strpcima\/#breadcrumb","itemListElement":[{"@type":"ListItem","position":1,"name":"Home","item":"https:\/\/sandzakpress.net\/arhiva\/"},{"@type":"ListItem","position":2,"name":"Identifikovana dva tijela otetih u \u0160trpcima"}]},{"@type":"WebSite","@id":"https:\/\/sandzakpress.net\/arhiva\/#website","url":"https:\/\/sandzakpress.net\/arhiva\/","name":"Sand\u017eak PRESS","description":"Prve elektronske novine u Sand\u017eaku","publisher":{"@id":"https:\/\/sandzakpress.net\/arhiva\/#\/schema\/person\/6e72b67d6e51910a1117b3b483ba20bd"},"potentialAction":[{"@type":"SearchAction","target":{"@type":"EntryPoint","urlTemplate":"https:\/\/sandzakpress.net\/arhiva\/?s={search_term_string}"},"query-input":{"@type":"PropertyValueSpecification","valueRequired":true,"valueName":"search_term_string"}}],"inLanguage":"bs-BA"},{"@type":["Person","Organization"],"@id":"https:\/\/sandzakpress.net\/arhiva\/#\/schema\/person\/6e72b67d6e51910a1117b3b483ba20bd","name":"Kul","image":{"@type":"ImageObject","inLanguage":"bs-BA","@id":"https:\/\/sandzakpress.net\/arhiva\/#\/schema\/person\/image\/","url":"https:\/\/secure.gravatar.com\/avatar\/42263f39aa27ac04c43cab85c280eb2e?s=96&d=mm&r=pg","contentUrl":"https:\/\/secure.gravatar.com\/avatar\/42263f39aa27ac04c43cab85c280eb2e?s=96&d=mm&r=pg","caption":"Kul"},"logo":{"@id":"https:\/\/sandzakpress.net\/arhiva\/#\/schema\/person\/image\/"}},{"@type":"Person","@id":"","url":"https:\/\/sandzakpress.net\/arhiva\/author\/"}]}},"_links":{"self":[{"href":"https:\/\/sandzakpress.net\/arhiva\/wp-json\/wp\/v2\/posts\/13204"}],"collection":[{"href":"https:\/\/sandzakpress.net\/arhiva\/wp-json\/wp\/v2\/posts"}],"about":[{"href":"https:\/\/sandzakpress.net\/arhiva\/wp-json\/wp\/v2\/types\/post"}],"author":[{"embeddable":true,"href":"https:\/\/sandzakpress.net\/arhiva\/wp-json\/wp\/v2\/users\/13"}],"replies":[{"embeddable":true,"href":"https:\/\/sandzakpress.net\/arhiva\/wp-json\/wp\/v2\/comments?post=13204"}],"version-history":[{"count":0,"href":"https:\/\/sandzakpress.net\/arhiva\/wp-json\/wp\/v2\/posts\/13204\/revisions"}],"wp:featuredmedia":[{"embeddable":true,"href":"https:\/\/sandzakpress.net\/arhiva\/wp-json\/wp\/v2\/media\/13205"}],"wp:attachment":[{"href":"https:\/\/sandzakpress.net\/arhiva\/wp-json\/wp\/v2\/media?parent=13204"}],"wp:term":[{"taxonomy":"category","embeddable":true,"href":"https:\/\/sandzakpress.net\/arhiva\/wp-json\/wp\/v2\/categories?post=13204"},{"taxonomy":"post_tag","embeddable":true,"href":"https:\/\/sandzakpress.net\/arhiva\/wp-json\/wp\/v2\/tags?post=13204"}],"curies":[{"name":"wp","href":"https:\/\/api.w.org\/{rel}","templated":true}]}}