{"id":132037,"date":"2015-07-31T14:31:17","date_gmt":"2015-07-31T12:31:17","guid":{"rendered":"https:\/\/sandzakpress.net\/arhiva\/dzenaza-namaz-u-odsustvu-za-mula-muhamed-omara-klanjana-sirom-pakistana-i-afganistana-foto"},"modified":"2015-07-31T14:31:17","modified_gmt":"2015-07-31T12:31:17","slug":"dzenaza-namaz-u-odsustvu-za-mula-muhamed-omara-klanjana-sirom-pakistana-i-afganistana-foto","status":"publish","type":"post","link":"https:\/\/sandzakpress.net\/arhiva\/dzenaza-namaz-u-odsustvu-za-mula-muhamed-omara-klanjana-sirom-pakistana-i-afganistana-foto\/","title":{"rendered":"D\u017eenaza-namaz u odsustvu za Mula Muhamed Omara klanjana \u0161irom Pakistana i Afganistana (Foto)"},"content":{"rendered":"<p><img loading=\"lazy\" decoding=\"async\" class=\"alignnone wp-image-624 size-full\" src=\"http:\/\/islampress.net\/wp-content\/uploads\/2015\/07\/11.jpg\" alt=\"1\" width=\"599\" height=\"358\" \/><br \/>\n<a href=\"http:\/\/islampress.net\/wp-content\/uploads\/2015\/07\/2.jpg\"><img loading=\"lazy\" decoding=\"async\" class=\"alignnone wp-image-625 size-full\" src=\"http:\/\/islampress.net\/wp-content\/uploads\/2015\/07\/2.jpg\" alt=\"2\" width=\"600\" height=\"819\" \/><\/a><\/p>\n<p>Izvor: <a href=\"http:\/\/islampress.net\/dzenaza-namaz-u-odsustvu-za-mula-muhamed-omara-klanjana-sirom-pakistana-i-afganistana-foto\" target=\"_blank\">D\u017eenaza-namaz u odsustvu za Mula Muhamed Omara klanjana \u0161irom Pakistana i Afganistana (Foto)<\/a><\/p>\n","protected":false},"excerpt":{"rendered":"<p>Izvor: D\u017eenaza-namaz u odsustvu za Mula Muhamed Omara klanjana \u0161irom Pakistana i Afganistana (Foto)<\/p>\n","protected":false},"author":83,"featured_media":132039,"comment_status":"open","ping_status":"open","sticky":false,"template":"","format":"standard","meta":{"footnotes":""},"categories":[9],"tags":[10499],"class_list":{"0":"post-132037","1":"post","2":"type-post","3":"status-publish","4":"format-standard","5":"has-post-thumbnail","7":"category-svijet","8":"tag-a"},"yoast_head":"<!-- This site is optimized with the Yoast SEO Premium plugin v23.1 (Yoast SEO v24.9) - https:\/\/yoast.com\/wordpress\/plugins\/seo\/ -->\n<title>D\u017eenaza-namaz u odsustvu za Mula Muhamed Omara klanjana \u0161irom Pakistana i Afganistana (Foto)<\/title>\n<meta name=\"robots\" content=\"index, follow, max-snippet:-1, max-image-preview:large, max-video-preview:-1\" \/>\n<link rel=\"canonical\" href=\"https:\/\/sandzakpress.net\/arhiva\/dzenaza-namaz-u-odsustvu-za-mula-muhamed-omara-klanjana-sirom-pakistana-i-afganistana-foto\/\" \/>\n<meta property=\"og:locale\" content=\"bs_BA\" \/>\n<meta property=\"og:type\" content=\"article\" \/>\n<meta property=\"og:title\" content=\"D\u017eenaza-namaz u odsustvu za Mula Muhamed Omara klanjana \u0161irom Pakistana i Afganistana (Foto)\" \/>\n<meta property=\"og:description\" content=\"Izvor: D\u017eenaza-namaz u odsustvu za Mula Muhamed Omara klanjana \u0161irom Pakistana i Afganistana (Foto)\" \/>\n<meta property=\"og:url\" content=\"https:\/\/sandzakpress.net\/arhiva\/dzenaza-namaz-u-odsustvu-za-mula-muhamed-omara-klanjana-sirom-pakistana-i-afganistana-foto\/\" \/>\n<meta property=\"og:site_name\" content=\"Sand\u017eak PRESS\" \/>\n<meta property=\"article:published_time\" content=\"2015-07-31T12:31:17+00:00\" \/>\n<meta property=\"og:image\" content=\"https:\/\/sandzakpress.net\/arhiva\/wp-content\/uploads\/2015\/07\/119.jpg\" \/>\n\t<meta property=\"og:image:width\" content=\"599\" \/>\n\t<meta property=\"og:image:height\" content=\"358\" \/>\n\t<meta property=\"og:image:type\" content=\"image\/jpeg\" \/>\n<meta name=\"author\" content=\"bosniak\" \/>\n<meta name=\"twitter:card\" content=\"summary_large_image\" \/>\n<meta name=\"twitter:label1\" content=\"Written by\" \/>\n\t<meta name=\"twitter:data1\" content=\"bosniak\" \/>\n<script type=\"application\/ld+json\" class=\"yoast-schema-graph\">{\"@context\":\"https:\/\/schema.org\",\"@graph\":[{\"@type\":\"Article\",\"@id\":\"https:\/\/sandzakpress.net\/arhiva\/dzenaza-namaz-u-odsustvu-za-mula-muhamed-omara-klanjana-sirom-pakistana-i-afganistana-foto\/#article\",\"isPartOf\":{\"@id\":\"https:\/\/sandzakpress.net\/arhiva\/dzenaza-namaz-u-odsustvu-za-mula-muhamed-omara-klanjana-sirom-pakistana-i-afganistana-foto\/\"},\"author\":{\"name\":\"bosniak\",\"@id\":\"https:\/\/sandzakpress.net\/arhiva\/#\/schema\/person\/c8baee722073534b583ea7bdb2e36c02\"},\"headline\":\"D\u017eenaza-namaz u odsustvu za Mula Muhamed Omara klanjana \u0161irom Pakistana i Afganistana (Foto)\",\"datePublished\":\"2015-07-31T12:31:17+00:00\",\"mainEntityOfPage\":{\"@id\":\"https:\/\/sandzakpress.net\/arhiva\/dzenaza-namaz-u-odsustvu-za-mula-muhamed-omara-klanjana-sirom-pakistana-i-afganistana-foto\/\"},\"wordCount\":29,\"commentCount\":0,\"publisher\":{\"@id\":\"https:\/\/sandzakpress.net\/arhiva\/#\/schema\/person\/6e72b67d6e51910a1117b3b483ba20bd\"},\"image\":{\"@id\":\"https:\/\/sandzakpress.net\/arhiva\/dzenaza-namaz-u-odsustvu-za-mula-muhamed-omara-klanjana-sirom-pakistana-i-afganistana-foto\/#primaryimage\"},\"thumbnailUrl\":\"https:\/\/sandzakpress.net\/arhiva\/wp-content\/uploads\/2015\/07\/119.jpg\",\"keywords\":[\"A\"],\"articleSection\":[\"Svijet\"],\"inLanguage\":\"bs-BA\",\"potentialAction\":[{\"@type\":\"CommentAction\",\"name\":\"Comment\",\"target\":[\"https:\/\/sandzakpress.net\/arhiva\/dzenaza-namaz-u-odsustvu-za-mula-muhamed-omara-klanjana-sirom-pakistana-i-afganistana-foto\/#respond\"]}]},{\"@type\":\"WebPage\",\"@id\":\"https:\/\/sandzakpress.net\/arhiva\/dzenaza-namaz-u-odsustvu-za-mula-muhamed-omara-klanjana-sirom-pakistana-i-afganistana-foto\/\",\"url\":\"https:\/\/sandzakpress.net\/arhiva\/dzenaza-namaz-u-odsustvu-za-mula-muhamed-omara-klanjana-sirom-pakistana-i-afganistana-foto\/\",\"name\":\"D\u017eenaza-namaz u odsustvu za Mula Muhamed Omara klanjana \u0161irom Pakistana i Afganistana (Foto)\",\"isPartOf\":{\"@id\":\"https:\/\/sandzakpress.net\/arhiva\/#website\"},\"primaryImageOfPage\":{\"@id\":\"https:\/\/sandzakpress.net\/arhiva\/dzenaza-namaz-u-odsustvu-za-mula-muhamed-omara-klanjana-sirom-pakistana-i-afganistana-foto\/#primaryimage\"},\"image\":{\"@id\":\"https:\/\/sandzakpress.net\/arhiva\/dzenaza-namaz-u-odsustvu-za-mula-muhamed-omara-klanjana-sirom-pakistana-i-afganistana-foto\/#primaryimage\"},\"thumbnailUrl\":\"https:\/\/sandzakpress.net\/arhiva\/wp-content\/uploads\/2015\/07\/119.jpg\",\"datePublished\":\"2015-07-31T12:31:17+00:00\",\"breadcrumb\":{\"@id\":\"https:\/\/sandzakpress.net\/arhiva\/dzenaza-namaz-u-odsustvu-za-mula-muhamed-omara-klanjana-sirom-pakistana-i-afganistana-foto\/#breadcrumb\"},\"inLanguage\":\"bs-BA\",\"potentialAction\":[{\"@type\":\"ReadAction\",\"target\":[\"https:\/\/sandzakpress.net\/arhiva\/dzenaza-namaz-u-odsustvu-za-mula-muhamed-omara-klanjana-sirom-pakistana-i-afganistana-foto\/\"]}]},{\"@type\":\"ImageObject\",\"inLanguage\":\"bs-BA\",\"@id\":\"https:\/\/sandzakpress.net\/arhiva\/dzenaza-namaz-u-odsustvu-za-mula-muhamed-omara-klanjana-sirom-pakistana-i-afganistana-foto\/#primaryimage\",\"url\":\"https:\/\/sandzakpress.net\/arhiva\/wp-content\/uploads\/2015\/07\/119.jpg\",\"contentUrl\":\"https:\/\/sandzakpress.net\/arhiva\/wp-content\/uploads\/2015\/07\/119.jpg\",\"width\":599,\"height\":358},{\"@type\":\"BreadcrumbList\",\"@id\":\"https:\/\/sandzakpress.net\/arhiva\/dzenaza-namaz-u-odsustvu-za-mula-muhamed-omara-klanjana-sirom-pakistana-i-afganistana-foto\/#breadcrumb\",\"itemListElement\":[{\"@type\":\"ListItem\",\"position\":1,\"name\":\"Home\",\"item\":\"https:\/\/sandzakpress.net\/arhiva\/\"},{\"@type\":\"ListItem\",\"position\":2,\"name\":\"D\u017eenaza-namaz u odsustvu za Mula Muhamed Omara klanjana \u0161irom Pakistana i Afganistana (Foto)\"}]},{\"@type\":\"WebSite\",\"@id\":\"https:\/\/sandzakpress.net\/arhiva\/#website\",\"url\":\"https:\/\/sandzakpress.net\/arhiva\/\",\"name\":\"Sand\u017eak PRESS\",\"description\":\"Prve elektronske novine u Sand\u017eaku\",\"publisher\":{\"@id\":\"https:\/\/sandzakpress.net\/arhiva\/#\/schema\/person\/6e72b67d6e51910a1117b3b483ba20bd\"},\"potentialAction\":[{\"@type\":\"SearchAction\",\"target\":{\"@type\":\"EntryPoint\",\"urlTemplate\":\"https:\/\/sandzakpress.net\/arhiva\/?s={search_term_string}\"},\"query-input\":{\"@type\":\"PropertyValueSpecification\",\"valueRequired\":true,\"valueName\":\"search_term_string\"}}],\"inLanguage\":\"bs-BA\"},{\"@type\":[\"Person\",\"Organization\"],\"@id\":\"https:\/\/sandzakpress.net\/arhiva\/#\/schema\/person\/6e72b67d6e51910a1117b3b483ba20bd\",\"name\":\"Kul\",\"image\":{\"@type\":\"ImageObject\",\"inLanguage\":\"bs-BA\",\"@id\":\"https:\/\/sandzakpress.net\/arhiva\/#\/schema\/person\/image\/\",\"url\":\"https:\/\/secure.gravatar.com\/avatar\/42263f39aa27ac04c43cab85c280eb2e?s=96&d=mm&r=pg\",\"contentUrl\":\"https:\/\/secure.gravatar.com\/avatar\/42263f39aa27ac04c43cab85c280eb2e?s=96&d=mm&r=pg\",\"caption\":\"Kul\"},\"logo\":{\"@id\":\"https:\/\/sandzakpress.net\/arhiva\/#\/schema\/person\/image\/\"}},{\"@type\":\"Person\",\"@id\":\"https:\/\/sandzakpress.net\/arhiva\/#\/schema\/person\/c8baee722073534b583ea7bdb2e36c02\",\"name\":\"bosniak\",\"image\":{\"@type\":\"ImageObject\",\"inLanguage\":\"bs-BA\",\"@id\":\"https:\/\/sandzakpress.net\/arhiva\/#\/schema\/person\/image\/\",\"url\":\"https:\/\/secure.gravatar.com\/avatar\/a04fd330bfe3a36a72a0ad4a6d89fca7?s=96&d=mm&r=pg\",\"contentUrl\":\"https:\/\/secure.gravatar.com\/avatar\/a04fd330bfe3a36a72a0ad4a6d89fca7?s=96&d=mm&r=pg\",\"caption\":\"bosniak\"},\"url\":\"https:\/\/sandzakpress.net\/arhiva\/author\/bosniak\/\"}]}<\/script>\n<!-- \/ Yoast SEO Premium plugin. -->","yoast_head_json":{"title":"D\u017eenaza-namaz u odsustvu za Mula Muhamed Omara klanjana \u0161irom Pakistana i Afganistana (Foto)","robots":{"index":"index","follow":"follow","max-snippet":"max-snippet:-1","max-image-preview":"max-image-preview:large","max-video-preview":"max-video-preview:-1"},"canonical":"https:\/\/sandzakpress.net\/arhiva\/dzenaza-namaz-u-odsustvu-za-mula-muhamed-omara-klanjana-sirom-pakistana-i-afganistana-foto\/","og_locale":"bs_BA","og_type":"article","og_title":"D\u017eenaza-namaz u odsustvu za Mula Muhamed Omara klanjana \u0161irom Pakistana i Afganistana (Foto)","og_description":"Izvor: D\u017eenaza-namaz u odsustvu za Mula Muhamed Omara klanjana \u0161irom Pakistana i Afganistana (Foto)","og_url":"https:\/\/sandzakpress.net\/arhiva\/dzenaza-namaz-u-odsustvu-za-mula-muhamed-omara-klanjana-sirom-pakistana-i-afganistana-foto\/","og_site_name":"Sand\u017eak PRESS","article_published_time":"2015-07-31T12:31:17+00:00","og_image":[{"width":599,"height":358,"url":"https:\/\/sandzakpress.net\/arhiva\/wp-content\/uploads\/2015\/07\/119.jpg","type":"image\/jpeg"}],"author":"bosniak","twitter_card":"summary_large_image","twitter_misc":{"Written by":"bosniak"},"schema":{"@context":"https:\/\/schema.org","@graph":[{"@type":"Article","@id":"https:\/\/sandzakpress.net\/arhiva\/dzenaza-namaz-u-odsustvu-za-mula-muhamed-omara-klanjana-sirom-pakistana-i-afganistana-foto\/#article","isPartOf":{"@id":"https:\/\/sandzakpress.net\/arhiva\/dzenaza-namaz-u-odsustvu-za-mula-muhamed-omara-klanjana-sirom-pakistana-i-afganistana-foto\/"},"author":{"name":"bosniak","@id":"https:\/\/sandzakpress.net\/arhiva\/#\/schema\/person\/c8baee722073534b583ea7bdb2e36c02"},"headline":"D\u017eenaza-namaz u odsustvu za Mula Muhamed Omara klanjana \u0161irom Pakistana i Afganistana (Foto)","datePublished":"2015-07-31T12:31:17+00:00","mainEntityOfPage":{"@id":"https:\/\/sandzakpress.net\/arhiva\/dzenaza-namaz-u-odsustvu-za-mula-muhamed-omara-klanjana-sirom-pakistana-i-afganistana-foto\/"},"wordCount":29,"commentCount":0,"publisher":{"@id":"https:\/\/sandzakpress.net\/arhiva\/#\/schema\/person\/6e72b67d6e51910a1117b3b483ba20bd"},"image":{"@id":"https:\/\/sandzakpress.net\/arhiva\/dzenaza-namaz-u-odsustvu-za-mula-muhamed-omara-klanjana-sirom-pakistana-i-afganistana-foto\/#primaryimage"},"thumbnailUrl":"https:\/\/sandzakpress.net\/arhiva\/wp-content\/uploads\/2015\/07\/119.jpg","keywords":["A"],"articleSection":["Svijet"],"inLanguage":"bs-BA","potentialAction":[{"@type":"CommentAction","name":"Comment","target":["https:\/\/sandzakpress.net\/arhiva\/dzenaza-namaz-u-odsustvu-za-mula-muhamed-omara-klanjana-sirom-pakistana-i-afganistana-foto\/#respond"]}]},{"@type":"WebPage","@id":"https:\/\/sandzakpress.net\/arhiva\/dzenaza-namaz-u-odsustvu-za-mula-muhamed-omara-klanjana-sirom-pakistana-i-afganistana-foto\/","url":"https:\/\/sandzakpress.net\/arhiva\/dzenaza-namaz-u-odsustvu-za-mula-muhamed-omara-klanjana-sirom-pakistana-i-afganistana-foto\/","name":"D\u017eenaza-namaz u odsustvu za Mula Muhamed Omara klanjana \u0161irom Pakistana i Afganistana (Foto)","isPartOf":{"@id":"https:\/\/sandzakpress.net\/arhiva\/#website"},"primaryImageOfPage":{"@id":"https:\/\/sandzakpress.net\/arhiva\/dzenaza-namaz-u-odsustvu-za-mula-muhamed-omara-klanjana-sirom-pakistana-i-afganistana-foto\/#primaryimage"},"image":{"@id":"https:\/\/sandzakpress.net\/arhiva\/dzenaza-namaz-u-odsustvu-za-mula-muhamed-omara-klanjana-sirom-pakistana-i-afganistana-foto\/#primaryimage"},"thumbnailUrl":"https:\/\/sandzakpress.net\/arhiva\/wp-content\/uploads\/2015\/07\/119.jpg","datePublished":"2015-07-31T12:31:17+00:00","breadcrumb":{"@id":"https:\/\/sandzakpress.net\/arhiva\/dzenaza-namaz-u-odsustvu-za-mula-muhamed-omara-klanjana-sirom-pakistana-i-afganistana-foto\/#breadcrumb"},"inLanguage":"bs-BA","potentialAction":[{"@type":"ReadAction","target":["https:\/\/sandzakpress.net\/arhiva\/dzenaza-namaz-u-odsustvu-za-mula-muhamed-omara-klanjana-sirom-pakistana-i-afganistana-foto\/"]}]},{"@type":"ImageObject","inLanguage":"bs-BA","@id":"https:\/\/sandzakpress.net\/arhiva\/dzenaza-namaz-u-odsustvu-za-mula-muhamed-omara-klanjana-sirom-pakistana-i-afganistana-foto\/#primaryimage","url":"https:\/\/sandzakpress.net\/arhiva\/wp-content\/uploads\/2015\/07\/119.jpg","contentUrl":"https:\/\/sandzakpress.net\/arhiva\/wp-content\/uploads\/2015\/07\/119.jpg","width":599,"height":358},{"@type":"BreadcrumbList","@id":"https:\/\/sandzakpress.net\/arhiva\/dzenaza-namaz-u-odsustvu-za-mula-muhamed-omara-klanjana-sirom-pakistana-i-afganistana-foto\/#breadcrumb","itemListElement":[{"@type":"ListItem","position":1,"name":"Home","item":"https:\/\/sandzakpress.net\/arhiva\/"},{"@type":"ListItem","position":2,"name":"D\u017eenaza-namaz u odsustvu za Mula Muhamed Omara klanjana \u0161irom Pakistana i Afganistana (Foto)"}]},{"@type":"WebSite","@id":"https:\/\/sandzakpress.net\/arhiva\/#website","url":"https:\/\/sandzakpress.net\/arhiva\/","name":"Sand\u017eak PRESS","description":"Prve elektronske novine u Sand\u017eaku","publisher":{"@id":"https:\/\/sandzakpress.net\/arhiva\/#\/schema\/person\/6e72b67d6e51910a1117b3b483ba20bd"},"potentialAction":[{"@type":"SearchAction","target":{"@type":"EntryPoint","urlTemplate":"https:\/\/sandzakpress.net\/arhiva\/?s={search_term_string}"},"query-input":{"@type":"PropertyValueSpecification","valueRequired":true,"valueName":"search_term_string"}}],"inLanguage":"bs-BA"},{"@type":["Person","Organization"],"@id":"https:\/\/sandzakpress.net\/arhiva\/#\/schema\/person\/6e72b67d6e51910a1117b3b483ba20bd","name":"Kul","image":{"@type":"ImageObject","inLanguage":"bs-BA","@id":"https:\/\/sandzakpress.net\/arhiva\/#\/schema\/person\/image\/","url":"https:\/\/secure.gravatar.com\/avatar\/42263f39aa27ac04c43cab85c280eb2e?s=96&d=mm&r=pg","contentUrl":"https:\/\/secure.gravatar.com\/avatar\/42263f39aa27ac04c43cab85c280eb2e?s=96&d=mm&r=pg","caption":"Kul"},"logo":{"@id":"https:\/\/sandzakpress.net\/arhiva\/#\/schema\/person\/image\/"}},{"@type":"Person","@id":"https:\/\/sandzakpress.net\/arhiva\/#\/schema\/person\/c8baee722073534b583ea7bdb2e36c02","name":"bosniak","image":{"@type":"ImageObject","inLanguage":"bs-BA","@id":"https:\/\/sandzakpress.net\/arhiva\/#\/schema\/person\/image\/","url":"https:\/\/secure.gravatar.com\/avatar\/a04fd330bfe3a36a72a0ad4a6d89fca7?s=96&d=mm&r=pg","contentUrl":"https:\/\/secure.gravatar.com\/avatar\/a04fd330bfe3a36a72a0ad4a6d89fca7?s=96&d=mm&r=pg","caption":"bosniak"},"url":"https:\/\/sandzakpress.net\/arhiva\/author\/bosniak\/"}]}},"_links":{"self":[{"href":"https:\/\/sandzakpress.net\/arhiva\/wp-json\/wp\/v2\/posts\/132037"}],"collection":[{"href":"https:\/\/sandzakpress.net\/arhiva\/wp-json\/wp\/v2\/posts"}],"about":[{"href":"https:\/\/sandzakpress.net\/arhiva\/wp-json\/wp\/v2\/types\/post"}],"author":[{"embeddable":true,"href":"https:\/\/sandzakpress.net\/arhiva\/wp-json\/wp\/v2\/users\/83"}],"replies":[{"embeddable":true,"href":"https:\/\/sandzakpress.net\/arhiva\/wp-json\/wp\/v2\/comments?post=132037"}],"version-history":[{"count":0,"href":"https:\/\/sandzakpress.net\/arhiva\/wp-json\/wp\/v2\/posts\/132037\/revisions"}],"wp:featuredmedia":[{"embeddable":true,"href":"https:\/\/sandzakpress.net\/arhiva\/wp-json\/wp\/v2\/media\/132039"}],"wp:attachment":[{"href":"https:\/\/sandzakpress.net\/arhiva\/wp-json\/wp\/v2\/media?parent=132037"}],"wp:term":[{"taxonomy":"category","embeddable":true,"href":"https:\/\/sandzakpress.net\/arhiva\/wp-json\/wp\/v2\/categories?post=132037"},{"taxonomy":"post_tag","embeddable":true,"href":"https:\/\/sandzakpress.net\/arhiva\/wp-json\/wp\/v2\/tags?post=132037"}],"curies":[{"name":"wp","href":"https:\/\/api.w.org\/{rel}","templated":true}]}}