{"id":13191,"date":"2011-02-25T18:09:33","date_gmt":"2011-02-25T17:09:33","guid":{"rendered":"https:\/\/sandzakpress.net\/arhiva\/?p=13191"},"modified":"2011-02-25T18:09:33","modified_gmt":"2011-02-25T17:09:33","slug":"crnogorska-sudska-farsa-protiv-ibrahim-cikica-se-nastavlja","status":"publish","type":"post","link":"https:\/\/sandzakpress.net\/arhiva\/crnogorska-sudska-farsa-protiv-ibrahim-cikica-se-nastavlja\/","title":{"rendered":"Crnogorska sudska farsa protiv Ibrahim \u010ciki\u0107a se nastavlja"},"content":{"rendered":"<p><strong><a href=\"https:\/\/sandzakpress.net\/arhiva\/wp-content\/uploads\/2011\/02\/Ibrahim_Cikic_9922.jpg\"><img loading=\"lazy\" decoding=\"async\" class=\"alignleft size-full wp-image-13200\" src=\"https:\/\/sandzakpress.net\/arhiva\/wp-content\/uploads\/2011\/02\/Ibrahim_Cikic_9922.jpg\" alt=\"\" width=\"246\" height=\"291\" \/><\/a>Bijelo Polje &#8211; Parni\u010dni postupak za &#8220;du\u0161evne boli&#8221; koji su pokrenuli 11-torica biv\u0161ih i  sada\u0161njih radnika bjelopoljskog istra\u017enog zatvora protiv najpoznatijeg  politi\u010dkog zatvorenika iz ju\u017enog dijela Sand\u017eaka Ibrahima \u010ciki\u0107a, \u017ertve  fa\u0161isti\u010dkog i genocidnog projekta stvaranja Velike Srbije, obustavljen  do okon\u010danja krivi\u010dnog postupka koji se istovremeno vodi protiv \u010ciki\u0107a. <\/strong><\/p>\n<p>Dana 24. februara 2011. godine sudija parni\u010dar Sanja Konatar donijela je  re\u0161enje o obustavljanju parni\u010dnog postupka protiv \u010ciki\u0107a do okon\u010danja  krivi\u010dnog postupka koji se vodi u Osnovnom Sudu u Bijelom Polju pred  vije\u0107em sudija kojim presjedava Rahmo Banda. Naime, 11-torica biv\u0161ih i  sada\u0161njih radnika bjelopoljskog kazamata pokrenuli su tu\u017ebe protiv  \u010ciki\u0107a za naknadu &#8220;du\u0161evnih boli&#8221; i tra\u017ee 120,000 eura kako bi umanjili  du\u0161evne boli zbog \u010ciki\u0107eve knjige &#8220;<em>Gdje sunce ne grije<\/em>&#8220;, za koju  tvrde da ih je oklevetao. D\u017eelati tu\u017ee \u017ertvu iz razloga \u0161to i on nije  zaboravio njihov zlo\u010din i \u0161to se odva\u017eio da iznese samo djeli\u0107 istine o  torturi kroz koju je pro\u0161ao tokom 1994.godine prilikom boravka u  kazamatima Fo\u010de i Bijelog Polja, navode\u0107i kao klju\u010dni argument protiv  \u010ciki\u0107a to \u0161to niko od ostalih uhap\u0161enika (njih 21 rukovodstva SDA za CG)  nije nikada napisao ni rije\u010di o pomenutom zlo\u010dinu.<\/p>\n<p>Na dana\u0161njem ro\u010di\u0161tu punomo\u0107enik tu\u017eitelja advokat \u0160ukovi\u0107 obavijestio  je sudiju Konatar da je u me\u0111uvremenu jedan od \u010ciki\u0107evih tu\u017eitelja umro,  dok je drugi odustao od tu\u017ebe tako da se sada broj tu\u017eitelja smanjio na  devet.<\/p>\n<p>Dok je sudija Sanja Konatar danas profesionalno i po\u0161teno odradila svoj  dio posla, njen kolega sudija Rahmo Banda nije dozvolio Advokatskoj  kancelariji \u201ePrelevi\u0107\u201d iz Podgorice, koji su \u010ciki\u0107evi pravni zastupnici,  uvid u sudske spise i ako su posjedovali uredno \u010ciki\u0107evo punomo\u0107je \u010dime  je pokazao jasnu namjeru da je klasi\u010dni re\u017eimski sudija koji je dobio  nalog kako se hvali po okolnim bjelopoljskim kafanamu kada je u pijanom  stanju da \u0107e odradi \u010ciki\u0107a. Da bi dokazao svoju lojalnost i  antibo\u0161nja\u010dko raspolo\u017eenje i stekao odre\u0111ene privilegije i radi  napredovanja u pravosu\u0111u Rahmo Banda je mimo zakona i suprotno svim  sudskim zakonima protivzakonito zapo\u010deo sudski spor protiv \u010ciki\u0107a tako  \u0161to je na svoju ruku odlu\u010dio da mu se sudi u odsustvu postavljaju\u0107i mu  advokata po sopstvenoj mjeri i ukusu. Iznena\u0111eni ovakvom odlukom sudije  Rahma Bande advokat Ivan Ota\u0161evi\u0107, \u010ciki\u0107ev pravni zastupnik specijalnom  novinaru Bosnjaci.net koji je pratio dana\u0161nji proces nije imao \u0161ta  izjaviti samo je pokazao \u010du\u0111enje i slegnuo ramenima.<\/p>\n<p>Produ\u017eeni zlo\u010din nad Ibrahimom \u010ciki\u0107em specijalni izvje\u0161ta\u010d Bosnjaci.net  \u0107e i dalje redovno pratiti i izvje\u0161tavati o farsi nad Ibrahimom \u010ciki\u0107em<\/p>\n<p>Izvor: <strong>Bosnjaci.net<\/strong><\/p>\n","protected":false},"excerpt":{"rendered":"<p>Bijelo Polje &#8211; Parni\u010dni postupak za &#8220;du\u0161evne boli&#8221; koji su pokrenuli 11-torica biv\u0161ih i sada\u0161njih radnika bjelopoljskog istra\u017enog zatvora protiv najpoznatijeg politi\u010dkog zatvorenika iz ju\u017enog dijela Sand\u017eaka Ibrahima \u010ciki\u0107a, \u017ertve fa\u0161isti\u010dkog i genocidnog projekta stvaranja Velike Srbije, obustavljen do okon\u010danja krivi\u010dnog postupka koji se istovremeno vodi protiv \u010ciki\u0107a. Dana 24. februara 2011. godine sudija parni\u010dar [&hellip;]<\/p>\n","protected":false},"author":13,"featured_media":13200,"comment_status":"open","ping_status":"open","sticky":false,"template":"","format":"standard","meta":{"footnotes":""},"categories":[396,801],"tags":[],"class_list":{"0":"post-13191","1":"post","2":"type-post","3":"status-publish","4":"format-standard","5":"has-post-thumbnail","7":"category-bijelo_polje","8":"category-crna_hronika"},"yoast_head":"<!-- This site is optimized with the Yoast SEO Premium plugin v23.1 (Yoast SEO v24.9) - https:\/\/yoast.com\/wordpress\/plugins\/seo\/ -->\n<title>Crnogorska sudska farsa protiv Ibrahim \u010ciki\u0107a se nastavlja<\/title>\n<meta name=\"robots\" content=\"index, follow, max-snippet:-1, max-image-preview:large, max-video-preview:-1\" \/>\n<link rel=\"canonical\" href=\"https:\/\/sandzakpress.net\/arhiva\/crnogorska-sudska-farsa-protiv-ibrahim-cikica-se-nastavlja\/\" \/>\n<meta property=\"og:locale\" content=\"bs_BA\" \/>\n<meta property=\"og:type\" content=\"article\" \/>\n<meta property=\"og:title\" content=\"Crnogorska sudska farsa protiv Ibrahim \u010ciki\u0107a se nastavlja\" \/>\n<meta property=\"og:description\" content=\"Bijelo Polje &#8211; Parni\u010dni postupak za &#8220;du\u0161evne boli&#8221; koji su pokrenuli 11-torica biv\u0161ih i sada\u0161njih radnika bjelopoljskog istra\u017enog zatvora protiv najpoznatijeg politi\u010dkog zatvorenika iz ju\u017enog dijela Sand\u017eaka Ibrahima \u010ciki\u0107a, \u017ertve fa\u0161isti\u010dkog i genocidnog projekta stvaranja Velike Srbije, obustavljen do okon\u010danja krivi\u010dnog postupka koji se istovremeno vodi protiv \u010ciki\u0107a. Dana 24. februara 2011. godine sudija parni\u010dar [&hellip;]\" \/>\n<meta property=\"og:url\" content=\"https:\/\/sandzakpress.net\/arhiva\/crnogorska-sudska-farsa-protiv-ibrahim-cikica-se-nastavlja\/\" \/>\n<meta property=\"og:site_name\" content=\"Sand\u017eak PRESS\" \/>\n<meta property=\"article:published_time\" content=\"2011-02-25T17:09:33+00:00\" \/>\n<meta property=\"og:image\" content=\"https:\/\/sandzakpress.net\/arhiva\/wp-content\/uploads\/2011\/02\/Ibrahim_Cikic_9922.jpg\" \/>\n\t<meta property=\"og:image:width\" content=\"246\" \/>\n\t<meta property=\"og:image:height\" content=\"291\" \/>\n\t<meta property=\"og:image:type\" content=\"image\/jpeg\" \/>\n<meta name=\"twitter:card\" content=\"summary_large_image\" \/>\n<meta name=\"twitter:label1\" content=\"Written by\" \/>\n\t<meta name=\"twitter:data1\" content=\"\" \/>\n\t<meta name=\"twitter:label2\" content=\"Est. reading time\" \/>\n\t<meta name=\"twitter:data2\" content=\"2 minute\" \/>\n<script type=\"application\/ld+json\" class=\"yoast-schema-graph\">{\"@context\":\"https:\/\/schema.org\",\"@graph\":[{\"@type\":\"Article\",\"@id\":\"https:\/\/sandzakpress.net\/arhiva\/crnogorska-sudska-farsa-protiv-ibrahim-cikica-se-nastavlja\/#article\",\"isPartOf\":{\"@id\":\"https:\/\/sandzakpress.net\/arhiva\/crnogorska-sudska-farsa-protiv-ibrahim-cikica-se-nastavlja\/\"},\"author\":{\"name\":\"\",\"@id\":\"\"},\"headline\":\"Crnogorska sudska farsa protiv Ibrahim \u010ciki\u0107a se nastavlja\",\"datePublished\":\"2011-02-25T17:09:33+00:00\",\"mainEntityOfPage\":{\"@id\":\"https:\/\/sandzakpress.net\/arhiva\/crnogorska-sudska-farsa-protiv-ibrahim-cikica-se-nastavlja\/\"},\"wordCount\":488,\"commentCount\":0,\"publisher\":{\"@id\":\"https:\/\/sandzakpress.net\/arhiva\/#\/schema\/person\/6e72b67d6e51910a1117b3b483ba20bd\"},\"image\":{\"@id\":\"https:\/\/sandzakpress.net\/arhiva\/crnogorska-sudska-farsa-protiv-ibrahim-cikica-se-nastavlja\/#primaryimage\"},\"thumbnailUrl\":\"https:\/\/sandzakpress.net\/arhiva\/wp-content\/uploads\/2011\/02\/Ibrahim_Cikic_9922.jpg\",\"articleSection\":[\"Bijelo Polje\",\"Hronika\"],\"inLanguage\":\"bs-BA\",\"potentialAction\":[{\"@type\":\"CommentAction\",\"name\":\"Comment\",\"target\":[\"https:\/\/sandzakpress.net\/arhiva\/crnogorska-sudska-farsa-protiv-ibrahim-cikica-se-nastavlja\/#respond\"]}]},{\"@type\":\"WebPage\",\"@id\":\"https:\/\/sandzakpress.net\/arhiva\/crnogorska-sudska-farsa-protiv-ibrahim-cikica-se-nastavlja\/\",\"url\":\"https:\/\/sandzakpress.net\/arhiva\/crnogorska-sudska-farsa-protiv-ibrahim-cikica-se-nastavlja\/\",\"name\":\"Crnogorska sudska farsa protiv Ibrahim \u010ciki\u0107a se nastavlja\",\"isPartOf\":{\"@id\":\"https:\/\/sandzakpress.net\/arhiva\/#website\"},\"primaryImageOfPage\":{\"@id\":\"https:\/\/sandzakpress.net\/arhiva\/crnogorska-sudska-farsa-protiv-ibrahim-cikica-se-nastavlja\/#primaryimage\"},\"image\":{\"@id\":\"https:\/\/sandzakpress.net\/arhiva\/crnogorska-sudska-farsa-protiv-ibrahim-cikica-se-nastavlja\/#primaryimage\"},\"thumbnailUrl\":\"https:\/\/sandzakpress.net\/arhiva\/wp-content\/uploads\/2011\/02\/Ibrahim_Cikic_9922.jpg\",\"datePublished\":\"2011-02-25T17:09:33+00:00\",\"breadcrumb\":{\"@id\":\"https:\/\/sandzakpress.net\/arhiva\/crnogorska-sudska-farsa-protiv-ibrahim-cikica-se-nastavlja\/#breadcrumb\"},\"inLanguage\":\"bs-BA\",\"potentialAction\":[{\"@type\":\"ReadAction\",\"target\":[\"https:\/\/sandzakpress.net\/arhiva\/crnogorska-sudska-farsa-protiv-ibrahim-cikica-se-nastavlja\/\"]}]},{\"@type\":\"ImageObject\",\"inLanguage\":\"bs-BA\",\"@id\":\"https:\/\/sandzakpress.net\/arhiva\/crnogorska-sudska-farsa-protiv-ibrahim-cikica-se-nastavlja\/#primaryimage\",\"url\":\"https:\/\/sandzakpress.net\/arhiva\/wp-content\/uploads\/2011\/02\/Ibrahim_Cikic_9922.jpg\",\"contentUrl\":\"https:\/\/sandzakpress.net\/arhiva\/wp-content\/uploads\/2011\/02\/Ibrahim_Cikic_9922.jpg\",\"width\":246,\"height\":291},{\"@type\":\"BreadcrumbList\",\"@id\":\"https:\/\/sandzakpress.net\/arhiva\/crnogorska-sudska-farsa-protiv-ibrahim-cikica-se-nastavlja\/#breadcrumb\",\"itemListElement\":[{\"@type\":\"ListItem\",\"position\":1,\"name\":\"Home\",\"item\":\"https:\/\/sandzakpress.net\/arhiva\/\"},{\"@type\":\"ListItem\",\"position\":2,\"name\":\"Crnogorska sudska farsa protiv Ibrahim \u010ciki\u0107a se nastavlja\"}]},{\"@type\":\"WebSite\",\"@id\":\"https:\/\/sandzakpress.net\/arhiva\/#website\",\"url\":\"https:\/\/sandzakpress.net\/arhiva\/\",\"name\":\"Sand\u017eak PRESS\",\"description\":\"Prve elektronske novine u Sand\u017eaku\",\"publisher\":{\"@id\":\"https:\/\/sandzakpress.net\/arhiva\/#\/schema\/person\/6e72b67d6e51910a1117b3b483ba20bd\"},\"potentialAction\":[{\"@type\":\"SearchAction\",\"target\":{\"@type\":\"EntryPoint\",\"urlTemplate\":\"https:\/\/sandzakpress.net\/arhiva\/?s={search_term_string}\"},\"query-input\":{\"@type\":\"PropertyValueSpecification\",\"valueRequired\":true,\"valueName\":\"search_term_string\"}}],\"inLanguage\":\"bs-BA\"},{\"@type\":[\"Person\",\"Organization\"],\"@id\":\"https:\/\/sandzakpress.net\/arhiva\/#\/schema\/person\/6e72b67d6e51910a1117b3b483ba20bd\",\"name\":\"Kul\",\"image\":{\"@type\":\"ImageObject\",\"inLanguage\":\"bs-BA\",\"@id\":\"https:\/\/sandzakpress.net\/arhiva\/#\/schema\/person\/image\/\",\"url\":\"https:\/\/secure.gravatar.com\/avatar\/42263f39aa27ac04c43cab85c280eb2e?s=96&d=mm&r=pg\",\"contentUrl\":\"https:\/\/secure.gravatar.com\/avatar\/42263f39aa27ac04c43cab85c280eb2e?s=96&d=mm&r=pg\",\"caption\":\"Kul\"},\"logo\":{\"@id\":\"https:\/\/sandzakpress.net\/arhiva\/#\/schema\/person\/image\/\"}},{\"@type\":\"Person\",\"@id\":\"\",\"url\":\"https:\/\/sandzakpress.net\/arhiva\/author\/\"}]}<\/script>\n<!-- \/ Yoast SEO Premium plugin. -->","yoast_head_json":{"title":"Crnogorska sudska farsa protiv Ibrahim \u010ciki\u0107a se nastavlja","robots":{"index":"index","follow":"follow","max-snippet":"max-snippet:-1","max-image-preview":"max-image-preview:large","max-video-preview":"max-video-preview:-1"},"canonical":"https:\/\/sandzakpress.net\/arhiva\/crnogorska-sudska-farsa-protiv-ibrahim-cikica-se-nastavlja\/","og_locale":"bs_BA","og_type":"article","og_title":"Crnogorska sudska farsa protiv Ibrahim \u010ciki\u0107a se nastavlja","og_description":"Bijelo Polje &#8211; Parni\u010dni postupak za &#8220;du\u0161evne boli&#8221; koji su pokrenuli 11-torica biv\u0161ih i sada\u0161njih radnika bjelopoljskog istra\u017enog zatvora protiv najpoznatijeg politi\u010dkog zatvorenika iz ju\u017enog dijela Sand\u017eaka Ibrahima \u010ciki\u0107a, \u017ertve fa\u0161isti\u010dkog i genocidnog projekta stvaranja Velike Srbije, obustavljen do okon\u010danja krivi\u010dnog postupka koji se istovremeno vodi protiv \u010ciki\u0107a. Dana 24. februara 2011. godine sudija parni\u010dar [&hellip;]","og_url":"https:\/\/sandzakpress.net\/arhiva\/crnogorska-sudska-farsa-protiv-ibrahim-cikica-se-nastavlja\/","og_site_name":"Sand\u017eak PRESS","article_published_time":"2011-02-25T17:09:33+00:00","og_image":[{"width":246,"height":291,"url":"https:\/\/sandzakpress.net\/arhiva\/wp-content\/uploads\/2011\/02\/Ibrahim_Cikic_9922.jpg","type":"image\/jpeg"}],"twitter_card":"summary_large_image","twitter_misc":{"Written by":"","Est. reading time":"2 minute"},"schema":{"@context":"https:\/\/schema.org","@graph":[{"@type":"Article","@id":"https:\/\/sandzakpress.net\/arhiva\/crnogorska-sudska-farsa-protiv-ibrahim-cikica-se-nastavlja\/#article","isPartOf":{"@id":"https:\/\/sandzakpress.net\/arhiva\/crnogorska-sudska-farsa-protiv-ibrahim-cikica-se-nastavlja\/"},"author":{"name":"","@id":""},"headline":"Crnogorska sudska farsa protiv Ibrahim \u010ciki\u0107a se nastavlja","datePublished":"2011-02-25T17:09:33+00:00","mainEntityOfPage":{"@id":"https:\/\/sandzakpress.net\/arhiva\/crnogorska-sudska-farsa-protiv-ibrahim-cikica-se-nastavlja\/"},"wordCount":488,"commentCount":0,"publisher":{"@id":"https:\/\/sandzakpress.net\/arhiva\/#\/schema\/person\/6e72b67d6e51910a1117b3b483ba20bd"},"image":{"@id":"https:\/\/sandzakpress.net\/arhiva\/crnogorska-sudska-farsa-protiv-ibrahim-cikica-se-nastavlja\/#primaryimage"},"thumbnailUrl":"https:\/\/sandzakpress.net\/arhiva\/wp-content\/uploads\/2011\/02\/Ibrahim_Cikic_9922.jpg","articleSection":["Bijelo Polje","Hronika"],"inLanguage":"bs-BA","potentialAction":[{"@type":"CommentAction","name":"Comment","target":["https:\/\/sandzakpress.net\/arhiva\/crnogorska-sudska-farsa-protiv-ibrahim-cikica-se-nastavlja\/#respond"]}]},{"@type":"WebPage","@id":"https:\/\/sandzakpress.net\/arhiva\/crnogorska-sudska-farsa-protiv-ibrahim-cikica-se-nastavlja\/","url":"https:\/\/sandzakpress.net\/arhiva\/crnogorska-sudska-farsa-protiv-ibrahim-cikica-se-nastavlja\/","name":"Crnogorska sudska farsa protiv Ibrahim \u010ciki\u0107a se nastavlja","isPartOf":{"@id":"https:\/\/sandzakpress.net\/arhiva\/#website"},"primaryImageOfPage":{"@id":"https:\/\/sandzakpress.net\/arhiva\/crnogorska-sudska-farsa-protiv-ibrahim-cikica-se-nastavlja\/#primaryimage"},"image":{"@id":"https:\/\/sandzakpress.net\/arhiva\/crnogorska-sudska-farsa-protiv-ibrahim-cikica-se-nastavlja\/#primaryimage"},"thumbnailUrl":"https:\/\/sandzakpress.net\/arhiva\/wp-content\/uploads\/2011\/02\/Ibrahim_Cikic_9922.jpg","datePublished":"2011-02-25T17:09:33+00:00","breadcrumb":{"@id":"https:\/\/sandzakpress.net\/arhiva\/crnogorska-sudska-farsa-protiv-ibrahim-cikica-se-nastavlja\/#breadcrumb"},"inLanguage":"bs-BA","potentialAction":[{"@type":"ReadAction","target":["https:\/\/sandzakpress.net\/arhiva\/crnogorska-sudska-farsa-protiv-ibrahim-cikica-se-nastavlja\/"]}]},{"@type":"ImageObject","inLanguage":"bs-BA","@id":"https:\/\/sandzakpress.net\/arhiva\/crnogorska-sudska-farsa-protiv-ibrahim-cikica-se-nastavlja\/#primaryimage","url":"https:\/\/sandzakpress.net\/arhiva\/wp-content\/uploads\/2011\/02\/Ibrahim_Cikic_9922.jpg","contentUrl":"https:\/\/sandzakpress.net\/arhiva\/wp-content\/uploads\/2011\/02\/Ibrahim_Cikic_9922.jpg","width":246,"height":291},{"@type":"BreadcrumbList","@id":"https:\/\/sandzakpress.net\/arhiva\/crnogorska-sudska-farsa-protiv-ibrahim-cikica-se-nastavlja\/#breadcrumb","itemListElement":[{"@type":"ListItem","position":1,"name":"Home","item":"https:\/\/sandzakpress.net\/arhiva\/"},{"@type":"ListItem","position":2,"name":"Crnogorska sudska farsa protiv Ibrahim \u010ciki\u0107a se nastavlja"}]},{"@type":"WebSite","@id":"https:\/\/sandzakpress.net\/arhiva\/#website","url":"https:\/\/sandzakpress.net\/arhiva\/","name":"Sand\u017eak PRESS","description":"Prve elektronske novine u Sand\u017eaku","publisher":{"@id":"https:\/\/sandzakpress.net\/arhiva\/#\/schema\/person\/6e72b67d6e51910a1117b3b483ba20bd"},"potentialAction":[{"@type":"SearchAction","target":{"@type":"EntryPoint","urlTemplate":"https:\/\/sandzakpress.net\/arhiva\/?s={search_term_string}"},"query-input":{"@type":"PropertyValueSpecification","valueRequired":true,"valueName":"search_term_string"}}],"inLanguage":"bs-BA"},{"@type":["Person","Organization"],"@id":"https:\/\/sandzakpress.net\/arhiva\/#\/schema\/person\/6e72b67d6e51910a1117b3b483ba20bd","name":"Kul","image":{"@type":"ImageObject","inLanguage":"bs-BA","@id":"https:\/\/sandzakpress.net\/arhiva\/#\/schema\/person\/image\/","url":"https:\/\/secure.gravatar.com\/avatar\/42263f39aa27ac04c43cab85c280eb2e?s=96&d=mm&r=pg","contentUrl":"https:\/\/secure.gravatar.com\/avatar\/42263f39aa27ac04c43cab85c280eb2e?s=96&d=mm&r=pg","caption":"Kul"},"logo":{"@id":"https:\/\/sandzakpress.net\/arhiva\/#\/schema\/person\/image\/"}},{"@type":"Person","@id":"","url":"https:\/\/sandzakpress.net\/arhiva\/author\/"}]}},"_links":{"self":[{"href":"https:\/\/sandzakpress.net\/arhiva\/wp-json\/wp\/v2\/posts\/13191"}],"collection":[{"href":"https:\/\/sandzakpress.net\/arhiva\/wp-json\/wp\/v2\/posts"}],"about":[{"href":"https:\/\/sandzakpress.net\/arhiva\/wp-json\/wp\/v2\/types\/post"}],"author":[{"embeddable":true,"href":"https:\/\/sandzakpress.net\/arhiva\/wp-json\/wp\/v2\/users\/13"}],"replies":[{"embeddable":true,"href":"https:\/\/sandzakpress.net\/arhiva\/wp-json\/wp\/v2\/comments?post=13191"}],"version-history":[{"count":0,"href":"https:\/\/sandzakpress.net\/arhiva\/wp-json\/wp\/v2\/posts\/13191\/revisions"}],"wp:featuredmedia":[{"embeddable":true,"href":"https:\/\/sandzakpress.net\/arhiva\/wp-json\/wp\/v2\/media\/13200"}],"wp:attachment":[{"href":"https:\/\/sandzakpress.net\/arhiva\/wp-json\/wp\/v2\/media?parent=13191"}],"wp:term":[{"taxonomy":"category","embeddable":true,"href":"https:\/\/sandzakpress.net\/arhiva\/wp-json\/wp\/v2\/categories?post=13191"},{"taxonomy":"post_tag","embeddable":true,"href":"https:\/\/sandzakpress.net\/arhiva\/wp-json\/wp\/v2\/tags?post=13191"}],"curies":[{"name":"wp","href":"https:\/\/api.w.org\/{rel}","templated":true}]}}