{"id":131886,"date":"2015-07-30T10:05:43","date_gmt":"2015-07-30T08:05:43","guid":{"rendered":"https:\/\/sandzakpress.net\/arhiva\/?p=131886"},"modified":"2015-07-30T12:11:24","modified_gmt":"2015-07-30T10:11:24","slug":"proglas-ucenjaka-ummeta-u-pogledu-otimanja-el-akse","status":"publish","type":"post","link":"https:\/\/sandzakpress.net\/arhiva\/proglas-ucenjaka-ummeta-u-pogledu-otimanja-el-akse\/","title":{"rendered":"Proglas u\u010denjaka ummeta u pogledu otimanja el-Akse"},"content":{"rendered":"<p><img decoding=\"async\" src=\"http:\/\/www.islambosna.ba\/wp-content\/uploads\/2015\/07\/20059932541_4911eaff44_o.png\" alt=\"\" \/><\/p>\n<p><strong>Svijet &#8211; \u00a0Desetine islamskih u\u010denjaka i islamskih organizacija saop\u0107ilo je u Istanbulu danas da \u0107e organizirati hiljadu stra\u017eara (murabituna) koji \u0107e boraviti u el-Aksi, a predstoje\u0107a d\u017euma bit \u0107e progla\u0161ena \u201cD\u017eumom pomo\u0107i el-Aksi i Palestini\u201d pozvav\u0161i ljude da toga dana iza\u0111u na proteste i poka\u017eu svoje neslaganje s politikom izraelskog okupatora.<\/strong><\/p>\n<p>Pod naslovom \u201cProglas u\u010denjaka ummeta u pogledu otimanja el-Akse\u201d grupa uleme je osudila \u201czlo\u010dina\u010dko djelovanje okupatora u Mesd\u017eidu-l-Aksi\u201d kao i \u201cskrnavljenje Svetog harema od strane izraelskih doseljenika.\u201d \u010cinjenicu da se sve odvijalo pod prismotrom i kontrolom policije, ulema je ocijenila kao pokazatelj \u201cvjerske pozadine izraelske okupacije Palestine.\u201d<\/p>\n<p>\u0160ejh Nevaf et-Tekruri, predsjednik Organizacije palestinske uleme u inozemstvu, pro\u010ditao je ovo saop\u0107enje na konferenciji za \u0161tampu isti\u010du\u0107i da \u0107e oni podr\u017eati hiljadu stra\u017eara koji \u0107e boraviti u Mesd\u017eidu-l-Aksi, finansirati njihov boravak i sve njihove potrebe kako bi se zaklju\u010dci sproveli i na terenu.<\/p>\n<p>Dr. D\u017eemal Abdussetar, jedan od \u010dlanova Lige islamske uleme, profesor na al-Azharu je saop\u0107io da su \u201cU\u010denjaci predvodnici ovog ummeta i oni imaju snage i sposobnosti da potaknu ljude da \u010duvaju i sa\u010duvaju Mesd\u017eidu-l-Aksu i ovo je samo prvi korak ka ulijevanju pouzdanja stra\u017earima u el-Aksi.\u201d<\/p>\n<p>IslamBosna.ba<\/p>\n","protected":false},"excerpt":{"rendered":"<p>Svijet &#8211; \u00a0Desetine islamskih u\u010denjaka i islamskih organizacija saop\u0107ilo je u Istanbulu danas da \u0107e organizirati hiljadu stra\u017eara (murabituna) koji \u0107e boraviti u el-Aksi, a predstoje\u0107a d\u017euma bit \u0107e progla\u0161ena \u201cD\u017eumom pomo\u0107i el-Aksi i Palestini\u201d pozvav\u0161i ljude da toga dana iza\u0111u na proteste i poka\u017eu svoje neslaganje s politikom izraelskog okupatora. Pod naslovom \u201cProglas u\u010denjaka [&hellip;]<\/p>\n","protected":false},"author":83,"featured_media":131887,"comment_status":"open","ping_status":"open","sticky":false,"template":"","format":"standard","meta":{"footnotes":""},"categories":[10512,8957],"tags":[],"class_list":{"0":"post-131886","1":"post","2":"type-post","3":"status-publish","4":"format-standard","5":"has-post-thumbnail","7":"category-islamski-svijet","8":"category-vijesti-dana"},"yoast_head":"<!-- This site is optimized with the Yoast SEO Premium plugin v23.1 (Yoast SEO v24.9) - https:\/\/yoast.com\/wordpress\/plugins\/seo\/ -->\n<title>Proglas u\u010denjaka ummeta u pogledu otimanja el-Akse<\/title>\n<meta name=\"robots\" content=\"index, follow, max-snippet:-1, max-image-preview:large, max-video-preview:-1\" \/>\n<link rel=\"canonical\" href=\"https:\/\/sandzakpress.net\/arhiva\/proglas-ucenjaka-ummeta-u-pogledu-otimanja-el-akse\/\" \/>\n<meta property=\"og:locale\" content=\"bs_BA\" \/>\n<meta property=\"og:type\" content=\"article\" \/>\n<meta property=\"og:title\" content=\"Proglas u\u010denjaka ummeta u pogledu otimanja el-Akse\" \/>\n<meta property=\"og:description\" content=\"Svijet &#8211; \u00a0Desetine islamskih u\u010denjaka i islamskih organizacija saop\u0107ilo je u Istanbulu danas da \u0107e organizirati hiljadu stra\u017eara (murabituna) koji \u0107e boraviti u el-Aksi, a predstoje\u0107a d\u017euma bit \u0107e progla\u0161ena \u201cD\u017eumom pomo\u0107i el-Aksi i Palestini\u201d pozvav\u0161i ljude da toga dana iza\u0111u na proteste i poka\u017eu svoje neslaganje s politikom izraelskog okupatora. Pod naslovom \u201cProglas u\u010denjaka [&hellip;]\" \/>\n<meta property=\"og:url\" content=\"https:\/\/sandzakpress.net\/arhiva\/proglas-ucenjaka-ummeta-u-pogledu-otimanja-el-akse\/\" \/>\n<meta property=\"og:site_name\" content=\"Sand\u017eak PRESS\" \/>\n<meta property=\"article:published_time\" content=\"2015-07-30T08:05:43+00:00\" \/>\n<meta property=\"article:modified_time\" content=\"2015-07-30T10:11:24+00:00\" \/>\n<meta property=\"og:image\" content=\"https:\/\/sandzakpress.net\/arhiva\/wp-content\/uploads\/2015\/07\/20059932541_4911eaff44_o.png\" \/>\n\t<meta property=\"og:image:width\" content=\"800\" \/>\n\t<meta property=\"og:image:height\" content=\"547\" \/>\n\t<meta property=\"og:image:type\" content=\"image\/png\" \/>\n<meta name=\"author\" content=\"bosniak\" \/>\n<meta name=\"twitter:card\" content=\"summary_large_image\" \/>\n<meta name=\"twitter:label1\" content=\"Written by\" \/>\n\t<meta name=\"twitter:data1\" content=\"bosniak\" \/>\n\t<meta name=\"twitter:label2\" content=\"Est. reading time\" \/>\n\t<meta name=\"twitter:data2\" content=\"1 minuta\" \/>\n<script type=\"application\/ld+json\" class=\"yoast-schema-graph\">{\"@context\":\"https:\/\/schema.org\",\"@graph\":[{\"@type\":\"Article\",\"@id\":\"https:\/\/sandzakpress.net\/arhiva\/proglas-ucenjaka-ummeta-u-pogledu-otimanja-el-akse\/#article\",\"isPartOf\":{\"@id\":\"https:\/\/sandzakpress.net\/arhiva\/proglas-ucenjaka-ummeta-u-pogledu-otimanja-el-akse\/\"},\"author\":{\"name\":\"bosniak\",\"@id\":\"https:\/\/sandzakpress.net\/arhiva\/#\/schema\/person\/c8baee722073534b583ea7bdb2e36c02\"},\"headline\":\"Proglas u\u010denjaka ummeta u pogledu otimanja el-Akse\",\"datePublished\":\"2015-07-30T08:05:43+00:00\",\"dateModified\":\"2015-07-30T10:11:24+00:00\",\"mainEntityOfPage\":{\"@id\":\"https:\/\/sandzakpress.net\/arhiva\/proglas-ucenjaka-ummeta-u-pogledu-otimanja-el-akse\/\"},\"wordCount\":227,\"commentCount\":1,\"publisher\":{\"@id\":\"https:\/\/sandzakpress.net\/arhiva\/#\/schema\/person\/6e72b67d6e51910a1117b3b483ba20bd\"},\"image\":{\"@id\":\"https:\/\/sandzakpress.net\/arhiva\/proglas-ucenjaka-ummeta-u-pogledu-otimanja-el-akse\/#primaryimage\"},\"thumbnailUrl\":\"https:\/\/sandzakpress.net\/arhiva\/wp-content\/uploads\/2015\/07\/20059932541_4911eaff44_o.png\",\"articleSection\":[\"Islamski svijet\",\"VIJESTI DANA\"],\"inLanguage\":\"bs-BA\",\"potentialAction\":[{\"@type\":\"CommentAction\",\"name\":\"Comment\",\"target\":[\"https:\/\/sandzakpress.net\/arhiva\/proglas-ucenjaka-ummeta-u-pogledu-otimanja-el-akse\/#respond\"]}]},{\"@type\":\"WebPage\",\"@id\":\"https:\/\/sandzakpress.net\/arhiva\/proglas-ucenjaka-ummeta-u-pogledu-otimanja-el-akse\/\",\"url\":\"https:\/\/sandzakpress.net\/arhiva\/proglas-ucenjaka-ummeta-u-pogledu-otimanja-el-akse\/\",\"name\":\"Proglas u\u010denjaka ummeta u pogledu otimanja el-Akse\",\"isPartOf\":{\"@id\":\"https:\/\/sandzakpress.net\/arhiva\/#website\"},\"primaryImageOfPage\":{\"@id\":\"https:\/\/sandzakpress.net\/arhiva\/proglas-ucenjaka-ummeta-u-pogledu-otimanja-el-akse\/#primaryimage\"},\"image\":{\"@id\":\"https:\/\/sandzakpress.net\/arhiva\/proglas-ucenjaka-ummeta-u-pogledu-otimanja-el-akse\/#primaryimage\"},\"thumbnailUrl\":\"https:\/\/sandzakpress.net\/arhiva\/wp-content\/uploads\/2015\/07\/20059932541_4911eaff44_o.png\",\"datePublished\":\"2015-07-30T08:05:43+00:00\",\"dateModified\":\"2015-07-30T10:11:24+00:00\",\"breadcrumb\":{\"@id\":\"https:\/\/sandzakpress.net\/arhiva\/proglas-ucenjaka-ummeta-u-pogledu-otimanja-el-akse\/#breadcrumb\"},\"inLanguage\":\"bs-BA\",\"potentialAction\":[{\"@type\":\"ReadAction\",\"target\":[\"https:\/\/sandzakpress.net\/arhiva\/proglas-ucenjaka-ummeta-u-pogledu-otimanja-el-akse\/\"]}]},{\"@type\":\"ImageObject\",\"inLanguage\":\"bs-BA\",\"@id\":\"https:\/\/sandzakpress.net\/arhiva\/proglas-ucenjaka-ummeta-u-pogledu-otimanja-el-akse\/#primaryimage\",\"url\":\"https:\/\/sandzakpress.net\/arhiva\/wp-content\/uploads\/2015\/07\/20059932541_4911eaff44_o.png\",\"contentUrl\":\"https:\/\/sandzakpress.net\/arhiva\/wp-content\/uploads\/2015\/07\/20059932541_4911eaff44_o.png\",\"width\":800,\"height\":547},{\"@type\":\"BreadcrumbList\",\"@id\":\"https:\/\/sandzakpress.net\/arhiva\/proglas-ucenjaka-ummeta-u-pogledu-otimanja-el-akse\/#breadcrumb\",\"itemListElement\":[{\"@type\":\"ListItem\",\"position\":1,\"name\":\"Home\",\"item\":\"https:\/\/sandzakpress.net\/arhiva\/\"},{\"@type\":\"ListItem\",\"position\":2,\"name\":\"Proglas u\u010denjaka ummeta u pogledu otimanja el-Akse\"}]},{\"@type\":\"WebSite\",\"@id\":\"https:\/\/sandzakpress.net\/arhiva\/#website\",\"url\":\"https:\/\/sandzakpress.net\/arhiva\/\",\"name\":\"Sand\u017eak PRESS\",\"description\":\"Prve elektronske novine u Sand\u017eaku\",\"publisher\":{\"@id\":\"https:\/\/sandzakpress.net\/arhiva\/#\/schema\/person\/6e72b67d6e51910a1117b3b483ba20bd\"},\"potentialAction\":[{\"@type\":\"SearchAction\",\"target\":{\"@type\":\"EntryPoint\",\"urlTemplate\":\"https:\/\/sandzakpress.net\/arhiva\/?s={search_term_string}\"},\"query-input\":{\"@type\":\"PropertyValueSpecification\",\"valueRequired\":true,\"valueName\":\"search_term_string\"}}],\"inLanguage\":\"bs-BA\"},{\"@type\":[\"Person\",\"Organization\"],\"@id\":\"https:\/\/sandzakpress.net\/arhiva\/#\/schema\/person\/6e72b67d6e51910a1117b3b483ba20bd\",\"name\":\"Kul\",\"image\":{\"@type\":\"ImageObject\",\"inLanguage\":\"bs-BA\",\"@id\":\"https:\/\/sandzakpress.net\/arhiva\/#\/schema\/person\/image\/\",\"url\":\"https:\/\/secure.gravatar.com\/avatar\/42263f39aa27ac04c43cab85c280eb2e?s=96&d=mm&r=pg\",\"contentUrl\":\"https:\/\/secure.gravatar.com\/avatar\/42263f39aa27ac04c43cab85c280eb2e?s=96&d=mm&r=pg\",\"caption\":\"Kul\"},\"logo\":{\"@id\":\"https:\/\/sandzakpress.net\/arhiva\/#\/schema\/person\/image\/\"}},{\"@type\":\"Person\",\"@id\":\"https:\/\/sandzakpress.net\/arhiva\/#\/schema\/person\/c8baee722073534b583ea7bdb2e36c02\",\"name\":\"bosniak\",\"image\":{\"@type\":\"ImageObject\",\"inLanguage\":\"bs-BA\",\"@id\":\"https:\/\/sandzakpress.net\/arhiva\/#\/schema\/person\/image\/\",\"url\":\"https:\/\/secure.gravatar.com\/avatar\/a04fd330bfe3a36a72a0ad4a6d89fca7?s=96&d=mm&r=pg\",\"contentUrl\":\"https:\/\/secure.gravatar.com\/avatar\/a04fd330bfe3a36a72a0ad4a6d89fca7?s=96&d=mm&r=pg\",\"caption\":\"bosniak\"},\"url\":\"https:\/\/sandzakpress.net\/arhiva\/author\/bosniak\/\"}]}<\/script>\n<!-- \/ Yoast SEO Premium plugin. -->","yoast_head_json":{"title":"Proglas u\u010denjaka ummeta u pogledu otimanja el-Akse","robots":{"index":"index","follow":"follow","max-snippet":"max-snippet:-1","max-image-preview":"max-image-preview:large","max-video-preview":"max-video-preview:-1"},"canonical":"https:\/\/sandzakpress.net\/arhiva\/proglas-ucenjaka-ummeta-u-pogledu-otimanja-el-akse\/","og_locale":"bs_BA","og_type":"article","og_title":"Proglas u\u010denjaka ummeta u pogledu otimanja el-Akse","og_description":"Svijet &#8211; \u00a0Desetine islamskih u\u010denjaka i islamskih organizacija saop\u0107ilo je u Istanbulu danas da \u0107e organizirati hiljadu stra\u017eara (murabituna) koji \u0107e boraviti u el-Aksi, a predstoje\u0107a d\u017euma bit \u0107e progla\u0161ena \u201cD\u017eumom pomo\u0107i el-Aksi i Palestini\u201d pozvav\u0161i ljude da toga dana iza\u0111u na proteste i poka\u017eu svoje neslaganje s politikom izraelskog okupatora. Pod naslovom \u201cProglas u\u010denjaka [&hellip;]","og_url":"https:\/\/sandzakpress.net\/arhiva\/proglas-ucenjaka-ummeta-u-pogledu-otimanja-el-akse\/","og_site_name":"Sand\u017eak PRESS","article_published_time":"2015-07-30T08:05:43+00:00","article_modified_time":"2015-07-30T10:11:24+00:00","og_image":[{"width":800,"height":547,"url":"https:\/\/sandzakpress.net\/arhiva\/wp-content\/uploads\/2015\/07\/20059932541_4911eaff44_o.png","type":"image\/png"}],"author":"bosniak","twitter_card":"summary_large_image","twitter_misc":{"Written by":"bosniak","Est. reading time":"1 minuta"},"schema":{"@context":"https:\/\/schema.org","@graph":[{"@type":"Article","@id":"https:\/\/sandzakpress.net\/arhiva\/proglas-ucenjaka-ummeta-u-pogledu-otimanja-el-akse\/#article","isPartOf":{"@id":"https:\/\/sandzakpress.net\/arhiva\/proglas-ucenjaka-ummeta-u-pogledu-otimanja-el-akse\/"},"author":{"name":"bosniak","@id":"https:\/\/sandzakpress.net\/arhiva\/#\/schema\/person\/c8baee722073534b583ea7bdb2e36c02"},"headline":"Proglas u\u010denjaka ummeta u pogledu otimanja el-Akse","datePublished":"2015-07-30T08:05:43+00:00","dateModified":"2015-07-30T10:11:24+00:00","mainEntityOfPage":{"@id":"https:\/\/sandzakpress.net\/arhiva\/proglas-ucenjaka-ummeta-u-pogledu-otimanja-el-akse\/"},"wordCount":227,"commentCount":1,"publisher":{"@id":"https:\/\/sandzakpress.net\/arhiva\/#\/schema\/person\/6e72b67d6e51910a1117b3b483ba20bd"},"image":{"@id":"https:\/\/sandzakpress.net\/arhiva\/proglas-ucenjaka-ummeta-u-pogledu-otimanja-el-akse\/#primaryimage"},"thumbnailUrl":"https:\/\/sandzakpress.net\/arhiva\/wp-content\/uploads\/2015\/07\/20059932541_4911eaff44_o.png","articleSection":["Islamski svijet","VIJESTI DANA"],"inLanguage":"bs-BA","potentialAction":[{"@type":"CommentAction","name":"Comment","target":["https:\/\/sandzakpress.net\/arhiva\/proglas-ucenjaka-ummeta-u-pogledu-otimanja-el-akse\/#respond"]}]},{"@type":"WebPage","@id":"https:\/\/sandzakpress.net\/arhiva\/proglas-ucenjaka-ummeta-u-pogledu-otimanja-el-akse\/","url":"https:\/\/sandzakpress.net\/arhiva\/proglas-ucenjaka-ummeta-u-pogledu-otimanja-el-akse\/","name":"Proglas u\u010denjaka ummeta u pogledu otimanja el-Akse","isPartOf":{"@id":"https:\/\/sandzakpress.net\/arhiva\/#website"},"primaryImageOfPage":{"@id":"https:\/\/sandzakpress.net\/arhiva\/proglas-ucenjaka-ummeta-u-pogledu-otimanja-el-akse\/#primaryimage"},"image":{"@id":"https:\/\/sandzakpress.net\/arhiva\/proglas-ucenjaka-ummeta-u-pogledu-otimanja-el-akse\/#primaryimage"},"thumbnailUrl":"https:\/\/sandzakpress.net\/arhiva\/wp-content\/uploads\/2015\/07\/20059932541_4911eaff44_o.png","datePublished":"2015-07-30T08:05:43+00:00","dateModified":"2015-07-30T10:11:24+00:00","breadcrumb":{"@id":"https:\/\/sandzakpress.net\/arhiva\/proglas-ucenjaka-ummeta-u-pogledu-otimanja-el-akse\/#breadcrumb"},"inLanguage":"bs-BA","potentialAction":[{"@type":"ReadAction","target":["https:\/\/sandzakpress.net\/arhiva\/proglas-ucenjaka-ummeta-u-pogledu-otimanja-el-akse\/"]}]},{"@type":"ImageObject","inLanguage":"bs-BA","@id":"https:\/\/sandzakpress.net\/arhiva\/proglas-ucenjaka-ummeta-u-pogledu-otimanja-el-akse\/#primaryimage","url":"https:\/\/sandzakpress.net\/arhiva\/wp-content\/uploads\/2015\/07\/20059932541_4911eaff44_o.png","contentUrl":"https:\/\/sandzakpress.net\/arhiva\/wp-content\/uploads\/2015\/07\/20059932541_4911eaff44_o.png","width":800,"height":547},{"@type":"BreadcrumbList","@id":"https:\/\/sandzakpress.net\/arhiva\/proglas-ucenjaka-ummeta-u-pogledu-otimanja-el-akse\/#breadcrumb","itemListElement":[{"@type":"ListItem","position":1,"name":"Home","item":"https:\/\/sandzakpress.net\/arhiva\/"},{"@type":"ListItem","position":2,"name":"Proglas u\u010denjaka ummeta u pogledu otimanja el-Akse"}]},{"@type":"WebSite","@id":"https:\/\/sandzakpress.net\/arhiva\/#website","url":"https:\/\/sandzakpress.net\/arhiva\/","name":"Sand\u017eak PRESS","description":"Prve elektronske novine u Sand\u017eaku","publisher":{"@id":"https:\/\/sandzakpress.net\/arhiva\/#\/schema\/person\/6e72b67d6e51910a1117b3b483ba20bd"},"potentialAction":[{"@type":"SearchAction","target":{"@type":"EntryPoint","urlTemplate":"https:\/\/sandzakpress.net\/arhiva\/?s={search_term_string}"},"query-input":{"@type":"PropertyValueSpecification","valueRequired":true,"valueName":"search_term_string"}}],"inLanguage":"bs-BA"},{"@type":["Person","Organization"],"@id":"https:\/\/sandzakpress.net\/arhiva\/#\/schema\/person\/6e72b67d6e51910a1117b3b483ba20bd","name":"Kul","image":{"@type":"ImageObject","inLanguage":"bs-BA","@id":"https:\/\/sandzakpress.net\/arhiva\/#\/schema\/person\/image\/","url":"https:\/\/secure.gravatar.com\/avatar\/42263f39aa27ac04c43cab85c280eb2e?s=96&d=mm&r=pg","contentUrl":"https:\/\/secure.gravatar.com\/avatar\/42263f39aa27ac04c43cab85c280eb2e?s=96&d=mm&r=pg","caption":"Kul"},"logo":{"@id":"https:\/\/sandzakpress.net\/arhiva\/#\/schema\/person\/image\/"}},{"@type":"Person","@id":"https:\/\/sandzakpress.net\/arhiva\/#\/schema\/person\/c8baee722073534b583ea7bdb2e36c02","name":"bosniak","image":{"@type":"ImageObject","inLanguage":"bs-BA","@id":"https:\/\/sandzakpress.net\/arhiva\/#\/schema\/person\/image\/","url":"https:\/\/secure.gravatar.com\/avatar\/a04fd330bfe3a36a72a0ad4a6d89fca7?s=96&d=mm&r=pg","contentUrl":"https:\/\/secure.gravatar.com\/avatar\/a04fd330bfe3a36a72a0ad4a6d89fca7?s=96&d=mm&r=pg","caption":"bosniak"},"url":"https:\/\/sandzakpress.net\/arhiva\/author\/bosniak\/"}]}},"_links":{"self":[{"href":"https:\/\/sandzakpress.net\/arhiva\/wp-json\/wp\/v2\/posts\/131886"}],"collection":[{"href":"https:\/\/sandzakpress.net\/arhiva\/wp-json\/wp\/v2\/posts"}],"about":[{"href":"https:\/\/sandzakpress.net\/arhiva\/wp-json\/wp\/v2\/types\/post"}],"author":[{"embeddable":true,"href":"https:\/\/sandzakpress.net\/arhiva\/wp-json\/wp\/v2\/users\/83"}],"replies":[{"embeddable":true,"href":"https:\/\/sandzakpress.net\/arhiva\/wp-json\/wp\/v2\/comments?post=131886"}],"version-history":[{"count":0,"href":"https:\/\/sandzakpress.net\/arhiva\/wp-json\/wp\/v2\/posts\/131886\/revisions"}],"wp:featuredmedia":[{"embeddable":true,"href":"https:\/\/sandzakpress.net\/arhiva\/wp-json\/wp\/v2\/media\/131887"}],"wp:attachment":[{"href":"https:\/\/sandzakpress.net\/arhiva\/wp-json\/wp\/v2\/media?parent=131886"}],"wp:term":[{"taxonomy":"category","embeddable":true,"href":"https:\/\/sandzakpress.net\/arhiva\/wp-json\/wp\/v2\/categories?post=131886"},{"taxonomy":"post_tag","embeddable":true,"href":"https:\/\/sandzakpress.net\/arhiva\/wp-json\/wp\/v2\/tags?post=131886"}],"curies":[{"name":"wp","href":"https:\/\/api.w.org\/{rel}","templated":true}]}}