{"id":13186,"date":"2011-02-25T16:52:59","date_gmt":"2011-02-25T15:52:59","guid":{"rendered":"https:\/\/sandzakpress.net\/arhiva\/?p=13186"},"modified":"2011-02-25T16:52:59","modified_gmt":"2011-02-25T15:52:59","slug":"dzelati-strbaca-jos-nisu-kaznjeni","status":"publish","type":"post","link":"https:\/\/sandzakpress.net\/arhiva\/dzelati-strbaca-jos-nisu-kaznjeni\/","title":{"rendered":"D\u017eelati \u0160trbaca jo\u0161 nisu ka\u017enjeni"},"content":{"rendered":"<p><strong><a href=\"https:\/\/sandzakpress.net\/arhiva\/wp-content\/uploads\/2011\/02\/kzs-bnv1-300x203.jpg\"><img loading=\"lazy\" decoding=\"async\" class=\"alignleft size-full wp-image-13188\" src=\"https:\/\/sandzakpress.net\/arhiva\/wp-content\/uploads\/2011\/02\/kzs-bnv1-300x203.jpg\" alt=\"\" width=\"300\" height=\"203\" \/><\/a>Prijepolje &#8211; Povodom navr\u0161avanja osamnaest godina od otmice i likvidacije  osamnaest lica bo\u0161nja\u010dke nacionalnosti iz voza 671 u stanici \u0160trpci,  Bo\u0161nja\u010dko nacionalno vije\u0107e i Bo\u0161nja\u010dka kulturna zajednica izdaju  sljede\u0107e saop\u0107enje za javnost:Iako se  navr\u0161ilo punih osamnaest godina od kada su pripadnici paravojne  formacije \u201eOsvetnici\u201c, kojom su komandovali zlo\u010dinci Milan i Sredoje  Luki\u0107, 27. 2. 1993. godine na \u017eeljezni\u010dkoj stanici \u0160trpci kod Rudog iz  voza 671 izveli osamnaest Bo\u0161njaka i jednog Hrvata i odveli ih u  nepoznatom pravcu,\u00a0 detalji otmice su ostali nepoznati, posmrtni ostaci  pogubljenih civila nisu prona\u0111eni, porodicama stradalih niko od dr\u017eavnih  zvani\u010dnika nije ponudio niti moralnu, niti materijalnu, niti bilo kakvu  drugu satisfakciju, a najpora\u017eavaju\u0107e je \u0161to jo\u0161 uvijek ovaj stravi\u010dni  zlo\u010din protiv civilnog stanovni\u0161tva nije do\u017eivio sudski epilog.  Neshvatljivo je da za osamnaest godina nisu ka\u017enjeni ni egzekutori ni  inspiratori ovog svirepog\u00a0 zlo\u010dina. <\/strong><\/p>\n<p>Zahtijevamo od dr\u017eavnih organa da formiraju nezavisnu komisiju koja  bi ispitala u\u010de\u0161\u0107e tada\u0161njeg politi\u010dkog, vojnog i policijskog vrha, ali i  rukovodstva \u017eeljezni\u010dko-transportnog preduze\u0107a Srbije u ovom stra\u0161nom  zlo\u010dinu.<\/p>\n<p>Neprihvatljivo je da dr\u017eava Srbija ha\u0161kim optu\u017eenicima, ljudima koji  su optu\u017eeni za najte\u017ee zlo\u010dine, pla\u0107a pravne zastupnike, dok na drugoj  strani nije u\u010dinila ni\u0161ta da se porodicama \u010diji su hranitelji oteti u  stanici \u0160trpci obezbijedi trajna materijalna egzistencija, niti su i\u0161ta  poduzeli da djeca otetih dobiju bar zaposlenje. U tom smislu,  zahtijevamo da se spomenuti diskriminatorski odnos dr\u017eave prema ovim  porodicama prekine i da se hitno rije\u0161i njihovo pitanje egzistencije.<\/p>\n<p>Tako\u0111er, upu\u0107ujemo zahtjev lokalnoj samoupravi Prijepolje, u cilju  trajnog sje\u0107anja na ovaj zlo\u010din, koji treba biti opomena \u010dovje\u010danstvu  koliko ljudsko zlo mo\u017ee biti opasno, da plato ispred Doma kulture nazovu  \u201eTrg otetih u \u0160trpcima\u201d \u2013 \u0161to bi bio mali doprinos Prijepolja i  Prijepoljaca vje\u010ditoj borbi protiv zla.<\/p>\n<p>Iako je pro\u0161lo deset godina od demokratskih promjena u Srbiji, jo\u0161  nisu otkriveni ni ka\u017enjeni inspiratori ovog stra\u0161nog zlo\u010dina.\u00a0 Za to  najodgovornijim smatramo predsjednika Republike Srbije Borisa Tadi\u0107a  koji nikada nije na\u0161ao za shodno da primi porodice \u010diji su \u010dlanovi oteti  u \u0160trpcima i saslu\u0161a njihove zahtjeve, te da u\u010dini bilo \u0161ta da se  nalogdavci i izvr\u0161ioci ovog zlo\u010dina kazne. To nas navodi na zaklju\u010dak da  genocidna politika devedesetih spram Bo\u0161njaka jo\u0161 uvijek traje i da  nije do\u0161lo do su\u0161tinskog suo\u010davanja i raskida zvnai\u010dnog beogradskog  re\u017eima sa mra\u010dnom politikom devedesetih.<\/p>\n<p>Izvor: <strong>Bnv.rs<\/strong><\/p>\n","protected":false},"excerpt":{"rendered":"<p>Prijepolje &#8211; Povodom navr\u0161avanja osamnaest godina od otmice i likvidacije osamnaest lica bo\u0161nja\u010dke nacionalnosti iz voza 671 u stanici \u0160trpci, Bo\u0161nja\u010dko nacionalno vije\u0107e i Bo\u0161nja\u010dka kulturna zajednica izdaju sljede\u0107e saop\u0107enje za javnost:Iako se navr\u0161ilo punih osamnaest godina od kada su pripadnici paravojne formacije \u201eOsvetnici\u201c, kojom su komandovali zlo\u010dinci Milan i Sredoje Luki\u0107, 27. 2. 1993. [&hellip;]<\/p>\n","protected":false},"author":13,"featured_media":13188,"comment_status":"open","ping_status":"open","sticky":false,"template":"","format":"standard","meta":{"footnotes":""},"categories":[392,5],"tags":[],"class_list":{"0":"post-13186","1":"post","2":"type-post","3":"status-publish","4":"format-standard","5":"has-post-thumbnail","7":"category-prijepolje_","8":"category-drustvo"},"yoast_head":"<!-- This site is optimized with the Yoast SEO Premium plugin v23.1 (Yoast SEO v24.9) - https:\/\/yoast.com\/wordpress\/plugins\/seo\/ -->\n<title>D\u017eelati \u0160trbaca jo\u0161 nisu ka\u017enjeni<\/title>\n<meta name=\"robots\" content=\"index, follow, max-snippet:-1, max-image-preview:large, max-video-preview:-1\" \/>\n<link rel=\"canonical\" href=\"https:\/\/sandzakpress.net\/arhiva\/dzelati-strbaca-jos-nisu-kaznjeni\/\" \/>\n<meta property=\"og:locale\" content=\"bs_BA\" \/>\n<meta property=\"og:type\" content=\"article\" \/>\n<meta property=\"og:title\" content=\"D\u017eelati \u0160trbaca jo\u0161 nisu ka\u017enjeni\" \/>\n<meta property=\"og:description\" content=\"Prijepolje &#8211; Povodom navr\u0161avanja osamnaest godina od otmice i likvidacije osamnaest lica bo\u0161nja\u010dke nacionalnosti iz voza 671 u stanici \u0160trpci, Bo\u0161nja\u010dko nacionalno vije\u0107e i Bo\u0161nja\u010dka kulturna zajednica izdaju sljede\u0107e saop\u0107enje za javnost:Iako se navr\u0161ilo punih osamnaest godina od kada su pripadnici paravojne formacije \u201eOsvetnici\u201c, kojom su komandovali zlo\u010dinci Milan i Sredoje Luki\u0107, 27. 2. 1993. [&hellip;]\" \/>\n<meta property=\"og:url\" content=\"https:\/\/sandzakpress.net\/arhiva\/dzelati-strbaca-jos-nisu-kaznjeni\/\" \/>\n<meta property=\"og:site_name\" content=\"Sand\u017eak PRESS\" \/>\n<meta property=\"article:published_time\" content=\"2011-02-25T15:52:59+00:00\" \/>\n<meta property=\"og:image\" content=\"https:\/\/sandzakpress.net\/arhiva\/wp-content\/uploads\/2011\/02\/kzs-bnv1-300x203.jpg\" \/>\n\t<meta property=\"og:image:width\" content=\"300\" \/>\n\t<meta property=\"og:image:height\" content=\"203\" \/>\n\t<meta property=\"og:image:type\" content=\"image\/jpeg\" \/>\n<meta name=\"twitter:card\" content=\"summary_large_image\" \/>\n<meta name=\"twitter:label1\" content=\"Written by\" \/>\n\t<meta name=\"twitter:data1\" content=\"\" \/>\n\t<meta name=\"twitter:label2\" content=\"Est. reading time\" \/>\n\t<meta name=\"twitter:data2\" content=\"2 minute\" \/>\n<script type=\"application\/ld+json\" class=\"yoast-schema-graph\">{\"@context\":\"https:\/\/schema.org\",\"@graph\":[{\"@type\":\"Article\",\"@id\":\"https:\/\/sandzakpress.net\/arhiva\/dzelati-strbaca-jos-nisu-kaznjeni\/#article\",\"isPartOf\":{\"@id\":\"https:\/\/sandzakpress.net\/arhiva\/dzelati-strbaca-jos-nisu-kaznjeni\/\"},\"author\":{\"name\":\"\",\"@id\":\"\"},\"headline\":\"D\u017eelati \u0160trbaca jo\u0161 nisu ka\u017enjeni\",\"datePublished\":\"2011-02-25T15:52:59+00:00\",\"mainEntityOfPage\":{\"@id\":\"https:\/\/sandzakpress.net\/arhiva\/dzelati-strbaca-jos-nisu-kaznjeni\/\"},\"wordCount\":447,\"commentCount\":2,\"publisher\":{\"@id\":\"https:\/\/sandzakpress.net\/arhiva\/#\/schema\/person\/6e72b67d6e51910a1117b3b483ba20bd\"},\"image\":{\"@id\":\"https:\/\/sandzakpress.net\/arhiva\/dzelati-strbaca-jos-nisu-kaznjeni\/#primaryimage\"},\"thumbnailUrl\":\"https:\/\/sandzakpress.net\/arhiva\/wp-content\/uploads\/2011\/02\/kzs-bnv1-300x203.jpg\",\"articleSection\":[\"Prijepolje\",\"Dru\u0161tvo\"],\"inLanguage\":\"bs-BA\",\"potentialAction\":[{\"@type\":\"CommentAction\",\"name\":\"Comment\",\"target\":[\"https:\/\/sandzakpress.net\/arhiva\/dzelati-strbaca-jos-nisu-kaznjeni\/#respond\"]}]},{\"@type\":\"WebPage\",\"@id\":\"https:\/\/sandzakpress.net\/arhiva\/dzelati-strbaca-jos-nisu-kaznjeni\/\",\"url\":\"https:\/\/sandzakpress.net\/arhiva\/dzelati-strbaca-jos-nisu-kaznjeni\/\",\"name\":\"D\u017eelati \u0160trbaca jo\u0161 nisu ka\u017enjeni\",\"isPartOf\":{\"@id\":\"https:\/\/sandzakpress.net\/arhiva\/#website\"},\"primaryImageOfPage\":{\"@id\":\"https:\/\/sandzakpress.net\/arhiva\/dzelati-strbaca-jos-nisu-kaznjeni\/#primaryimage\"},\"image\":{\"@id\":\"https:\/\/sandzakpress.net\/arhiva\/dzelati-strbaca-jos-nisu-kaznjeni\/#primaryimage\"},\"thumbnailUrl\":\"https:\/\/sandzakpress.net\/arhiva\/wp-content\/uploads\/2011\/02\/kzs-bnv1-300x203.jpg\",\"datePublished\":\"2011-02-25T15:52:59+00:00\",\"breadcrumb\":{\"@id\":\"https:\/\/sandzakpress.net\/arhiva\/dzelati-strbaca-jos-nisu-kaznjeni\/#breadcrumb\"},\"inLanguage\":\"bs-BA\",\"potentialAction\":[{\"@type\":\"ReadAction\",\"target\":[\"https:\/\/sandzakpress.net\/arhiva\/dzelati-strbaca-jos-nisu-kaznjeni\/\"]}]},{\"@type\":\"ImageObject\",\"inLanguage\":\"bs-BA\",\"@id\":\"https:\/\/sandzakpress.net\/arhiva\/dzelati-strbaca-jos-nisu-kaznjeni\/#primaryimage\",\"url\":\"https:\/\/sandzakpress.net\/arhiva\/wp-content\/uploads\/2011\/02\/kzs-bnv1-300x203.jpg\",\"contentUrl\":\"https:\/\/sandzakpress.net\/arhiva\/wp-content\/uploads\/2011\/02\/kzs-bnv1-300x203.jpg\",\"width\":300,\"height\":203},{\"@type\":\"BreadcrumbList\",\"@id\":\"https:\/\/sandzakpress.net\/arhiva\/dzelati-strbaca-jos-nisu-kaznjeni\/#breadcrumb\",\"itemListElement\":[{\"@type\":\"ListItem\",\"position\":1,\"name\":\"Home\",\"item\":\"https:\/\/sandzakpress.net\/arhiva\/\"},{\"@type\":\"ListItem\",\"position\":2,\"name\":\"D\u017eelati \u0160trbaca jo\u0161 nisu ka\u017enjeni\"}]},{\"@type\":\"WebSite\",\"@id\":\"https:\/\/sandzakpress.net\/arhiva\/#website\",\"url\":\"https:\/\/sandzakpress.net\/arhiva\/\",\"name\":\"Sand\u017eak PRESS\",\"description\":\"Prve elektronske novine u Sand\u017eaku\",\"publisher\":{\"@id\":\"https:\/\/sandzakpress.net\/arhiva\/#\/schema\/person\/6e72b67d6e51910a1117b3b483ba20bd\"},\"potentialAction\":[{\"@type\":\"SearchAction\",\"target\":{\"@type\":\"EntryPoint\",\"urlTemplate\":\"https:\/\/sandzakpress.net\/arhiva\/?s={search_term_string}\"},\"query-input\":{\"@type\":\"PropertyValueSpecification\",\"valueRequired\":true,\"valueName\":\"search_term_string\"}}],\"inLanguage\":\"bs-BA\"},{\"@type\":[\"Person\",\"Organization\"],\"@id\":\"https:\/\/sandzakpress.net\/arhiva\/#\/schema\/person\/6e72b67d6e51910a1117b3b483ba20bd\",\"name\":\"Kul\",\"image\":{\"@type\":\"ImageObject\",\"inLanguage\":\"bs-BA\",\"@id\":\"https:\/\/sandzakpress.net\/arhiva\/#\/schema\/person\/image\/\",\"url\":\"https:\/\/secure.gravatar.com\/avatar\/42263f39aa27ac04c43cab85c280eb2e?s=96&d=mm&r=pg\",\"contentUrl\":\"https:\/\/secure.gravatar.com\/avatar\/42263f39aa27ac04c43cab85c280eb2e?s=96&d=mm&r=pg\",\"caption\":\"Kul\"},\"logo\":{\"@id\":\"https:\/\/sandzakpress.net\/arhiva\/#\/schema\/person\/image\/\"}},{\"@type\":\"Person\",\"@id\":\"\",\"url\":\"https:\/\/sandzakpress.net\/arhiva\/author\/\"}]}<\/script>\n<!-- \/ Yoast SEO Premium plugin. -->","yoast_head_json":{"title":"D\u017eelati \u0160trbaca jo\u0161 nisu ka\u017enjeni","robots":{"index":"index","follow":"follow","max-snippet":"max-snippet:-1","max-image-preview":"max-image-preview:large","max-video-preview":"max-video-preview:-1"},"canonical":"https:\/\/sandzakpress.net\/arhiva\/dzelati-strbaca-jos-nisu-kaznjeni\/","og_locale":"bs_BA","og_type":"article","og_title":"D\u017eelati \u0160trbaca jo\u0161 nisu ka\u017enjeni","og_description":"Prijepolje &#8211; Povodom navr\u0161avanja osamnaest godina od otmice i likvidacije osamnaest lica bo\u0161nja\u010dke nacionalnosti iz voza 671 u stanici \u0160trpci, Bo\u0161nja\u010dko nacionalno vije\u0107e i Bo\u0161nja\u010dka kulturna zajednica izdaju sljede\u0107e saop\u0107enje za javnost:Iako se navr\u0161ilo punih osamnaest godina od kada su pripadnici paravojne formacije \u201eOsvetnici\u201c, kojom su komandovali zlo\u010dinci Milan i Sredoje Luki\u0107, 27. 2. 1993. [&hellip;]","og_url":"https:\/\/sandzakpress.net\/arhiva\/dzelati-strbaca-jos-nisu-kaznjeni\/","og_site_name":"Sand\u017eak PRESS","article_published_time":"2011-02-25T15:52:59+00:00","og_image":[{"width":300,"height":203,"url":"https:\/\/sandzakpress.net\/arhiva\/wp-content\/uploads\/2011\/02\/kzs-bnv1-300x203.jpg","type":"image\/jpeg"}],"twitter_card":"summary_large_image","twitter_misc":{"Written by":"","Est. reading time":"2 minute"},"schema":{"@context":"https:\/\/schema.org","@graph":[{"@type":"Article","@id":"https:\/\/sandzakpress.net\/arhiva\/dzelati-strbaca-jos-nisu-kaznjeni\/#article","isPartOf":{"@id":"https:\/\/sandzakpress.net\/arhiva\/dzelati-strbaca-jos-nisu-kaznjeni\/"},"author":{"name":"","@id":""},"headline":"D\u017eelati \u0160trbaca jo\u0161 nisu ka\u017enjeni","datePublished":"2011-02-25T15:52:59+00:00","mainEntityOfPage":{"@id":"https:\/\/sandzakpress.net\/arhiva\/dzelati-strbaca-jos-nisu-kaznjeni\/"},"wordCount":447,"commentCount":2,"publisher":{"@id":"https:\/\/sandzakpress.net\/arhiva\/#\/schema\/person\/6e72b67d6e51910a1117b3b483ba20bd"},"image":{"@id":"https:\/\/sandzakpress.net\/arhiva\/dzelati-strbaca-jos-nisu-kaznjeni\/#primaryimage"},"thumbnailUrl":"https:\/\/sandzakpress.net\/arhiva\/wp-content\/uploads\/2011\/02\/kzs-bnv1-300x203.jpg","articleSection":["Prijepolje","Dru\u0161tvo"],"inLanguage":"bs-BA","potentialAction":[{"@type":"CommentAction","name":"Comment","target":["https:\/\/sandzakpress.net\/arhiva\/dzelati-strbaca-jos-nisu-kaznjeni\/#respond"]}]},{"@type":"WebPage","@id":"https:\/\/sandzakpress.net\/arhiva\/dzelati-strbaca-jos-nisu-kaznjeni\/","url":"https:\/\/sandzakpress.net\/arhiva\/dzelati-strbaca-jos-nisu-kaznjeni\/","name":"D\u017eelati \u0160trbaca jo\u0161 nisu ka\u017enjeni","isPartOf":{"@id":"https:\/\/sandzakpress.net\/arhiva\/#website"},"primaryImageOfPage":{"@id":"https:\/\/sandzakpress.net\/arhiva\/dzelati-strbaca-jos-nisu-kaznjeni\/#primaryimage"},"image":{"@id":"https:\/\/sandzakpress.net\/arhiva\/dzelati-strbaca-jos-nisu-kaznjeni\/#primaryimage"},"thumbnailUrl":"https:\/\/sandzakpress.net\/arhiva\/wp-content\/uploads\/2011\/02\/kzs-bnv1-300x203.jpg","datePublished":"2011-02-25T15:52:59+00:00","breadcrumb":{"@id":"https:\/\/sandzakpress.net\/arhiva\/dzelati-strbaca-jos-nisu-kaznjeni\/#breadcrumb"},"inLanguage":"bs-BA","potentialAction":[{"@type":"ReadAction","target":["https:\/\/sandzakpress.net\/arhiva\/dzelati-strbaca-jos-nisu-kaznjeni\/"]}]},{"@type":"ImageObject","inLanguage":"bs-BA","@id":"https:\/\/sandzakpress.net\/arhiva\/dzelati-strbaca-jos-nisu-kaznjeni\/#primaryimage","url":"https:\/\/sandzakpress.net\/arhiva\/wp-content\/uploads\/2011\/02\/kzs-bnv1-300x203.jpg","contentUrl":"https:\/\/sandzakpress.net\/arhiva\/wp-content\/uploads\/2011\/02\/kzs-bnv1-300x203.jpg","width":300,"height":203},{"@type":"BreadcrumbList","@id":"https:\/\/sandzakpress.net\/arhiva\/dzelati-strbaca-jos-nisu-kaznjeni\/#breadcrumb","itemListElement":[{"@type":"ListItem","position":1,"name":"Home","item":"https:\/\/sandzakpress.net\/arhiva\/"},{"@type":"ListItem","position":2,"name":"D\u017eelati \u0160trbaca jo\u0161 nisu ka\u017enjeni"}]},{"@type":"WebSite","@id":"https:\/\/sandzakpress.net\/arhiva\/#website","url":"https:\/\/sandzakpress.net\/arhiva\/","name":"Sand\u017eak PRESS","description":"Prve elektronske novine u Sand\u017eaku","publisher":{"@id":"https:\/\/sandzakpress.net\/arhiva\/#\/schema\/person\/6e72b67d6e51910a1117b3b483ba20bd"},"potentialAction":[{"@type":"SearchAction","target":{"@type":"EntryPoint","urlTemplate":"https:\/\/sandzakpress.net\/arhiva\/?s={search_term_string}"},"query-input":{"@type":"PropertyValueSpecification","valueRequired":true,"valueName":"search_term_string"}}],"inLanguage":"bs-BA"},{"@type":["Person","Organization"],"@id":"https:\/\/sandzakpress.net\/arhiva\/#\/schema\/person\/6e72b67d6e51910a1117b3b483ba20bd","name":"Kul","image":{"@type":"ImageObject","inLanguage":"bs-BA","@id":"https:\/\/sandzakpress.net\/arhiva\/#\/schema\/person\/image\/","url":"https:\/\/secure.gravatar.com\/avatar\/42263f39aa27ac04c43cab85c280eb2e?s=96&d=mm&r=pg","contentUrl":"https:\/\/secure.gravatar.com\/avatar\/42263f39aa27ac04c43cab85c280eb2e?s=96&d=mm&r=pg","caption":"Kul"},"logo":{"@id":"https:\/\/sandzakpress.net\/arhiva\/#\/schema\/person\/image\/"}},{"@type":"Person","@id":"","url":"https:\/\/sandzakpress.net\/arhiva\/author\/"}]}},"_links":{"self":[{"href":"https:\/\/sandzakpress.net\/arhiva\/wp-json\/wp\/v2\/posts\/13186"}],"collection":[{"href":"https:\/\/sandzakpress.net\/arhiva\/wp-json\/wp\/v2\/posts"}],"about":[{"href":"https:\/\/sandzakpress.net\/arhiva\/wp-json\/wp\/v2\/types\/post"}],"author":[{"embeddable":true,"href":"https:\/\/sandzakpress.net\/arhiva\/wp-json\/wp\/v2\/users\/13"}],"replies":[{"embeddable":true,"href":"https:\/\/sandzakpress.net\/arhiva\/wp-json\/wp\/v2\/comments?post=13186"}],"version-history":[{"count":0,"href":"https:\/\/sandzakpress.net\/arhiva\/wp-json\/wp\/v2\/posts\/13186\/revisions"}],"wp:featuredmedia":[{"embeddable":true,"href":"https:\/\/sandzakpress.net\/arhiva\/wp-json\/wp\/v2\/media\/13188"}],"wp:attachment":[{"href":"https:\/\/sandzakpress.net\/arhiva\/wp-json\/wp\/v2\/media?parent=13186"}],"wp:term":[{"taxonomy":"category","embeddable":true,"href":"https:\/\/sandzakpress.net\/arhiva\/wp-json\/wp\/v2\/categories?post=13186"},{"taxonomy":"post_tag","embeddable":true,"href":"https:\/\/sandzakpress.net\/arhiva\/wp-json\/wp\/v2\/tags?post=13186"}],"curies":[{"name":"wp","href":"https:\/\/api.w.org\/{rel}","templated":true}]}}