{"id":131634,"date":"2015-07-24T14:57:40","date_gmt":"2015-07-24T12:57:40","guid":{"rendered":"https:\/\/sandzakpress.net\/arhiva\/?p=131634"},"modified":"2015-07-24T15:02:49","modified_gmt":"2015-07-24T13:02:49","slug":"husovic-jedini-kandidat-za-treci-mandat-predsjednika-bs","status":"publish","type":"post","link":"https:\/\/sandzakpress.net\/arhiva\/husovic-jedini-kandidat-za-treci-mandat-predsjednika-bs\/","title":{"rendered":"Husovi\u0107 jedini kandidat za tre\u0107i mandat predsjednika BS"},"content":{"rendered":"<p><img decoding=\"async\" src=\"http:\/\/rozajetoday.me\/wp-content\/uploads\/2015\/05\/rafet-husovic2-640x445.jpg\" alt=\"\" \/><\/p>\n<p><strong>Sand\u017eak &#8211; Bo\u0161nja\u010dka stranka insistira\u0107e na tome da se osnuje Ministarstvo za ravnomjerni regionalni razvoj i evropske fondove, kao i agencije koje bi neposredno primijenile politike i mjere regionalnog razvoja unutar pojedinih regiona, saop\u0161tio je predsjednik te partije Rafet Husovi\u0107.<\/strong><\/p>\n<p>Husovi\u0107, koji je i potpredsjednik Vlade za regionalni razvoj, jedini je kandidat za lidera BS na Kongresu koji \u0107e biti odr\u017ean u subotu 25. jula u Podgorici.<\/p>\n<p>On navodi da \u0107e u predlo\u017eenom programu stranke posebno biti potencirano zalaganje za ekonomski i ravnomjerni razvoj svih djelova Crne Gore, sa naglaskom na mjesta gdje Bo\u0161njaci predstavljaju ve\u0107insko stanovni\u0161tvo.<\/p>\n<p>\u201eMi\u0161ljenja sam da je sama pojava BS na politi\u010dkoj sceni Crne Gore upotpunila dotada\u0161nji jaz koji je postojao kod bo\u0161nja\u010dkog bira\u010dkog tijela, pokazav\u0161i se kao strate\u0161ki va\u017ean subjekat za na\u0161e sunarodnike, ali i za Crnu Goru. \u010cinjenica je da smo 2006. godine imali vizionarsku ideju koja se prevashodno odnosila na obnavljanje suvereniteta i sticanje nezavisnosti Crne Gore. Skoro deceniju nakon toga BS je potvrdila svoje bivstvovanje kako kroz izborne rezultate, tako i kroz ja\u010danje kadrovskih potencijala. Rezultati su vi\u0161e nego vidljivi na svim poljima na\u0161eg djelovanja\u201c, kazao je u razgovoru za Pobjedu Husovi\u0107.<\/p>\n<p>Prema njegovim rije\u010dima svakako da je afirmcija bo\u0161nja\u010dkog nacionalnog bi\u0107a na mjestima gdje se donose va\u017ene odluke, kao i ve\u0107a zastupljenost u institucijama sistema, bio jedan od prioriteta.<\/p>\n<p>\u201eMislim da smo relativno uspjeli u tome. Sve ono \u0161to je ura\u0111eno do sada, dovoljan je indikator koji nam uliva optimizam da na\u0161i ciljevi imaju svoje utemeljenje. I naravno da \u0107emo nakon uspje\u0161ne organizacije tre\u0107eg Kongresa nastaviti da predano radimo za jo\u0161 bolji polo\u017eaj Bo\u0161njaka u Crnoj Gori\u201c, istakao je on.<\/p>\n<p>Husovi\u0107 je kazao da \u0107e u fokusu novog programa koji \u0107e biti predlo\u017een na usvajanje delegatima tre\u0107eg Kongresa, biti u osnovi naslonjen na prethodni program.<\/p>\n<p>\u201eU prijedlogu programa su izostavljeni oni principi koji su u prethodnom periodu ostvareni, kao na primjer osnivanje op\u0161tina Petnjica i Gusinje. Neke programske odredbe \u0107e biti preformulisane i prilago\u0111ene aktuelnom politi\u010dkom trenutku. Glavna stvar, koja \u0107e biti posebno potencirana u Programu, je zalaganje za ekonomski i ravnomjerniji razvoj svih djelova Crne Gore sa posebnim naglaskom na mjesta gdje Bo\u0161njaci predstavljaju ve\u0107insko stanovni\u0161tvo. BS insistira na tome da se osnuje Ministarstvo za ravnomjerni regionalni razvoj i evropske fondove, a onda i agencije koje bi neposredno primijenile politike i mjere regionalnog razvoja unutar pojedinih regiona. Tako\u0111e, bi\u0107e odre\u0111enih korekcija i u Statutu. U cilju boljeg funkcionisanja partije, bi\u0107e formiran izvr\u0161ni odbor koji \u0107e vr\u0161iti poslove prakti\u010dnog realizovanja i ostvarivanja politike BS, a \u010dijim \u0107e radom rukovoditi politi\u010dki direktor\u201c, rekao je on izme\u0111u ostalog.<\/p>\n<p>Predsjednik BS-a je istakao da je koalicija na dr\u017eavnom nivou u drugoj polovini ove godine ima vrlo va\u017ean zadatak koji se odnosi na pristupanje Crne Gore u NATO.<\/p>\n<p>\u201ePonosan sam na tu \u010dinjenicu jer je BS dio strate\u0161ki va\u017enog projekta koji \u0107e na na\u0161im prostorima donijeti duguro\u010dnu stabilnost i ekonomski prosperitet. Naravno, dinamika realizacije koalicionog sporazuma se nekada odvija znatno sporije nego \u0161to su na\u0161a o\u010dekivanja, ali smo uvjereni da partnerski odnosi koje imamo sa koalicionim partnerima ne\u0107e biti naru\u0161eni. \u0160to se ti\u010de lokalnog nivoa situacija je sli\u010dna. Nastojimo da pobolj\u0161amo uslove \u017eivota u op\u0161tinama gdje \u010dinimo dio vladaju\u0107e strukture i da oja\u010damo privredne aktivnosti od kojih \u0107e gra\u0111ani imati koristi\u201c, zaklju\u010dio je Husovi\u0107.<\/p>\n<p>izvor: cdm.me<\/p>\n","protected":false},"excerpt":{"rendered":"<p>Sand\u017eak &#8211; Bo\u0161nja\u010dka stranka insistira\u0107e na tome da se osnuje Ministarstvo za ravnomjerni regionalni razvoj i evropske fondove, kao i agencije koje bi neposredno primijenile politike i mjere regionalnog razvoja unutar pojedinih regiona, saop\u0161tio je predsjednik te partije Rafet Husovi\u0107. Husovi\u0107, koji je i potpredsjednik Vlade za regionalni razvoj, jedini je kandidat za lidera BS [&hellip;]<\/p>\n","protected":false},"author":83,"featured_media":131635,"comment_status":"open","ping_status":"open","sticky":false,"template":"","format":"standard","meta":{"footnotes":""},"categories":[398,1,397,10174,396,395,399,10173,8957,798,10429],"tags":[],"class_list":{"0":"post-131634","1":"post","2":"type-post","3":"status-publish","4":"format-standard","5":"has-post-thumbnail","7":"category-rozaje","8":"category-politika","9":"category-berane","10":"category-petnjica-vase-vijesti","11":"category-bijelo_polje","12":"category-pljevlja_","13":"category-plav_","14":"category-gusinje-vase-vijesti","15":"category-vijesti-dana","16":"category-teme","17":"category-vazno"},"yoast_head":"<!-- This site is optimized with the Yoast SEO Premium plugin v23.1 (Yoast SEO v24.9) - https:\/\/yoast.com\/wordpress\/plugins\/seo\/ -->\n<title>Husovi\u0107 jedini kandidat za tre\u0107i mandat predsjednika BS<\/title>\n<meta name=\"robots\" content=\"index, follow, max-snippet:-1, max-image-preview:large, max-video-preview:-1\" \/>\n<link rel=\"canonical\" href=\"https:\/\/sandzakpress.net\/arhiva\/husovic-jedini-kandidat-za-treci-mandat-predsjednika-bs\/\" \/>\n<meta property=\"og:locale\" content=\"bs_BA\" \/>\n<meta property=\"og:type\" content=\"article\" \/>\n<meta property=\"og:title\" content=\"Husovi\u0107 jedini kandidat za tre\u0107i mandat predsjednika BS\" \/>\n<meta property=\"og:description\" content=\"Sand\u017eak &#8211; Bo\u0161nja\u010dka stranka insistira\u0107e na tome da se osnuje Ministarstvo za ravnomjerni regionalni razvoj i evropske fondove, kao i agencije koje bi neposredno primijenile politike i mjere regionalnog razvoja unutar pojedinih regiona, saop\u0161tio je predsjednik te partije Rafet Husovi\u0107. Husovi\u0107, koji je i potpredsjednik Vlade za regionalni razvoj, jedini je kandidat za lidera BS [&hellip;]\" \/>\n<meta property=\"og:url\" content=\"https:\/\/sandzakpress.net\/arhiva\/husovic-jedini-kandidat-za-treci-mandat-predsjednika-bs\/\" \/>\n<meta property=\"og:site_name\" content=\"Sand\u017eak PRESS\" \/>\n<meta property=\"article:published_time\" content=\"2015-07-24T12:57:40+00:00\" \/>\n<meta property=\"article:modified_time\" content=\"2015-07-24T13:02:49+00:00\" \/>\n<meta property=\"og:image\" content=\"https:\/\/sandzakpress.net\/arhiva\/wp-content\/uploads\/2015\/07\/rafet-husovic2-640x445.jpg\" \/>\n\t<meta property=\"og:image:width\" content=\"640\" \/>\n\t<meta property=\"og:image:height\" content=\"445\" \/>\n\t<meta property=\"og:image:type\" content=\"image\/jpeg\" \/>\n<meta name=\"author\" content=\"bosniak\" \/>\n<meta name=\"twitter:card\" content=\"summary_large_image\" \/>\n<meta name=\"twitter:label1\" content=\"Written by\" \/>\n\t<meta name=\"twitter:data1\" content=\"bosniak\" \/>\n\t<meta name=\"twitter:label2\" content=\"Est. reading time\" \/>\n\t<meta name=\"twitter:data2\" content=\"3 minute\" \/>\n<script type=\"application\/ld+json\" class=\"yoast-schema-graph\">{\"@context\":\"https:\/\/schema.org\",\"@graph\":[{\"@type\":\"Article\",\"@id\":\"https:\/\/sandzakpress.net\/arhiva\/husovic-jedini-kandidat-za-treci-mandat-predsjednika-bs\/#article\",\"isPartOf\":{\"@id\":\"https:\/\/sandzakpress.net\/arhiva\/husovic-jedini-kandidat-za-treci-mandat-predsjednika-bs\/\"},\"author\":{\"name\":\"bosniak\",\"@id\":\"https:\/\/sandzakpress.net\/arhiva\/#\/schema\/person\/c8baee722073534b583ea7bdb2e36c02\"},\"headline\":\"Husovi\u0107 jedini kandidat za tre\u0107i mandat predsjednika BS\",\"datePublished\":\"2015-07-24T12:57:40+00:00\",\"dateModified\":\"2015-07-24T13:02:49+00:00\",\"mainEntityOfPage\":{\"@id\":\"https:\/\/sandzakpress.net\/arhiva\/husovic-jedini-kandidat-za-treci-mandat-predsjednika-bs\/\"},\"wordCount\":619,\"commentCount\":11,\"publisher\":{\"@id\":\"https:\/\/sandzakpress.net\/arhiva\/#\/schema\/person\/6e72b67d6e51910a1117b3b483ba20bd\"},\"image\":{\"@id\":\"https:\/\/sandzakpress.net\/arhiva\/husovic-jedini-kandidat-za-treci-mandat-predsjednika-bs\/#primaryimage\"},\"thumbnailUrl\":\"https:\/\/sandzakpress.net\/arhiva\/wp-content\/uploads\/2015\/07\/rafet-husovic2-640x445.jpg\",\"articleSection\":[\"Ro\u017eaje\",\"Politika\",\"Berane\",\"Petnjica\",\"Bijelo Polje\",\"Pljevlja\",\"Plav\",\"Gusinje\",\"VIJESTI DANA\",\"NAJNOVIJE\",\"VA\u017dNO!\"],\"inLanguage\":\"bs-BA\",\"potentialAction\":[{\"@type\":\"CommentAction\",\"name\":\"Comment\",\"target\":[\"https:\/\/sandzakpress.net\/arhiva\/husovic-jedini-kandidat-za-treci-mandat-predsjednika-bs\/#respond\"]}]},{\"@type\":\"WebPage\",\"@id\":\"https:\/\/sandzakpress.net\/arhiva\/husovic-jedini-kandidat-za-treci-mandat-predsjednika-bs\/\",\"url\":\"https:\/\/sandzakpress.net\/arhiva\/husovic-jedini-kandidat-za-treci-mandat-predsjednika-bs\/\",\"name\":\"Husovi\u0107 jedini kandidat za tre\u0107i mandat predsjednika BS\",\"isPartOf\":{\"@id\":\"https:\/\/sandzakpress.net\/arhiva\/#website\"},\"primaryImageOfPage\":{\"@id\":\"https:\/\/sandzakpress.net\/arhiva\/husovic-jedini-kandidat-za-treci-mandat-predsjednika-bs\/#primaryimage\"},\"image\":{\"@id\":\"https:\/\/sandzakpress.net\/arhiva\/husovic-jedini-kandidat-za-treci-mandat-predsjednika-bs\/#primaryimage\"},\"thumbnailUrl\":\"https:\/\/sandzakpress.net\/arhiva\/wp-content\/uploads\/2015\/07\/rafet-husovic2-640x445.jpg\",\"datePublished\":\"2015-07-24T12:57:40+00:00\",\"dateModified\":\"2015-07-24T13:02:49+00:00\",\"breadcrumb\":{\"@id\":\"https:\/\/sandzakpress.net\/arhiva\/husovic-jedini-kandidat-za-treci-mandat-predsjednika-bs\/#breadcrumb\"},\"inLanguage\":\"bs-BA\",\"potentialAction\":[{\"@type\":\"ReadAction\",\"target\":[\"https:\/\/sandzakpress.net\/arhiva\/husovic-jedini-kandidat-za-treci-mandat-predsjednika-bs\/\"]}]},{\"@type\":\"ImageObject\",\"inLanguage\":\"bs-BA\",\"@id\":\"https:\/\/sandzakpress.net\/arhiva\/husovic-jedini-kandidat-za-treci-mandat-predsjednika-bs\/#primaryimage\",\"url\":\"https:\/\/sandzakpress.net\/arhiva\/wp-content\/uploads\/2015\/07\/rafet-husovic2-640x445.jpg\",\"contentUrl\":\"https:\/\/sandzakpress.net\/arhiva\/wp-content\/uploads\/2015\/07\/rafet-husovic2-640x445.jpg\",\"width\":640,\"height\":445},{\"@type\":\"BreadcrumbList\",\"@id\":\"https:\/\/sandzakpress.net\/arhiva\/husovic-jedini-kandidat-za-treci-mandat-predsjednika-bs\/#breadcrumb\",\"itemListElement\":[{\"@type\":\"ListItem\",\"position\":1,\"name\":\"Home\",\"item\":\"https:\/\/sandzakpress.net\/arhiva\/\"},{\"@type\":\"ListItem\",\"position\":2,\"name\":\"Husovi\u0107 jedini kandidat za tre\u0107i mandat predsjednika BS\"}]},{\"@type\":\"WebSite\",\"@id\":\"https:\/\/sandzakpress.net\/arhiva\/#website\",\"url\":\"https:\/\/sandzakpress.net\/arhiva\/\",\"name\":\"Sand\u017eak PRESS\",\"description\":\"Prve elektronske novine u Sand\u017eaku\",\"publisher\":{\"@id\":\"https:\/\/sandzakpress.net\/arhiva\/#\/schema\/person\/6e72b67d6e51910a1117b3b483ba20bd\"},\"potentialAction\":[{\"@type\":\"SearchAction\",\"target\":{\"@type\":\"EntryPoint\",\"urlTemplate\":\"https:\/\/sandzakpress.net\/arhiva\/?s={search_term_string}\"},\"query-input\":{\"@type\":\"PropertyValueSpecification\",\"valueRequired\":true,\"valueName\":\"search_term_string\"}}],\"inLanguage\":\"bs-BA\"},{\"@type\":[\"Person\",\"Organization\"],\"@id\":\"https:\/\/sandzakpress.net\/arhiva\/#\/schema\/person\/6e72b67d6e51910a1117b3b483ba20bd\",\"name\":\"Kul\",\"image\":{\"@type\":\"ImageObject\",\"inLanguage\":\"bs-BA\",\"@id\":\"https:\/\/sandzakpress.net\/arhiva\/#\/schema\/person\/image\/\",\"url\":\"https:\/\/secure.gravatar.com\/avatar\/42263f39aa27ac04c43cab85c280eb2e?s=96&d=mm&r=pg\",\"contentUrl\":\"https:\/\/secure.gravatar.com\/avatar\/42263f39aa27ac04c43cab85c280eb2e?s=96&d=mm&r=pg\",\"caption\":\"Kul\"},\"logo\":{\"@id\":\"https:\/\/sandzakpress.net\/arhiva\/#\/schema\/person\/image\/\"}},{\"@type\":\"Person\",\"@id\":\"https:\/\/sandzakpress.net\/arhiva\/#\/schema\/person\/c8baee722073534b583ea7bdb2e36c02\",\"name\":\"bosniak\",\"image\":{\"@type\":\"ImageObject\",\"inLanguage\":\"bs-BA\",\"@id\":\"https:\/\/sandzakpress.net\/arhiva\/#\/schema\/person\/image\/\",\"url\":\"https:\/\/secure.gravatar.com\/avatar\/a04fd330bfe3a36a72a0ad4a6d89fca7?s=96&d=mm&r=pg\",\"contentUrl\":\"https:\/\/secure.gravatar.com\/avatar\/a04fd330bfe3a36a72a0ad4a6d89fca7?s=96&d=mm&r=pg\",\"caption\":\"bosniak\"},\"url\":\"https:\/\/sandzakpress.net\/arhiva\/author\/bosniak\/\"}]}<\/script>\n<!-- \/ Yoast SEO Premium plugin. -->","yoast_head_json":{"title":"Husovi\u0107 jedini kandidat za tre\u0107i mandat predsjednika BS","robots":{"index":"index","follow":"follow","max-snippet":"max-snippet:-1","max-image-preview":"max-image-preview:large","max-video-preview":"max-video-preview:-1"},"canonical":"https:\/\/sandzakpress.net\/arhiva\/husovic-jedini-kandidat-za-treci-mandat-predsjednika-bs\/","og_locale":"bs_BA","og_type":"article","og_title":"Husovi\u0107 jedini kandidat za tre\u0107i mandat predsjednika BS","og_description":"Sand\u017eak &#8211; Bo\u0161nja\u010dka stranka insistira\u0107e na tome da se osnuje Ministarstvo za ravnomjerni regionalni razvoj i evropske fondove, kao i agencije koje bi neposredno primijenile politike i mjere regionalnog razvoja unutar pojedinih regiona, saop\u0161tio je predsjednik te partije Rafet Husovi\u0107. Husovi\u0107, koji je i potpredsjednik Vlade za regionalni razvoj, jedini je kandidat za lidera BS [&hellip;]","og_url":"https:\/\/sandzakpress.net\/arhiva\/husovic-jedini-kandidat-za-treci-mandat-predsjednika-bs\/","og_site_name":"Sand\u017eak PRESS","article_published_time":"2015-07-24T12:57:40+00:00","article_modified_time":"2015-07-24T13:02:49+00:00","og_image":[{"width":640,"height":445,"url":"https:\/\/sandzakpress.net\/arhiva\/wp-content\/uploads\/2015\/07\/rafet-husovic2-640x445.jpg","type":"image\/jpeg"}],"author":"bosniak","twitter_card":"summary_large_image","twitter_misc":{"Written by":"bosniak","Est. reading time":"3 minute"},"schema":{"@context":"https:\/\/schema.org","@graph":[{"@type":"Article","@id":"https:\/\/sandzakpress.net\/arhiva\/husovic-jedini-kandidat-za-treci-mandat-predsjednika-bs\/#article","isPartOf":{"@id":"https:\/\/sandzakpress.net\/arhiva\/husovic-jedini-kandidat-za-treci-mandat-predsjednika-bs\/"},"author":{"name":"bosniak","@id":"https:\/\/sandzakpress.net\/arhiva\/#\/schema\/person\/c8baee722073534b583ea7bdb2e36c02"},"headline":"Husovi\u0107 jedini kandidat za tre\u0107i mandat predsjednika BS","datePublished":"2015-07-24T12:57:40+00:00","dateModified":"2015-07-24T13:02:49+00:00","mainEntityOfPage":{"@id":"https:\/\/sandzakpress.net\/arhiva\/husovic-jedini-kandidat-za-treci-mandat-predsjednika-bs\/"},"wordCount":619,"commentCount":11,"publisher":{"@id":"https:\/\/sandzakpress.net\/arhiva\/#\/schema\/person\/6e72b67d6e51910a1117b3b483ba20bd"},"image":{"@id":"https:\/\/sandzakpress.net\/arhiva\/husovic-jedini-kandidat-za-treci-mandat-predsjednika-bs\/#primaryimage"},"thumbnailUrl":"https:\/\/sandzakpress.net\/arhiva\/wp-content\/uploads\/2015\/07\/rafet-husovic2-640x445.jpg","articleSection":["Ro\u017eaje","Politika","Berane","Petnjica","Bijelo Polje","Pljevlja","Plav","Gusinje","VIJESTI DANA","NAJNOVIJE","VA\u017dNO!"],"inLanguage":"bs-BA","potentialAction":[{"@type":"CommentAction","name":"Comment","target":["https:\/\/sandzakpress.net\/arhiva\/husovic-jedini-kandidat-za-treci-mandat-predsjednika-bs\/#respond"]}]},{"@type":"WebPage","@id":"https:\/\/sandzakpress.net\/arhiva\/husovic-jedini-kandidat-za-treci-mandat-predsjednika-bs\/","url":"https:\/\/sandzakpress.net\/arhiva\/husovic-jedini-kandidat-za-treci-mandat-predsjednika-bs\/","name":"Husovi\u0107 jedini kandidat za tre\u0107i mandat predsjednika BS","isPartOf":{"@id":"https:\/\/sandzakpress.net\/arhiva\/#website"},"primaryImageOfPage":{"@id":"https:\/\/sandzakpress.net\/arhiva\/husovic-jedini-kandidat-za-treci-mandat-predsjednika-bs\/#primaryimage"},"image":{"@id":"https:\/\/sandzakpress.net\/arhiva\/husovic-jedini-kandidat-za-treci-mandat-predsjednika-bs\/#primaryimage"},"thumbnailUrl":"https:\/\/sandzakpress.net\/arhiva\/wp-content\/uploads\/2015\/07\/rafet-husovic2-640x445.jpg","datePublished":"2015-07-24T12:57:40+00:00","dateModified":"2015-07-24T13:02:49+00:00","breadcrumb":{"@id":"https:\/\/sandzakpress.net\/arhiva\/husovic-jedini-kandidat-za-treci-mandat-predsjednika-bs\/#breadcrumb"},"inLanguage":"bs-BA","potentialAction":[{"@type":"ReadAction","target":["https:\/\/sandzakpress.net\/arhiva\/husovic-jedini-kandidat-za-treci-mandat-predsjednika-bs\/"]}]},{"@type":"ImageObject","inLanguage":"bs-BA","@id":"https:\/\/sandzakpress.net\/arhiva\/husovic-jedini-kandidat-za-treci-mandat-predsjednika-bs\/#primaryimage","url":"https:\/\/sandzakpress.net\/arhiva\/wp-content\/uploads\/2015\/07\/rafet-husovic2-640x445.jpg","contentUrl":"https:\/\/sandzakpress.net\/arhiva\/wp-content\/uploads\/2015\/07\/rafet-husovic2-640x445.jpg","width":640,"height":445},{"@type":"BreadcrumbList","@id":"https:\/\/sandzakpress.net\/arhiva\/husovic-jedini-kandidat-za-treci-mandat-predsjednika-bs\/#breadcrumb","itemListElement":[{"@type":"ListItem","position":1,"name":"Home","item":"https:\/\/sandzakpress.net\/arhiva\/"},{"@type":"ListItem","position":2,"name":"Husovi\u0107 jedini kandidat za tre\u0107i mandat predsjednika BS"}]},{"@type":"WebSite","@id":"https:\/\/sandzakpress.net\/arhiva\/#website","url":"https:\/\/sandzakpress.net\/arhiva\/","name":"Sand\u017eak PRESS","description":"Prve elektronske novine u Sand\u017eaku","publisher":{"@id":"https:\/\/sandzakpress.net\/arhiva\/#\/schema\/person\/6e72b67d6e51910a1117b3b483ba20bd"},"potentialAction":[{"@type":"SearchAction","target":{"@type":"EntryPoint","urlTemplate":"https:\/\/sandzakpress.net\/arhiva\/?s={search_term_string}"},"query-input":{"@type":"PropertyValueSpecification","valueRequired":true,"valueName":"search_term_string"}}],"inLanguage":"bs-BA"},{"@type":["Person","Organization"],"@id":"https:\/\/sandzakpress.net\/arhiva\/#\/schema\/person\/6e72b67d6e51910a1117b3b483ba20bd","name":"Kul","image":{"@type":"ImageObject","inLanguage":"bs-BA","@id":"https:\/\/sandzakpress.net\/arhiva\/#\/schema\/person\/image\/","url":"https:\/\/secure.gravatar.com\/avatar\/42263f39aa27ac04c43cab85c280eb2e?s=96&d=mm&r=pg","contentUrl":"https:\/\/secure.gravatar.com\/avatar\/42263f39aa27ac04c43cab85c280eb2e?s=96&d=mm&r=pg","caption":"Kul"},"logo":{"@id":"https:\/\/sandzakpress.net\/arhiva\/#\/schema\/person\/image\/"}},{"@type":"Person","@id":"https:\/\/sandzakpress.net\/arhiva\/#\/schema\/person\/c8baee722073534b583ea7bdb2e36c02","name":"bosniak","image":{"@type":"ImageObject","inLanguage":"bs-BA","@id":"https:\/\/sandzakpress.net\/arhiva\/#\/schema\/person\/image\/","url":"https:\/\/secure.gravatar.com\/avatar\/a04fd330bfe3a36a72a0ad4a6d89fca7?s=96&d=mm&r=pg","contentUrl":"https:\/\/secure.gravatar.com\/avatar\/a04fd330bfe3a36a72a0ad4a6d89fca7?s=96&d=mm&r=pg","caption":"bosniak"},"url":"https:\/\/sandzakpress.net\/arhiva\/author\/bosniak\/"}]}},"_links":{"self":[{"href":"https:\/\/sandzakpress.net\/arhiva\/wp-json\/wp\/v2\/posts\/131634"}],"collection":[{"href":"https:\/\/sandzakpress.net\/arhiva\/wp-json\/wp\/v2\/posts"}],"about":[{"href":"https:\/\/sandzakpress.net\/arhiva\/wp-json\/wp\/v2\/types\/post"}],"author":[{"embeddable":true,"href":"https:\/\/sandzakpress.net\/arhiva\/wp-json\/wp\/v2\/users\/83"}],"replies":[{"embeddable":true,"href":"https:\/\/sandzakpress.net\/arhiva\/wp-json\/wp\/v2\/comments?post=131634"}],"version-history":[{"count":0,"href":"https:\/\/sandzakpress.net\/arhiva\/wp-json\/wp\/v2\/posts\/131634\/revisions"}],"wp:featuredmedia":[{"embeddable":true,"href":"https:\/\/sandzakpress.net\/arhiva\/wp-json\/wp\/v2\/media\/131635"}],"wp:attachment":[{"href":"https:\/\/sandzakpress.net\/arhiva\/wp-json\/wp\/v2\/media?parent=131634"}],"wp:term":[{"taxonomy":"category","embeddable":true,"href":"https:\/\/sandzakpress.net\/arhiva\/wp-json\/wp\/v2\/categories?post=131634"},{"taxonomy":"post_tag","embeddable":true,"href":"https:\/\/sandzakpress.net\/arhiva\/wp-json\/wp\/v2\/tags?post=131634"}],"curies":[{"name":"wp","href":"https:\/\/api.w.org\/{rel}","templated":true}]}}