{"id":131619,"date":"2015-07-24T12:30:06","date_gmt":"2015-07-24T10:30:06","guid":{"rendered":"https:\/\/sandzakpress.net\/arhiva\/?p=131619"},"modified":"2015-07-24T16:43:53","modified_gmt":"2015-07-24T14:43:53","slug":"pester-dok-nije-uvedena-vanredna-situacija-vode-ni-za-rucak","status":"publish","type":"post","link":"https:\/\/sandzakpress.net\/arhiva\/pester-dok-nije-uvedena-vanredna-situacija-vode-ni-za-rucak\/","title":{"rendered":"Pe\u0161ter: Dok nije uvedena vanredna situacija, vode ni za ru\u010dak"},"content":{"rendered":"<p><img loading=\"lazy\" decoding=\"async\" class=\"\" src=\"http:\/\/www.blic.rs\/data\/images\/2014-01-22\/426115_voda-cisterna-uzice-ap_f.jpg?ver=1437669969\" alt=\"\" width=\"520\" height=\"299\" \/><\/p>\n<p><strong>Sand\u017eak\u00a0&#8211; Me\u0161tanima Pe\u0161tera, koji nemaju vodu, pristigla je u pomo\u0107 cisterna iz Po\u017eege koja snabdijeva selo Crvsko, a predstavnik \u0160taba za vanredne situacije Op\u0161tine Sjenica Dragan Pajovi\u0107 rekao je danas da vode u selima nije bilo \u010dak ni za pripremu ru\u010dka, dok nije uvedena vanredna situacija.<\/strong><\/p>\n<p>Pajovi\u0107, koji sa cisternom dnevno do sela Crvsko prolaze\u0107i kroz Doli\u0107e, dopremi 16 kubika vode ugro\u017eenim porodicama na Pe\u0161teru, rekao je ekipi Tanjuga da \u0107e Op\u0161tina Sjenica svima iza\u0107i u susret shodno svojim mogu\u0107nostima.<\/p>\n<p>&#8220;Hvala i ljudima iz Po\u017eege koji su poslali jednu cisternu koja zna\u010di mnogo&#8221;, rekao je on i dodao da bi bilo dobro kada bi dr\u017eava poslala bi bar dvije-tri cisterne u taj pasivni kraj.<\/p>\n<p>Pajovi\u0107 ka\u017ee da zbog nepristupa\u010dne teritorije i makadamskog puta dnevno ne mo\u017ee vi\u0161e od dvije cisterne vode da se dopreme do ugro\u017eenih sela a, kako je naglasio, voda koju dopreme te\u0161ko da mo\u017ee da zadovolji dnevne potrebe.<\/p>\n<p>&#8220;Ljudi \u0161tede to \u0161to dobiju, ne tro\u0161e, ve\u0107 je koriste samo za ono osnovno, da spreme da jedu i da imaju za pi\u0107e&#8221;, rekao je Pajovi\u0107.<\/p>\n<p>U selu Ugao, koje se nalazi na samoj granici sa Crnom Gorom, me\u0161tani tako\u0111e imaju problema sa vodom. Mje\u0161tanin Lutvija Huki\u0107 rekao je da taj kraj dugo godina kuburi sa vodom i da na cijeloj teritoriji pe\u0161terskog vodovoda postoje problemi sa vodom.<\/p>\n<p>&#8220;Najve\u0107i problem je u propaloj infrastrukturi. Cjevovodi, koji su ra\u0111eni 50-ih godina od azbestnih cijevi su popucali, a narod se snabdijeva po bunarima. Ne mo\u017ee svako da izdvoji novac za kupovnu vodu&#8221;, kaze Huki\u0107.<\/p>\n<p>Kako je naveo, ljudi su napravili i kupatila, ali &#8220;d\u017eaba sve, kada cijev pukne, kvar traje i op\u0161tina nema sredstava da ih popravi&#8221;.<\/p>\n<p>On se nada da \u0107e &#8220;ministarstvo i dr\u017eava u kojoj \u017eivi i pla\u0107a porez iza\u0107i u susret&#8221;.<\/p>\n<p>Stoka na Pe\u0161teru ovih dana napaja se tako \u0161to se te\u0161kim ma\u0161inama iskopa jama, a s obzirom na to da je taj kraj bogat vodom, oni koji prona\u0111u vodu napajaju svoju stoku, ali u su\u0161no vrijeme bare se isu\u0161e i &#8220;onda gledaju u nebo kada \u0107e ki\u0161a&#8221;.<\/p>\n<p>Prije dva dana na teritoriji Op\u0161tine Sjenica uvedena je vanredna situacija zbog problema sa vodom koju imaju mje\u0161tani pe\u0161terskih sela Bare, Karajuki\u0107a bunari, Crvsko, Ugao, Doli\u0107e, dio Bioca i druga sela u visinskim zonama pe\u0161terskog vodovoda.<\/p>\n<p>Pomo\u0107nik predsjednika te op\u0161tine Mi\u0107a Kali\u010danin rekao je Tanjugu da je ta odluka donijeta na sjednici \u0160taba za vanredne situacije i dodao da na izvoru ima dovoljno vode, ali da gra\u0111ani povremeno nemaju vodu zbog kvarova koji se \u010desto de\u0161avaju.<\/p>\n<p>(Blic)<\/p>\n","protected":false},"excerpt":{"rendered":"<p>Sand\u017eak\u00a0&#8211; Me\u0161tanima Pe\u0161tera, koji nemaju vodu, pristigla je u pomo\u0107 cisterna iz Po\u017eege koja snabdijeva selo Crvsko, a predstavnik \u0160taba za vanredne situacije Op\u0161tine Sjenica Dragan Pajovi\u0107 rekao je danas da vode u selima nije bilo \u010dak ni za pripremu ru\u010dka, dok nije uvedena vanredna situacija. Pajovi\u0107, koji sa cisternom dnevno do sela Crvsko prolaze\u0107i [&hellip;]<\/p>\n","protected":false},"author":83,"featured_media":131620,"comment_status":"open","ping_status":"open","sticky":false,"template":"","format":"standard","meta":{"footnotes":""},"categories":[52,327,3,8957,798,10429],"tags":[],"class_list":{"0":"post-131619","1":"post","2":"type-post","3":"status-publish","4":"format-standard","5":"has-post-thumbnail","7":"category-sjenica","8":"category-tutin","9":"category-privreda","10":"category-vijesti-dana","11":"category-teme","12":"category-vazno"},"yoast_head":"<!-- This site is optimized with the Yoast SEO Premium plugin v23.1 (Yoast SEO v24.9) - https:\/\/yoast.com\/wordpress\/plugins\/seo\/ -->\n<title>Pe\u0161ter: Dok nije uvedena vanredna situacija, vode ni za ru\u010dak<\/title>\n<meta name=\"robots\" content=\"index, follow, max-snippet:-1, max-image-preview:large, max-video-preview:-1\" \/>\n<link rel=\"canonical\" href=\"https:\/\/sandzakpress.net\/arhiva\/pester-dok-nije-uvedena-vanredna-situacija-vode-ni-za-rucak\/\" \/>\n<meta property=\"og:locale\" content=\"bs_BA\" \/>\n<meta property=\"og:type\" content=\"article\" \/>\n<meta property=\"og:title\" content=\"Pe\u0161ter: Dok nije uvedena vanredna situacija, vode ni za ru\u010dak\" \/>\n<meta property=\"og:description\" content=\"Sand\u017eak\u00a0&#8211; Me\u0161tanima Pe\u0161tera, koji nemaju vodu, pristigla je u pomo\u0107 cisterna iz Po\u017eege koja snabdijeva selo Crvsko, a predstavnik \u0160taba za vanredne situacije Op\u0161tine Sjenica Dragan Pajovi\u0107 rekao je danas da vode u selima nije bilo \u010dak ni za pripremu ru\u010dka, dok nije uvedena vanredna situacija. Pajovi\u0107, koji sa cisternom dnevno do sela Crvsko prolaze\u0107i [&hellip;]\" \/>\n<meta property=\"og:url\" content=\"https:\/\/sandzakpress.net\/arhiva\/pester-dok-nije-uvedena-vanredna-situacija-vode-ni-za-rucak\/\" \/>\n<meta property=\"og:site_name\" content=\"Sand\u017eak PRESS\" \/>\n<meta property=\"article:published_time\" content=\"2015-07-24T10:30:06+00:00\" \/>\n<meta property=\"article:modified_time\" content=\"2015-07-24T14:43:53+00:00\" \/>\n<meta property=\"og:image\" content=\"https:\/\/sandzakpress.net\/arhiva\/wp-content\/uploads\/2015\/07\/426115_voda-cisterna-uzice-ap_f.jpg\" \/>\n\t<meta property=\"og:image:width\" content=\"470\" \/>\n\t<meta property=\"og:image:height\" content=\"270\" \/>\n\t<meta property=\"og:image:type\" content=\"image\/jpeg\" \/>\n<meta name=\"author\" content=\"bosniak\" \/>\n<meta name=\"twitter:card\" content=\"summary_large_image\" \/>\n<meta name=\"twitter:label1\" content=\"Written by\" \/>\n\t<meta name=\"twitter:data1\" content=\"bosniak\" \/>\n\t<meta name=\"twitter:label2\" content=\"Est. reading time\" \/>\n\t<meta name=\"twitter:data2\" content=\"2 minute\" \/>\n<script type=\"application\/ld+json\" class=\"yoast-schema-graph\">{\"@context\":\"https:\/\/schema.org\",\"@graph\":[{\"@type\":\"Article\",\"@id\":\"https:\/\/sandzakpress.net\/arhiva\/pester-dok-nije-uvedena-vanredna-situacija-vode-ni-za-rucak\/#article\",\"isPartOf\":{\"@id\":\"https:\/\/sandzakpress.net\/arhiva\/pester-dok-nije-uvedena-vanredna-situacija-vode-ni-za-rucak\/\"},\"author\":{\"name\":\"bosniak\",\"@id\":\"https:\/\/sandzakpress.net\/arhiva\/#\/schema\/person\/c8baee722073534b583ea7bdb2e36c02\"},\"headline\":\"Pe\u0161ter: Dok nije uvedena vanredna situacija, vode ni za ru\u010dak\",\"datePublished\":\"2015-07-24T10:30:06+00:00\",\"dateModified\":\"2015-07-24T14:43:53+00:00\",\"mainEntityOfPage\":{\"@id\":\"https:\/\/sandzakpress.net\/arhiva\/pester-dok-nije-uvedena-vanredna-situacija-vode-ni-za-rucak\/\"},\"wordCount\":485,\"commentCount\":1,\"publisher\":{\"@id\":\"https:\/\/sandzakpress.net\/arhiva\/#\/schema\/person\/6e72b67d6e51910a1117b3b483ba20bd\"},\"image\":{\"@id\":\"https:\/\/sandzakpress.net\/arhiva\/pester-dok-nije-uvedena-vanredna-situacija-vode-ni-za-rucak\/#primaryimage\"},\"thumbnailUrl\":\"https:\/\/sandzakpress.net\/arhiva\/wp-content\/uploads\/2015\/07\/426115_voda-cisterna-uzice-ap_f.jpg\",\"articleSection\":[\"Sjenica\",\"Tutin\",\"Privreda\",\"VIJESTI DANA\",\"NAJNOVIJE\",\"VA\u017dNO!\"],\"inLanguage\":\"bs-BA\",\"potentialAction\":[{\"@type\":\"CommentAction\",\"name\":\"Comment\",\"target\":[\"https:\/\/sandzakpress.net\/arhiva\/pester-dok-nije-uvedena-vanredna-situacija-vode-ni-za-rucak\/#respond\"]}]},{\"@type\":\"WebPage\",\"@id\":\"https:\/\/sandzakpress.net\/arhiva\/pester-dok-nije-uvedena-vanredna-situacija-vode-ni-za-rucak\/\",\"url\":\"https:\/\/sandzakpress.net\/arhiva\/pester-dok-nije-uvedena-vanredna-situacija-vode-ni-za-rucak\/\",\"name\":\"Pe\u0161ter: Dok nije uvedena vanredna situacija, vode ni za ru\u010dak\",\"isPartOf\":{\"@id\":\"https:\/\/sandzakpress.net\/arhiva\/#website\"},\"primaryImageOfPage\":{\"@id\":\"https:\/\/sandzakpress.net\/arhiva\/pester-dok-nije-uvedena-vanredna-situacija-vode-ni-za-rucak\/#primaryimage\"},\"image\":{\"@id\":\"https:\/\/sandzakpress.net\/arhiva\/pester-dok-nije-uvedena-vanredna-situacija-vode-ni-za-rucak\/#primaryimage\"},\"thumbnailUrl\":\"https:\/\/sandzakpress.net\/arhiva\/wp-content\/uploads\/2015\/07\/426115_voda-cisterna-uzice-ap_f.jpg\",\"datePublished\":\"2015-07-24T10:30:06+00:00\",\"dateModified\":\"2015-07-24T14:43:53+00:00\",\"breadcrumb\":{\"@id\":\"https:\/\/sandzakpress.net\/arhiva\/pester-dok-nije-uvedena-vanredna-situacija-vode-ni-za-rucak\/#breadcrumb\"},\"inLanguage\":\"bs-BA\",\"potentialAction\":[{\"@type\":\"ReadAction\",\"target\":[\"https:\/\/sandzakpress.net\/arhiva\/pester-dok-nije-uvedena-vanredna-situacija-vode-ni-za-rucak\/\"]}]},{\"@type\":\"ImageObject\",\"inLanguage\":\"bs-BA\",\"@id\":\"https:\/\/sandzakpress.net\/arhiva\/pester-dok-nije-uvedena-vanredna-situacija-vode-ni-za-rucak\/#primaryimage\",\"url\":\"https:\/\/sandzakpress.net\/arhiva\/wp-content\/uploads\/2015\/07\/426115_voda-cisterna-uzice-ap_f.jpg\",\"contentUrl\":\"https:\/\/sandzakpress.net\/arhiva\/wp-content\/uploads\/2015\/07\/426115_voda-cisterna-uzice-ap_f.jpg\",\"width\":470,\"height\":270},{\"@type\":\"BreadcrumbList\",\"@id\":\"https:\/\/sandzakpress.net\/arhiva\/pester-dok-nije-uvedena-vanredna-situacija-vode-ni-za-rucak\/#breadcrumb\",\"itemListElement\":[{\"@type\":\"ListItem\",\"position\":1,\"name\":\"Home\",\"item\":\"https:\/\/sandzakpress.net\/arhiva\/\"},{\"@type\":\"ListItem\",\"position\":2,\"name\":\"Pe\u0161ter: Dok nije uvedena vanredna situacija, vode ni za ru\u010dak\"}]},{\"@type\":\"WebSite\",\"@id\":\"https:\/\/sandzakpress.net\/arhiva\/#website\",\"url\":\"https:\/\/sandzakpress.net\/arhiva\/\",\"name\":\"Sand\u017eak PRESS\",\"description\":\"Prve elektronske novine u Sand\u017eaku\",\"publisher\":{\"@id\":\"https:\/\/sandzakpress.net\/arhiva\/#\/schema\/person\/6e72b67d6e51910a1117b3b483ba20bd\"},\"potentialAction\":[{\"@type\":\"SearchAction\",\"target\":{\"@type\":\"EntryPoint\",\"urlTemplate\":\"https:\/\/sandzakpress.net\/arhiva\/?s={search_term_string}\"},\"query-input\":{\"@type\":\"PropertyValueSpecification\",\"valueRequired\":true,\"valueName\":\"search_term_string\"}}],\"inLanguage\":\"bs-BA\"},{\"@type\":[\"Person\",\"Organization\"],\"@id\":\"https:\/\/sandzakpress.net\/arhiva\/#\/schema\/person\/6e72b67d6e51910a1117b3b483ba20bd\",\"name\":\"Kul\",\"image\":{\"@type\":\"ImageObject\",\"inLanguage\":\"bs-BA\",\"@id\":\"https:\/\/sandzakpress.net\/arhiva\/#\/schema\/person\/image\/\",\"url\":\"https:\/\/secure.gravatar.com\/avatar\/42263f39aa27ac04c43cab85c280eb2e?s=96&d=mm&r=pg\",\"contentUrl\":\"https:\/\/secure.gravatar.com\/avatar\/42263f39aa27ac04c43cab85c280eb2e?s=96&d=mm&r=pg\",\"caption\":\"Kul\"},\"logo\":{\"@id\":\"https:\/\/sandzakpress.net\/arhiva\/#\/schema\/person\/image\/\"}},{\"@type\":\"Person\",\"@id\":\"https:\/\/sandzakpress.net\/arhiva\/#\/schema\/person\/c8baee722073534b583ea7bdb2e36c02\",\"name\":\"bosniak\",\"image\":{\"@type\":\"ImageObject\",\"inLanguage\":\"bs-BA\",\"@id\":\"https:\/\/sandzakpress.net\/arhiva\/#\/schema\/person\/image\/\",\"url\":\"https:\/\/secure.gravatar.com\/avatar\/a04fd330bfe3a36a72a0ad4a6d89fca7?s=96&d=mm&r=pg\",\"contentUrl\":\"https:\/\/secure.gravatar.com\/avatar\/a04fd330bfe3a36a72a0ad4a6d89fca7?s=96&d=mm&r=pg\",\"caption\":\"bosniak\"},\"url\":\"https:\/\/sandzakpress.net\/arhiva\/author\/bosniak\/\"}]}<\/script>\n<!-- \/ Yoast SEO Premium plugin. -->","yoast_head_json":{"title":"Pe\u0161ter: Dok nije uvedena vanredna situacija, vode ni za ru\u010dak","robots":{"index":"index","follow":"follow","max-snippet":"max-snippet:-1","max-image-preview":"max-image-preview:large","max-video-preview":"max-video-preview:-1"},"canonical":"https:\/\/sandzakpress.net\/arhiva\/pester-dok-nije-uvedena-vanredna-situacija-vode-ni-za-rucak\/","og_locale":"bs_BA","og_type":"article","og_title":"Pe\u0161ter: Dok nije uvedena vanredna situacija, vode ni za ru\u010dak","og_description":"Sand\u017eak\u00a0&#8211; Me\u0161tanima Pe\u0161tera, koji nemaju vodu, pristigla je u pomo\u0107 cisterna iz Po\u017eege koja snabdijeva selo Crvsko, a predstavnik \u0160taba za vanredne situacije Op\u0161tine Sjenica Dragan Pajovi\u0107 rekao je danas da vode u selima nije bilo \u010dak ni za pripremu ru\u010dka, dok nije uvedena vanredna situacija. Pajovi\u0107, koji sa cisternom dnevno do sela Crvsko prolaze\u0107i [&hellip;]","og_url":"https:\/\/sandzakpress.net\/arhiva\/pester-dok-nije-uvedena-vanredna-situacija-vode-ni-za-rucak\/","og_site_name":"Sand\u017eak PRESS","article_published_time":"2015-07-24T10:30:06+00:00","article_modified_time":"2015-07-24T14:43:53+00:00","og_image":[{"width":470,"height":270,"url":"https:\/\/sandzakpress.net\/arhiva\/wp-content\/uploads\/2015\/07\/426115_voda-cisterna-uzice-ap_f.jpg","type":"image\/jpeg"}],"author":"bosniak","twitter_card":"summary_large_image","twitter_misc":{"Written by":"bosniak","Est. reading time":"2 minute"},"schema":{"@context":"https:\/\/schema.org","@graph":[{"@type":"Article","@id":"https:\/\/sandzakpress.net\/arhiva\/pester-dok-nije-uvedena-vanredna-situacija-vode-ni-za-rucak\/#article","isPartOf":{"@id":"https:\/\/sandzakpress.net\/arhiva\/pester-dok-nije-uvedena-vanredna-situacija-vode-ni-za-rucak\/"},"author":{"name":"bosniak","@id":"https:\/\/sandzakpress.net\/arhiva\/#\/schema\/person\/c8baee722073534b583ea7bdb2e36c02"},"headline":"Pe\u0161ter: Dok nije uvedena vanredna situacija, vode ni za ru\u010dak","datePublished":"2015-07-24T10:30:06+00:00","dateModified":"2015-07-24T14:43:53+00:00","mainEntityOfPage":{"@id":"https:\/\/sandzakpress.net\/arhiva\/pester-dok-nije-uvedena-vanredna-situacija-vode-ni-za-rucak\/"},"wordCount":485,"commentCount":1,"publisher":{"@id":"https:\/\/sandzakpress.net\/arhiva\/#\/schema\/person\/6e72b67d6e51910a1117b3b483ba20bd"},"image":{"@id":"https:\/\/sandzakpress.net\/arhiva\/pester-dok-nije-uvedena-vanredna-situacija-vode-ni-za-rucak\/#primaryimage"},"thumbnailUrl":"https:\/\/sandzakpress.net\/arhiva\/wp-content\/uploads\/2015\/07\/426115_voda-cisterna-uzice-ap_f.jpg","articleSection":["Sjenica","Tutin","Privreda","VIJESTI DANA","NAJNOVIJE","VA\u017dNO!"],"inLanguage":"bs-BA","potentialAction":[{"@type":"CommentAction","name":"Comment","target":["https:\/\/sandzakpress.net\/arhiva\/pester-dok-nije-uvedena-vanredna-situacija-vode-ni-za-rucak\/#respond"]}]},{"@type":"WebPage","@id":"https:\/\/sandzakpress.net\/arhiva\/pester-dok-nije-uvedena-vanredna-situacija-vode-ni-za-rucak\/","url":"https:\/\/sandzakpress.net\/arhiva\/pester-dok-nije-uvedena-vanredna-situacija-vode-ni-za-rucak\/","name":"Pe\u0161ter: Dok nije uvedena vanredna situacija, vode ni za ru\u010dak","isPartOf":{"@id":"https:\/\/sandzakpress.net\/arhiva\/#website"},"primaryImageOfPage":{"@id":"https:\/\/sandzakpress.net\/arhiva\/pester-dok-nije-uvedena-vanredna-situacija-vode-ni-za-rucak\/#primaryimage"},"image":{"@id":"https:\/\/sandzakpress.net\/arhiva\/pester-dok-nije-uvedena-vanredna-situacija-vode-ni-za-rucak\/#primaryimage"},"thumbnailUrl":"https:\/\/sandzakpress.net\/arhiva\/wp-content\/uploads\/2015\/07\/426115_voda-cisterna-uzice-ap_f.jpg","datePublished":"2015-07-24T10:30:06+00:00","dateModified":"2015-07-24T14:43:53+00:00","breadcrumb":{"@id":"https:\/\/sandzakpress.net\/arhiva\/pester-dok-nije-uvedena-vanredna-situacija-vode-ni-za-rucak\/#breadcrumb"},"inLanguage":"bs-BA","potentialAction":[{"@type":"ReadAction","target":["https:\/\/sandzakpress.net\/arhiva\/pester-dok-nije-uvedena-vanredna-situacija-vode-ni-za-rucak\/"]}]},{"@type":"ImageObject","inLanguage":"bs-BA","@id":"https:\/\/sandzakpress.net\/arhiva\/pester-dok-nije-uvedena-vanredna-situacija-vode-ni-za-rucak\/#primaryimage","url":"https:\/\/sandzakpress.net\/arhiva\/wp-content\/uploads\/2015\/07\/426115_voda-cisterna-uzice-ap_f.jpg","contentUrl":"https:\/\/sandzakpress.net\/arhiva\/wp-content\/uploads\/2015\/07\/426115_voda-cisterna-uzice-ap_f.jpg","width":470,"height":270},{"@type":"BreadcrumbList","@id":"https:\/\/sandzakpress.net\/arhiva\/pester-dok-nije-uvedena-vanredna-situacija-vode-ni-za-rucak\/#breadcrumb","itemListElement":[{"@type":"ListItem","position":1,"name":"Home","item":"https:\/\/sandzakpress.net\/arhiva\/"},{"@type":"ListItem","position":2,"name":"Pe\u0161ter: Dok nije uvedena vanredna situacija, vode ni za ru\u010dak"}]},{"@type":"WebSite","@id":"https:\/\/sandzakpress.net\/arhiva\/#website","url":"https:\/\/sandzakpress.net\/arhiva\/","name":"Sand\u017eak PRESS","description":"Prve elektronske novine u Sand\u017eaku","publisher":{"@id":"https:\/\/sandzakpress.net\/arhiva\/#\/schema\/person\/6e72b67d6e51910a1117b3b483ba20bd"},"potentialAction":[{"@type":"SearchAction","target":{"@type":"EntryPoint","urlTemplate":"https:\/\/sandzakpress.net\/arhiva\/?s={search_term_string}"},"query-input":{"@type":"PropertyValueSpecification","valueRequired":true,"valueName":"search_term_string"}}],"inLanguage":"bs-BA"},{"@type":["Person","Organization"],"@id":"https:\/\/sandzakpress.net\/arhiva\/#\/schema\/person\/6e72b67d6e51910a1117b3b483ba20bd","name":"Kul","image":{"@type":"ImageObject","inLanguage":"bs-BA","@id":"https:\/\/sandzakpress.net\/arhiva\/#\/schema\/person\/image\/","url":"https:\/\/secure.gravatar.com\/avatar\/42263f39aa27ac04c43cab85c280eb2e?s=96&d=mm&r=pg","contentUrl":"https:\/\/secure.gravatar.com\/avatar\/42263f39aa27ac04c43cab85c280eb2e?s=96&d=mm&r=pg","caption":"Kul"},"logo":{"@id":"https:\/\/sandzakpress.net\/arhiva\/#\/schema\/person\/image\/"}},{"@type":"Person","@id":"https:\/\/sandzakpress.net\/arhiva\/#\/schema\/person\/c8baee722073534b583ea7bdb2e36c02","name":"bosniak","image":{"@type":"ImageObject","inLanguage":"bs-BA","@id":"https:\/\/sandzakpress.net\/arhiva\/#\/schema\/person\/image\/","url":"https:\/\/secure.gravatar.com\/avatar\/a04fd330bfe3a36a72a0ad4a6d89fca7?s=96&d=mm&r=pg","contentUrl":"https:\/\/secure.gravatar.com\/avatar\/a04fd330bfe3a36a72a0ad4a6d89fca7?s=96&d=mm&r=pg","caption":"bosniak"},"url":"https:\/\/sandzakpress.net\/arhiva\/author\/bosniak\/"}]}},"_links":{"self":[{"href":"https:\/\/sandzakpress.net\/arhiva\/wp-json\/wp\/v2\/posts\/131619"}],"collection":[{"href":"https:\/\/sandzakpress.net\/arhiva\/wp-json\/wp\/v2\/posts"}],"about":[{"href":"https:\/\/sandzakpress.net\/arhiva\/wp-json\/wp\/v2\/types\/post"}],"author":[{"embeddable":true,"href":"https:\/\/sandzakpress.net\/arhiva\/wp-json\/wp\/v2\/users\/83"}],"replies":[{"embeddable":true,"href":"https:\/\/sandzakpress.net\/arhiva\/wp-json\/wp\/v2\/comments?post=131619"}],"version-history":[{"count":0,"href":"https:\/\/sandzakpress.net\/arhiva\/wp-json\/wp\/v2\/posts\/131619\/revisions"}],"wp:featuredmedia":[{"embeddable":true,"href":"https:\/\/sandzakpress.net\/arhiva\/wp-json\/wp\/v2\/media\/131620"}],"wp:attachment":[{"href":"https:\/\/sandzakpress.net\/arhiva\/wp-json\/wp\/v2\/media?parent=131619"}],"wp:term":[{"taxonomy":"category","embeddable":true,"href":"https:\/\/sandzakpress.net\/arhiva\/wp-json\/wp\/v2\/categories?post=131619"},{"taxonomy":"post_tag","embeddable":true,"href":"https:\/\/sandzakpress.net\/arhiva\/wp-json\/wp\/v2\/tags?post=131619"}],"curies":[{"name":"wp","href":"https:\/\/api.w.org\/{rel}","templated":true}]}}