{"id":131613,"date":"2015-07-24T12:22:39","date_gmt":"2015-07-24T10:22:39","guid":{"rendered":"https:\/\/sandzakpress.net\/arhiva\/?p=131613"},"modified":"2015-07-24T12:22:39","modified_gmt":"2015-07-24T10:22:39","slug":"turska-daje-bazu-za-americke-napade-na-idis","status":"publish","type":"post","link":"https:\/\/sandzakpress.net\/arhiva\/turska-daje-bazu-za-americke-napade-na-idis\/","title":{"rendered":"Turska daje bazu za ameri\u010dke napade na IDI\u0160"},"content":{"rendered":"<p><img decoding=\"async\" src=\"http:\/\/balkans.aljazeera.net\/sites\/staff.balkans.aljazeera.com\/files\/styles\/aljazeera_article_main_image\/public\/turska-avioni_getty_main.jpg?itok=yo7aqfhZ\" alt=\"Turska, Avioni\" \/><\/p>\n<p><strong>Turska &#8211; Nakon vi\u0161emjese\u010dnih pregovora, Turska je pristala dozvoliti ameri\u010dkoj vojsci da izvodi zra\u010dne udare protiv boraca grupe Islamska dr\u017eava Irak i \u0160am\u00a0iz NATO baze Incirlik, nedaleko od sirijske granice, kazali su zvani\u010dnici Ministarstva odbrane SAD-a.<\/strong><\/p>\n<p>Prema dogovoru koji su postigli predsjednici Barack Obama i Recep Tayyip Erdogan, ameri\u010dke snage \u0107e koristiti bazu na istoku Turske za polijetanje aviona i bespilotnih letjelica u borbi protiv IDI\u0160-a, prenose ameri\u010dki mediji.<\/p>\n<p>Upotreba ove baze dio je \u0161ireg dogovora SAD-a i Turske o produbljivanju saradnje u borbi protiv IDI\u0160-a, koji postaje sve opasniji po Tursku.<\/p>\n<p><strong>Granica od 900 kilometara<\/strong><\/p>\n<p>Turska je suo\u010dena s rastu\u0107om nesigurno\u0161\u0107u na 900 kilometara dugoj granici sa Sirijom.<\/p>\n<p>Ranije u \u010detvrtka turska vojska je ispalila tenkovske granate preko granice, nakon \u0161to su borci IDI\u0160-a ubili turskog vojnika u blizini Kilisa, podru\u010dja u koje je nedavno Anakara poslala poja\u010danja.<\/p>\n<p>Mogu\u0107nost slanja bombarderskih misija iz Incirlika, velike baze koju koriste i ameri\u010dke i turske snage, na mete u obli\u017enjoj Siriji \u0107e biti velika prednost.<\/p>\n<p>Takvi letovi su do sada uglavnom morali kretati iz zemalja Zaljeva.<\/p>\n<p>Ameri\u010dki zvani\u010dnici su odbili dati detalje dogovora s Turskom, a glasnogovornik je odbio zvani\u010dno potvrditi ovu vijest, kazav\u0161i da to Turska treba u\u010diniti.<\/p>\n<p>Turski zvani\u010dnici su odbili komentirati izvje\u0161taj.<\/p>\n<p>Glasnogovornik Bijele ku\u0107e Josh Earnest je saop\u0107io da su se Obama i Erdogan dogovorili da &#8220;prodube&#8221; saradnju u borbi protiv IDI\u0160-a.<\/p>\n<p>Upitan konkretno o kori\u0161tenju baze Incirlik, on je novinarima kazao: &#8220;Nisam u mogu\u0107nosti govoriti o nekim od tih pitanja, zbog sigurnosnih razloga vezanih za odre\u0111ene operacije.&#8221;<\/p>\n<p><strong>&#8216;Dublja saradnja&#8217;<br \/>\n<\/strong><br \/>\nVijest o kori\u0161tenju baze je do\u0161la nakon \u0161to je oficir turske vojske ubijen, a dva vojnika ranjena u prekograni\u010dnoj razmjeni vatre s borcima ISIL-a u Siriji u \u010detvrtka.<\/p>\n<p>Turski mediji su javili da su borci IDI\u0160-a otvorili vatru na turske snage u Kilsu, turskom pograni\u010dnom gradu.<\/p>\n<p>Novinari Anadolije su Al Jazeeri kazali da je turska vojska odmah uzvratila napadom na bazu IDI\u0160-a na sirijskoj teritoriji, pri \u010demu su ubili najmanje jednog borca.<\/p>\n<p>Novinar Al Jazeere Mohammed Jamjoom je iz Suruca javio da je prisutna napetost na tursko-sirijskoj granici.<\/p>\n<p>&#8220;Turski mediji javljaju da je do\u0161lo do zna\u010dajne razmjene vatre&#8221;, kazao je on.<\/p>\n<p>&#8220;Dobili smo izvje\u0161taje da su borbeni avioni F16 letjeli iznad granice nakon napada, iako turske vlasti i vojska navode da se samo radi o rutinskim izvi\u0111a\u010dkim letovima.&#8221;<\/p>\n<p>&#8220;Turski mediji za ovaj incident ka\u017eu da je prvi direktni sukob IDI\u0160-a i turske vojske.&#8221;<\/p>\n<p><strong>Potvr\u0111ena smrt oficira<br \/>\n<\/strong><br \/>\nSukobi su nastavljeni kasno u \u010detvrtka, kada je turska vojska nastavila s te\u0161kom vatrom na polo\u017eaje IDI\u0160-a u Siriji.<\/p>\n<p>Turska vojska je objavila saop\u0107enje u kojem je potvr\u0111ena smrt oficira te je navedeno da je pet boraca IDI\u0160-a otvorilo vatru na vojnike, koji su uzvratili.<\/p>\n<p>&#8220;Jedan oficir je ubijen, a dva vojnika su ranjena&#8221;, navodi se u saop\u0107enju.<\/p>\n<p>Nakon napada, turska Vlada je rasporedila dodatne snage na sirijsku granicu.<\/p>\n<p>Izvor: Al Jazeera i agencije<\/p>\n","protected":false},"excerpt":{"rendered":"<p>Turska &#8211; Nakon vi\u0161emjese\u010dnih pregovora, Turska je pristala dozvoliti ameri\u010dkoj vojsci da izvodi zra\u010dne udare protiv boraca grupe Islamska dr\u017eava Irak i \u0160am\u00a0iz NATO baze Incirlik, nedaleko od sirijske granice, kazali su zvani\u010dnici Ministarstva odbrane SAD-a. Prema dogovoru koji su postigli predsjednici Barack Obama i Recep Tayyip Erdogan, ameri\u010dke snage \u0107e koristiti bazu na istoku [&hellip;]<\/p>\n","protected":false},"author":83,"featured_media":131614,"comment_status":"open","ping_status":"open","sticky":false,"template":"","format":"standard","meta":{"footnotes":""},"categories":[10512,798,2692],"tags":[],"class_list":{"0":"post-131613","1":"post","2":"type-post","3":"status-publish","4":"format-standard","5":"has-post-thumbnail","7":"category-islamski-svijet","8":"category-teme","9":"category-turska-gradovi"},"yoast_head":"<!-- This site is optimized with the Yoast SEO Premium plugin v23.1 (Yoast SEO v24.9) - https:\/\/yoast.com\/wordpress\/plugins\/seo\/ -->\n<title>Turska daje bazu za ameri\u010dke napade na IDI\u0160<\/title>\n<meta name=\"robots\" content=\"index, follow, max-snippet:-1, max-image-preview:large, max-video-preview:-1\" \/>\n<link rel=\"canonical\" href=\"https:\/\/sandzakpress.net\/arhiva\/turska-daje-bazu-za-americke-napade-na-idis\/\" \/>\n<meta property=\"og:locale\" content=\"bs_BA\" \/>\n<meta property=\"og:type\" content=\"article\" \/>\n<meta property=\"og:title\" content=\"Turska daje bazu za ameri\u010dke napade na IDI\u0160\" \/>\n<meta property=\"og:description\" content=\"Turska &#8211; Nakon vi\u0161emjese\u010dnih pregovora, Turska je pristala dozvoliti ameri\u010dkoj vojsci da izvodi zra\u010dne udare protiv boraca grupe Islamska dr\u017eava Irak i \u0160am\u00a0iz NATO baze Incirlik, nedaleko od sirijske granice, kazali su zvani\u010dnici Ministarstva odbrane SAD-a. Prema dogovoru koji su postigli predsjednici Barack Obama i Recep Tayyip Erdogan, ameri\u010dke snage \u0107e koristiti bazu na istoku [&hellip;]\" \/>\n<meta property=\"og:url\" content=\"https:\/\/sandzakpress.net\/arhiva\/turska-daje-bazu-za-americke-napade-na-idis\/\" \/>\n<meta property=\"og:site_name\" content=\"Sand\u017eak PRESS\" \/>\n<meta property=\"article:published_time\" content=\"2015-07-24T10:22:39+00:00\" \/>\n<meta property=\"og:image\" content=\"https:\/\/sandzakpress.net\/arhiva\/wp-content\/uploads\/2015\/07\/turska-avioni_getty_main.jpg\" \/>\n\t<meta property=\"og:image:width\" content=\"900\" \/>\n\t<meta property=\"og:image:height\" content=\"600\" \/>\n\t<meta property=\"og:image:type\" content=\"image\/jpeg\" \/>\n<meta name=\"author\" content=\"bosniak\" \/>\n<meta name=\"twitter:card\" content=\"summary_large_image\" \/>\n<meta name=\"twitter:label1\" content=\"Written by\" \/>\n\t<meta name=\"twitter:data1\" content=\"bosniak\" \/>\n\t<meta name=\"twitter:label2\" content=\"Est. reading time\" \/>\n\t<meta name=\"twitter:data2\" content=\"3 minute\" \/>\n<script type=\"application\/ld+json\" class=\"yoast-schema-graph\">{\"@context\":\"https:\/\/schema.org\",\"@graph\":[{\"@type\":\"Article\",\"@id\":\"https:\/\/sandzakpress.net\/arhiva\/turska-daje-bazu-za-americke-napade-na-idis\/#article\",\"isPartOf\":{\"@id\":\"https:\/\/sandzakpress.net\/arhiva\/turska-daje-bazu-za-americke-napade-na-idis\/\"},\"author\":{\"name\":\"bosniak\",\"@id\":\"https:\/\/sandzakpress.net\/arhiva\/#\/schema\/person\/c8baee722073534b583ea7bdb2e36c02\"},\"headline\":\"Turska daje bazu za ameri\u010dke napade na IDI\u0160\",\"datePublished\":\"2015-07-24T10:22:39+00:00\",\"mainEntityOfPage\":{\"@id\":\"https:\/\/sandzakpress.net\/arhiva\/turska-daje-bazu-za-americke-napade-na-idis\/\"},\"wordCount\":533,\"commentCount\":25,\"publisher\":{\"@id\":\"https:\/\/sandzakpress.net\/arhiva\/#\/schema\/person\/6e72b67d6e51910a1117b3b483ba20bd\"},\"image\":{\"@id\":\"https:\/\/sandzakpress.net\/arhiva\/turska-daje-bazu-za-americke-napade-na-idis\/#primaryimage\"},\"thumbnailUrl\":\"https:\/\/sandzakpress.net\/arhiva\/wp-content\/uploads\/2015\/07\/turska-avioni_getty_main.jpg\",\"articleSection\":[\"Islamski svijet\",\"NAJNOVIJE\",\"Turska\"],\"inLanguage\":\"bs-BA\",\"potentialAction\":[{\"@type\":\"CommentAction\",\"name\":\"Comment\",\"target\":[\"https:\/\/sandzakpress.net\/arhiva\/turska-daje-bazu-za-americke-napade-na-idis\/#respond\"]}]},{\"@type\":\"WebPage\",\"@id\":\"https:\/\/sandzakpress.net\/arhiva\/turska-daje-bazu-za-americke-napade-na-idis\/\",\"url\":\"https:\/\/sandzakpress.net\/arhiva\/turska-daje-bazu-za-americke-napade-na-idis\/\",\"name\":\"Turska daje bazu za ameri\u010dke napade na IDI\u0160\",\"isPartOf\":{\"@id\":\"https:\/\/sandzakpress.net\/arhiva\/#website\"},\"primaryImageOfPage\":{\"@id\":\"https:\/\/sandzakpress.net\/arhiva\/turska-daje-bazu-za-americke-napade-na-idis\/#primaryimage\"},\"image\":{\"@id\":\"https:\/\/sandzakpress.net\/arhiva\/turska-daje-bazu-za-americke-napade-na-idis\/#primaryimage\"},\"thumbnailUrl\":\"https:\/\/sandzakpress.net\/arhiva\/wp-content\/uploads\/2015\/07\/turska-avioni_getty_main.jpg\",\"datePublished\":\"2015-07-24T10:22:39+00:00\",\"breadcrumb\":{\"@id\":\"https:\/\/sandzakpress.net\/arhiva\/turska-daje-bazu-za-americke-napade-na-idis\/#breadcrumb\"},\"inLanguage\":\"bs-BA\",\"potentialAction\":[{\"@type\":\"ReadAction\",\"target\":[\"https:\/\/sandzakpress.net\/arhiva\/turska-daje-bazu-za-americke-napade-na-idis\/\"]}]},{\"@type\":\"ImageObject\",\"inLanguage\":\"bs-BA\",\"@id\":\"https:\/\/sandzakpress.net\/arhiva\/turska-daje-bazu-za-americke-napade-na-idis\/#primaryimage\",\"url\":\"https:\/\/sandzakpress.net\/arhiva\/wp-content\/uploads\/2015\/07\/turska-avioni_getty_main.jpg\",\"contentUrl\":\"https:\/\/sandzakpress.net\/arhiva\/wp-content\/uploads\/2015\/07\/turska-avioni_getty_main.jpg\",\"width\":900,\"height\":600},{\"@type\":\"BreadcrumbList\",\"@id\":\"https:\/\/sandzakpress.net\/arhiva\/turska-daje-bazu-za-americke-napade-na-idis\/#breadcrumb\",\"itemListElement\":[{\"@type\":\"ListItem\",\"position\":1,\"name\":\"Home\",\"item\":\"https:\/\/sandzakpress.net\/arhiva\/\"},{\"@type\":\"ListItem\",\"position\":2,\"name\":\"Turska daje bazu za ameri\u010dke napade na IDI\u0160\"}]},{\"@type\":\"WebSite\",\"@id\":\"https:\/\/sandzakpress.net\/arhiva\/#website\",\"url\":\"https:\/\/sandzakpress.net\/arhiva\/\",\"name\":\"Sand\u017eak PRESS\",\"description\":\"Prve elektronske novine u Sand\u017eaku\",\"publisher\":{\"@id\":\"https:\/\/sandzakpress.net\/arhiva\/#\/schema\/person\/6e72b67d6e51910a1117b3b483ba20bd\"},\"potentialAction\":[{\"@type\":\"SearchAction\",\"target\":{\"@type\":\"EntryPoint\",\"urlTemplate\":\"https:\/\/sandzakpress.net\/arhiva\/?s={search_term_string}\"},\"query-input\":{\"@type\":\"PropertyValueSpecification\",\"valueRequired\":true,\"valueName\":\"search_term_string\"}}],\"inLanguage\":\"bs-BA\"},{\"@type\":[\"Person\",\"Organization\"],\"@id\":\"https:\/\/sandzakpress.net\/arhiva\/#\/schema\/person\/6e72b67d6e51910a1117b3b483ba20bd\",\"name\":\"Kul\",\"image\":{\"@type\":\"ImageObject\",\"inLanguage\":\"bs-BA\",\"@id\":\"https:\/\/sandzakpress.net\/arhiva\/#\/schema\/person\/image\/\",\"url\":\"https:\/\/secure.gravatar.com\/avatar\/42263f39aa27ac04c43cab85c280eb2e?s=96&d=mm&r=pg\",\"contentUrl\":\"https:\/\/secure.gravatar.com\/avatar\/42263f39aa27ac04c43cab85c280eb2e?s=96&d=mm&r=pg\",\"caption\":\"Kul\"},\"logo\":{\"@id\":\"https:\/\/sandzakpress.net\/arhiva\/#\/schema\/person\/image\/\"}},{\"@type\":\"Person\",\"@id\":\"https:\/\/sandzakpress.net\/arhiva\/#\/schema\/person\/c8baee722073534b583ea7bdb2e36c02\",\"name\":\"bosniak\",\"image\":{\"@type\":\"ImageObject\",\"inLanguage\":\"bs-BA\",\"@id\":\"https:\/\/sandzakpress.net\/arhiva\/#\/schema\/person\/image\/\",\"url\":\"https:\/\/secure.gravatar.com\/avatar\/a04fd330bfe3a36a72a0ad4a6d89fca7?s=96&d=mm&r=pg\",\"contentUrl\":\"https:\/\/secure.gravatar.com\/avatar\/a04fd330bfe3a36a72a0ad4a6d89fca7?s=96&d=mm&r=pg\",\"caption\":\"bosniak\"},\"url\":\"https:\/\/sandzakpress.net\/arhiva\/author\/bosniak\/\"}]}<\/script>\n<!-- \/ Yoast SEO Premium plugin. -->","yoast_head_json":{"title":"Turska daje bazu za ameri\u010dke napade na IDI\u0160","robots":{"index":"index","follow":"follow","max-snippet":"max-snippet:-1","max-image-preview":"max-image-preview:large","max-video-preview":"max-video-preview:-1"},"canonical":"https:\/\/sandzakpress.net\/arhiva\/turska-daje-bazu-za-americke-napade-na-idis\/","og_locale":"bs_BA","og_type":"article","og_title":"Turska daje bazu za ameri\u010dke napade na IDI\u0160","og_description":"Turska &#8211; Nakon vi\u0161emjese\u010dnih pregovora, Turska je pristala dozvoliti ameri\u010dkoj vojsci da izvodi zra\u010dne udare protiv boraca grupe Islamska dr\u017eava Irak i \u0160am\u00a0iz NATO baze Incirlik, nedaleko od sirijske granice, kazali su zvani\u010dnici Ministarstva odbrane SAD-a. Prema dogovoru koji su postigli predsjednici Barack Obama i Recep Tayyip Erdogan, ameri\u010dke snage \u0107e koristiti bazu na istoku [&hellip;]","og_url":"https:\/\/sandzakpress.net\/arhiva\/turska-daje-bazu-za-americke-napade-na-idis\/","og_site_name":"Sand\u017eak PRESS","article_published_time":"2015-07-24T10:22:39+00:00","og_image":[{"width":900,"height":600,"url":"https:\/\/sandzakpress.net\/arhiva\/wp-content\/uploads\/2015\/07\/turska-avioni_getty_main.jpg","type":"image\/jpeg"}],"author":"bosniak","twitter_card":"summary_large_image","twitter_misc":{"Written by":"bosniak","Est. reading time":"3 minute"},"schema":{"@context":"https:\/\/schema.org","@graph":[{"@type":"Article","@id":"https:\/\/sandzakpress.net\/arhiva\/turska-daje-bazu-za-americke-napade-na-idis\/#article","isPartOf":{"@id":"https:\/\/sandzakpress.net\/arhiva\/turska-daje-bazu-za-americke-napade-na-idis\/"},"author":{"name":"bosniak","@id":"https:\/\/sandzakpress.net\/arhiva\/#\/schema\/person\/c8baee722073534b583ea7bdb2e36c02"},"headline":"Turska daje bazu za ameri\u010dke napade na IDI\u0160","datePublished":"2015-07-24T10:22:39+00:00","mainEntityOfPage":{"@id":"https:\/\/sandzakpress.net\/arhiva\/turska-daje-bazu-za-americke-napade-na-idis\/"},"wordCount":533,"commentCount":25,"publisher":{"@id":"https:\/\/sandzakpress.net\/arhiva\/#\/schema\/person\/6e72b67d6e51910a1117b3b483ba20bd"},"image":{"@id":"https:\/\/sandzakpress.net\/arhiva\/turska-daje-bazu-za-americke-napade-na-idis\/#primaryimage"},"thumbnailUrl":"https:\/\/sandzakpress.net\/arhiva\/wp-content\/uploads\/2015\/07\/turska-avioni_getty_main.jpg","articleSection":["Islamski svijet","NAJNOVIJE","Turska"],"inLanguage":"bs-BA","potentialAction":[{"@type":"CommentAction","name":"Comment","target":["https:\/\/sandzakpress.net\/arhiva\/turska-daje-bazu-za-americke-napade-na-idis\/#respond"]}]},{"@type":"WebPage","@id":"https:\/\/sandzakpress.net\/arhiva\/turska-daje-bazu-za-americke-napade-na-idis\/","url":"https:\/\/sandzakpress.net\/arhiva\/turska-daje-bazu-za-americke-napade-na-idis\/","name":"Turska daje bazu za ameri\u010dke napade na IDI\u0160","isPartOf":{"@id":"https:\/\/sandzakpress.net\/arhiva\/#website"},"primaryImageOfPage":{"@id":"https:\/\/sandzakpress.net\/arhiva\/turska-daje-bazu-za-americke-napade-na-idis\/#primaryimage"},"image":{"@id":"https:\/\/sandzakpress.net\/arhiva\/turska-daje-bazu-za-americke-napade-na-idis\/#primaryimage"},"thumbnailUrl":"https:\/\/sandzakpress.net\/arhiva\/wp-content\/uploads\/2015\/07\/turska-avioni_getty_main.jpg","datePublished":"2015-07-24T10:22:39+00:00","breadcrumb":{"@id":"https:\/\/sandzakpress.net\/arhiva\/turska-daje-bazu-za-americke-napade-na-idis\/#breadcrumb"},"inLanguage":"bs-BA","potentialAction":[{"@type":"ReadAction","target":["https:\/\/sandzakpress.net\/arhiva\/turska-daje-bazu-za-americke-napade-na-idis\/"]}]},{"@type":"ImageObject","inLanguage":"bs-BA","@id":"https:\/\/sandzakpress.net\/arhiva\/turska-daje-bazu-za-americke-napade-na-idis\/#primaryimage","url":"https:\/\/sandzakpress.net\/arhiva\/wp-content\/uploads\/2015\/07\/turska-avioni_getty_main.jpg","contentUrl":"https:\/\/sandzakpress.net\/arhiva\/wp-content\/uploads\/2015\/07\/turska-avioni_getty_main.jpg","width":900,"height":600},{"@type":"BreadcrumbList","@id":"https:\/\/sandzakpress.net\/arhiva\/turska-daje-bazu-za-americke-napade-na-idis\/#breadcrumb","itemListElement":[{"@type":"ListItem","position":1,"name":"Home","item":"https:\/\/sandzakpress.net\/arhiva\/"},{"@type":"ListItem","position":2,"name":"Turska daje bazu za ameri\u010dke napade na IDI\u0160"}]},{"@type":"WebSite","@id":"https:\/\/sandzakpress.net\/arhiva\/#website","url":"https:\/\/sandzakpress.net\/arhiva\/","name":"Sand\u017eak PRESS","description":"Prve elektronske novine u Sand\u017eaku","publisher":{"@id":"https:\/\/sandzakpress.net\/arhiva\/#\/schema\/person\/6e72b67d6e51910a1117b3b483ba20bd"},"potentialAction":[{"@type":"SearchAction","target":{"@type":"EntryPoint","urlTemplate":"https:\/\/sandzakpress.net\/arhiva\/?s={search_term_string}"},"query-input":{"@type":"PropertyValueSpecification","valueRequired":true,"valueName":"search_term_string"}}],"inLanguage":"bs-BA"},{"@type":["Person","Organization"],"@id":"https:\/\/sandzakpress.net\/arhiva\/#\/schema\/person\/6e72b67d6e51910a1117b3b483ba20bd","name":"Kul","image":{"@type":"ImageObject","inLanguage":"bs-BA","@id":"https:\/\/sandzakpress.net\/arhiva\/#\/schema\/person\/image\/","url":"https:\/\/secure.gravatar.com\/avatar\/42263f39aa27ac04c43cab85c280eb2e?s=96&d=mm&r=pg","contentUrl":"https:\/\/secure.gravatar.com\/avatar\/42263f39aa27ac04c43cab85c280eb2e?s=96&d=mm&r=pg","caption":"Kul"},"logo":{"@id":"https:\/\/sandzakpress.net\/arhiva\/#\/schema\/person\/image\/"}},{"@type":"Person","@id":"https:\/\/sandzakpress.net\/arhiva\/#\/schema\/person\/c8baee722073534b583ea7bdb2e36c02","name":"bosniak","image":{"@type":"ImageObject","inLanguage":"bs-BA","@id":"https:\/\/sandzakpress.net\/arhiva\/#\/schema\/person\/image\/","url":"https:\/\/secure.gravatar.com\/avatar\/a04fd330bfe3a36a72a0ad4a6d89fca7?s=96&d=mm&r=pg","contentUrl":"https:\/\/secure.gravatar.com\/avatar\/a04fd330bfe3a36a72a0ad4a6d89fca7?s=96&d=mm&r=pg","caption":"bosniak"},"url":"https:\/\/sandzakpress.net\/arhiva\/author\/bosniak\/"}]}},"_links":{"self":[{"href":"https:\/\/sandzakpress.net\/arhiva\/wp-json\/wp\/v2\/posts\/131613"}],"collection":[{"href":"https:\/\/sandzakpress.net\/arhiva\/wp-json\/wp\/v2\/posts"}],"about":[{"href":"https:\/\/sandzakpress.net\/arhiva\/wp-json\/wp\/v2\/types\/post"}],"author":[{"embeddable":true,"href":"https:\/\/sandzakpress.net\/arhiva\/wp-json\/wp\/v2\/users\/83"}],"replies":[{"embeddable":true,"href":"https:\/\/sandzakpress.net\/arhiva\/wp-json\/wp\/v2\/comments?post=131613"}],"version-history":[{"count":0,"href":"https:\/\/sandzakpress.net\/arhiva\/wp-json\/wp\/v2\/posts\/131613\/revisions"}],"wp:featuredmedia":[{"embeddable":true,"href":"https:\/\/sandzakpress.net\/arhiva\/wp-json\/wp\/v2\/media\/131614"}],"wp:attachment":[{"href":"https:\/\/sandzakpress.net\/arhiva\/wp-json\/wp\/v2\/media?parent=131613"}],"wp:term":[{"taxonomy":"category","embeddable":true,"href":"https:\/\/sandzakpress.net\/arhiva\/wp-json\/wp\/v2\/categories?post=131613"},{"taxonomy":"post_tag","embeddable":true,"href":"https:\/\/sandzakpress.net\/arhiva\/wp-json\/wp\/v2\/tags?post=131613"}],"curies":[{"name":"wp","href":"https:\/\/api.w.org\/{rel}","templated":true}]}}