{"id":131470,"date":"2015-07-21T12:41:05","date_gmt":"2015-07-21T10:41:05","guid":{"rendered":"https:\/\/sandzakpress.net\/arhiva\/?p=131470"},"modified":"2015-07-21T12:41:05","modified_gmt":"2015-07-21T10:41:05","slug":"erdogan-ostro-osudio-napad-u-surucu-terorizam-nema-ni-vjeru-ni-naciju","status":"publish","type":"post","link":"https:\/\/sandzakpress.net\/arhiva\/erdogan-ostro-osudio-napad-u-surucu-terorizam-nema-ni-vjeru-ni-naciju\/","title":{"rendered":"Erdogan o\u0161tro osudio napad u Surucu: Terorizam nema ni vjeru, ni naciju"},"content":{"rendered":"<p><strong><img loading=\"lazy\" decoding=\"async\" class=\"alignnone size-full wp-image-89222\" src=\"http:\/\/www.sandzacke.rs\/wp-content\/uploads\/2015\/07\/erdogan-60.jpg\" alt=\"erdogan 60\" width=\"620\" height=\"400\" \/><\/strong><\/p>\n<p>&nbsp;<\/p>\n<p><strong>Turski predsjednik Recep Tayyip Erdogan najo\u0161trije je osudio teroristi\u010dki napad u Surucu, u kojem je danas poginulo 28, a ranjeno oko 100 ljudi, javlja Anadolu Agency (AA).<\/strong><\/p>\n<p>U Turskoj Republici Sjeverni Kipar (TRSK) danas se obilje\u017eava Dan mira i slobode u znak sje\u0107anja na 41. godi\u0161njicu od Mirovne intervencije Turske, a tim povodom u posjetu Sjevernom Kipru doputovao je i turski predsjednik Recep Tayyip Erdogan.<\/p>\n<p>Erdogan je ovom prilikom najo\u0161trije osudio dana\u0161nji teroristi\u010dki napad u ju\u017enom turskom gradu Surucu u blizini sirijske granice.<\/p>\n<p>\u201cDanas oko 13 sati je poginulo 28, a ranjen veliki broj na\u0161ih sunarodnjaka u Surucu kod Sanliurfe. To nas je zavilo u duboku tugu. U svoje ime i u ime nacije najo\u0161trije osu\u0111ujem i proklinjem po\u010dinioce tog divlja\u010dkog \u010dina, Terorizam se mora proklinjati odakle god da dolazi, on nema ni vjeru, ni naciju, ni rasu, niti dr\u017eavu. Uvijek smo isticali da se protiv terorizma mora voditi me\u0111unarodna borba\u201d,\u00a0poru\u010dio je turski predsjednik Erdogan.<\/p>\n<p>U jakoj eksploziji u dvori\u0161tu Kulturnog centra u Surucu poginulo je najmanje 28, a ranjeno blzu 100 osoba, saop\u0107ilo je ranije tursko Ministarstvo unutra\u0161njih poslova Turske.<\/p>\n<p>Nacionalni praznik Dan mira i slobode se u Turskoj Republici Sjeverni Kipar obilje\u017eava povodom sje\u0107anja na tursku mirovnu intervenciju kojom je zaustavila nasilje kiparskih Grka nad turskom zajednicom na sjevernom dijelu otoka.<\/p>\n<p>Nasilje radikalnih kiparskih Grka nad tamo\u0161njim Turcima po\u010delo je 1950. godine kada su Turci zatra\u017eili pravo na odre\u0111enje svoje budu\u0107nosti i kiparsko pitanje predali Ujedinjenim nacijama (UN).<\/p>\n<p>Nasilje i masakri intenzivirani su 1955. godine kada je iz Gr\u010dke na Kipar stigao oficir Grivas i osnovao teroristi\u010dku organizaciju EOKA. Kulminacija nasilja desila se 1974. godine kada je tada\u0161nji lider EOKA-e Nikos Sampson s ciljem pripajanja otoka Gr\u010dkoj izveo udar na Kipru.<\/p>\n<p>S ciljem odbrane suvereniteta i cjelovitosti Kipra, Turska je u skladu sa Ugovorom o jamstvu iz 1960. godine od Velike Britanije zatra\u017eila zajedni\u010dku intervenciju. Nakon negativnog odgovora Britanije, Turska je 20. jula 1974. godine pokrenula Mirovnu intervenciju na Kipru.<\/p>\n<p>AA<\/p>\n","protected":false},"excerpt":{"rendered":"<p>&nbsp; Turski predsjednik Recep Tayyip Erdogan najo\u0161trije je osudio teroristi\u010dki napad u Surucu, u kojem je danas poginulo 28, a ranjeno oko 100 ljudi, javlja Anadolu Agency (AA). U Turskoj Republici Sjeverni Kipar (TRSK) danas se obilje\u017eava Dan mira i slobode u znak sje\u0107anja na 41. godi\u0161njicu od Mirovne intervencije Turske, a tim povodom u [&hellip;]<\/p>\n","protected":false},"author":83,"featured_media":131471,"comment_status":"open","ping_status":"open","sticky":false,"template":"","format":"standard","meta":{"footnotes":""},"categories":[10512,798,2692,10429],"tags":[],"class_list":{"0":"post-131470","1":"post","2":"type-post","3":"status-publish","4":"format-standard","5":"has-post-thumbnail","7":"category-islamski-svijet","8":"category-teme","9":"category-turska-gradovi","10":"category-vazno"},"yoast_head":"<!-- This site is optimized with the Yoast SEO Premium plugin v23.1 (Yoast SEO v24.9) - https:\/\/yoast.com\/wordpress\/plugins\/seo\/ -->\n<title>Erdogan o\u0161tro osudio napad u Surucu: Terorizam nema ni vjeru, ni naciju<\/title>\n<meta name=\"robots\" content=\"index, follow, max-snippet:-1, max-image-preview:large, max-video-preview:-1\" \/>\n<link rel=\"canonical\" href=\"https:\/\/sandzakpress.net\/arhiva\/erdogan-ostro-osudio-napad-u-surucu-terorizam-nema-ni-vjeru-ni-naciju\/\" \/>\n<meta property=\"og:locale\" content=\"bs_BA\" \/>\n<meta property=\"og:type\" content=\"article\" \/>\n<meta property=\"og:title\" content=\"Erdogan o\u0161tro osudio napad u Surucu: Terorizam nema ni vjeru, ni naciju\" \/>\n<meta property=\"og:description\" content=\"&nbsp; Turski predsjednik Recep Tayyip Erdogan najo\u0161trije je osudio teroristi\u010dki napad u Surucu, u kojem je danas poginulo 28, a ranjeno oko 100 ljudi, javlja Anadolu Agency (AA). U Turskoj Republici Sjeverni Kipar (TRSK) danas se obilje\u017eava Dan mira i slobode u znak sje\u0107anja na 41. godi\u0161njicu od Mirovne intervencije Turske, a tim povodom u [&hellip;]\" \/>\n<meta property=\"og:url\" content=\"https:\/\/sandzakpress.net\/arhiva\/erdogan-ostro-osudio-napad-u-surucu-terorizam-nema-ni-vjeru-ni-naciju\/\" \/>\n<meta property=\"og:site_name\" content=\"Sand\u017eak PRESS\" \/>\n<meta property=\"article:published_time\" content=\"2015-07-21T10:41:05+00:00\" \/>\n<meta property=\"og:image\" content=\"https:\/\/sandzakpress.net\/arhiva\/wp-content\/uploads\/2015\/07\/erdogan-60.jpg\" \/>\n\t<meta property=\"og:image:width\" content=\"620\" \/>\n\t<meta property=\"og:image:height\" content=\"400\" \/>\n\t<meta property=\"og:image:type\" content=\"image\/jpeg\" \/>\n<meta name=\"author\" content=\"bosniak\" \/>\n<meta name=\"twitter:card\" content=\"summary_large_image\" \/>\n<meta name=\"twitter:label1\" content=\"Written by\" \/>\n\t<meta name=\"twitter:data1\" content=\"bosniak\" \/>\n\t<meta name=\"twitter:label2\" content=\"Est. reading time\" \/>\n\t<meta name=\"twitter:data2\" content=\"2 minute\" \/>\n<script type=\"application\/ld+json\" class=\"yoast-schema-graph\">{\"@context\":\"https:\/\/schema.org\",\"@graph\":[{\"@type\":\"Article\",\"@id\":\"https:\/\/sandzakpress.net\/arhiva\/erdogan-ostro-osudio-napad-u-surucu-terorizam-nema-ni-vjeru-ni-naciju\/#article\",\"isPartOf\":{\"@id\":\"https:\/\/sandzakpress.net\/arhiva\/erdogan-ostro-osudio-napad-u-surucu-terorizam-nema-ni-vjeru-ni-naciju\/\"},\"author\":{\"name\":\"bosniak\",\"@id\":\"https:\/\/sandzakpress.net\/arhiva\/#\/schema\/person\/c8baee722073534b583ea7bdb2e36c02\"},\"headline\":\"Erdogan o\u0161tro osudio napad u Surucu: Terorizam nema ni vjeru, ni naciju\",\"datePublished\":\"2015-07-21T10:41:05+00:00\",\"mainEntityOfPage\":{\"@id\":\"https:\/\/sandzakpress.net\/arhiva\/erdogan-ostro-osudio-napad-u-surucu-terorizam-nema-ni-vjeru-ni-naciju\/\"},\"wordCount\":358,\"commentCount\":12,\"publisher\":{\"@id\":\"https:\/\/sandzakpress.net\/arhiva\/#\/schema\/person\/6e72b67d6e51910a1117b3b483ba20bd\"},\"image\":{\"@id\":\"https:\/\/sandzakpress.net\/arhiva\/erdogan-ostro-osudio-napad-u-surucu-terorizam-nema-ni-vjeru-ni-naciju\/#primaryimage\"},\"thumbnailUrl\":\"https:\/\/sandzakpress.net\/arhiva\/wp-content\/uploads\/2015\/07\/erdogan-60.jpg\",\"articleSection\":[\"Islamski svijet\",\"NAJNOVIJE\",\"Turska\",\"VA\u017dNO!\"],\"inLanguage\":\"bs-BA\",\"potentialAction\":[{\"@type\":\"CommentAction\",\"name\":\"Comment\",\"target\":[\"https:\/\/sandzakpress.net\/arhiva\/erdogan-ostro-osudio-napad-u-surucu-terorizam-nema-ni-vjeru-ni-naciju\/#respond\"]}]},{\"@type\":\"WebPage\",\"@id\":\"https:\/\/sandzakpress.net\/arhiva\/erdogan-ostro-osudio-napad-u-surucu-terorizam-nema-ni-vjeru-ni-naciju\/\",\"url\":\"https:\/\/sandzakpress.net\/arhiva\/erdogan-ostro-osudio-napad-u-surucu-terorizam-nema-ni-vjeru-ni-naciju\/\",\"name\":\"Erdogan o\u0161tro osudio napad u Surucu: Terorizam nema ni vjeru, ni naciju\",\"isPartOf\":{\"@id\":\"https:\/\/sandzakpress.net\/arhiva\/#website\"},\"primaryImageOfPage\":{\"@id\":\"https:\/\/sandzakpress.net\/arhiva\/erdogan-ostro-osudio-napad-u-surucu-terorizam-nema-ni-vjeru-ni-naciju\/#primaryimage\"},\"image\":{\"@id\":\"https:\/\/sandzakpress.net\/arhiva\/erdogan-ostro-osudio-napad-u-surucu-terorizam-nema-ni-vjeru-ni-naciju\/#primaryimage\"},\"thumbnailUrl\":\"https:\/\/sandzakpress.net\/arhiva\/wp-content\/uploads\/2015\/07\/erdogan-60.jpg\",\"datePublished\":\"2015-07-21T10:41:05+00:00\",\"breadcrumb\":{\"@id\":\"https:\/\/sandzakpress.net\/arhiva\/erdogan-ostro-osudio-napad-u-surucu-terorizam-nema-ni-vjeru-ni-naciju\/#breadcrumb\"},\"inLanguage\":\"bs-BA\",\"potentialAction\":[{\"@type\":\"ReadAction\",\"target\":[\"https:\/\/sandzakpress.net\/arhiva\/erdogan-ostro-osudio-napad-u-surucu-terorizam-nema-ni-vjeru-ni-naciju\/\"]}]},{\"@type\":\"ImageObject\",\"inLanguage\":\"bs-BA\",\"@id\":\"https:\/\/sandzakpress.net\/arhiva\/erdogan-ostro-osudio-napad-u-surucu-terorizam-nema-ni-vjeru-ni-naciju\/#primaryimage\",\"url\":\"https:\/\/sandzakpress.net\/arhiva\/wp-content\/uploads\/2015\/07\/erdogan-60.jpg\",\"contentUrl\":\"https:\/\/sandzakpress.net\/arhiva\/wp-content\/uploads\/2015\/07\/erdogan-60.jpg\",\"width\":620,\"height\":400},{\"@type\":\"BreadcrumbList\",\"@id\":\"https:\/\/sandzakpress.net\/arhiva\/erdogan-ostro-osudio-napad-u-surucu-terorizam-nema-ni-vjeru-ni-naciju\/#breadcrumb\",\"itemListElement\":[{\"@type\":\"ListItem\",\"position\":1,\"name\":\"Home\",\"item\":\"https:\/\/sandzakpress.net\/arhiva\/\"},{\"@type\":\"ListItem\",\"position\":2,\"name\":\"Erdogan o\u0161tro osudio napad u Surucu: Terorizam nema ni vjeru, ni naciju\"}]},{\"@type\":\"WebSite\",\"@id\":\"https:\/\/sandzakpress.net\/arhiva\/#website\",\"url\":\"https:\/\/sandzakpress.net\/arhiva\/\",\"name\":\"Sand\u017eak PRESS\",\"description\":\"Prve elektronske novine u Sand\u017eaku\",\"publisher\":{\"@id\":\"https:\/\/sandzakpress.net\/arhiva\/#\/schema\/person\/6e72b67d6e51910a1117b3b483ba20bd\"},\"potentialAction\":[{\"@type\":\"SearchAction\",\"target\":{\"@type\":\"EntryPoint\",\"urlTemplate\":\"https:\/\/sandzakpress.net\/arhiva\/?s={search_term_string}\"},\"query-input\":{\"@type\":\"PropertyValueSpecification\",\"valueRequired\":true,\"valueName\":\"search_term_string\"}}],\"inLanguage\":\"bs-BA\"},{\"@type\":[\"Person\",\"Organization\"],\"@id\":\"https:\/\/sandzakpress.net\/arhiva\/#\/schema\/person\/6e72b67d6e51910a1117b3b483ba20bd\",\"name\":\"Kul\",\"image\":{\"@type\":\"ImageObject\",\"inLanguage\":\"bs-BA\",\"@id\":\"https:\/\/sandzakpress.net\/arhiva\/#\/schema\/person\/image\/\",\"url\":\"https:\/\/secure.gravatar.com\/avatar\/42263f39aa27ac04c43cab85c280eb2e?s=96&d=mm&r=pg\",\"contentUrl\":\"https:\/\/secure.gravatar.com\/avatar\/42263f39aa27ac04c43cab85c280eb2e?s=96&d=mm&r=pg\",\"caption\":\"Kul\"},\"logo\":{\"@id\":\"https:\/\/sandzakpress.net\/arhiva\/#\/schema\/person\/image\/\"}},{\"@type\":\"Person\",\"@id\":\"https:\/\/sandzakpress.net\/arhiva\/#\/schema\/person\/c8baee722073534b583ea7bdb2e36c02\",\"name\":\"bosniak\",\"image\":{\"@type\":\"ImageObject\",\"inLanguage\":\"bs-BA\",\"@id\":\"https:\/\/sandzakpress.net\/arhiva\/#\/schema\/person\/image\/\",\"url\":\"https:\/\/secure.gravatar.com\/avatar\/a04fd330bfe3a36a72a0ad4a6d89fca7?s=96&d=mm&r=pg\",\"contentUrl\":\"https:\/\/secure.gravatar.com\/avatar\/a04fd330bfe3a36a72a0ad4a6d89fca7?s=96&d=mm&r=pg\",\"caption\":\"bosniak\"},\"url\":\"https:\/\/sandzakpress.net\/arhiva\/author\/bosniak\/\"}]}<\/script>\n<!-- \/ Yoast SEO Premium plugin. -->","yoast_head_json":{"title":"Erdogan o\u0161tro osudio napad u Surucu: Terorizam nema ni vjeru, ni naciju","robots":{"index":"index","follow":"follow","max-snippet":"max-snippet:-1","max-image-preview":"max-image-preview:large","max-video-preview":"max-video-preview:-1"},"canonical":"https:\/\/sandzakpress.net\/arhiva\/erdogan-ostro-osudio-napad-u-surucu-terorizam-nema-ni-vjeru-ni-naciju\/","og_locale":"bs_BA","og_type":"article","og_title":"Erdogan o\u0161tro osudio napad u Surucu: Terorizam nema ni vjeru, ni naciju","og_description":"&nbsp; Turski predsjednik Recep Tayyip Erdogan najo\u0161trije je osudio teroristi\u010dki napad u Surucu, u kojem je danas poginulo 28, a ranjeno oko 100 ljudi, javlja Anadolu Agency (AA). U Turskoj Republici Sjeverni Kipar (TRSK) danas se obilje\u017eava Dan mira i slobode u znak sje\u0107anja na 41. godi\u0161njicu od Mirovne intervencije Turske, a tim povodom u [&hellip;]","og_url":"https:\/\/sandzakpress.net\/arhiva\/erdogan-ostro-osudio-napad-u-surucu-terorizam-nema-ni-vjeru-ni-naciju\/","og_site_name":"Sand\u017eak PRESS","article_published_time":"2015-07-21T10:41:05+00:00","og_image":[{"width":620,"height":400,"url":"https:\/\/sandzakpress.net\/arhiva\/wp-content\/uploads\/2015\/07\/erdogan-60.jpg","type":"image\/jpeg"}],"author":"bosniak","twitter_card":"summary_large_image","twitter_misc":{"Written by":"bosniak","Est. reading time":"2 minute"},"schema":{"@context":"https:\/\/schema.org","@graph":[{"@type":"Article","@id":"https:\/\/sandzakpress.net\/arhiva\/erdogan-ostro-osudio-napad-u-surucu-terorizam-nema-ni-vjeru-ni-naciju\/#article","isPartOf":{"@id":"https:\/\/sandzakpress.net\/arhiva\/erdogan-ostro-osudio-napad-u-surucu-terorizam-nema-ni-vjeru-ni-naciju\/"},"author":{"name":"bosniak","@id":"https:\/\/sandzakpress.net\/arhiva\/#\/schema\/person\/c8baee722073534b583ea7bdb2e36c02"},"headline":"Erdogan o\u0161tro osudio napad u Surucu: Terorizam nema ni vjeru, ni naciju","datePublished":"2015-07-21T10:41:05+00:00","mainEntityOfPage":{"@id":"https:\/\/sandzakpress.net\/arhiva\/erdogan-ostro-osudio-napad-u-surucu-terorizam-nema-ni-vjeru-ni-naciju\/"},"wordCount":358,"commentCount":12,"publisher":{"@id":"https:\/\/sandzakpress.net\/arhiva\/#\/schema\/person\/6e72b67d6e51910a1117b3b483ba20bd"},"image":{"@id":"https:\/\/sandzakpress.net\/arhiva\/erdogan-ostro-osudio-napad-u-surucu-terorizam-nema-ni-vjeru-ni-naciju\/#primaryimage"},"thumbnailUrl":"https:\/\/sandzakpress.net\/arhiva\/wp-content\/uploads\/2015\/07\/erdogan-60.jpg","articleSection":["Islamski svijet","NAJNOVIJE","Turska","VA\u017dNO!"],"inLanguage":"bs-BA","potentialAction":[{"@type":"CommentAction","name":"Comment","target":["https:\/\/sandzakpress.net\/arhiva\/erdogan-ostro-osudio-napad-u-surucu-terorizam-nema-ni-vjeru-ni-naciju\/#respond"]}]},{"@type":"WebPage","@id":"https:\/\/sandzakpress.net\/arhiva\/erdogan-ostro-osudio-napad-u-surucu-terorizam-nema-ni-vjeru-ni-naciju\/","url":"https:\/\/sandzakpress.net\/arhiva\/erdogan-ostro-osudio-napad-u-surucu-terorizam-nema-ni-vjeru-ni-naciju\/","name":"Erdogan o\u0161tro osudio napad u Surucu: Terorizam nema ni vjeru, ni naciju","isPartOf":{"@id":"https:\/\/sandzakpress.net\/arhiva\/#website"},"primaryImageOfPage":{"@id":"https:\/\/sandzakpress.net\/arhiva\/erdogan-ostro-osudio-napad-u-surucu-terorizam-nema-ni-vjeru-ni-naciju\/#primaryimage"},"image":{"@id":"https:\/\/sandzakpress.net\/arhiva\/erdogan-ostro-osudio-napad-u-surucu-terorizam-nema-ni-vjeru-ni-naciju\/#primaryimage"},"thumbnailUrl":"https:\/\/sandzakpress.net\/arhiva\/wp-content\/uploads\/2015\/07\/erdogan-60.jpg","datePublished":"2015-07-21T10:41:05+00:00","breadcrumb":{"@id":"https:\/\/sandzakpress.net\/arhiva\/erdogan-ostro-osudio-napad-u-surucu-terorizam-nema-ni-vjeru-ni-naciju\/#breadcrumb"},"inLanguage":"bs-BA","potentialAction":[{"@type":"ReadAction","target":["https:\/\/sandzakpress.net\/arhiva\/erdogan-ostro-osudio-napad-u-surucu-terorizam-nema-ni-vjeru-ni-naciju\/"]}]},{"@type":"ImageObject","inLanguage":"bs-BA","@id":"https:\/\/sandzakpress.net\/arhiva\/erdogan-ostro-osudio-napad-u-surucu-terorizam-nema-ni-vjeru-ni-naciju\/#primaryimage","url":"https:\/\/sandzakpress.net\/arhiva\/wp-content\/uploads\/2015\/07\/erdogan-60.jpg","contentUrl":"https:\/\/sandzakpress.net\/arhiva\/wp-content\/uploads\/2015\/07\/erdogan-60.jpg","width":620,"height":400},{"@type":"BreadcrumbList","@id":"https:\/\/sandzakpress.net\/arhiva\/erdogan-ostro-osudio-napad-u-surucu-terorizam-nema-ni-vjeru-ni-naciju\/#breadcrumb","itemListElement":[{"@type":"ListItem","position":1,"name":"Home","item":"https:\/\/sandzakpress.net\/arhiva\/"},{"@type":"ListItem","position":2,"name":"Erdogan o\u0161tro osudio napad u Surucu: Terorizam nema ni vjeru, ni naciju"}]},{"@type":"WebSite","@id":"https:\/\/sandzakpress.net\/arhiva\/#website","url":"https:\/\/sandzakpress.net\/arhiva\/","name":"Sand\u017eak PRESS","description":"Prve elektronske novine u Sand\u017eaku","publisher":{"@id":"https:\/\/sandzakpress.net\/arhiva\/#\/schema\/person\/6e72b67d6e51910a1117b3b483ba20bd"},"potentialAction":[{"@type":"SearchAction","target":{"@type":"EntryPoint","urlTemplate":"https:\/\/sandzakpress.net\/arhiva\/?s={search_term_string}"},"query-input":{"@type":"PropertyValueSpecification","valueRequired":true,"valueName":"search_term_string"}}],"inLanguage":"bs-BA"},{"@type":["Person","Organization"],"@id":"https:\/\/sandzakpress.net\/arhiva\/#\/schema\/person\/6e72b67d6e51910a1117b3b483ba20bd","name":"Kul","image":{"@type":"ImageObject","inLanguage":"bs-BA","@id":"https:\/\/sandzakpress.net\/arhiva\/#\/schema\/person\/image\/","url":"https:\/\/secure.gravatar.com\/avatar\/42263f39aa27ac04c43cab85c280eb2e?s=96&d=mm&r=pg","contentUrl":"https:\/\/secure.gravatar.com\/avatar\/42263f39aa27ac04c43cab85c280eb2e?s=96&d=mm&r=pg","caption":"Kul"},"logo":{"@id":"https:\/\/sandzakpress.net\/arhiva\/#\/schema\/person\/image\/"}},{"@type":"Person","@id":"https:\/\/sandzakpress.net\/arhiva\/#\/schema\/person\/c8baee722073534b583ea7bdb2e36c02","name":"bosniak","image":{"@type":"ImageObject","inLanguage":"bs-BA","@id":"https:\/\/sandzakpress.net\/arhiva\/#\/schema\/person\/image\/","url":"https:\/\/secure.gravatar.com\/avatar\/a04fd330bfe3a36a72a0ad4a6d89fca7?s=96&d=mm&r=pg","contentUrl":"https:\/\/secure.gravatar.com\/avatar\/a04fd330bfe3a36a72a0ad4a6d89fca7?s=96&d=mm&r=pg","caption":"bosniak"},"url":"https:\/\/sandzakpress.net\/arhiva\/author\/bosniak\/"}]}},"_links":{"self":[{"href":"https:\/\/sandzakpress.net\/arhiva\/wp-json\/wp\/v2\/posts\/131470"}],"collection":[{"href":"https:\/\/sandzakpress.net\/arhiva\/wp-json\/wp\/v2\/posts"}],"about":[{"href":"https:\/\/sandzakpress.net\/arhiva\/wp-json\/wp\/v2\/types\/post"}],"author":[{"embeddable":true,"href":"https:\/\/sandzakpress.net\/arhiva\/wp-json\/wp\/v2\/users\/83"}],"replies":[{"embeddable":true,"href":"https:\/\/sandzakpress.net\/arhiva\/wp-json\/wp\/v2\/comments?post=131470"}],"version-history":[{"count":0,"href":"https:\/\/sandzakpress.net\/arhiva\/wp-json\/wp\/v2\/posts\/131470\/revisions"}],"wp:featuredmedia":[{"embeddable":true,"href":"https:\/\/sandzakpress.net\/arhiva\/wp-json\/wp\/v2\/media\/131471"}],"wp:attachment":[{"href":"https:\/\/sandzakpress.net\/arhiva\/wp-json\/wp\/v2\/media?parent=131470"}],"wp:term":[{"taxonomy":"category","embeddable":true,"href":"https:\/\/sandzakpress.net\/arhiva\/wp-json\/wp\/v2\/categories?post=131470"},{"taxonomy":"post_tag","embeddable":true,"href":"https:\/\/sandzakpress.net\/arhiva\/wp-json\/wp\/v2\/tags?post=131470"}],"curies":[{"name":"wp","href":"https:\/\/api.w.org\/{rel}","templated":true}]}}