{"id":13144,"date":"2011-02-24T14:15:38","date_gmt":"2011-02-24T13:15:38","guid":{"rendered":"https:\/\/sandzakpress.net\/arhiva\/?p=13144"},"modified":"2011-02-24T14:15:38","modified_gmt":"2011-02-24T13:15:38","slug":"otvoren-salon-kluba-likovnih-umetnika-%e2%80%9craska-skola%e2%80%9d","status":"publish","type":"post","link":"https:\/\/sandzakpress.net\/arhiva\/otvoren-salon-kluba-likovnih-umetnika-%e2%80%9craska-skola%e2%80%9d\/","title":{"rendered":"Otvoren Salon Kluba likovnih umetnika \u201cRa\u0161ka \u0161kola\u201d"},"content":{"rendered":"<p><strong><a href=\"https:\/\/sandzakpress.net\/arhiva\/wp-content\/uploads\/2011\/02\/index1.jpg\"><img loading=\"lazy\" decoding=\"async\" class=\"alignleft size-full wp-image-13145\" src=\"https:\/\/sandzakpress.net\/arhiva\/wp-content\/uploads\/2011\/02\/index1.jpg\" alt=\"\" width=\"112\" height=\"150\" \/><\/a>Novi Pazar &#8211; Laureati Godi\u0161njeg salona Kluba likovnih umjetnika \u201cRa\u0161ka \u0161kola\u201d ove godine su Aleksa Arsovi\u0107 za sliku pod nazivom Nikolja\u010da, Bojan Milovi\u0107 za fotografiju Pomo\u0107, Goran Trajkovi\u0107 za Kaligrafiju, dok je nagrada za mladog umjetnika pripala Danki Paunovi\u0107 za skulpturu Krsta\u0161.<\/strong><\/p>\n<p>Godi\u0161nji salon Kluba likovnih umjetnika \u201cRa\u0161ka \u0161kola\u201d Centra za kulturu \u201cGradac\u201d u Ra\u0161ki okupio je ove godine 21 autora iz Raske, Novog Pazara, Leposavica i Kraljeva.<\/p>\n<p>\u201cSveop\u0161ta heterogenost koja se mo\u017ee zapaziti u stvarala\u0161tvu u\u010desnika izlo\u017ebe ukazuje na neiscrpnu snagu i obilje potencijala koje umjetnost pruza\u201d, rekla je otvaraju\u0107i Sedmi godi\u0161nji salon istori\u010darka umjetnosti Danijela Panovi\u010d.<\/p>\n<p>Umjetnici razli\u010dtih generacija, likovnih opredeljenja i izraza izlo\u017eili su 31 rad \u2013 od ulja na platnu, akrilika, pastela, kaligrafije, skulpture, do fotografije i digitalnog printa.<\/p>\n<p>Kao i prethodni, i ovaj, 7. salon je \u017eiriran, a radove svojih kolega ocjenjivalo je troje umjetnika koji nisu u\u010destvovali na izlo\u017ebi.<\/p>\n<p>Klub likovnih umjetnika \u201cRa\u0161ka \u0161kola\u201d osnovan je 1985.godine i danas broji stotinak \u010dlanova iz Ra\u0161ke, Novog Pazara, Kraljeva i Leposavi\u0107a.<\/p>\n<p>U okviru Kluba rade skole crtanja, grafita i stripa koje poha\u0111a veliki broj polaznika.<\/p>\n<p>Izvor:<strong> RadioStoPlus.com<\/strong><\/p>\n","protected":false},"excerpt":{"rendered":"<p>Novi Pazar &#8211; Laureati Godi\u0161njeg salona Kluba likovnih umjetnika \u201cRa\u0161ka \u0161kola\u201d ove godine su Aleksa Arsovi\u0107 za sliku pod nazivom Nikolja\u010da, Bojan Milovi\u0107 za fotografiju Pomo\u0107, Goran Trajkovi\u0107 za Kaligrafiju, dok je nagrada za mladog umjetnika pripala Danki Paunovi\u0107 za skulpturu Krsta\u0161. Godi\u0161nji salon Kluba likovnih umjetnika \u201cRa\u0161ka \u0161kola\u201d Centra za kulturu \u201cGradac\u201d u Ra\u0161ki [&hellip;]<\/p>\n","protected":false},"author":13,"featured_media":13145,"comment_status":"open","ping_status":"open","sticky":false,"template":"","format":"standard","meta":{"footnotes":""},"categories":[72],"tags":[],"class_list":{"0":"post-13144","1":"post","2":"type-post","3":"status-publish","4":"format-standard","5":"has-post-thumbnail","7":"category-novi-pazar"},"yoast_head":"<!-- This site is optimized with the Yoast SEO Premium plugin v23.1 (Yoast SEO v24.9) - https:\/\/yoast.com\/wordpress\/plugins\/seo\/ -->\n<title>Otvoren Salon Kluba likovnih umetnika \u201cRa\u0161ka \u0161kola\u201d<\/title>\n<meta name=\"robots\" content=\"index, follow, max-snippet:-1, max-image-preview:large, max-video-preview:-1\" \/>\n<link rel=\"canonical\" href=\"https:\/\/sandzakpress.net\/arhiva\/otvoren-salon-kluba-likovnih-umetnika-\u201craska-skola\u201d\/\" \/>\n<meta property=\"og:locale\" content=\"bs_BA\" \/>\n<meta property=\"og:type\" content=\"article\" \/>\n<meta property=\"og:title\" content=\"Otvoren Salon Kluba likovnih umetnika \u201cRa\u0161ka \u0161kola\u201d\" \/>\n<meta property=\"og:description\" content=\"Novi Pazar &#8211; Laureati Godi\u0161njeg salona Kluba likovnih umjetnika \u201cRa\u0161ka \u0161kola\u201d ove godine su Aleksa Arsovi\u0107 za sliku pod nazivom Nikolja\u010da, Bojan Milovi\u0107 za fotografiju Pomo\u0107, Goran Trajkovi\u0107 za Kaligrafiju, dok je nagrada za mladog umjetnika pripala Danki Paunovi\u0107 za skulpturu Krsta\u0161. Godi\u0161nji salon Kluba likovnih umjetnika \u201cRa\u0161ka \u0161kola\u201d Centra za kulturu \u201cGradac\u201d u Ra\u0161ki [&hellip;]\" \/>\n<meta property=\"og:url\" content=\"https:\/\/sandzakpress.net\/arhiva\/otvoren-salon-kluba-likovnih-umetnika-\u201craska-skola\u201d\/\" \/>\n<meta property=\"og:site_name\" content=\"Sand\u017eak PRESS\" \/>\n<meta property=\"article:published_time\" content=\"2011-02-24T13:15:38+00:00\" \/>\n<meta property=\"og:image\" content=\"https:\/\/sandzakpress.net\/arhiva\/wp-content\/uploads\/2011\/02\/index1.jpg\" \/>\n\t<meta property=\"og:image:width\" content=\"112\" \/>\n\t<meta property=\"og:image:height\" content=\"150\" \/>\n\t<meta property=\"og:image:type\" content=\"image\/jpeg\" \/>\n<meta name=\"twitter:card\" content=\"summary_large_image\" \/>\n<meta name=\"twitter:label1\" content=\"Written by\" \/>\n\t<meta name=\"twitter:data1\" content=\"\" \/>\n\t<meta name=\"twitter:label2\" content=\"Est. reading time\" \/>\n\t<meta name=\"twitter:data2\" content=\"1 minuta\" \/>\n<script type=\"application\/ld+json\" class=\"yoast-schema-graph\">{\"@context\":\"https:\/\/schema.org\",\"@graph\":[{\"@type\":\"Article\",\"@id\":\"https:\/\/sandzakpress.net\/arhiva\/otvoren-salon-kluba-likovnih-umetnika-%e2%80%9craska-skola%e2%80%9d\/#article\",\"isPartOf\":{\"@id\":\"https:\/\/sandzakpress.net\/arhiva\/otvoren-salon-kluba-likovnih-umetnika-%e2%80%9craska-skola%e2%80%9d\/\"},\"author\":{\"name\":\"\",\"@id\":\"\"},\"headline\":\"Otvoren Salon Kluba likovnih umetnika \u201cRa\u0161ka \u0161kola\u201d\",\"datePublished\":\"2011-02-24T13:15:38+00:00\",\"mainEntityOfPage\":{\"@id\":\"https:\/\/sandzakpress.net\/arhiva\/otvoren-salon-kluba-likovnih-umetnika-%e2%80%9craska-skola%e2%80%9d\/\"},\"wordCount\":208,\"commentCount\":0,\"publisher\":{\"@id\":\"https:\/\/sandzakpress.net\/arhiva\/#\/schema\/person\/6e72b67d6e51910a1117b3b483ba20bd\"},\"image\":{\"@id\":\"https:\/\/sandzakpress.net\/arhiva\/otvoren-salon-kluba-likovnih-umetnika-%e2%80%9craska-skola%e2%80%9d\/#primaryimage\"},\"thumbnailUrl\":\"https:\/\/sandzakpress.net\/arhiva\/wp-content\/uploads\/2011\/02\/index1.jpg\",\"articleSection\":[\"Novi Pazar\"],\"inLanguage\":\"bs-BA\",\"potentialAction\":[{\"@type\":\"CommentAction\",\"name\":\"Comment\",\"target\":[\"https:\/\/sandzakpress.net\/arhiva\/otvoren-salon-kluba-likovnih-umetnika-%e2%80%9craska-skola%e2%80%9d\/#respond\"]}]},{\"@type\":\"WebPage\",\"@id\":\"https:\/\/sandzakpress.net\/arhiva\/otvoren-salon-kluba-likovnih-umetnika-%e2%80%9craska-skola%e2%80%9d\/\",\"url\":\"https:\/\/sandzakpress.net\/arhiva\/otvoren-salon-kluba-likovnih-umetnika-%e2%80%9craska-skola%e2%80%9d\/\",\"name\":\"Otvoren Salon Kluba likovnih umetnika \u201cRa\u0161ka \u0161kola\u201d\",\"isPartOf\":{\"@id\":\"https:\/\/sandzakpress.net\/arhiva\/#website\"},\"primaryImageOfPage\":{\"@id\":\"https:\/\/sandzakpress.net\/arhiva\/otvoren-salon-kluba-likovnih-umetnika-%e2%80%9craska-skola%e2%80%9d\/#primaryimage\"},\"image\":{\"@id\":\"https:\/\/sandzakpress.net\/arhiva\/otvoren-salon-kluba-likovnih-umetnika-%e2%80%9craska-skola%e2%80%9d\/#primaryimage\"},\"thumbnailUrl\":\"https:\/\/sandzakpress.net\/arhiva\/wp-content\/uploads\/2011\/02\/index1.jpg\",\"datePublished\":\"2011-02-24T13:15:38+00:00\",\"breadcrumb\":{\"@id\":\"https:\/\/sandzakpress.net\/arhiva\/otvoren-salon-kluba-likovnih-umetnika-%e2%80%9craska-skola%e2%80%9d\/#breadcrumb\"},\"inLanguage\":\"bs-BA\",\"potentialAction\":[{\"@type\":\"ReadAction\",\"target\":[\"https:\/\/sandzakpress.net\/arhiva\/otvoren-salon-kluba-likovnih-umetnika-%e2%80%9craska-skola%e2%80%9d\/\"]}]},{\"@type\":\"ImageObject\",\"inLanguage\":\"bs-BA\",\"@id\":\"https:\/\/sandzakpress.net\/arhiva\/otvoren-salon-kluba-likovnih-umetnika-%e2%80%9craska-skola%e2%80%9d\/#primaryimage\",\"url\":\"https:\/\/sandzakpress.net\/arhiva\/wp-content\/uploads\/2011\/02\/index1.jpg\",\"contentUrl\":\"https:\/\/sandzakpress.net\/arhiva\/wp-content\/uploads\/2011\/02\/index1.jpg\",\"width\":112,\"height\":150},{\"@type\":\"BreadcrumbList\",\"@id\":\"https:\/\/sandzakpress.net\/arhiva\/otvoren-salon-kluba-likovnih-umetnika-%e2%80%9craska-skola%e2%80%9d\/#breadcrumb\",\"itemListElement\":[{\"@type\":\"ListItem\",\"position\":1,\"name\":\"Home\",\"item\":\"https:\/\/sandzakpress.net\/arhiva\/\"},{\"@type\":\"ListItem\",\"position\":2,\"name\":\"Otvoren Salon Kluba likovnih umetnika \u201cRa\u0161ka \u0161kola\u201d\"}]},{\"@type\":\"WebSite\",\"@id\":\"https:\/\/sandzakpress.net\/arhiva\/#website\",\"url\":\"https:\/\/sandzakpress.net\/arhiva\/\",\"name\":\"Sand\u017eak PRESS\",\"description\":\"Prve elektronske novine u Sand\u017eaku\",\"publisher\":{\"@id\":\"https:\/\/sandzakpress.net\/arhiva\/#\/schema\/person\/6e72b67d6e51910a1117b3b483ba20bd\"},\"potentialAction\":[{\"@type\":\"SearchAction\",\"target\":{\"@type\":\"EntryPoint\",\"urlTemplate\":\"https:\/\/sandzakpress.net\/arhiva\/?s={search_term_string}\"},\"query-input\":{\"@type\":\"PropertyValueSpecification\",\"valueRequired\":true,\"valueName\":\"search_term_string\"}}],\"inLanguage\":\"bs-BA\"},{\"@type\":[\"Person\",\"Organization\"],\"@id\":\"https:\/\/sandzakpress.net\/arhiva\/#\/schema\/person\/6e72b67d6e51910a1117b3b483ba20bd\",\"name\":\"Kul\",\"image\":{\"@type\":\"ImageObject\",\"inLanguage\":\"bs-BA\",\"@id\":\"https:\/\/sandzakpress.net\/arhiva\/#\/schema\/person\/image\/\",\"url\":\"https:\/\/secure.gravatar.com\/avatar\/42263f39aa27ac04c43cab85c280eb2e?s=96&d=mm&r=pg\",\"contentUrl\":\"https:\/\/secure.gravatar.com\/avatar\/42263f39aa27ac04c43cab85c280eb2e?s=96&d=mm&r=pg\",\"caption\":\"Kul\"},\"logo\":{\"@id\":\"https:\/\/sandzakpress.net\/arhiva\/#\/schema\/person\/image\/\"}},{\"@type\":\"Person\",\"@id\":\"\",\"url\":\"https:\/\/sandzakpress.net\/arhiva\/author\/\"}]}<\/script>\n<!-- \/ Yoast SEO Premium plugin. -->","yoast_head_json":{"title":"Otvoren Salon Kluba likovnih umetnika \u201cRa\u0161ka \u0161kola\u201d","robots":{"index":"index","follow":"follow","max-snippet":"max-snippet:-1","max-image-preview":"max-image-preview:large","max-video-preview":"max-video-preview:-1"},"canonical":"https:\/\/sandzakpress.net\/arhiva\/otvoren-salon-kluba-likovnih-umetnika-\u201craska-skola\u201d\/","og_locale":"bs_BA","og_type":"article","og_title":"Otvoren Salon Kluba likovnih umetnika \u201cRa\u0161ka \u0161kola\u201d","og_description":"Novi Pazar &#8211; Laureati Godi\u0161njeg salona Kluba likovnih umjetnika \u201cRa\u0161ka \u0161kola\u201d ove godine su Aleksa Arsovi\u0107 za sliku pod nazivom Nikolja\u010da, Bojan Milovi\u0107 za fotografiju Pomo\u0107, Goran Trajkovi\u0107 za Kaligrafiju, dok je nagrada za mladog umjetnika pripala Danki Paunovi\u0107 za skulpturu Krsta\u0161. Godi\u0161nji salon Kluba likovnih umjetnika \u201cRa\u0161ka \u0161kola\u201d Centra za kulturu \u201cGradac\u201d u Ra\u0161ki [&hellip;]","og_url":"https:\/\/sandzakpress.net\/arhiva\/otvoren-salon-kluba-likovnih-umetnika-\u201craska-skola\u201d\/","og_site_name":"Sand\u017eak PRESS","article_published_time":"2011-02-24T13:15:38+00:00","og_image":[{"width":112,"height":150,"url":"https:\/\/sandzakpress.net\/arhiva\/wp-content\/uploads\/2011\/02\/index1.jpg","type":"image\/jpeg"}],"twitter_card":"summary_large_image","twitter_misc":{"Written by":"","Est. reading time":"1 minuta"},"schema":{"@context":"https:\/\/schema.org","@graph":[{"@type":"Article","@id":"https:\/\/sandzakpress.net\/arhiva\/otvoren-salon-kluba-likovnih-umetnika-%e2%80%9craska-skola%e2%80%9d\/#article","isPartOf":{"@id":"https:\/\/sandzakpress.net\/arhiva\/otvoren-salon-kluba-likovnih-umetnika-%e2%80%9craska-skola%e2%80%9d\/"},"author":{"name":"","@id":""},"headline":"Otvoren Salon Kluba likovnih umetnika \u201cRa\u0161ka \u0161kola\u201d","datePublished":"2011-02-24T13:15:38+00:00","mainEntityOfPage":{"@id":"https:\/\/sandzakpress.net\/arhiva\/otvoren-salon-kluba-likovnih-umetnika-%e2%80%9craska-skola%e2%80%9d\/"},"wordCount":208,"commentCount":0,"publisher":{"@id":"https:\/\/sandzakpress.net\/arhiva\/#\/schema\/person\/6e72b67d6e51910a1117b3b483ba20bd"},"image":{"@id":"https:\/\/sandzakpress.net\/arhiva\/otvoren-salon-kluba-likovnih-umetnika-%e2%80%9craska-skola%e2%80%9d\/#primaryimage"},"thumbnailUrl":"https:\/\/sandzakpress.net\/arhiva\/wp-content\/uploads\/2011\/02\/index1.jpg","articleSection":["Novi Pazar"],"inLanguage":"bs-BA","potentialAction":[{"@type":"CommentAction","name":"Comment","target":["https:\/\/sandzakpress.net\/arhiva\/otvoren-salon-kluba-likovnih-umetnika-%e2%80%9craska-skola%e2%80%9d\/#respond"]}]},{"@type":"WebPage","@id":"https:\/\/sandzakpress.net\/arhiva\/otvoren-salon-kluba-likovnih-umetnika-%e2%80%9craska-skola%e2%80%9d\/","url":"https:\/\/sandzakpress.net\/arhiva\/otvoren-salon-kluba-likovnih-umetnika-%e2%80%9craska-skola%e2%80%9d\/","name":"Otvoren Salon Kluba likovnih umetnika \u201cRa\u0161ka \u0161kola\u201d","isPartOf":{"@id":"https:\/\/sandzakpress.net\/arhiva\/#website"},"primaryImageOfPage":{"@id":"https:\/\/sandzakpress.net\/arhiva\/otvoren-salon-kluba-likovnih-umetnika-%e2%80%9craska-skola%e2%80%9d\/#primaryimage"},"image":{"@id":"https:\/\/sandzakpress.net\/arhiva\/otvoren-salon-kluba-likovnih-umetnika-%e2%80%9craska-skola%e2%80%9d\/#primaryimage"},"thumbnailUrl":"https:\/\/sandzakpress.net\/arhiva\/wp-content\/uploads\/2011\/02\/index1.jpg","datePublished":"2011-02-24T13:15:38+00:00","breadcrumb":{"@id":"https:\/\/sandzakpress.net\/arhiva\/otvoren-salon-kluba-likovnih-umetnika-%e2%80%9craska-skola%e2%80%9d\/#breadcrumb"},"inLanguage":"bs-BA","potentialAction":[{"@type":"ReadAction","target":["https:\/\/sandzakpress.net\/arhiva\/otvoren-salon-kluba-likovnih-umetnika-%e2%80%9craska-skola%e2%80%9d\/"]}]},{"@type":"ImageObject","inLanguage":"bs-BA","@id":"https:\/\/sandzakpress.net\/arhiva\/otvoren-salon-kluba-likovnih-umetnika-%e2%80%9craska-skola%e2%80%9d\/#primaryimage","url":"https:\/\/sandzakpress.net\/arhiva\/wp-content\/uploads\/2011\/02\/index1.jpg","contentUrl":"https:\/\/sandzakpress.net\/arhiva\/wp-content\/uploads\/2011\/02\/index1.jpg","width":112,"height":150},{"@type":"BreadcrumbList","@id":"https:\/\/sandzakpress.net\/arhiva\/otvoren-salon-kluba-likovnih-umetnika-%e2%80%9craska-skola%e2%80%9d\/#breadcrumb","itemListElement":[{"@type":"ListItem","position":1,"name":"Home","item":"https:\/\/sandzakpress.net\/arhiva\/"},{"@type":"ListItem","position":2,"name":"Otvoren Salon Kluba likovnih umetnika \u201cRa\u0161ka \u0161kola\u201d"}]},{"@type":"WebSite","@id":"https:\/\/sandzakpress.net\/arhiva\/#website","url":"https:\/\/sandzakpress.net\/arhiva\/","name":"Sand\u017eak PRESS","description":"Prve elektronske novine u Sand\u017eaku","publisher":{"@id":"https:\/\/sandzakpress.net\/arhiva\/#\/schema\/person\/6e72b67d6e51910a1117b3b483ba20bd"},"potentialAction":[{"@type":"SearchAction","target":{"@type":"EntryPoint","urlTemplate":"https:\/\/sandzakpress.net\/arhiva\/?s={search_term_string}"},"query-input":{"@type":"PropertyValueSpecification","valueRequired":true,"valueName":"search_term_string"}}],"inLanguage":"bs-BA"},{"@type":["Person","Organization"],"@id":"https:\/\/sandzakpress.net\/arhiva\/#\/schema\/person\/6e72b67d6e51910a1117b3b483ba20bd","name":"Kul","image":{"@type":"ImageObject","inLanguage":"bs-BA","@id":"https:\/\/sandzakpress.net\/arhiva\/#\/schema\/person\/image\/","url":"https:\/\/secure.gravatar.com\/avatar\/42263f39aa27ac04c43cab85c280eb2e?s=96&d=mm&r=pg","contentUrl":"https:\/\/secure.gravatar.com\/avatar\/42263f39aa27ac04c43cab85c280eb2e?s=96&d=mm&r=pg","caption":"Kul"},"logo":{"@id":"https:\/\/sandzakpress.net\/arhiva\/#\/schema\/person\/image\/"}},{"@type":"Person","@id":"","url":"https:\/\/sandzakpress.net\/arhiva\/author\/"}]}},"_links":{"self":[{"href":"https:\/\/sandzakpress.net\/arhiva\/wp-json\/wp\/v2\/posts\/13144"}],"collection":[{"href":"https:\/\/sandzakpress.net\/arhiva\/wp-json\/wp\/v2\/posts"}],"about":[{"href":"https:\/\/sandzakpress.net\/arhiva\/wp-json\/wp\/v2\/types\/post"}],"author":[{"embeddable":true,"href":"https:\/\/sandzakpress.net\/arhiva\/wp-json\/wp\/v2\/users\/13"}],"replies":[{"embeddable":true,"href":"https:\/\/sandzakpress.net\/arhiva\/wp-json\/wp\/v2\/comments?post=13144"}],"version-history":[{"count":0,"href":"https:\/\/sandzakpress.net\/arhiva\/wp-json\/wp\/v2\/posts\/13144\/revisions"}],"wp:featuredmedia":[{"embeddable":true,"href":"https:\/\/sandzakpress.net\/arhiva\/wp-json\/wp\/v2\/media\/13145"}],"wp:attachment":[{"href":"https:\/\/sandzakpress.net\/arhiva\/wp-json\/wp\/v2\/media?parent=13144"}],"wp:term":[{"taxonomy":"category","embeddable":true,"href":"https:\/\/sandzakpress.net\/arhiva\/wp-json\/wp\/v2\/categories?post=13144"},{"taxonomy":"post_tag","embeddable":true,"href":"https:\/\/sandzakpress.net\/arhiva\/wp-json\/wp\/v2\/tags?post=13144"}],"curies":[{"name":"wp","href":"https:\/\/api.w.org\/{rel}","templated":true}]}}