{"id":131401,"date":"2015-07-19T20:01:22","date_gmt":"2015-07-19T18:01:22","guid":{"rendered":"https:\/\/sandzakpress.net\/arhiva\/?p=131401"},"modified":"2015-07-19T23:40:06","modified_gmt":"2015-07-19T21:40:06","slug":"vojno-vijece-saglasno-ocekuje-se-pogubljenje-mursija","status":"publish","type":"post","link":"https:\/\/sandzakpress.net\/arhiva\/vojno-vijece-saglasno-ocekuje-se-pogubljenje-mursija\/","title":{"rendered":"Vojno vije\u0107e saglasno, o\u010dekuje se pogubljenje Mursija"},"content":{"rendered":"<p><img decoding=\"async\" src=\"http:\/\/www.islambosna.ba\/wp-content\/uploads\/2015\/07\/156_1200x800_833033323_900x600.jpg\" alt=\"\" \/><\/p>\n<p><strong>Svijet &#8211; Vail Abbas, politi\u010dki analiti\u010dar je na svom Facebook profilu napisao da su vlasti u Egiptu spremne izvr\u0161iti egzekucije vo\u0111a Muslimanske bra\u0107e, vrhovnog vo\u0111e Muhammeda Bedi\u2019a, njegovog zamjenika Hajrata \u0160atira ali i svrgnutog egipatskog predsjednika Muhammeda Mursija.<\/strong><\/p>\n<p>On je na svom profilu napisao: \u201cNeimenovani izvori su mi potvrdili da \u0107e u danima nakon Bajrama biti izvr\u0161ena smrtna kazna nad Muhammedom Bedi\u2019om i Hajratom \u0160atirom u jednom od zatvora na putu prema Aleksandiji.\u201d\u00a0On je u svom drugom postu objavio kako je kralj Saudijske Arabije Selman i rukovodstvo ove zemlje posredovalo kod egipatskih vlasti da ne do\u0111e do izvr\u0161enja smrtnih presuda.<\/p>\n<p>Drugi saudijski zvani\u010dnik, koji je \u017eelio ostati anoniman saop\u0107io je da postoji konsenzus u Vojnom vije\u0107u Egipta da se izvr\u0161i smrtna presuda nad Mursijem a s ciljem da se oja\u010daju liberalne snage u Egiptu koje ovaj savjet smatra adekvatnim da zamijene trenutnog egipatskog diktatora Abdulfettaha es-Sisijia. On je istakao da je za izvr\u0161enje smrtne presude postignut dogovor me\u0111u \u010dlanovima Vojnog vije\u0107a, kao i da je Tavadoros, patrijarh Koptske pravoslavne crkve u Egiptu ovla\u0161ten da ovaj postupak koordinira sa Zapadom, kao i da ga izlo\u017ei Vatikanu prilikom svoje posjete. Es-Sisi je, tako\u0111er, uvjerio i vanjske faktore da je sposoban odr\u017eati situaciju pod kontrolom, a kako arapski portali navode, dobio je i blagoslov Amerike, koja \u0107e nakon izvr\u0161enja izdati saop\u0107enje da \u201ctaj postupak ne doprinosi op\u0107em miru u regionu.\u201d<\/p>\n<p><strong>IslamBosna.ba<\/strong><\/p>\n","protected":false},"excerpt":{"rendered":"<p>Svijet &#8211; Vail Abbas, politi\u010dki analiti\u010dar je na svom Facebook profilu napisao da su vlasti u Egiptu spremne izvr\u0161iti egzekucije vo\u0111a Muslimanske bra\u0107e, vrhovnog vo\u0111e Muhammeda Bedi\u2019a, njegovog zamjenika Hajrata \u0160atira ali i svrgnutog egipatskog predsjednika Muhammeda Mursija. On je na svom profilu napisao: \u201cNeimenovani izvori su mi potvrdili da \u0107e u danima nakon Bajrama [&hellip;]<\/p>\n","protected":false},"author":83,"featured_media":131402,"comment_status":"open","ping_status":"open","sticky":false,"template":"","format":"standard","meta":{"footnotes":""},"categories":[10512,8957,10429],"tags":[],"class_list":{"0":"post-131401","1":"post","2":"type-post","3":"status-publish","4":"format-standard","5":"has-post-thumbnail","7":"category-islamski-svijet","8":"category-vijesti-dana","9":"category-vazno"},"yoast_head":"<!-- This site is optimized with the Yoast SEO Premium plugin v23.1 (Yoast SEO v24.9) - https:\/\/yoast.com\/wordpress\/plugins\/seo\/ -->\n<title>Vojno vije\u0107e saglasno, o\u010dekuje se pogubljenje Mursija<\/title>\n<meta name=\"robots\" content=\"index, follow, max-snippet:-1, max-image-preview:large, max-video-preview:-1\" \/>\n<link rel=\"canonical\" href=\"https:\/\/sandzakpress.net\/arhiva\/vojno-vijece-saglasno-ocekuje-se-pogubljenje-mursija\/\" \/>\n<meta property=\"og:locale\" content=\"bs_BA\" \/>\n<meta property=\"og:type\" content=\"article\" \/>\n<meta property=\"og:title\" content=\"Vojno vije\u0107e saglasno, o\u010dekuje se pogubljenje Mursija\" \/>\n<meta property=\"og:description\" content=\"Svijet &#8211; Vail Abbas, politi\u010dki analiti\u010dar je na svom Facebook profilu napisao da su vlasti u Egiptu spremne izvr\u0161iti egzekucije vo\u0111a Muslimanske bra\u0107e, vrhovnog vo\u0111e Muhammeda Bedi\u2019a, njegovog zamjenika Hajrata \u0160atira ali i svrgnutog egipatskog predsjednika Muhammeda Mursija. On je na svom profilu napisao: \u201cNeimenovani izvori su mi potvrdili da \u0107e u danima nakon Bajrama [&hellip;]\" \/>\n<meta property=\"og:url\" content=\"https:\/\/sandzakpress.net\/arhiva\/vojno-vijece-saglasno-ocekuje-se-pogubljenje-mursija\/\" \/>\n<meta property=\"og:site_name\" content=\"Sand\u017eak PRESS\" \/>\n<meta property=\"article:published_time\" content=\"2015-07-19T18:01:22+00:00\" \/>\n<meta property=\"article:modified_time\" content=\"2015-07-19T21:40:06+00:00\" \/>\n<meta property=\"og:image\" content=\"https:\/\/sandzakpress.net\/arhiva\/wp-content\/uploads\/2015\/07\/156_1200x800_833033323_900x6001.jpg\" \/>\n\t<meta property=\"og:image:width\" content=\"900\" \/>\n\t<meta property=\"og:image:height\" content=\"600\" \/>\n\t<meta property=\"og:image:type\" content=\"image\/jpeg\" \/>\n<meta name=\"author\" content=\"bosniak\" \/>\n<meta name=\"twitter:card\" content=\"summary_large_image\" \/>\n<meta name=\"twitter:label1\" content=\"Written by\" \/>\n\t<meta name=\"twitter:data1\" content=\"bosniak\" \/>\n\t<meta name=\"twitter:label2\" content=\"Est. reading time\" \/>\n\t<meta name=\"twitter:data2\" content=\"1 minuta\" \/>\n<script type=\"application\/ld+json\" class=\"yoast-schema-graph\">{\"@context\":\"https:\/\/schema.org\",\"@graph\":[{\"@type\":\"Article\",\"@id\":\"https:\/\/sandzakpress.net\/arhiva\/vojno-vijece-saglasno-ocekuje-se-pogubljenje-mursija\/#article\",\"isPartOf\":{\"@id\":\"https:\/\/sandzakpress.net\/arhiva\/vojno-vijece-saglasno-ocekuje-se-pogubljenje-mursija\/\"},\"author\":{\"name\":\"bosniak\",\"@id\":\"https:\/\/sandzakpress.net\/arhiva\/#\/schema\/person\/c8baee722073534b583ea7bdb2e36c02\"},\"headline\":\"Vojno vije\u0107e saglasno, o\u010dekuje se pogubljenje Mursija\",\"datePublished\":\"2015-07-19T18:01:22+00:00\",\"dateModified\":\"2015-07-19T21:40:06+00:00\",\"mainEntityOfPage\":{\"@id\":\"https:\/\/sandzakpress.net\/arhiva\/vojno-vijece-saglasno-ocekuje-se-pogubljenje-mursija\/\"},\"wordCount\":265,\"commentCount\":20,\"publisher\":{\"@id\":\"https:\/\/sandzakpress.net\/arhiva\/#\/schema\/person\/6e72b67d6e51910a1117b3b483ba20bd\"},\"image\":{\"@id\":\"https:\/\/sandzakpress.net\/arhiva\/vojno-vijece-saglasno-ocekuje-se-pogubljenje-mursija\/#primaryimage\"},\"thumbnailUrl\":\"https:\/\/sandzakpress.net\/arhiva\/wp-content\/uploads\/2015\/07\/156_1200x800_833033323_900x6001.jpg\",\"articleSection\":[\"Islamski svijet\",\"VIJESTI DANA\",\"VA\u017dNO!\"],\"inLanguage\":\"bs-BA\",\"potentialAction\":[{\"@type\":\"CommentAction\",\"name\":\"Comment\",\"target\":[\"https:\/\/sandzakpress.net\/arhiva\/vojno-vijece-saglasno-ocekuje-se-pogubljenje-mursija\/#respond\"]}]},{\"@type\":\"WebPage\",\"@id\":\"https:\/\/sandzakpress.net\/arhiva\/vojno-vijece-saglasno-ocekuje-se-pogubljenje-mursija\/\",\"url\":\"https:\/\/sandzakpress.net\/arhiva\/vojno-vijece-saglasno-ocekuje-se-pogubljenje-mursija\/\",\"name\":\"Vojno vije\u0107e saglasno, o\u010dekuje se pogubljenje Mursija\",\"isPartOf\":{\"@id\":\"https:\/\/sandzakpress.net\/arhiva\/#website\"},\"primaryImageOfPage\":{\"@id\":\"https:\/\/sandzakpress.net\/arhiva\/vojno-vijece-saglasno-ocekuje-se-pogubljenje-mursija\/#primaryimage\"},\"image\":{\"@id\":\"https:\/\/sandzakpress.net\/arhiva\/vojno-vijece-saglasno-ocekuje-se-pogubljenje-mursija\/#primaryimage\"},\"thumbnailUrl\":\"https:\/\/sandzakpress.net\/arhiva\/wp-content\/uploads\/2015\/07\/156_1200x800_833033323_900x6001.jpg\",\"datePublished\":\"2015-07-19T18:01:22+00:00\",\"dateModified\":\"2015-07-19T21:40:06+00:00\",\"breadcrumb\":{\"@id\":\"https:\/\/sandzakpress.net\/arhiva\/vojno-vijece-saglasno-ocekuje-se-pogubljenje-mursija\/#breadcrumb\"},\"inLanguage\":\"bs-BA\",\"potentialAction\":[{\"@type\":\"ReadAction\",\"target\":[\"https:\/\/sandzakpress.net\/arhiva\/vojno-vijece-saglasno-ocekuje-se-pogubljenje-mursija\/\"]}]},{\"@type\":\"ImageObject\",\"inLanguage\":\"bs-BA\",\"@id\":\"https:\/\/sandzakpress.net\/arhiva\/vojno-vijece-saglasno-ocekuje-se-pogubljenje-mursija\/#primaryimage\",\"url\":\"https:\/\/sandzakpress.net\/arhiva\/wp-content\/uploads\/2015\/07\/156_1200x800_833033323_900x6001.jpg\",\"contentUrl\":\"https:\/\/sandzakpress.net\/arhiva\/wp-content\/uploads\/2015\/07\/156_1200x800_833033323_900x6001.jpg\",\"width\":900,\"height\":600},{\"@type\":\"BreadcrumbList\",\"@id\":\"https:\/\/sandzakpress.net\/arhiva\/vojno-vijece-saglasno-ocekuje-se-pogubljenje-mursija\/#breadcrumb\",\"itemListElement\":[{\"@type\":\"ListItem\",\"position\":1,\"name\":\"Home\",\"item\":\"https:\/\/sandzakpress.net\/arhiva\/\"},{\"@type\":\"ListItem\",\"position\":2,\"name\":\"Vojno vije\u0107e saglasno, o\u010dekuje se pogubljenje Mursija\"}]},{\"@type\":\"WebSite\",\"@id\":\"https:\/\/sandzakpress.net\/arhiva\/#website\",\"url\":\"https:\/\/sandzakpress.net\/arhiva\/\",\"name\":\"Sand\u017eak PRESS\",\"description\":\"Prve elektronske novine u Sand\u017eaku\",\"publisher\":{\"@id\":\"https:\/\/sandzakpress.net\/arhiva\/#\/schema\/person\/6e72b67d6e51910a1117b3b483ba20bd\"},\"potentialAction\":[{\"@type\":\"SearchAction\",\"target\":{\"@type\":\"EntryPoint\",\"urlTemplate\":\"https:\/\/sandzakpress.net\/arhiva\/?s={search_term_string}\"},\"query-input\":{\"@type\":\"PropertyValueSpecification\",\"valueRequired\":true,\"valueName\":\"search_term_string\"}}],\"inLanguage\":\"bs-BA\"},{\"@type\":[\"Person\",\"Organization\"],\"@id\":\"https:\/\/sandzakpress.net\/arhiva\/#\/schema\/person\/6e72b67d6e51910a1117b3b483ba20bd\",\"name\":\"Kul\",\"image\":{\"@type\":\"ImageObject\",\"inLanguage\":\"bs-BA\",\"@id\":\"https:\/\/sandzakpress.net\/arhiva\/#\/schema\/person\/image\/\",\"url\":\"https:\/\/secure.gravatar.com\/avatar\/42263f39aa27ac04c43cab85c280eb2e?s=96&d=mm&r=pg\",\"contentUrl\":\"https:\/\/secure.gravatar.com\/avatar\/42263f39aa27ac04c43cab85c280eb2e?s=96&d=mm&r=pg\",\"caption\":\"Kul\"},\"logo\":{\"@id\":\"https:\/\/sandzakpress.net\/arhiva\/#\/schema\/person\/image\/\"}},{\"@type\":\"Person\",\"@id\":\"https:\/\/sandzakpress.net\/arhiva\/#\/schema\/person\/c8baee722073534b583ea7bdb2e36c02\",\"name\":\"bosniak\",\"image\":{\"@type\":\"ImageObject\",\"inLanguage\":\"bs-BA\",\"@id\":\"https:\/\/sandzakpress.net\/arhiva\/#\/schema\/person\/image\/\",\"url\":\"https:\/\/secure.gravatar.com\/avatar\/a04fd330bfe3a36a72a0ad4a6d89fca7?s=96&d=mm&r=pg\",\"contentUrl\":\"https:\/\/secure.gravatar.com\/avatar\/a04fd330bfe3a36a72a0ad4a6d89fca7?s=96&d=mm&r=pg\",\"caption\":\"bosniak\"},\"url\":\"https:\/\/sandzakpress.net\/arhiva\/author\/bosniak\/\"}]}<\/script>\n<!-- \/ Yoast SEO Premium plugin. -->","yoast_head_json":{"title":"Vojno vije\u0107e saglasno, o\u010dekuje se pogubljenje Mursija","robots":{"index":"index","follow":"follow","max-snippet":"max-snippet:-1","max-image-preview":"max-image-preview:large","max-video-preview":"max-video-preview:-1"},"canonical":"https:\/\/sandzakpress.net\/arhiva\/vojno-vijece-saglasno-ocekuje-se-pogubljenje-mursija\/","og_locale":"bs_BA","og_type":"article","og_title":"Vojno vije\u0107e saglasno, o\u010dekuje se pogubljenje Mursija","og_description":"Svijet &#8211; Vail Abbas, politi\u010dki analiti\u010dar je na svom Facebook profilu napisao da su vlasti u Egiptu spremne izvr\u0161iti egzekucije vo\u0111a Muslimanske bra\u0107e, vrhovnog vo\u0111e Muhammeda Bedi\u2019a, njegovog zamjenika Hajrata \u0160atira ali i svrgnutog egipatskog predsjednika Muhammeda Mursija. On je na svom profilu napisao: \u201cNeimenovani izvori su mi potvrdili da \u0107e u danima nakon Bajrama [&hellip;]","og_url":"https:\/\/sandzakpress.net\/arhiva\/vojno-vijece-saglasno-ocekuje-se-pogubljenje-mursija\/","og_site_name":"Sand\u017eak PRESS","article_published_time":"2015-07-19T18:01:22+00:00","article_modified_time":"2015-07-19T21:40:06+00:00","og_image":[{"width":900,"height":600,"url":"https:\/\/sandzakpress.net\/arhiva\/wp-content\/uploads\/2015\/07\/156_1200x800_833033323_900x6001.jpg","type":"image\/jpeg"}],"author":"bosniak","twitter_card":"summary_large_image","twitter_misc":{"Written by":"bosniak","Est. reading time":"1 minuta"},"schema":{"@context":"https:\/\/schema.org","@graph":[{"@type":"Article","@id":"https:\/\/sandzakpress.net\/arhiva\/vojno-vijece-saglasno-ocekuje-se-pogubljenje-mursija\/#article","isPartOf":{"@id":"https:\/\/sandzakpress.net\/arhiva\/vojno-vijece-saglasno-ocekuje-se-pogubljenje-mursija\/"},"author":{"name":"bosniak","@id":"https:\/\/sandzakpress.net\/arhiva\/#\/schema\/person\/c8baee722073534b583ea7bdb2e36c02"},"headline":"Vojno vije\u0107e saglasno, o\u010dekuje se pogubljenje Mursija","datePublished":"2015-07-19T18:01:22+00:00","dateModified":"2015-07-19T21:40:06+00:00","mainEntityOfPage":{"@id":"https:\/\/sandzakpress.net\/arhiva\/vojno-vijece-saglasno-ocekuje-se-pogubljenje-mursija\/"},"wordCount":265,"commentCount":20,"publisher":{"@id":"https:\/\/sandzakpress.net\/arhiva\/#\/schema\/person\/6e72b67d6e51910a1117b3b483ba20bd"},"image":{"@id":"https:\/\/sandzakpress.net\/arhiva\/vojno-vijece-saglasno-ocekuje-se-pogubljenje-mursija\/#primaryimage"},"thumbnailUrl":"https:\/\/sandzakpress.net\/arhiva\/wp-content\/uploads\/2015\/07\/156_1200x800_833033323_900x6001.jpg","articleSection":["Islamski svijet","VIJESTI DANA","VA\u017dNO!"],"inLanguage":"bs-BA","potentialAction":[{"@type":"CommentAction","name":"Comment","target":["https:\/\/sandzakpress.net\/arhiva\/vojno-vijece-saglasno-ocekuje-se-pogubljenje-mursija\/#respond"]}]},{"@type":"WebPage","@id":"https:\/\/sandzakpress.net\/arhiva\/vojno-vijece-saglasno-ocekuje-se-pogubljenje-mursija\/","url":"https:\/\/sandzakpress.net\/arhiva\/vojno-vijece-saglasno-ocekuje-se-pogubljenje-mursija\/","name":"Vojno vije\u0107e saglasno, o\u010dekuje se pogubljenje Mursija","isPartOf":{"@id":"https:\/\/sandzakpress.net\/arhiva\/#website"},"primaryImageOfPage":{"@id":"https:\/\/sandzakpress.net\/arhiva\/vojno-vijece-saglasno-ocekuje-se-pogubljenje-mursija\/#primaryimage"},"image":{"@id":"https:\/\/sandzakpress.net\/arhiva\/vojno-vijece-saglasno-ocekuje-se-pogubljenje-mursija\/#primaryimage"},"thumbnailUrl":"https:\/\/sandzakpress.net\/arhiva\/wp-content\/uploads\/2015\/07\/156_1200x800_833033323_900x6001.jpg","datePublished":"2015-07-19T18:01:22+00:00","dateModified":"2015-07-19T21:40:06+00:00","breadcrumb":{"@id":"https:\/\/sandzakpress.net\/arhiva\/vojno-vijece-saglasno-ocekuje-se-pogubljenje-mursija\/#breadcrumb"},"inLanguage":"bs-BA","potentialAction":[{"@type":"ReadAction","target":["https:\/\/sandzakpress.net\/arhiva\/vojno-vijece-saglasno-ocekuje-se-pogubljenje-mursija\/"]}]},{"@type":"ImageObject","inLanguage":"bs-BA","@id":"https:\/\/sandzakpress.net\/arhiva\/vojno-vijece-saglasno-ocekuje-se-pogubljenje-mursija\/#primaryimage","url":"https:\/\/sandzakpress.net\/arhiva\/wp-content\/uploads\/2015\/07\/156_1200x800_833033323_900x6001.jpg","contentUrl":"https:\/\/sandzakpress.net\/arhiva\/wp-content\/uploads\/2015\/07\/156_1200x800_833033323_900x6001.jpg","width":900,"height":600},{"@type":"BreadcrumbList","@id":"https:\/\/sandzakpress.net\/arhiva\/vojno-vijece-saglasno-ocekuje-se-pogubljenje-mursija\/#breadcrumb","itemListElement":[{"@type":"ListItem","position":1,"name":"Home","item":"https:\/\/sandzakpress.net\/arhiva\/"},{"@type":"ListItem","position":2,"name":"Vojno vije\u0107e saglasno, o\u010dekuje se pogubljenje Mursija"}]},{"@type":"WebSite","@id":"https:\/\/sandzakpress.net\/arhiva\/#website","url":"https:\/\/sandzakpress.net\/arhiva\/","name":"Sand\u017eak PRESS","description":"Prve elektronske novine u Sand\u017eaku","publisher":{"@id":"https:\/\/sandzakpress.net\/arhiva\/#\/schema\/person\/6e72b67d6e51910a1117b3b483ba20bd"},"potentialAction":[{"@type":"SearchAction","target":{"@type":"EntryPoint","urlTemplate":"https:\/\/sandzakpress.net\/arhiva\/?s={search_term_string}"},"query-input":{"@type":"PropertyValueSpecification","valueRequired":true,"valueName":"search_term_string"}}],"inLanguage":"bs-BA"},{"@type":["Person","Organization"],"@id":"https:\/\/sandzakpress.net\/arhiva\/#\/schema\/person\/6e72b67d6e51910a1117b3b483ba20bd","name":"Kul","image":{"@type":"ImageObject","inLanguage":"bs-BA","@id":"https:\/\/sandzakpress.net\/arhiva\/#\/schema\/person\/image\/","url":"https:\/\/secure.gravatar.com\/avatar\/42263f39aa27ac04c43cab85c280eb2e?s=96&d=mm&r=pg","contentUrl":"https:\/\/secure.gravatar.com\/avatar\/42263f39aa27ac04c43cab85c280eb2e?s=96&d=mm&r=pg","caption":"Kul"},"logo":{"@id":"https:\/\/sandzakpress.net\/arhiva\/#\/schema\/person\/image\/"}},{"@type":"Person","@id":"https:\/\/sandzakpress.net\/arhiva\/#\/schema\/person\/c8baee722073534b583ea7bdb2e36c02","name":"bosniak","image":{"@type":"ImageObject","inLanguage":"bs-BA","@id":"https:\/\/sandzakpress.net\/arhiva\/#\/schema\/person\/image\/","url":"https:\/\/secure.gravatar.com\/avatar\/a04fd330bfe3a36a72a0ad4a6d89fca7?s=96&d=mm&r=pg","contentUrl":"https:\/\/secure.gravatar.com\/avatar\/a04fd330bfe3a36a72a0ad4a6d89fca7?s=96&d=mm&r=pg","caption":"bosniak"},"url":"https:\/\/sandzakpress.net\/arhiva\/author\/bosniak\/"}]}},"_links":{"self":[{"href":"https:\/\/sandzakpress.net\/arhiva\/wp-json\/wp\/v2\/posts\/131401"}],"collection":[{"href":"https:\/\/sandzakpress.net\/arhiva\/wp-json\/wp\/v2\/posts"}],"about":[{"href":"https:\/\/sandzakpress.net\/arhiva\/wp-json\/wp\/v2\/types\/post"}],"author":[{"embeddable":true,"href":"https:\/\/sandzakpress.net\/arhiva\/wp-json\/wp\/v2\/users\/83"}],"replies":[{"embeddable":true,"href":"https:\/\/sandzakpress.net\/arhiva\/wp-json\/wp\/v2\/comments?post=131401"}],"version-history":[{"count":0,"href":"https:\/\/sandzakpress.net\/arhiva\/wp-json\/wp\/v2\/posts\/131401\/revisions"}],"wp:featuredmedia":[{"embeddable":true,"href":"https:\/\/sandzakpress.net\/arhiva\/wp-json\/wp\/v2\/media\/131402"}],"wp:attachment":[{"href":"https:\/\/sandzakpress.net\/arhiva\/wp-json\/wp\/v2\/media?parent=131401"}],"wp:term":[{"taxonomy":"category","embeddable":true,"href":"https:\/\/sandzakpress.net\/arhiva\/wp-json\/wp\/v2\/categories?post=131401"},{"taxonomy":"post_tag","embeddable":true,"href":"https:\/\/sandzakpress.net\/arhiva\/wp-json\/wp\/v2\/tags?post=131401"}],"curies":[{"name":"wp","href":"https:\/\/api.w.org\/{rel}","templated":true}]}}