{"id":131281,"date":"2015-07-15T20:54:55","date_gmt":"2015-07-15T18:54:55","guid":{"rendered":"https:\/\/sandzakpress.net\/arhiva\/?p=131281"},"modified":"2015-07-16T16:10:02","modified_gmt":"2015-07-16T14:10:02","slug":"muftija-dr-dudic-ce-predvoditi-bajram-namaz-bosnjacima-u-minhenu","status":"publish","type":"post","link":"https:\/\/sandzakpress.net\/arhiva\/muftija-dr-dudic-ce-predvoditi-bajram-namaz-bosnjacima-u-minhenu\/","title":{"rendered":"Muftija dr. Dudi\u0107 \u0107e predvoditi Bajram namaz Bo\u0161njacima u Minhenu"},"content":{"rendered":"<p><strong><a href=\"https:\/\/sandzakpress.net\/arhiva\/wp-content\/uploads\/2015\/07\/minhen1.jpg\"><img loading=\"lazy\" decoding=\"async\" class=\" size-full wp-image-131285 aligncenter\" src=\"https:\/\/sandzakpress.net\/arhiva\/wp-content\/uploads\/2015\/07\/minhen1.jpg\" alt=\"minhen\" width=\"600\" height=\"849\" \/><\/a><a href=\"https:\/\/sandzakpress.net\/arhiva\/wp-content\/uploads\/2015\/07\/IZBNJ.jpg\"><br \/>\n<\/a>Njema\u010dka &#8211; U Minhenu \u0107e ove godine svi bo\u0161nja\u010dki d\u017eemati u tom gradu Bajram namaz obaviti na Centralnoj bajramskoj sve\u010danosti.<\/strong><\/p>\n<p>Bajram namaz \u0107e predvoditi kao i bajramsku hutbu odr\u017eati predsjednik Me\u0161ihata Islamske zajednice muftija dr. Mevlud ef. Dudi\u0107.<\/p>\n<p>Vi\u0161e podataka na plakati u nastavku.<\/p>\n<p>&nbsp;<\/p>\n","protected":false},"excerpt":{"rendered":"<p>Njema\u010dka &#8211; U Minhenu \u0107e ove godine svi bo\u0161nja\u010dki d\u017eemati u tom gradu Bajram namaz obaviti na Centralnoj bajramskoj sve\u010danosti. Bajram namaz \u0107e predvoditi kao i bajramsku hutbu odr\u017eati predsjednik Me\u0161ihata Islamske zajednice muftija dr. Mevlud ef. Dudi\u0107. Vi\u0161e podataka na plakati u nastavku. &nbsp;<\/p>\n","protected":false},"author":83,"featured_media":131282,"comment_status":"open","ping_status":"open","sticky":false,"template":"","format":"standard","meta":{"footnotes":""},"categories":[9538,802,8957,798,10429,16],"tags":[],"class_list":{"0":"post-131281","1":"post","2":"type-post","3":"status-publish","4":"format-standard","5":"has-post-thumbnail","7":"category-njemacka-dijaspora-gradovi-vase-vijesti","8":"category-islamska_zajednica","9":"category-vijesti-dana","10":"category-teme","11":"category-vazno","12":"category-novine"},"yoast_head":"<!-- This site is optimized with the Yoast SEO Premium plugin v23.1 (Yoast SEO v24.9) - https:\/\/yoast.com\/wordpress\/plugins\/seo\/ -->\n<title>Muftija dr. Dudi\u0107 \u0107e predvoditi Bajram namaz Bo\u0161njacima u Minhenu<\/title>\n<meta name=\"robots\" content=\"index, follow, max-snippet:-1, max-image-preview:large, max-video-preview:-1\" \/>\n<link rel=\"canonical\" href=\"https:\/\/sandzakpress.net\/arhiva\/muftija-dr-dudic-ce-predvoditi-bajram-namaz-bosnjacima-u-minhenu\/\" \/>\n<meta property=\"og:locale\" content=\"bs_BA\" \/>\n<meta property=\"og:type\" content=\"article\" \/>\n<meta property=\"og:title\" content=\"Muftija dr. Dudi\u0107 \u0107e predvoditi Bajram namaz Bo\u0161njacima u Minhenu\" \/>\n<meta property=\"og:description\" content=\"Njema\u010dka &#8211; U Minhenu \u0107e ove godine svi bo\u0161nja\u010dki d\u017eemati u tom gradu Bajram namaz obaviti na Centralnoj bajramskoj sve\u010danosti. Bajram namaz \u0107e predvoditi kao i bajramsku hutbu odr\u017eati predsjednik Me\u0161ihata Islamske zajednice muftija dr. Mevlud ef. Dudi\u0107. Vi\u0161e podataka na plakati u nastavku. &nbsp;\" \/>\n<meta property=\"og:url\" content=\"https:\/\/sandzakpress.net\/arhiva\/muftija-dr-dudic-ce-predvoditi-bajram-namaz-bosnjacima-u-minhenu\/\" \/>\n<meta property=\"og:site_name\" content=\"Sand\u017eak PRESS\" \/>\n<meta property=\"article:published_time\" content=\"2015-07-15T18:54:55+00:00\" \/>\n<meta property=\"article:modified_time\" content=\"2015-07-16T14:10:02+00:00\" \/>\n<meta property=\"og:image\" content=\"https:\/\/sandzakpress.net\/arhiva\/wp-content\/uploads\/2015\/07\/IZBNJ.jpg\" \/>\n\t<meta property=\"og:image:width\" content=\"600\" \/>\n\t<meta property=\"og:image:height\" content=\"435\" \/>\n\t<meta property=\"og:image:type\" content=\"image\/jpeg\" \/>\n<meta name=\"author\" content=\"bosniak\" \/>\n<meta name=\"twitter:card\" content=\"summary_large_image\" \/>\n<meta name=\"twitter:label1\" content=\"Written by\" \/>\n\t<meta name=\"twitter:data1\" content=\"bosniak\" \/>\n<script type=\"application\/ld+json\" class=\"yoast-schema-graph\">{\"@context\":\"https:\/\/schema.org\",\"@graph\":[{\"@type\":\"Article\",\"@id\":\"https:\/\/sandzakpress.net\/arhiva\/muftija-dr-dudic-ce-predvoditi-bajram-namaz-bosnjacima-u-minhenu\/#article\",\"isPartOf\":{\"@id\":\"https:\/\/sandzakpress.net\/arhiva\/muftija-dr-dudic-ce-predvoditi-bajram-namaz-bosnjacima-u-minhenu\/\"},\"author\":{\"name\":\"bosniak\",\"@id\":\"https:\/\/sandzakpress.net\/arhiva\/#\/schema\/person\/c8baee722073534b583ea7bdb2e36c02\"},\"headline\":\"Muftija dr. Dudi\u0107 \u0107e predvoditi Bajram namaz Bo\u0161njacima u Minhenu\",\"datePublished\":\"2015-07-15T18:54:55+00:00\",\"dateModified\":\"2015-07-16T14:10:02+00:00\",\"mainEntityOfPage\":{\"@id\":\"https:\/\/sandzakpress.net\/arhiva\/muftija-dr-dudic-ce-predvoditi-bajram-namaz-bosnjacima-u-minhenu\/\"},\"wordCount\":64,\"commentCount\":0,\"publisher\":{\"@id\":\"https:\/\/sandzakpress.net\/arhiva\/#\/schema\/person\/6e72b67d6e51910a1117b3b483ba20bd\"},\"image\":{\"@id\":\"https:\/\/sandzakpress.net\/arhiva\/muftija-dr-dudic-ce-predvoditi-bajram-namaz-bosnjacima-u-minhenu\/#primaryimage\"},\"thumbnailUrl\":\"https:\/\/sandzakpress.net\/arhiva\/wp-content\/uploads\/2015\/07\/IZBNJ.jpg\",\"articleSection\":[\"Njema\u010dka\",\"Islamska zajednica\",\"VIJESTI DANA\",\"NAJNOVIJE\",\"VA\u017dNO!\",\"Novine\"],\"inLanguage\":\"bs-BA\",\"potentialAction\":[{\"@type\":\"CommentAction\",\"name\":\"Comment\",\"target\":[\"https:\/\/sandzakpress.net\/arhiva\/muftija-dr-dudic-ce-predvoditi-bajram-namaz-bosnjacima-u-minhenu\/#respond\"]}]},{\"@type\":\"WebPage\",\"@id\":\"https:\/\/sandzakpress.net\/arhiva\/muftija-dr-dudic-ce-predvoditi-bajram-namaz-bosnjacima-u-minhenu\/\",\"url\":\"https:\/\/sandzakpress.net\/arhiva\/muftija-dr-dudic-ce-predvoditi-bajram-namaz-bosnjacima-u-minhenu\/\",\"name\":\"Muftija dr. Dudi\u0107 \u0107e predvoditi Bajram namaz Bo\u0161njacima u Minhenu\",\"isPartOf\":{\"@id\":\"https:\/\/sandzakpress.net\/arhiva\/#website\"},\"primaryImageOfPage\":{\"@id\":\"https:\/\/sandzakpress.net\/arhiva\/muftija-dr-dudic-ce-predvoditi-bajram-namaz-bosnjacima-u-minhenu\/#primaryimage\"},\"image\":{\"@id\":\"https:\/\/sandzakpress.net\/arhiva\/muftija-dr-dudic-ce-predvoditi-bajram-namaz-bosnjacima-u-minhenu\/#primaryimage\"},\"thumbnailUrl\":\"https:\/\/sandzakpress.net\/arhiva\/wp-content\/uploads\/2015\/07\/IZBNJ.jpg\",\"datePublished\":\"2015-07-15T18:54:55+00:00\",\"dateModified\":\"2015-07-16T14:10:02+00:00\",\"breadcrumb\":{\"@id\":\"https:\/\/sandzakpress.net\/arhiva\/muftija-dr-dudic-ce-predvoditi-bajram-namaz-bosnjacima-u-minhenu\/#breadcrumb\"},\"inLanguage\":\"bs-BA\",\"potentialAction\":[{\"@type\":\"ReadAction\",\"target\":[\"https:\/\/sandzakpress.net\/arhiva\/muftija-dr-dudic-ce-predvoditi-bajram-namaz-bosnjacima-u-minhenu\/\"]}]},{\"@type\":\"ImageObject\",\"inLanguage\":\"bs-BA\",\"@id\":\"https:\/\/sandzakpress.net\/arhiva\/muftija-dr-dudic-ce-predvoditi-bajram-namaz-bosnjacima-u-minhenu\/#primaryimage\",\"url\":\"https:\/\/sandzakpress.net\/arhiva\/wp-content\/uploads\/2015\/07\/IZBNJ.jpg\",\"contentUrl\":\"https:\/\/sandzakpress.net\/arhiva\/wp-content\/uploads\/2015\/07\/IZBNJ.jpg\",\"width\":600,\"height\":435},{\"@type\":\"BreadcrumbList\",\"@id\":\"https:\/\/sandzakpress.net\/arhiva\/muftija-dr-dudic-ce-predvoditi-bajram-namaz-bosnjacima-u-minhenu\/#breadcrumb\",\"itemListElement\":[{\"@type\":\"ListItem\",\"position\":1,\"name\":\"Home\",\"item\":\"https:\/\/sandzakpress.net\/arhiva\/\"},{\"@type\":\"ListItem\",\"position\":2,\"name\":\"Muftija dr. Dudi\u0107 \u0107e predvoditi Bajram namaz Bo\u0161njacima u Minhenu\"}]},{\"@type\":\"WebSite\",\"@id\":\"https:\/\/sandzakpress.net\/arhiva\/#website\",\"url\":\"https:\/\/sandzakpress.net\/arhiva\/\",\"name\":\"Sand\u017eak PRESS\",\"description\":\"Prve elektronske novine u Sand\u017eaku\",\"publisher\":{\"@id\":\"https:\/\/sandzakpress.net\/arhiva\/#\/schema\/person\/6e72b67d6e51910a1117b3b483ba20bd\"},\"potentialAction\":[{\"@type\":\"SearchAction\",\"target\":{\"@type\":\"EntryPoint\",\"urlTemplate\":\"https:\/\/sandzakpress.net\/arhiva\/?s={search_term_string}\"},\"query-input\":{\"@type\":\"PropertyValueSpecification\",\"valueRequired\":true,\"valueName\":\"search_term_string\"}}],\"inLanguage\":\"bs-BA\"},{\"@type\":[\"Person\",\"Organization\"],\"@id\":\"https:\/\/sandzakpress.net\/arhiva\/#\/schema\/person\/6e72b67d6e51910a1117b3b483ba20bd\",\"name\":\"Kul\",\"image\":{\"@type\":\"ImageObject\",\"inLanguage\":\"bs-BA\",\"@id\":\"https:\/\/sandzakpress.net\/arhiva\/#\/schema\/person\/image\/\",\"url\":\"https:\/\/secure.gravatar.com\/avatar\/42263f39aa27ac04c43cab85c280eb2e?s=96&d=mm&r=pg\",\"contentUrl\":\"https:\/\/secure.gravatar.com\/avatar\/42263f39aa27ac04c43cab85c280eb2e?s=96&d=mm&r=pg\",\"caption\":\"Kul\"},\"logo\":{\"@id\":\"https:\/\/sandzakpress.net\/arhiva\/#\/schema\/person\/image\/\"}},{\"@type\":\"Person\",\"@id\":\"https:\/\/sandzakpress.net\/arhiva\/#\/schema\/person\/c8baee722073534b583ea7bdb2e36c02\",\"name\":\"bosniak\",\"image\":{\"@type\":\"ImageObject\",\"inLanguage\":\"bs-BA\",\"@id\":\"https:\/\/sandzakpress.net\/arhiva\/#\/schema\/person\/image\/\",\"url\":\"https:\/\/secure.gravatar.com\/avatar\/a04fd330bfe3a36a72a0ad4a6d89fca7?s=96&d=mm&r=pg\",\"contentUrl\":\"https:\/\/secure.gravatar.com\/avatar\/a04fd330bfe3a36a72a0ad4a6d89fca7?s=96&d=mm&r=pg\",\"caption\":\"bosniak\"},\"url\":\"https:\/\/sandzakpress.net\/arhiva\/author\/bosniak\/\"}]}<\/script>\n<!-- \/ Yoast SEO Premium plugin. -->","yoast_head_json":{"title":"Muftija dr. Dudi\u0107 \u0107e predvoditi Bajram namaz Bo\u0161njacima u Minhenu","robots":{"index":"index","follow":"follow","max-snippet":"max-snippet:-1","max-image-preview":"max-image-preview:large","max-video-preview":"max-video-preview:-1"},"canonical":"https:\/\/sandzakpress.net\/arhiva\/muftija-dr-dudic-ce-predvoditi-bajram-namaz-bosnjacima-u-minhenu\/","og_locale":"bs_BA","og_type":"article","og_title":"Muftija dr. Dudi\u0107 \u0107e predvoditi Bajram namaz Bo\u0161njacima u Minhenu","og_description":"Njema\u010dka &#8211; U Minhenu \u0107e ove godine svi bo\u0161nja\u010dki d\u017eemati u tom gradu Bajram namaz obaviti na Centralnoj bajramskoj sve\u010danosti. Bajram namaz \u0107e predvoditi kao i bajramsku hutbu odr\u017eati predsjednik Me\u0161ihata Islamske zajednice muftija dr. Mevlud ef. Dudi\u0107. Vi\u0161e podataka na plakati u nastavku. &nbsp;","og_url":"https:\/\/sandzakpress.net\/arhiva\/muftija-dr-dudic-ce-predvoditi-bajram-namaz-bosnjacima-u-minhenu\/","og_site_name":"Sand\u017eak PRESS","article_published_time":"2015-07-15T18:54:55+00:00","article_modified_time":"2015-07-16T14:10:02+00:00","og_image":[{"width":600,"height":435,"url":"https:\/\/sandzakpress.net\/arhiva\/wp-content\/uploads\/2015\/07\/IZBNJ.jpg","type":"image\/jpeg"}],"author":"bosniak","twitter_card":"summary_large_image","twitter_misc":{"Written by":"bosniak"},"schema":{"@context":"https:\/\/schema.org","@graph":[{"@type":"Article","@id":"https:\/\/sandzakpress.net\/arhiva\/muftija-dr-dudic-ce-predvoditi-bajram-namaz-bosnjacima-u-minhenu\/#article","isPartOf":{"@id":"https:\/\/sandzakpress.net\/arhiva\/muftija-dr-dudic-ce-predvoditi-bajram-namaz-bosnjacima-u-minhenu\/"},"author":{"name":"bosniak","@id":"https:\/\/sandzakpress.net\/arhiva\/#\/schema\/person\/c8baee722073534b583ea7bdb2e36c02"},"headline":"Muftija dr. Dudi\u0107 \u0107e predvoditi Bajram namaz Bo\u0161njacima u Minhenu","datePublished":"2015-07-15T18:54:55+00:00","dateModified":"2015-07-16T14:10:02+00:00","mainEntityOfPage":{"@id":"https:\/\/sandzakpress.net\/arhiva\/muftija-dr-dudic-ce-predvoditi-bajram-namaz-bosnjacima-u-minhenu\/"},"wordCount":64,"commentCount":0,"publisher":{"@id":"https:\/\/sandzakpress.net\/arhiva\/#\/schema\/person\/6e72b67d6e51910a1117b3b483ba20bd"},"image":{"@id":"https:\/\/sandzakpress.net\/arhiva\/muftija-dr-dudic-ce-predvoditi-bajram-namaz-bosnjacima-u-minhenu\/#primaryimage"},"thumbnailUrl":"https:\/\/sandzakpress.net\/arhiva\/wp-content\/uploads\/2015\/07\/IZBNJ.jpg","articleSection":["Njema\u010dka","Islamska zajednica","VIJESTI DANA","NAJNOVIJE","VA\u017dNO!","Novine"],"inLanguage":"bs-BA","potentialAction":[{"@type":"CommentAction","name":"Comment","target":["https:\/\/sandzakpress.net\/arhiva\/muftija-dr-dudic-ce-predvoditi-bajram-namaz-bosnjacima-u-minhenu\/#respond"]}]},{"@type":"WebPage","@id":"https:\/\/sandzakpress.net\/arhiva\/muftija-dr-dudic-ce-predvoditi-bajram-namaz-bosnjacima-u-minhenu\/","url":"https:\/\/sandzakpress.net\/arhiva\/muftija-dr-dudic-ce-predvoditi-bajram-namaz-bosnjacima-u-minhenu\/","name":"Muftija dr. Dudi\u0107 \u0107e predvoditi Bajram namaz Bo\u0161njacima u Minhenu","isPartOf":{"@id":"https:\/\/sandzakpress.net\/arhiva\/#website"},"primaryImageOfPage":{"@id":"https:\/\/sandzakpress.net\/arhiva\/muftija-dr-dudic-ce-predvoditi-bajram-namaz-bosnjacima-u-minhenu\/#primaryimage"},"image":{"@id":"https:\/\/sandzakpress.net\/arhiva\/muftija-dr-dudic-ce-predvoditi-bajram-namaz-bosnjacima-u-minhenu\/#primaryimage"},"thumbnailUrl":"https:\/\/sandzakpress.net\/arhiva\/wp-content\/uploads\/2015\/07\/IZBNJ.jpg","datePublished":"2015-07-15T18:54:55+00:00","dateModified":"2015-07-16T14:10:02+00:00","breadcrumb":{"@id":"https:\/\/sandzakpress.net\/arhiva\/muftija-dr-dudic-ce-predvoditi-bajram-namaz-bosnjacima-u-minhenu\/#breadcrumb"},"inLanguage":"bs-BA","potentialAction":[{"@type":"ReadAction","target":["https:\/\/sandzakpress.net\/arhiva\/muftija-dr-dudic-ce-predvoditi-bajram-namaz-bosnjacima-u-minhenu\/"]}]},{"@type":"ImageObject","inLanguage":"bs-BA","@id":"https:\/\/sandzakpress.net\/arhiva\/muftija-dr-dudic-ce-predvoditi-bajram-namaz-bosnjacima-u-minhenu\/#primaryimage","url":"https:\/\/sandzakpress.net\/arhiva\/wp-content\/uploads\/2015\/07\/IZBNJ.jpg","contentUrl":"https:\/\/sandzakpress.net\/arhiva\/wp-content\/uploads\/2015\/07\/IZBNJ.jpg","width":600,"height":435},{"@type":"BreadcrumbList","@id":"https:\/\/sandzakpress.net\/arhiva\/muftija-dr-dudic-ce-predvoditi-bajram-namaz-bosnjacima-u-minhenu\/#breadcrumb","itemListElement":[{"@type":"ListItem","position":1,"name":"Home","item":"https:\/\/sandzakpress.net\/arhiva\/"},{"@type":"ListItem","position":2,"name":"Muftija dr. Dudi\u0107 \u0107e predvoditi Bajram namaz Bo\u0161njacima u Minhenu"}]},{"@type":"WebSite","@id":"https:\/\/sandzakpress.net\/arhiva\/#website","url":"https:\/\/sandzakpress.net\/arhiva\/","name":"Sand\u017eak PRESS","description":"Prve elektronske novine u Sand\u017eaku","publisher":{"@id":"https:\/\/sandzakpress.net\/arhiva\/#\/schema\/person\/6e72b67d6e51910a1117b3b483ba20bd"},"potentialAction":[{"@type":"SearchAction","target":{"@type":"EntryPoint","urlTemplate":"https:\/\/sandzakpress.net\/arhiva\/?s={search_term_string}"},"query-input":{"@type":"PropertyValueSpecification","valueRequired":true,"valueName":"search_term_string"}}],"inLanguage":"bs-BA"},{"@type":["Person","Organization"],"@id":"https:\/\/sandzakpress.net\/arhiva\/#\/schema\/person\/6e72b67d6e51910a1117b3b483ba20bd","name":"Kul","image":{"@type":"ImageObject","inLanguage":"bs-BA","@id":"https:\/\/sandzakpress.net\/arhiva\/#\/schema\/person\/image\/","url":"https:\/\/secure.gravatar.com\/avatar\/42263f39aa27ac04c43cab85c280eb2e?s=96&d=mm&r=pg","contentUrl":"https:\/\/secure.gravatar.com\/avatar\/42263f39aa27ac04c43cab85c280eb2e?s=96&d=mm&r=pg","caption":"Kul"},"logo":{"@id":"https:\/\/sandzakpress.net\/arhiva\/#\/schema\/person\/image\/"}},{"@type":"Person","@id":"https:\/\/sandzakpress.net\/arhiva\/#\/schema\/person\/c8baee722073534b583ea7bdb2e36c02","name":"bosniak","image":{"@type":"ImageObject","inLanguage":"bs-BA","@id":"https:\/\/sandzakpress.net\/arhiva\/#\/schema\/person\/image\/","url":"https:\/\/secure.gravatar.com\/avatar\/a04fd330bfe3a36a72a0ad4a6d89fca7?s=96&d=mm&r=pg","contentUrl":"https:\/\/secure.gravatar.com\/avatar\/a04fd330bfe3a36a72a0ad4a6d89fca7?s=96&d=mm&r=pg","caption":"bosniak"},"url":"https:\/\/sandzakpress.net\/arhiva\/author\/bosniak\/"}]}},"_links":{"self":[{"href":"https:\/\/sandzakpress.net\/arhiva\/wp-json\/wp\/v2\/posts\/131281"}],"collection":[{"href":"https:\/\/sandzakpress.net\/arhiva\/wp-json\/wp\/v2\/posts"}],"about":[{"href":"https:\/\/sandzakpress.net\/arhiva\/wp-json\/wp\/v2\/types\/post"}],"author":[{"embeddable":true,"href":"https:\/\/sandzakpress.net\/arhiva\/wp-json\/wp\/v2\/users\/83"}],"replies":[{"embeddable":true,"href":"https:\/\/sandzakpress.net\/arhiva\/wp-json\/wp\/v2\/comments?post=131281"}],"version-history":[{"count":0,"href":"https:\/\/sandzakpress.net\/arhiva\/wp-json\/wp\/v2\/posts\/131281\/revisions"}],"wp:featuredmedia":[{"embeddable":true,"href":"https:\/\/sandzakpress.net\/arhiva\/wp-json\/wp\/v2\/media\/131282"}],"wp:attachment":[{"href":"https:\/\/sandzakpress.net\/arhiva\/wp-json\/wp\/v2\/media?parent=131281"}],"wp:term":[{"taxonomy":"category","embeddable":true,"href":"https:\/\/sandzakpress.net\/arhiva\/wp-json\/wp\/v2\/categories?post=131281"},{"taxonomy":"post_tag","embeddable":true,"href":"https:\/\/sandzakpress.net\/arhiva\/wp-json\/wp\/v2\/tags?post=131281"}],"curies":[{"name":"wp","href":"https:\/\/api.w.org\/{rel}","templated":true}]}}