{"id":131198,"date":"2015-07-14T12:14:18","date_gmt":"2015-07-14T10:14:18","guid":{"rendered":"https:\/\/sandzakpress.net\/arhiva\/?p=131198"},"modified":"2015-07-14T12:20:43","modified_gmt":"2015-07-14T10:20:43","slug":"zapljene-zbog-veza-s-muslimanskom-bracom","status":"publish","type":"post","link":"https:\/\/sandzakpress.net\/arhiva\/zapljene-zbog-veza-s-muslimanskom-bracom\/","title":{"rendered":"Zapljene zbog veza s Muslimanskom bra\u0107om"},"content":{"rendered":"<p><img decoding=\"async\" src=\"http:\/\/balkans.aljazeera.net\/sites\/staff.balkans.aljazeera.com\/files\/styles\/aljazeera_article_main_image\/public\/egipat_policija_main_ap.jpg?itok=ReCHGFCi\" alt=\"Egipat, Policija, Policajci\" \/><\/p>\n<p><strong>Svijet &#8211; Egipatska vlada je od po\u010detka 2014. godine do danas zaplijenila imovinu 1.300 udruga povezanih s Muslimanskom bra\u0107om (Ihvan).<\/strong><\/p>\n<p>Izzet Hamis, \u0161ef Odbora za evidentiranje imovine Ihvana, kojeg je osnovala vlada Egipta, izjavio je da je u proteklih godinu i pol zaplijenjena sva pokretna i nepokretna imovina od ukupno 1.300 nevladinih udruga povezanih s Ihvanom, kojeg je vlada ranije stavila na listu &#8220;teroristi\u010dkih organizacija&#8221;.<\/p>\n<p>Hamis je kazao da je utvr\u0111eno da su ova udru\u017eenja vodili \u010dlanovi Muslimanske bra\u0107e i da je sva oduzeta imovina upisana u registar Ministarstva za socijalnu skrb, prenosi Anadolija.<\/p>\n<p>Ulo\u017eene \u017ealbe<\/p>\n<p>Najavio je da su neke udruge ve\u0107 ulo\u017eile sudsku \u017ealbu na odluku o oduzimanju imovine i da \u0107e ta odluka biti ukinuta i imovina vra\u0107ena u slu\u010dajevima za koje sud utvrdi da nema povezanosti s Ihvanom.<\/p>\n<p>Sud u Kairu je sredinom rujna 2013. godine zabranio rad Ihvana i svih povezanih organizacija te naredio formiranje specijalnog odbora koji \u0107e ustanoviti svu imovinu zabranjenih organizacija i pokrenuti postupak oduzimanja.<\/p>\n<p>Egipatska prijelazna vlada, formirana nakon vojnog udara iz srpnja 2013. godine, krajem prosinca iste godine proglasila je Ihvan teroristi\u010dkom organizacijom.<\/p>\n<p>Izvor: Agencije<\/p>\n","protected":false},"excerpt":{"rendered":"<p>Svijet &#8211; Egipatska vlada je od po\u010detka 2014. godine do danas zaplijenila imovinu 1.300 udruga povezanih s Muslimanskom bra\u0107om (Ihvan). Izzet Hamis, \u0161ef Odbora za evidentiranje imovine Ihvana, kojeg je osnovala vlada Egipta, izjavio je da je u proteklih godinu i pol zaplijenjena sva pokretna i nepokretna imovina od ukupno 1.300 nevladinih udruga povezanih s [&hellip;]<\/p>\n","protected":false},"author":83,"featured_media":131199,"comment_status":"open","ping_status":"open","sticky":false,"template":"","format":"standard","meta":{"footnotes":""},"categories":[10512,10429],"tags":[],"class_list":{"0":"post-131198","1":"post","2":"type-post","3":"status-publish","4":"format-standard","5":"has-post-thumbnail","7":"category-islamski-svijet","8":"category-vazno"},"yoast_head":"<!-- This site is optimized with the Yoast SEO Premium plugin v23.1 (Yoast SEO v24.9) - https:\/\/yoast.com\/wordpress\/plugins\/seo\/ -->\n<title>Zapljene zbog veza s Muslimanskom bra\u0107om<\/title>\n<meta name=\"robots\" content=\"index, follow, max-snippet:-1, max-image-preview:large, max-video-preview:-1\" \/>\n<link rel=\"canonical\" href=\"https:\/\/sandzakpress.net\/arhiva\/zapljene-zbog-veza-s-muslimanskom-bracom\/\" \/>\n<meta property=\"og:locale\" content=\"bs_BA\" \/>\n<meta property=\"og:type\" content=\"article\" \/>\n<meta property=\"og:title\" content=\"Zapljene zbog veza s Muslimanskom bra\u0107om\" \/>\n<meta property=\"og:description\" content=\"Svijet &#8211; Egipatska vlada je od po\u010detka 2014. godine do danas zaplijenila imovinu 1.300 udruga povezanih s Muslimanskom bra\u0107om (Ihvan). Izzet Hamis, \u0161ef Odbora za evidentiranje imovine Ihvana, kojeg je osnovala vlada Egipta, izjavio je da je u proteklih godinu i pol zaplijenjena sva pokretna i nepokretna imovina od ukupno 1.300 nevladinih udruga povezanih s [&hellip;]\" \/>\n<meta property=\"og:url\" content=\"https:\/\/sandzakpress.net\/arhiva\/zapljene-zbog-veza-s-muslimanskom-bracom\/\" \/>\n<meta property=\"og:site_name\" content=\"Sand\u017eak PRESS\" \/>\n<meta property=\"article:published_time\" content=\"2015-07-14T10:14:18+00:00\" \/>\n<meta property=\"article:modified_time\" content=\"2015-07-14T10:20:43+00:00\" \/>\n<meta property=\"og:image\" content=\"https:\/\/sandzakpress.net\/arhiva\/wp-content\/uploads\/2015\/07\/egipat_policija_main_ap.jpg\" \/>\n\t<meta property=\"og:image:width\" content=\"900\" \/>\n\t<meta property=\"og:image:height\" content=\"600\" \/>\n\t<meta property=\"og:image:type\" content=\"image\/jpeg\" \/>\n<meta name=\"author\" content=\"bosniak\" \/>\n<meta name=\"twitter:card\" content=\"summary_large_image\" \/>\n<meta name=\"twitter:label1\" content=\"Written by\" \/>\n\t<meta name=\"twitter:data1\" content=\"bosniak\" \/>\n\t<meta name=\"twitter:label2\" content=\"Est. reading time\" \/>\n\t<meta name=\"twitter:data2\" content=\"1 minuta\" \/>\n<script type=\"application\/ld+json\" class=\"yoast-schema-graph\">{\"@context\":\"https:\/\/schema.org\",\"@graph\":[{\"@type\":\"Article\",\"@id\":\"https:\/\/sandzakpress.net\/arhiva\/zapljene-zbog-veza-s-muslimanskom-bracom\/#article\",\"isPartOf\":{\"@id\":\"https:\/\/sandzakpress.net\/arhiva\/zapljene-zbog-veza-s-muslimanskom-bracom\/\"},\"author\":{\"name\":\"bosniak\",\"@id\":\"https:\/\/sandzakpress.net\/arhiva\/#\/schema\/person\/c8baee722073534b583ea7bdb2e36c02\"},\"headline\":\"Zapljene zbog veza s Muslimanskom bra\u0107om\",\"datePublished\":\"2015-07-14T10:14:18+00:00\",\"dateModified\":\"2015-07-14T10:20:43+00:00\",\"mainEntityOfPage\":{\"@id\":\"https:\/\/sandzakpress.net\/arhiva\/zapljene-zbog-veza-s-muslimanskom-bracom\/\"},\"wordCount\":198,\"commentCount\":0,\"publisher\":{\"@id\":\"https:\/\/sandzakpress.net\/arhiva\/#\/schema\/person\/6e72b67d6e51910a1117b3b483ba20bd\"},\"image\":{\"@id\":\"https:\/\/sandzakpress.net\/arhiva\/zapljene-zbog-veza-s-muslimanskom-bracom\/#primaryimage\"},\"thumbnailUrl\":\"https:\/\/sandzakpress.net\/arhiva\/wp-content\/uploads\/2015\/07\/egipat_policija_main_ap.jpg\",\"articleSection\":[\"Islamski svijet\",\"VA\u017dNO!\"],\"inLanguage\":\"bs-BA\",\"potentialAction\":[{\"@type\":\"CommentAction\",\"name\":\"Comment\",\"target\":[\"https:\/\/sandzakpress.net\/arhiva\/zapljene-zbog-veza-s-muslimanskom-bracom\/#respond\"]}]},{\"@type\":\"WebPage\",\"@id\":\"https:\/\/sandzakpress.net\/arhiva\/zapljene-zbog-veza-s-muslimanskom-bracom\/\",\"url\":\"https:\/\/sandzakpress.net\/arhiva\/zapljene-zbog-veza-s-muslimanskom-bracom\/\",\"name\":\"Zapljene zbog veza s Muslimanskom bra\u0107om\",\"isPartOf\":{\"@id\":\"https:\/\/sandzakpress.net\/arhiva\/#website\"},\"primaryImageOfPage\":{\"@id\":\"https:\/\/sandzakpress.net\/arhiva\/zapljene-zbog-veza-s-muslimanskom-bracom\/#primaryimage\"},\"image\":{\"@id\":\"https:\/\/sandzakpress.net\/arhiva\/zapljene-zbog-veza-s-muslimanskom-bracom\/#primaryimage\"},\"thumbnailUrl\":\"https:\/\/sandzakpress.net\/arhiva\/wp-content\/uploads\/2015\/07\/egipat_policija_main_ap.jpg\",\"datePublished\":\"2015-07-14T10:14:18+00:00\",\"dateModified\":\"2015-07-14T10:20:43+00:00\",\"breadcrumb\":{\"@id\":\"https:\/\/sandzakpress.net\/arhiva\/zapljene-zbog-veza-s-muslimanskom-bracom\/#breadcrumb\"},\"inLanguage\":\"bs-BA\",\"potentialAction\":[{\"@type\":\"ReadAction\",\"target\":[\"https:\/\/sandzakpress.net\/arhiva\/zapljene-zbog-veza-s-muslimanskom-bracom\/\"]}]},{\"@type\":\"ImageObject\",\"inLanguage\":\"bs-BA\",\"@id\":\"https:\/\/sandzakpress.net\/arhiva\/zapljene-zbog-veza-s-muslimanskom-bracom\/#primaryimage\",\"url\":\"https:\/\/sandzakpress.net\/arhiva\/wp-content\/uploads\/2015\/07\/egipat_policija_main_ap.jpg\",\"contentUrl\":\"https:\/\/sandzakpress.net\/arhiva\/wp-content\/uploads\/2015\/07\/egipat_policija_main_ap.jpg\",\"width\":900,\"height\":600},{\"@type\":\"BreadcrumbList\",\"@id\":\"https:\/\/sandzakpress.net\/arhiva\/zapljene-zbog-veza-s-muslimanskom-bracom\/#breadcrumb\",\"itemListElement\":[{\"@type\":\"ListItem\",\"position\":1,\"name\":\"Home\",\"item\":\"https:\/\/sandzakpress.net\/arhiva\/\"},{\"@type\":\"ListItem\",\"position\":2,\"name\":\"Zapljene zbog veza s Muslimanskom bra\u0107om\"}]},{\"@type\":\"WebSite\",\"@id\":\"https:\/\/sandzakpress.net\/arhiva\/#website\",\"url\":\"https:\/\/sandzakpress.net\/arhiva\/\",\"name\":\"Sand\u017eak PRESS\",\"description\":\"Prve elektronske novine u Sand\u017eaku\",\"publisher\":{\"@id\":\"https:\/\/sandzakpress.net\/arhiva\/#\/schema\/person\/6e72b67d6e51910a1117b3b483ba20bd\"},\"potentialAction\":[{\"@type\":\"SearchAction\",\"target\":{\"@type\":\"EntryPoint\",\"urlTemplate\":\"https:\/\/sandzakpress.net\/arhiva\/?s={search_term_string}\"},\"query-input\":{\"@type\":\"PropertyValueSpecification\",\"valueRequired\":true,\"valueName\":\"search_term_string\"}}],\"inLanguage\":\"bs-BA\"},{\"@type\":[\"Person\",\"Organization\"],\"@id\":\"https:\/\/sandzakpress.net\/arhiva\/#\/schema\/person\/6e72b67d6e51910a1117b3b483ba20bd\",\"name\":\"Kul\",\"image\":{\"@type\":\"ImageObject\",\"inLanguage\":\"bs-BA\",\"@id\":\"https:\/\/sandzakpress.net\/arhiva\/#\/schema\/person\/image\/\",\"url\":\"https:\/\/secure.gravatar.com\/avatar\/42263f39aa27ac04c43cab85c280eb2e?s=96&d=mm&r=pg\",\"contentUrl\":\"https:\/\/secure.gravatar.com\/avatar\/42263f39aa27ac04c43cab85c280eb2e?s=96&d=mm&r=pg\",\"caption\":\"Kul\"},\"logo\":{\"@id\":\"https:\/\/sandzakpress.net\/arhiva\/#\/schema\/person\/image\/\"}},{\"@type\":\"Person\",\"@id\":\"https:\/\/sandzakpress.net\/arhiva\/#\/schema\/person\/c8baee722073534b583ea7bdb2e36c02\",\"name\":\"bosniak\",\"image\":{\"@type\":\"ImageObject\",\"inLanguage\":\"bs-BA\",\"@id\":\"https:\/\/sandzakpress.net\/arhiva\/#\/schema\/person\/image\/\",\"url\":\"https:\/\/secure.gravatar.com\/avatar\/a04fd330bfe3a36a72a0ad4a6d89fca7?s=96&d=mm&r=pg\",\"contentUrl\":\"https:\/\/secure.gravatar.com\/avatar\/a04fd330bfe3a36a72a0ad4a6d89fca7?s=96&d=mm&r=pg\",\"caption\":\"bosniak\"},\"url\":\"https:\/\/sandzakpress.net\/arhiva\/author\/bosniak\/\"}]}<\/script>\n<!-- \/ Yoast SEO Premium plugin. -->","yoast_head_json":{"title":"Zapljene zbog veza s Muslimanskom bra\u0107om","robots":{"index":"index","follow":"follow","max-snippet":"max-snippet:-1","max-image-preview":"max-image-preview:large","max-video-preview":"max-video-preview:-1"},"canonical":"https:\/\/sandzakpress.net\/arhiva\/zapljene-zbog-veza-s-muslimanskom-bracom\/","og_locale":"bs_BA","og_type":"article","og_title":"Zapljene zbog veza s Muslimanskom bra\u0107om","og_description":"Svijet &#8211; Egipatska vlada je od po\u010detka 2014. godine do danas zaplijenila imovinu 1.300 udruga povezanih s Muslimanskom bra\u0107om (Ihvan). Izzet Hamis, \u0161ef Odbora za evidentiranje imovine Ihvana, kojeg je osnovala vlada Egipta, izjavio je da je u proteklih godinu i pol zaplijenjena sva pokretna i nepokretna imovina od ukupno 1.300 nevladinih udruga povezanih s [&hellip;]","og_url":"https:\/\/sandzakpress.net\/arhiva\/zapljene-zbog-veza-s-muslimanskom-bracom\/","og_site_name":"Sand\u017eak PRESS","article_published_time":"2015-07-14T10:14:18+00:00","article_modified_time":"2015-07-14T10:20:43+00:00","og_image":[{"width":900,"height":600,"url":"https:\/\/sandzakpress.net\/arhiva\/wp-content\/uploads\/2015\/07\/egipat_policija_main_ap.jpg","type":"image\/jpeg"}],"author":"bosniak","twitter_card":"summary_large_image","twitter_misc":{"Written by":"bosniak","Est. reading time":"1 minuta"},"schema":{"@context":"https:\/\/schema.org","@graph":[{"@type":"Article","@id":"https:\/\/sandzakpress.net\/arhiva\/zapljene-zbog-veza-s-muslimanskom-bracom\/#article","isPartOf":{"@id":"https:\/\/sandzakpress.net\/arhiva\/zapljene-zbog-veza-s-muslimanskom-bracom\/"},"author":{"name":"bosniak","@id":"https:\/\/sandzakpress.net\/arhiva\/#\/schema\/person\/c8baee722073534b583ea7bdb2e36c02"},"headline":"Zapljene zbog veza s Muslimanskom bra\u0107om","datePublished":"2015-07-14T10:14:18+00:00","dateModified":"2015-07-14T10:20:43+00:00","mainEntityOfPage":{"@id":"https:\/\/sandzakpress.net\/arhiva\/zapljene-zbog-veza-s-muslimanskom-bracom\/"},"wordCount":198,"commentCount":0,"publisher":{"@id":"https:\/\/sandzakpress.net\/arhiva\/#\/schema\/person\/6e72b67d6e51910a1117b3b483ba20bd"},"image":{"@id":"https:\/\/sandzakpress.net\/arhiva\/zapljene-zbog-veza-s-muslimanskom-bracom\/#primaryimage"},"thumbnailUrl":"https:\/\/sandzakpress.net\/arhiva\/wp-content\/uploads\/2015\/07\/egipat_policija_main_ap.jpg","articleSection":["Islamski svijet","VA\u017dNO!"],"inLanguage":"bs-BA","potentialAction":[{"@type":"CommentAction","name":"Comment","target":["https:\/\/sandzakpress.net\/arhiva\/zapljene-zbog-veza-s-muslimanskom-bracom\/#respond"]}]},{"@type":"WebPage","@id":"https:\/\/sandzakpress.net\/arhiva\/zapljene-zbog-veza-s-muslimanskom-bracom\/","url":"https:\/\/sandzakpress.net\/arhiva\/zapljene-zbog-veza-s-muslimanskom-bracom\/","name":"Zapljene zbog veza s Muslimanskom bra\u0107om","isPartOf":{"@id":"https:\/\/sandzakpress.net\/arhiva\/#website"},"primaryImageOfPage":{"@id":"https:\/\/sandzakpress.net\/arhiva\/zapljene-zbog-veza-s-muslimanskom-bracom\/#primaryimage"},"image":{"@id":"https:\/\/sandzakpress.net\/arhiva\/zapljene-zbog-veza-s-muslimanskom-bracom\/#primaryimage"},"thumbnailUrl":"https:\/\/sandzakpress.net\/arhiva\/wp-content\/uploads\/2015\/07\/egipat_policija_main_ap.jpg","datePublished":"2015-07-14T10:14:18+00:00","dateModified":"2015-07-14T10:20:43+00:00","breadcrumb":{"@id":"https:\/\/sandzakpress.net\/arhiva\/zapljene-zbog-veza-s-muslimanskom-bracom\/#breadcrumb"},"inLanguage":"bs-BA","potentialAction":[{"@type":"ReadAction","target":["https:\/\/sandzakpress.net\/arhiva\/zapljene-zbog-veza-s-muslimanskom-bracom\/"]}]},{"@type":"ImageObject","inLanguage":"bs-BA","@id":"https:\/\/sandzakpress.net\/arhiva\/zapljene-zbog-veza-s-muslimanskom-bracom\/#primaryimage","url":"https:\/\/sandzakpress.net\/arhiva\/wp-content\/uploads\/2015\/07\/egipat_policija_main_ap.jpg","contentUrl":"https:\/\/sandzakpress.net\/arhiva\/wp-content\/uploads\/2015\/07\/egipat_policija_main_ap.jpg","width":900,"height":600},{"@type":"BreadcrumbList","@id":"https:\/\/sandzakpress.net\/arhiva\/zapljene-zbog-veza-s-muslimanskom-bracom\/#breadcrumb","itemListElement":[{"@type":"ListItem","position":1,"name":"Home","item":"https:\/\/sandzakpress.net\/arhiva\/"},{"@type":"ListItem","position":2,"name":"Zapljene zbog veza s Muslimanskom bra\u0107om"}]},{"@type":"WebSite","@id":"https:\/\/sandzakpress.net\/arhiva\/#website","url":"https:\/\/sandzakpress.net\/arhiva\/","name":"Sand\u017eak PRESS","description":"Prve elektronske novine u Sand\u017eaku","publisher":{"@id":"https:\/\/sandzakpress.net\/arhiva\/#\/schema\/person\/6e72b67d6e51910a1117b3b483ba20bd"},"potentialAction":[{"@type":"SearchAction","target":{"@type":"EntryPoint","urlTemplate":"https:\/\/sandzakpress.net\/arhiva\/?s={search_term_string}"},"query-input":{"@type":"PropertyValueSpecification","valueRequired":true,"valueName":"search_term_string"}}],"inLanguage":"bs-BA"},{"@type":["Person","Organization"],"@id":"https:\/\/sandzakpress.net\/arhiva\/#\/schema\/person\/6e72b67d6e51910a1117b3b483ba20bd","name":"Kul","image":{"@type":"ImageObject","inLanguage":"bs-BA","@id":"https:\/\/sandzakpress.net\/arhiva\/#\/schema\/person\/image\/","url":"https:\/\/secure.gravatar.com\/avatar\/42263f39aa27ac04c43cab85c280eb2e?s=96&d=mm&r=pg","contentUrl":"https:\/\/secure.gravatar.com\/avatar\/42263f39aa27ac04c43cab85c280eb2e?s=96&d=mm&r=pg","caption":"Kul"},"logo":{"@id":"https:\/\/sandzakpress.net\/arhiva\/#\/schema\/person\/image\/"}},{"@type":"Person","@id":"https:\/\/sandzakpress.net\/arhiva\/#\/schema\/person\/c8baee722073534b583ea7bdb2e36c02","name":"bosniak","image":{"@type":"ImageObject","inLanguage":"bs-BA","@id":"https:\/\/sandzakpress.net\/arhiva\/#\/schema\/person\/image\/","url":"https:\/\/secure.gravatar.com\/avatar\/a04fd330bfe3a36a72a0ad4a6d89fca7?s=96&d=mm&r=pg","contentUrl":"https:\/\/secure.gravatar.com\/avatar\/a04fd330bfe3a36a72a0ad4a6d89fca7?s=96&d=mm&r=pg","caption":"bosniak"},"url":"https:\/\/sandzakpress.net\/arhiva\/author\/bosniak\/"}]}},"_links":{"self":[{"href":"https:\/\/sandzakpress.net\/arhiva\/wp-json\/wp\/v2\/posts\/131198"}],"collection":[{"href":"https:\/\/sandzakpress.net\/arhiva\/wp-json\/wp\/v2\/posts"}],"about":[{"href":"https:\/\/sandzakpress.net\/arhiva\/wp-json\/wp\/v2\/types\/post"}],"author":[{"embeddable":true,"href":"https:\/\/sandzakpress.net\/arhiva\/wp-json\/wp\/v2\/users\/83"}],"replies":[{"embeddable":true,"href":"https:\/\/sandzakpress.net\/arhiva\/wp-json\/wp\/v2\/comments?post=131198"}],"version-history":[{"count":0,"href":"https:\/\/sandzakpress.net\/arhiva\/wp-json\/wp\/v2\/posts\/131198\/revisions"}],"wp:featuredmedia":[{"embeddable":true,"href":"https:\/\/sandzakpress.net\/arhiva\/wp-json\/wp\/v2\/media\/131199"}],"wp:attachment":[{"href":"https:\/\/sandzakpress.net\/arhiva\/wp-json\/wp\/v2\/media?parent=131198"}],"wp:term":[{"taxonomy":"category","embeddable":true,"href":"https:\/\/sandzakpress.net\/arhiva\/wp-json\/wp\/v2\/categories?post=131198"},{"taxonomy":"post_tag","embeddable":true,"href":"https:\/\/sandzakpress.net\/arhiva\/wp-json\/wp\/v2\/tags?post=131198"}],"curies":[{"name":"wp","href":"https:\/\/api.w.org\/{rel}","templated":true}]}}