{"id":131141,"date":"2015-07-13T14:40:48","date_gmt":"2015-07-13T12:40:48","guid":{"rendered":"https:\/\/sandzakpress.net\/arhiva\/?p=131141"},"modified":"2015-07-13T14:40:48","modified_gmt":"2015-07-13T12:40:48","slug":"rezolucija-o-srebrenici-predvida-izucavanje-genocida-u-skolama-diljem-svijeta","status":"publish","type":"post","link":"https:\/\/sandzakpress.net\/arhiva\/rezolucija-o-srebrenici-predvida-izucavanje-genocida-u-skolama-diljem-svijeta\/","title":{"rendered":"Rezolucija o Srebrenici predvi\u0111a izu\u010davanje genocida u \u0161kolama diljem svijeta"},"content":{"rendered":"<p><img loading=\"lazy\" decoding=\"async\" class=\"\" src=\"http:\/\/i0.wp.com\/bosnjaci.agency\/wp-content\/uploads\/2014\/11\/Srebrenica-cvijet-sje%C4%87anja.jpg?resize=470%2C260\" alt=\"Srebrenica, cvijet sje\u0107anja\" width=\"531\" height=\"294\" \/><\/p>\n<p><strong>Srbija &#8211; Rezolucija o Srebrenici, koju je u Vije\u0107u sigurnosti UN pripremila Velika Britanija, predvi\u0111a da djeca ubudu\u0107e u \u0161kolama u\u010de o genocidu, pi\u0161e beogradski tisak pozivaju\u0107i se na diplomatske izvore.<\/strong><\/p>\n<p>Dokument koji je pripremila Velika Britanija, prema pisanju beogradskog lista Blic, ima ukupno 13 ta\u010daka, a u devetoj ta\u010dki je upu\u0107en apel svim dr\u017eavama u svijetu da u\u010denje o genocidu uvrste u nastavne programe.<\/p>\n<p>\u201eApelira se na sve dr\u017eave (u svijetu) da razvijaju obrazovne programe koji \u0107e usaditi u budu\u0107e generacije lekcije koje su nau\u010dili iz pro\u0161lih genocida\u201c, navedeno je u 9. ta\u010dki britanske deklaracije o genocidu u Srebrenici.<\/p>\n<p>Srbijanski ministar vanjskih poslova potvrdio je da je misija Velike Britanije u UN dostavila Srbiji nacrt rezolucije.<\/p>\n<p>U preambuli stoji tvrdnja da su \u201edesetine hiljada \u017eena i djevojaka, ljudi i dje\u010daka bile \u017ertve seksualnog nasilja tijekom sukoba u BiH, uklju\u010duju\u0107i Srebrenicu\u201c, pi\u0161e Blic i nagla\u0161ava kako se \u201csrpske \u017ertve u BiH ne pominju ni na jednom mjestu\u201d.<\/p>\n<p>U tekstu, tako\u0111er, nigdje nisu spomenute ni Srbija ni Republika Srpska, ali se rezolucija poziva na presude u Haagu u kojima se govori o genocidnom aktu u Srebrenici koji su po\u010dinile snage Republike Srpske.<\/p>\n<p>Prema navodima Blica rezolucija sadr\u017ei formulacije poput \u201enajo\u0161trije se osu\u0111uje genocid u Srebrenici\u201c i \u201eosu\u0111uje se svako negiranje genocida\u201c.<\/p>\n<p>\u0160ef srbijanske diplomacije Ivica Da\u010di\u0107 izjavio je u povodu nactra rezolucije o Srebrenici da \u0107e \u201cSrbija pa\u017eljivo razmotriti i rukovoditi se nacionalnimi dr\u017eavnim interesima, ne dovode\u0107i u sumnju opredjeljenje za ka\u017enjavanje ratnih zlo\u010dina\u201d.<\/p>\n<p>Da\u010di\u0107 je najavio da \u0107e od utorka \u0107e po\u010deti konzultacije s ostalim \u010dlanicama VS UN o rezoluciji, \u010diji \u0107e kona\u010dni tekst biti razmatran 7.jula na sjednici VS UN.<\/p>\n<p>(Fena)<\/p>\n","protected":false},"excerpt":{"rendered":"<p>Srbija &#8211; Rezolucija o Srebrenici, koju je u Vije\u0107u sigurnosti UN pripremila Velika Britanija, predvi\u0111a da djeca ubudu\u0107e u \u0161kolama u\u010de o genocidu, pi\u0161e beogradski tisak pozivaju\u0107i se na diplomatske izvore. Dokument koji je pripremila Velika Britanija, prema pisanju beogradskog lista Blic, ima ukupno 13 ta\u010daka, a u devetoj ta\u010dki je upu\u0107en apel svim dr\u017eavama [&hellip;]<\/p>\n","protected":false},"author":83,"featured_media":131142,"comment_status":"open","ping_status":"open","sticky":false,"template":"","format":"standard","meta":{"footnotes":""},"categories":[800,10307,8957,798],"tags":[],"class_list":{"0":"post-131141","1":"post","2":"type-post","3":"status-publish","4":"format-standard","5":"has-post-thumbnail","7":"category-nacija","8":"category-srbija","9":"category-vijesti-dana","10":"category-teme"},"yoast_head":"<!-- This site is optimized with the Yoast SEO Premium plugin v23.1 (Yoast SEO v24.9) - https:\/\/yoast.com\/wordpress\/plugins\/seo\/ -->\n<title>Rezolucija o Srebrenici predvi\u0111a izu\u010davanje genocida u \u0161kolama diljem svijeta<\/title>\n<meta name=\"robots\" content=\"index, follow, max-snippet:-1, max-image-preview:large, max-video-preview:-1\" \/>\n<link rel=\"canonical\" href=\"https:\/\/sandzakpress.net\/arhiva\/rezolucija-o-srebrenici-predvida-izucavanje-genocida-u-skolama-diljem-svijeta\/\" \/>\n<meta property=\"og:locale\" content=\"bs_BA\" \/>\n<meta property=\"og:type\" content=\"article\" \/>\n<meta property=\"og:title\" content=\"Rezolucija o Srebrenici predvi\u0111a izu\u010davanje genocida u \u0161kolama diljem svijeta\" \/>\n<meta property=\"og:description\" content=\"Srbija &#8211; Rezolucija o Srebrenici, koju je u Vije\u0107u sigurnosti UN pripremila Velika Britanija, predvi\u0111a da djeca ubudu\u0107e u \u0161kolama u\u010de o genocidu, pi\u0161e beogradski tisak pozivaju\u0107i se na diplomatske izvore. Dokument koji je pripremila Velika Britanija, prema pisanju beogradskog lista Blic, ima ukupno 13 ta\u010daka, a u devetoj ta\u010dki je upu\u0107en apel svim dr\u017eavama [&hellip;]\" \/>\n<meta property=\"og:url\" content=\"https:\/\/sandzakpress.net\/arhiva\/rezolucija-o-srebrenici-predvida-izucavanje-genocida-u-skolama-diljem-svijeta\/\" \/>\n<meta property=\"og:site_name\" content=\"Sand\u017eak PRESS\" \/>\n<meta property=\"article:published_time\" content=\"2015-07-13T12:40:48+00:00\" \/>\n<meta property=\"og:image\" content=\"https:\/\/sandzakpress.net\/arhiva\/wp-content\/uploads\/2015\/07\/Srebrenica-cvijet-sje\u0107anja.jpg\" \/>\n\t<meta property=\"og:image:width\" content=\"470\" \/>\n\t<meta property=\"og:image:height\" content=\"260\" \/>\n\t<meta property=\"og:image:type\" content=\"image\/jpeg\" \/>\n<meta name=\"author\" content=\"bosniak\" \/>\n<meta name=\"twitter:card\" content=\"summary_large_image\" \/>\n<meta name=\"twitter:label1\" content=\"Written by\" \/>\n\t<meta name=\"twitter:data1\" content=\"bosniak\" \/>\n\t<meta name=\"twitter:label2\" content=\"Est. reading time\" \/>\n\t<meta name=\"twitter:data2\" content=\"2 minute\" \/>\n<script type=\"application\/ld+json\" class=\"yoast-schema-graph\">{\"@context\":\"https:\/\/schema.org\",\"@graph\":[{\"@type\":\"Article\",\"@id\":\"https:\/\/sandzakpress.net\/arhiva\/rezolucija-o-srebrenici-predvida-izucavanje-genocida-u-skolama-diljem-svijeta\/#article\",\"isPartOf\":{\"@id\":\"https:\/\/sandzakpress.net\/arhiva\/rezolucija-o-srebrenici-predvida-izucavanje-genocida-u-skolama-diljem-svijeta\/\"},\"author\":{\"name\":\"bosniak\",\"@id\":\"https:\/\/sandzakpress.net\/arhiva\/#\/schema\/person\/c8baee722073534b583ea7bdb2e36c02\"},\"headline\":\"Rezolucija o Srebrenici predvi\u0111a izu\u010davanje genocida u \u0161kolama diljem svijeta\",\"datePublished\":\"2015-07-13T12:40:48+00:00\",\"mainEntityOfPage\":{\"@id\":\"https:\/\/sandzakpress.net\/arhiva\/rezolucija-o-srebrenici-predvida-izucavanje-genocida-u-skolama-diljem-svijeta\/\"},\"wordCount\":318,\"commentCount\":33,\"publisher\":{\"@id\":\"https:\/\/sandzakpress.net\/arhiva\/#\/schema\/person\/6e72b67d6e51910a1117b3b483ba20bd\"},\"image\":{\"@id\":\"https:\/\/sandzakpress.net\/arhiva\/rezolucija-o-srebrenici-predvida-izucavanje-genocida-u-skolama-diljem-svijeta\/#primaryimage\"},\"thumbnailUrl\":\"https:\/\/sandzakpress.net\/arhiva\/wp-content\/uploads\/2015\/07\/Srebrenica-cvijet-sje\u0107anja.jpg\",\"articleSection\":[\"Nacija\",\"Srbija\",\"VIJESTI DANA\",\"NAJNOVIJE\"],\"inLanguage\":\"bs-BA\",\"potentialAction\":[{\"@type\":\"CommentAction\",\"name\":\"Comment\",\"target\":[\"https:\/\/sandzakpress.net\/arhiva\/rezolucija-o-srebrenici-predvida-izucavanje-genocida-u-skolama-diljem-svijeta\/#respond\"]}]},{\"@type\":\"WebPage\",\"@id\":\"https:\/\/sandzakpress.net\/arhiva\/rezolucija-o-srebrenici-predvida-izucavanje-genocida-u-skolama-diljem-svijeta\/\",\"url\":\"https:\/\/sandzakpress.net\/arhiva\/rezolucija-o-srebrenici-predvida-izucavanje-genocida-u-skolama-diljem-svijeta\/\",\"name\":\"Rezolucija o Srebrenici predvi\u0111a izu\u010davanje genocida u \u0161kolama diljem svijeta\",\"isPartOf\":{\"@id\":\"https:\/\/sandzakpress.net\/arhiva\/#website\"},\"primaryImageOfPage\":{\"@id\":\"https:\/\/sandzakpress.net\/arhiva\/rezolucija-o-srebrenici-predvida-izucavanje-genocida-u-skolama-diljem-svijeta\/#primaryimage\"},\"image\":{\"@id\":\"https:\/\/sandzakpress.net\/arhiva\/rezolucija-o-srebrenici-predvida-izucavanje-genocida-u-skolama-diljem-svijeta\/#primaryimage\"},\"thumbnailUrl\":\"https:\/\/sandzakpress.net\/arhiva\/wp-content\/uploads\/2015\/07\/Srebrenica-cvijet-sje\u0107anja.jpg\",\"datePublished\":\"2015-07-13T12:40:48+00:00\",\"breadcrumb\":{\"@id\":\"https:\/\/sandzakpress.net\/arhiva\/rezolucija-o-srebrenici-predvida-izucavanje-genocida-u-skolama-diljem-svijeta\/#breadcrumb\"},\"inLanguage\":\"bs-BA\",\"potentialAction\":[{\"@type\":\"ReadAction\",\"target\":[\"https:\/\/sandzakpress.net\/arhiva\/rezolucija-o-srebrenici-predvida-izucavanje-genocida-u-skolama-diljem-svijeta\/\"]}]},{\"@type\":\"ImageObject\",\"inLanguage\":\"bs-BA\",\"@id\":\"https:\/\/sandzakpress.net\/arhiva\/rezolucija-o-srebrenici-predvida-izucavanje-genocida-u-skolama-diljem-svijeta\/#primaryimage\",\"url\":\"https:\/\/sandzakpress.net\/arhiva\/wp-content\/uploads\/2015\/07\/Srebrenica-cvijet-sje\u0107anja.jpg\",\"contentUrl\":\"https:\/\/sandzakpress.net\/arhiva\/wp-content\/uploads\/2015\/07\/Srebrenica-cvijet-sje\u0107anja.jpg\",\"width\":470,\"height\":260},{\"@type\":\"BreadcrumbList\",\"@id\":\"https:\/\/sandzakpress.net\/arhiva\/rezolucija-o-srebrenici-predvida-izucavanje-genocida-u-skolama-diljem-svijeta\/#breadcrumb\",\"itemListElement\":[{\"@type\":\"ListItem\",\"position\":1,\"name\":\"Home\",\"item\":\"https:\/\/sandzakpress.net\/arhiva\/\"},{\"@type\":\"ListItem\",\"position\":2,\"name\":\"Rezolucija o Srebrenici predvi\u0111a izu\u010davanje genocida u \u0161kolama diljem svijeta\"}]},{\"@type\":\"WebSite\",\"@id\":\"https:\/\/sandzakpress.net\/arhiva\/#website\",\"url\":\"https:\/\/sandzakpress.net\/arhiva\/\",\"name\":\"Sand\u017eak PRESS\",\"description\":\"Prve elektronske novine u Sand\u017eaku\",\"publisher\":{\"@id\":\"https:\/\/sandzakpress.net\/arhiva\/#\/schema\/person\/6e72b67d6e51910a1117b3b483ba20bd\"},\"potentialAction\":[{\"@type\":\"SearchAction\",\"target\":{\"@type\":\"EntryPoint\",\"urlTemplate\":\"https:\/\/sandzakpress.net\/arhiva\/?s={search_term_string}\"},\"query-input\":{\"@type\":\"PropertyValueSpecification\",\"valueRequired\":true,\"valueName\":\"search_term_string\"}}],\"inLanguage\":\"bs-BA\"},{\"@type\":[\"Person\",\"Organization\"],\"@id\":\"https:\/\/sandzakpress.net\/arhiva\/#\/schema\/person\/6e72b67d6e51910a1117b3b483ba20bd\",\"name\":\"Kul\",\"image\":{\"@type\":\"ImageObject\",\"inLanguage\":\"bs-BA\",\"@id\":\"https:\/\/sandzakpress.net\/arhiva\/#\/schema\/person\/image\/\",\"url\":\"https:\/\/secure.gravatar.com\/avatar\/42263f39aa27ac04c43cab85c280eb2e?s=96&d=mm&r=pg\",\"contentUrl\":\"https:\/\/secure.gravatar.com\/avatar\/42263f39aa27ac04c43cab85c280eb2e?s=96&d=mm&r=pg\",\"caption\":\"Kul\"},\"logo\":{\"@id\":\"https:\/\/sandzakpress.net\/arhiva\/#\/schema\/person\/image\/\"}},{\"@type\":\"Person\",\"@id\":\"https:\/\/sandzakpress.net\/arhiva\/#\/schema\/person\/c8baee722073534b583ea7bdb2e36c02\",\"name\":\"bosniak\",\"image\":{\"@type\":\"ImageObject\",\"inLanguage\":\"bs-BA\",\"@id\":\"https:\/\/sandzakpress.net\/arhiva\/#\/schema\/person\/image\/\",\"url\":\"https:\/\/secure.gravatar.com\/avatar\/a04fd330bfe3a36a72a0ad4a6d89fca7?s=96&d=mm&r=pg\",\"contentUrl\":\"https:\/\/secure.gravatar.com\/avatar\/a04fd330bfe3a36a72a0ad4a6d89fca7?s=96&d=mm&r=pg\",\"caption\":\"bosniak\"},\"url\":\"https:\/\/sandzakpress.net\/arhiva\/author\/bosniak\/\"}]}<\/script>\n<!-- \/ Yoast SEO Premium plugin. -->","yoast_head_json":{"title":"Rezolucija o Srebrenici predvi\u0111a izu\u010davanje genocida u \u0161kolama diljem svijeta","robots":{"index":"index","follow":"follow","max-snippet":"max-snippet:-1","max-image-preview":"max-image-preview:large","max-video-preview":"max-video-preview:-1"},"canonical":"https:\/\/sandzakpress.net\/arhiva\/rezolucija-o-srebrenici-predvida-izucavanje-genocida-u-skolama-diljem-svijeta\/","og_locale":"bs_BA","og_type":"article","og_title":"Rezolucija o Srebrenici predvi\u0111a izu\u010davanje genocida u \u0161kolama diljem svijeta","og_description":"Srbija &#8211; Rezolucija o Srebrenici, koju je u Vije\u0107u sigurnosti UN pripremila Velika Britanija, predvi\u0111a da djeca ubudu\u0107e u \u0161kolama u\u010de o genocidu, pi\u0161e beogradski tisak pozivaju\u0107i se na diplomatske izvore. Dokument koji je pripremila Velika Britanija, prema pisanju beogradskog lista Blic, ima ukupno 13 ta\u010daka, a u devetoj ta\u010dki je upu\u0107en apel svim dr\u017eavama [&hellip;]","og_url":"https:\/\/sandzakpress.net\/arhiva\/rezolucija-o-srebrenici-predvida-izucavanje-genocida-u-skolama-diljem-svijeta\/","og_site_name":"Sand\u017eak PRESS","article_published_time":"2015-07-13T12:40:48+00:00","og_image":[{"width":470,"height":260,"url":"https:\/\/sandzakpress.net\/arhiva\/wp-content\/uploads\/2015\/07\/Srebrenica-cvijet-sje\u0107anja.jpg","type":"image\/jpeg"}],"author":"bosniak","twitter_card":"summary_large_image","twitter_misc":{"Written by":"bosniak","Est. reading time":"2 minute"},"schema":{"@context":"https:\/\/schema.org","@graph":[{"@type":"Article","@id":"https:\/\/sandzakpress.net\/arhiva\/rezolucija-o-srebrenici-predvida-izucavanje-genocida-u-skolama-diljem-svijeta\/#article","isPartOf":{"@id":"https:\/\/sandzakpress.net\/arhiva\/rezolucija-o-srebrenici-predvida-izucavanje-genocida-u-skolama-diljem-svijeta\/"},"author":{"name":"bosniak","@id":"https:\/\/sandzakpress.net\/arhiva\/#\/schema\/person\/c8baee722073534b583ea7bdb2e36c02"},"headline":"Rezolucija o Srebrenici predvi\u0111a izu\u010davanje genocida u \u0161kolama diljem svijeta","datePublished":"2015-07-13T12:40:48+00:00","mainEntityOfPage":{"@id":"https:\/\/sandzakpress.net\/arhiva\/rezolucija-o-srebrenici-predvida-izucavanje-genocida-u-skolama-diljem-svijeta\/"},"wordCount":318,"commentCount":33,"publisher":{"@id":"https:\/\/sandzakpress.net\/arhiva\/#\/schema\/person\/6e72b67d6e51910a1117b3b483ba20bd"},"image":{"@id":"https:\/\/sandzakpress.net\/arhiva\/rezolucija-o-srebrenici-predvida-izucavanje-genocida-u-skolama-diljem-svijeta\/#primaryimage"},"thumbnailUrl":"https:\/\/sandzakpress.net\/arhiva\/wp-content\/uploads\/2015\/07\/Srebrenica-cvijet-sje\u0107anja.jpg","articleSection":["Nacija","Srbija","VIJESTI DANA","NAJNOVIJE"],"inLanguage":"bs-BA","potentialAction":[{"@type":"CommentAction","name":"Comment","target":["https:\/\/sandzakpress.net\/arhiva\/rezolucija-o-srebrenici-predvida-izucavanje-genocida-u-skolama-diljem-svijeta\/#respond"]}]},{"@type":"WebPage","@id":"https:\/\/sandzakpress.net\/arhiva\/rezolucija-o-srebrenici-predvida-izucavanje-genocida-u-skolama-diljem-svijeta\/","url":"https:\/\/sandzakpress.net\/arhiva\/rezolucija-o-srebrenici-predvida-izucavanje-genocida-u-skolama-diljem-svijeta\/","name":"Rezolucija o Srebrenici predvi\u0111a izu\u010davanje genocida u \u0161kolama diljem svijeta","isPartOf":{"@id":"https:\/\/sandzakpress.net\/arhiva\/#website"},"primaryImageOfPage":{"@id":"https:\/\/sandzakpress.net\/arhiva\/rezolucija-o-srebrenici-predvida-izucavanje-genocida-u-skolama-diljem-svijeta\/#primaryimage"},"image":{"@id":"https:\/\/sandzakpress.net\/arhiva\/rezolucija-o-srebrenici-predvida-izucavanje-genocida-u-skolama-diljem-svijeta\/#primaryimage"},"thumbnailUrl":"https:\/\/sandzakpress.net\/arhiva\/wp-content\/uploads\/2015\/07\/Srebrenica-cvijet-sje\u0107anja.jpg","datePublished":"2015-07-13T12:40:48+00:00","breadcrumb":{"@id":"https:\/\/sandzakpress.net\/arhiva\/rezolucija-o-srebrenici-predvida-izucavanje-genocida-u-skolama-diljem-svijeta\/#breadcrumb"},"inLanguage":"bs-BA","potentialAction":[{"@type":"ReadAction","target":["https:\/\/sandzakpress.net\/arhiva\/rezolucija-o-srebrenici-predvida-izucavanje-genocida-u-skolama-diljem-svijeta\/"]}]},{"@type":"ImageObject","inLanguage":"bs-BA","@id":"https:\/\/sandzakpress.net\/arhiva\/rezolucija-o-srebrenici-predvida-izucavanje-genocida-u-skolama-diljem-svijeta\/#primaryimage","url":"https:\/\/sandzakpress.net\/arhiva\/wp-content\/uploads\/2015\/07\/Srebrenica-cvijet-sje\u0107anja.jpg","contentUrl":"https:\/\/sandzakpress.net\/arhiva\/wp-content\/uploads\/2015\/07\/Srebrenica-cvijet-sje\u0107anja.jpg","width":470,"height":260},{"@type":"BreadcrumbList","@id":"https:\/\/sandzakpress.net\/arhiva\/rezolucija-o-srebrenici-predvida-izucavanje-genocida-u-skolama-diljem-svijeta\/#breadcrumb","itemListElement":[{"@type":"ListItem","position":1,"name":"Home","item":"https:\/\/sandzakpress.net\/arhiva\/"},{"@type":"ListItem","position":2,"name":"Rezolucija o Srebrenici predvi\u0111a izu\u010davanje genocida u \u0161kolama diljem svijeta"}]},{"@type":"WebSite","@id":"https:\/\/sandzakpress.net\/arhiva\/#website","url":"https:\/\/sandzakpress.net\/arhiva\/","name":"Sand\u017eak PRESS","description":"Prve elektronske novine u Sand\u017eaku","publisher":{"@id":"https:\/\/sandzakpress.net\/arhiva\/#\/schema\/person\/6e72b67d6e51910a1117b3b483ba20bd"},"potentialAction":[{"@type":"SearchAction","target":{"@type":"EntryPoint","urlTemplate":"https:\/\/sandzakpress.net\/arhiva\/?s={search_term_string}"},"query-input":{"@type":"PropertyValueSpecification","valueRequired":true,"valueName":"search_term_string"}}],"inLanguage":"bs-BA"},{"@type":["Person","Organization"],"@id":"https:\/\/sandzakpress.net\/arhiva\/#\/schema\/person\/6e72b67d6e51910a1117b3b483ba20bd","name":"Kul","image":{"@type":"ImageObject","inLanguage":"bs-BA","@id":"https:\/\/sandzakpress.net\/arhiva\/#\/schema\/person\/image\/","url":"https:\/\/secure.gravatar.com\/avatar\/42263f39aa27ac04c43cab85c280eb2e?s=96&d=mm&r=pg","contentUrl":"https:\/\/secure.gravatar.com\/avatar\/42263f39aa27ac04c43cab85c280eb2e?s=96&d=mm&r=pg","caption":"Kul"},"logo":{"@id":"https:\/\/sandzakpress.net\/arhiva\/#\/schema\/person\/image\/"}},{"@type":"Person","@id":"https:\/\/sandzakpress.net\/arhiva\/#\/schema\/person\/c8baee722073534b583ea7bdb2e36c02","name":"bosniak","image":{"@type":"ImageObject","inLanguage":"bs-BA","@id":"https:\/\/sandzakpress.net\/arhiva\/#\/schema\/person\/image\/","url":"https:\/\/secure.gravatar.com\/avatar\/a04fd330bfe3a36a72a0ad4a6d89fca7?s=96&d=mm&r=pg","contentUrl":"https:\/\/secure.gravatar.com\/avatar\/a04fd330bfe3a36a72a0ad4a6d89fca7?s=96&d=mm&r=pg","caption":"bosniak"},"url":"https:\/\/sandzakpress.net\/arhiva\/author\/bosniak\/"}]}},"_links":{"self":[{"href":"https:\/\/sandzakpress.net\/arhiva\/wp-json\/wp\/v2\/posts\/131141"}],"collection":[{"href":"https:\/\/sandzakpress.net\/arhiva\/wp-json\/wp\/v2\/posts"}],"about":[{"href":"https:\/\/sandzakpress.net\/arhiva\/wp-json\/wp\/v2\/types\/post"}],"author":[{"embeddable":true,"href":"https:\/\/sandzakpress.net\/arhiva\/wp-json\/wp\/v2\/users\/83"}],"replies":[{"embeddable":true,"href":"https:\/\/sandzakpress.net\/arhiva\/wp-json\/wp\/v2\/comments?post=131141"}],"version-history":[{"count":0,"href":"https:\/\/sandzakpress.net\/arhiva\/wp-json\/wp\/v2\/posts\/131141\/revisions"}],"wp:featuredmedia":[{"embeddable":true,"href":"https:\/\/sandzakpress.net\/arhiva\/wp-json\/wp\/v2\/media\/131142"}],"wp:attachment":[{"href":"https:\/\/sandzakpress.net\/arhiva\/wp-json\/wp\/v2\/media?parent=131141"}],"wp:term":[{"taxonomy":"category","embeddable":true,"href":"https:\/\/sandzakpress.net\/arhiva\/wp-json\/wp\/v2\/categories?post=131141"},{"taxonomy":"post_tag","embeddable":true,"href":"https:\/\/sandzakpress.net\/arhiva\/wp-json\/wp\/v2\/tags?post=131141"}],"curies":[{"name":"wp","href":"https:\/\/api.w.org\/{rel}","templated":true}]}}