{"id":131126,"date":"2015-07-13T13:37:19","date_gmt":"2015-07-13T11:37:19","guid":{"rendered":"https:\/\/sandzakpress.net\/arhiva\/?p=131126"},"modified":"2015-07-13T13:37:19","modified_gmt":"2015-07-13T11:37:19","slug":"dostojanstveno-obiljezen-dan-srebrenice-u-skoplju","status":"publish","type":"post","link":"https:\/\/sandzakpress.net\/arhiva\/dostojanstveno-obiljezen-dan-srebrenice-u-skoplju\/","title":{"rendered":"Dostojanstveno obilje\u017een Dan Srebrenice u Skoplju"},"content":{"rendered":"<p><img loading=\"lazy\" decoding=\"async\" class=\"alignnone  wp-image-24043\" src=\"http:\/\/sanapress.info\/wp-content\/uploads\/2015\/07\/DSCN4395_600w_80c_vhigh.jpg\" alt=\"DSCN4395_600w_80c_vhigh\" width=\"781\" height=\"586\" data-wp-imgselect=\"1\" \/><\/p>\n<p><strong>Makedonija &#8211; 11. Jula\u00a0je u Skoplju, sa po\u010detkom u 13 \u010dasova, sa trga ispred Murat-pa\u0161ine d\u017eamije u Skopskoj \u010dar\u0161iji krenuo je Mar\u0161 mira za Srebrenicu u cilju obilje\u017eavanja 20 godina od genocida u Srebrenicu.<\/strong><\/p>\n<p>Na taj na\u010din su se Bo\u0161njaci u Makedoniji u organizaciji Bo\u0161nja\u010dke kulturne zajednice priklju\u010dili svjetskom obilje\u017eavanju srebreni\u010dkog genocida sa porukom da se ovaj zlo\u010din ne zaboravi i da se ovo vi\u0161e nikome ne ponovi, posebno ne Bo\u0161njacima. Skupu se obratio predsjednik Bo\u0161nja\u010dke kulturne zajednice prof. dr. D\u017eemil Bektovi\u0107 koji je naglasio va\u017enost ovog datuma za Bo\u0161njake i \u0161ta on zna\u010di, i kakve pouke trebamo izvu\u0107i za sljede\u0107e generacije. \u201cPosebna simbolika se sadr\u017ei \u0161to u istom trenutku ide komemoracija i d\u017eenaza stradalih u genocidu u Poto\u010darima i \u0161to se Mar\u0161 mira odvija pored centra za Holakaust u Skoplju koji je spomenik jednog drugog genocida koji se desio u 20 stolje\u0107u\u201c-nastavio je profesor Bektovi\u0107.<\/p>\n<p>\u201eU ime Bo\u0161njaka posebno zahvaljujemo \u0161to su se na ovom Mar\u0161u mira priklju\u010dili na\u0161i sugra\u0111ani Albanci, Turci, Makedonci i ostali, i pozdravljamo \u0161to je\u00a0 makedonski parlament izglasao rezoluciju evropskog parlamenta o genocidu u Srebrenici. Ali tako\u0111er moramo podsjetiti zvani\u010dne organe dr\u017eave da su one sa tim i preuzele obavezu obilje\u017eavanja ovog datuma. Na taj na\u010din ne\u0107emo prepustiti zaboravu ovaj zlo\u010din ogromnih razmjera i ne\u0107emo dopustiti da se on relativizira\u201c- zavr\u0161io je predsjednik Bektovi\u0107.<\/p>\n<p>Iza ovog obra\u0107anja Deklaraciju o genocidu sa porukom mira pro\u010ditala je Elma Drpljanin, u\u010denik elitne gimnazije Josip Broz Tito u Skoplju, dok su istovremeno sa \u010ditanjem deklaracije \u010detiri omladinca izveli performans\u00a0 \u201cCvijet Srebrenice\u201c.\u00a0 Na kraju odana je po\u010dast \u017ertvama genocida i prou\u010dena je Fatiha za 136 d\u017eenaze koje su se ukopale danas u Poto\u010darima.<\/p>\n<p>SANA &#8211; Faik Nezirovi\u0107<\/p>\n<p><a href=\"http:\/\/sanapress.info\/wp-content\/uploads\/2015\/07\/DSCN4387_600w_80c_vhigh.jpg\"><img loading=\"lazy\" decoding=\"async\" class=\"alignnone  wp-image-24041\" src=\"http:\/\/sanapress.info\/wp-content\/uploads\/2015\/07\/DSCN4387_600w_80c_vhigh.jpg\" alt=\"DSCN4387_600w_80c_vhigh\" width=\"703\" height=\"527\" \/><\/a> \u00a0<a href=\"http:\/\/sanapress.info\/wp-content\/uploads\/2015\/07\/DSCN4398_600w_80c_vhigh.jpg\"><img loading=\"lazy\" decoding=\"async\" class=\"alignnone  wp-image-24044\" src=\"http:\/\/sanapress.info\/wp-content\/uploads\/2015\/07\/DSCN4398_600w_80c_vhigh.jpg\" alt=\"DSCN4398_600w_80c_vhigh\" width=\"677\" height=\"508\" \/><\/a> <a href=\"http:\/\/sanapress.info\/wp-content\/uploads\/2015\/07\/DSCN4424_600w_80c_vhigh.jpg\"><img loading=\"lazy\" decoding=\"async\" class=\"alignnone  wp-image-24048\" src=\"http:\/\/sanapress.info\/wp-content\/uploads\/2015\/07\/DSCN4424_600w_80c_vhigh.jpg\" alt=\"DSCN4424_600w_80c_vhigh\" width=\"820\" height=\"615\" \/><\/a> <a href=\"http:\/\/sanapress.info\/wp-content\/uploads\/2015\/07\/DSCN4425_600w_80c_vhigh.jpg\"><img loading=\"lazy\" decoding=\"async\" class=\"alignnone  wp-image-24049\" src=\"http:\/\/sanapress.info\/wp-content\/uploads\/2015\/07\/DSCN4425_600w_80c_vhigh.jpg\" alt=\"DSCN4425_600w_80c_vhigh\" width=\"847\" height=\"635\" \/><\/a> <a href=\"http:\/\/sanapress.info\/wp-content\/uploads\/2015\/07\/DSCN4430_600w_80c_vhigh.jpg\"><img loading=\"lazy\" decoding=\"async\" class=\"alignnone  wp-image-24050\" src=\"http:\/\/sanapress.info\/wp-content\/uploads\/2015\/07\/DSCN4430_600w_80c_vhigh.jpg\" alt=\"DSCN4430_600w_80c_vhigh\" width=\"735\" height=\"551\" \/><\/a> <a href=\"http:\/\/sanapress.info\/wp-content\/uploads\/2015\/07\/DSCN4450_600w_80c_vhigh.jpg\"><img loading=\"lazy\" decoding=\"async\" class=\"alignnone  wp-image-24051\" src=\"http:\/\/sanapress.info\/wp-content\/uploads\/2015\/07\/DSCN4450_600w_80c_vhigh.jpg\" alt=\"DSCN4450_600w_80c_vhigh\" width=\"807\" height=\"605\" \/><\/a> <a href=\"http:\/\/sanapress.info\/wp-content\/uploads\/2015\/07\/DSCN4458_600w_80c_vhigh.jpg\"><img loading=\"lazy\" decoding=\"async\" class=\"alignnone  wp-image-24052\" src=\"http:\/\/sanapress.info\/wp-content\/uploads\/2015\/07\/DSCN4458_600w_80c_vhigh.jpg\" alt=\"DSCN4458_600w_80c_vhigh\" width=\"943\" height=\"707\" \/><\/a> <a href=\"http:\/\/sanapress.info\/wp-content\/uploads\/2015\/07\/DSCN4463_600w_80c_vhigh.jpg\"><img loading=\"lazy\" decoding=\"async\" class=\"alignnone  wp-image-24053\" src=\"http:\/\/sanapress.info\/wp-content\/uploads\/2015\/07\/DSCN4463_600w_80c_vhigh.jpg\" alt=\"DSCN4463_600w_80c_vhigh\" width=\"880\" height=\"660\" \/><\/a> <a href=\"http:\/\/sanapress.info\/wp-content\/uploads\/2015\/07\/DSCN4473_600w_80c_vhigh.jpg\"><img loading=\"lazy\" decoding=\"async\" class=\"alignnone  wp-image-24055\" src=\"http:\/\/sanapress.info\/wp-content\/uploads\/2015\/07\/DSCN4473_600w_80c_vhigh.jpg\" alt=\"DSCN4473_600w_80c_vhigh\" width=\"588\" height=\"441\" \/><\/a><\/p>\n","protected":false},"excerpt":{"rendered":"<p>Makedonija &#8211; 11. Jula\u00a0je u Skoplju, sa po\u010detkom u 13 \u010dasova, sa trga ispred Murat-pa\u0161ine d\u017eamije u Skopskoj \u010dar\u0161iji krenuo je Mar\u0161 mira za Srebrenicu u cilju obilje\u017eavanja 20 godina od genocida u Srebrenicu. Na taj na\u010din su se Bo\u0161njaci u Makedoniji u organizaciji Bo\u0161nja\u010dke kulturne zajednice priklju\u010dili svjetskom obilje\u017eavanju srebreni\u010dkog genocida sa porukom da [&hellip;]<\/p>\n","protected":false},"author":83,"featured_media":131127,"comment_status":"open","ping_status":"open","sticky":false,"template":"","format":"standard","meta":{"footnotes":""},"categories":[800,2691,8957,798],"tags":[],"class_list":{"0":"post-131126","1":"post","2":"type-post","3":"status-publish","4":"format-standard","5":"has-post-thumbnail","7":"category-nacija","8":"category-makedonija","9":"category-vijesti-dana","10":"category-teme"},"yoast_head":"<!-- This site is optimized with the Yoast SEO Premium plugin v23.1 (Yoast SEO v24.9) - https:\/\/yoast.com\/wordpress\/plugins\/seo\/ -->\n<title>Dostojanstveno obilje\u017een Dan Srebrenice u Skoplju<\/title>\n<meta name=\"robots\" content=\"index, follow, max-snippet:-1, max-image-preview:large, max-video-preview:-1\" \/>\n<link rel=\"canonical\" href=\"https:\/\/sandzakpress.net\/arhiva\/dostojanstveno-obiljezen-dan-srebrenice-u-skoplju\/\" \/>\n<meta property=\"og:locale\" content=\"bs_BA\" \/>\n<meta property=\"og:type\" content=\"article\" \/>\n<meta property=\"og:title\" content=\"Dostojanstveno obilje\u017een Dan Srebrenice u Skoplju\" \/>\n<meta property=\"og:description\" content=\"Makedonija &#8211; 11. Jula\u00a0je u Skoplju, sa po\u010detkom u 13 \u010dasova, sa trga ispred Murat-pa\u0161ine d\u017eamije u Skopskoj \u010dar\u0161iji krenuo je Mar\u0161 mira za Srebrenicu u cilju obilje\u017eavanja 20 godina od genocida u Srebrenicu. Na taj na\u010din su se Bo\u0161njaci u Makedoniji u organizaciji Bo\u0161nja\u010dke kulturne zajednice priklju\u010dili svjetskom obilje\u017eavanju srebreni\u010dkog genocida sa porukom da [&hellip;]\" \/>\n<meta property=\"og:url\" content=\"https:\/\/sandzakpress.net\/arhiva\/dostojanstveno-obiljezen-dan-srebrenice-u-skoplju\/\" \/>\n<meta property=\"og:site_name\" content=\"Sand\u017eak PRESS\" \/>\n<meta property=\"article:published_time\" content=\"2015-07-13T11:37:19+00:00\" \/>\n<meta property=\"og:image\" content=\"https:\/\/sandzakpress.net\/arhiva\/wp-content\/uploads\/2015\/07\/DSCN4395_600w_80c_vhigh.jpg\" \/>\n\t<meta property=\"og:image:width\" content=\"600\" \/>\n\t<meta property=\"og:image:height\" content=\"450\" \/>\n\t<meta property=\"og:image:type\" content=\"image\/jpeg\" \/>\n<meta name=\"author\" content=\"bosniak\" \/>\n<meta name=\"twitter:card\" content=\"summary_large_image\" \/>\n<meta name=\"twitter:label1\" content=\"Written by\" \/>\n\t<meta name=\"twitter:data1\" content=\"bosniak\" \/>\n\t<meta name=\"twitter:label2\" content=\"Est. reading time\" \/>\n\t<meta name=\"twitter:data2\" content=\"2 minute\" \/>\n<script type=\"application\/ld+json\" class=\"yoast-schema-graph\">{\"@context\":\"https:\/\/schema.org\",\"@graph\":[{\"@type\":\"Article\",\"@id\":\"https:\/\/sandzakpress.net\/arhiva\/dostojanstveno-obiljezen-dan-srebrenice-u-skoplju\/#article\",\"isPartOf\":{\"@id\":\"https:\/\/sandzakpress.net\/arhiva\/dostojanstveno-obiljezen-dan-srebrenice-u-skoplju\/\"},\"author\":{\"name\":\"bosniak\",\"@id\":\"https:\/\/sandzakpress.net\/arhiva\/#\/schema\/person\/c8baee722073534b583ea7bdb2e36c02\"},\"headline\":\"Dostojanstveno obilje\u017een Dan Srebrenice u Skoplju\",\"datePublished\":\"2015-07-13T11:37:19+00:00\",\"mainEntityOfPage\":{\"@id\":\"https:\/\/sandzakpress.net\/arhiva\/dostojanstveno-obiljezen-dan-srebrenice-u-skoplju\/\"},\"wordCount\":330,\"commentCount\":6,\"publisher\":{\"@id\":\"https:\/\/sandzakpress.net\/arhiva\/#\/schema\/person\/6e72b67d6e51910a1117b3b483ba20bd\"},\"image\":{\"@id\":\"https:\/\/sandzakpress.net\/arhiva\/dostojanstveno-obiljezen-dan-srebrenice-u-skoplju\/#primaryimage\"},\"thumbnailUrl\":\"https:\/\/sandzakpress.net\/arhiva\/wp-content\/uploads\/2015\/07\/DSCN4395_600w_80c_vhigh.jpg\",\"articleSection\":[\"Nacija\",\"Makedonija\",\"VIJESTI DANA\",\"NAJNOVIJE\"],\"inLanguage\":\"bs-BA\",\"potentialAction\":[{\"@type\":\"CommentAction\",\"name\":\"Comment\",\"target\":[\"https:\/\/sandzakpress.net\/arhiva\/dostojanstveno-obiljezen-dan-srebrenice-u-skoplju\/#respond\"]}]},{\"@type\":\"WebPage\",\"@id\":\"https:\/\/sandzakpress.net\/arhiva\/dostojanstveno-obiljezen-dan-srebrenice-u-skoplju\/\",\"url\":\"https:\/\/sandzakpress.net\/arhiva\/dostojanstveno-obiljezen-dan-srebrenice-u-skoplju\/\",\"name\":\"Dostojanstveno obilje\u017een Dan Srebrenice u Skoplju\",\"isPartOf\":{\"@id\":\"https:\/\/sandzakpress.net\/arhiva\/#website\"},\"primaryImageOfPage\":{\"@id\":\"https:\/\/sandzakpress.net\/arhiva\/dostojanstveno-obiljezen-dan-srebrenice-u-skoplju\/#primaryimage\"},\"image\":{\"@id\":\"https:\/\/sandzakpress.net\/arhiva\/dostojanstveno-obiljezen-dan-srebrenice-u-skoplju\/#primaryimage\"},\"thumbnailUrl\":\"https:\/\/sandzakpress.net\/arhiva\/wp-content\/uploads\/2015\/07\/DSCN4395_600w_80c_vhigh.jpg\",\"datePublished\":\"2015-07-13T11:37:19+00:00\",\"breadcrumb\":{\"@id\":\"https:\/\/sandzakpress.net\/arhiva\/dostojanstveno-obiljezen-dan-srebrenice-u-skoplju\/#breadcrumb\"},\"inLanguage\":\"bs-BA\",\"potentialAction\":[{\"@type\":\"ReadAction\",\"target\":[\"https:\/\/sandzakpress.net\/arhiva\/dostojanstveno-obiljezen-dan-srebrenice-u-skoplju\/\"]}]},{\"@type\":\"ImageObject\",\"inLanguage\":\"bs-BA\",\"@id\":\"https:\/\/sandzakpress.net\/arhiva\/dostojanstveno-obiljezen-dan-srebrenice-u-skoplju\/#primaryimage\",\"url\":\"https:\/\/sandzakpress.net\/arhiva\/wp-content\/uploads\/2015\/07\/DSCN4395_600w_80c_vhigh.jpg\",\"contentUrl\":\"https:\/\/sandzakpress.net\/arhiva\/wp-content\/uploads\/2015\/07\/DSCN4395_600w_80c_vhigh.jpg\",\"width\":600,\"height\":450},{\"@type\":\"BreadcrumbList\",\"@id\":\"https:\/\/sandzakpress.net\/arhiva\/dostojanstveno-obiljezen-dan-srebrenice-u-skoplju\/#breadcrumb\",\"itemListElement\":[{\"@type\":\"ListItem\",\"position\":1,\"name\":\"Home\",\"item\":\"https:\/\/sandzakpress.net\/arhiva\/\"},{\"@type\":\"ListItem\",\"position\":2,\"name\":\"Dostojanstveno obilje\u017een Dan Srebrenice u Skoplju\"}]},{\"@type\":\"WebSite\",\"@id\":\"https:\/\/sandzakpress.net\/arhiva\/#website\",\"url\":\"https:\/\/sandzakpress.net\/arhiva\/\",\"name\":\"Sand\u017eak PRESS\",\"description\":\"Prve elektronske novine u Sand\u017eaku\",\"publisher\":{\"@id\":\"https:\/\/sandzakpress.net\/arhiva\/#\/schema\/person\/6e72b67d6e51910a1117b3b483ba20bd\"},\"potentialAction\":[{\"@type\":\"SearchAction\",\"target\":{\"@type\":\"EntryPoint\",\"urlTemplate\":\"https:\/\/sandzakpress.net\/arhiva\/?s={search_term_string}\"},\"query-input\":{\"@type\":\"PropertyValueSpecification\",\"valueRequired\":true,\"valueName\":\"search_term_string\"}}],\"inLanguage\":\"bs-BA\"},{\"@type\":[\"Person\",\"Organization\"],\"@id\":\"https:\/\/sandzakpress.net\/arhiva\/#\/schema\/person\/6e72b67d6e51910a1117b3b483ba20bd\",\"name\":\"Kul\",\"image\":{\"@type\":\"ImageObject\",\"inLanguage\":\"bs-BA\",\"@id\":\"https:\/\/sandzakpress.net\/arhiva\/#\/schema\/person\/image\/\",\"url\":\"https:\/\/secure.gravatar.com\/avatar\/42263f39aa27ac04c43cab85c280eb2e?s=96&d=mm&r=pg\",\"contentUrl\":\"https:\/\/secure.gravatar.com\/avatar\/42263f39aa27ac04c43cab85c280eb2e?s=96&d=mm&r=pg\",\"caption\":\"Kul\"},\"logo\":{\"@id\":\"https:\/\/sandzakpress.net\/arhiva\/#\/schema\/person\/image\/\"}},{\"@type\":\"Person\",\"@id\":\"https:\/\/sandzakpress.net\/arhiva\/#\/schema\/person\/c8baee722073534b583ea7bdb2e36c02\",\"name\":\"bosniak\",\"image\":{\"@type\":\"ImageObject\",\"inLanguage\":\"bs-BA\",\"@id\":\"https:\/\/sandzakpress.net\/arhiva\/#\/schema\/person\/image\/\",\"url\":\"https:\/\/secure.gravatar.com\/avatar\/a04fd330bfe3a36a72a0ad4a6d89fca7?s=96&d=mm&r=pg\",\"contentUrl\":\"https:\/\/secure.gravatar.com\/avatar\/a04fd330bfe3a36a72a0ad4a6d89fca7?s=96&d=mm&r=pg\",\"caption\":\"bosniak\"},\"url\":\"https:\/\/sandzakpress.net\/arhiva\/author\/bosniak\/\"}]}<\/script>\n<!-- \/ Yoast SEO Premium plugin. -->","yoast_head_json":{"title":"Dostojanstveno obilje\u017een Dan Srebrenice u Skoplju","robots":{"index":"index","follow":"follow","max-snippet":"max-snippet:-1","max-image-preview":"max-image-preview:large","max-video-preview":"max-video-preview:-1"},"canonical":"https:\/\/sandzakpress.net\/arhiva\/dostojanstveno-obiljezen-dan-srebrenice-u-skoplju\/","og_locale":"bs_BA","og_type":"article","og_title":"Dostojanstveno obilje\u017een Dan Srebrenice u Skoplju","og_description":"Makedonija &#8211; 11. Jula\u00a0je u Skoplju, sa po\u010detkom u 13 \u010dasova, sa trga ispred Murat-pa\u0161ine d\u017eamije u Skopskoj \u010dar\u0161iji krenuo je Mar\u0161 mira za Srebrenicu u cilju obilje\u017eavanja 20 godina od genocida u Srebrenicu. Na taj na\u010din su se Bo\u0161njaci u Makedoniji u organizaciji Bo\u0161nja\u010dke kulturne zajednice priklju\u010dili svjetskom obilje\u017eavanju srebreni\u010dkog genocida sa porukom da [&hellip;]","og_url":"https:\/\/sandzakpress.net\/arhiva\/dostojanstveno-obiljezen-dan-srebrenice-u-skoplju\/","og_site_name":"Sand\u017eak PRESS","article_published_time":"2015-07-13T11:37:19+00:00","og_image":[{"width":600,"height":450,"url":"https:\/\/sandzakpress.net\/arhiva\/wp-content\/uploads\/2015\/07\/DSCN4395_600w_80c_vhigh.jpg","type":"image\/jpeg"}],"author":"bosniak","twitter_card":"summary_large_image","twitter_misc":{"Written by":"bosniak","Est. reading time":"2 minute"},"schema":{"@context":"https:\/\/schema.org","@graph":[{"@type":"Article","@id":"https:\/\/sandzakpress.net\/arhiva\/dostojanstveno-obiljezen-dan-srebrenice-u-skoplju\/#article","isPartOf":{"@id":"https:\/\/sandzakpress.net\/arhiva\/dostojanstveno-obiljezen-dan-srebrenice-u-skoplju\/"},"author":{"name":"bosniak","@id":"https:\/\/sandzakpress.net\/arhiva\/#\/schema\/person\/c8baee722073534b583ea7bdb2e36c02"},"headline":"Dostojanstveno obilje\u017een Dan Srebrenice u Skoplju","datePublished":"2015-07-13T11:37:19+00:00","mainEntityOfPage":{"@id":"https:\/\/sandzakpress.net\/arhiva\/dostojanstveno-obiljezen-dan-srebrenice-u-skoplju\/"},"wordCount":330,"commentCount":6,"publisher":{"@id":"https:\/\/sandzakpress.net\/arhiva\/#\/schema\/person\/6e72b67d6e51910a1117b3b483ba20bd"},"image":{"@id":"https:\/\/sandzakpress.net\/arhiva\/dostojanstveno-obiljezen-dan-srebrenice-u-skoplju\/#primaryimage"},"thumbnailUrl":"https:\/\/sandzakpress.net\/arhiva\/wp-content\/uploads\/2015\/07\/DSCN4395_600w_80c_vhigh.jpg","articleSection":["Nacija","Makedonija","VIJESTI DANA","NAJNOVIJE"],"inLanguage":"bs-BA","potentialAction":[{"@type":"CommentAction","name":"Comment","target":["https:\/\/sandzakpress.net\/arhiva\/dostojanstveno-obiljezen-dan-srebrenice-u-skoplju\/#respond"]}]},{"@type":"WebPage","@id":"https:\/\/sandzakpress.net\/arhiva\/dostojanstveno-obiljezen-dan-srebrenice-u-skoplju\/","url":"https:\/\/sandzakpress.net\/arhiva\/dostojanstveno-obiljezen-dan-srebrenice-u-skoplju\/","name":"Dostojanstveno obilje\u017een Dan Srebrenice u Skoplju","isPartOf":{"@id":"https:\/\/sandzakpress.net\/arhiva\/#website"},"primaryImageOfPage":{"@id":"https:\/\/sandzakpress.net\/arhiva\/dostojanstveno-obiljezen-dan-srebrenice-u-skoplju\/#primaryimage"},"image":{"@id":"https:\/\/sandzakpress.net\/arhiva\/dostojanstveno-obiljezen-dan-srebrenice-u-skoplju\/#primaryimage"},"thumbnailUrl":"https:\/\/sandzakpress.net\/arhiva\/wp-content\/uploads\/2015\/07\/DSCN4395_600w_80c_vhigh.jpg","datePublished":"2015-07-13T11:37:19+00:00","breadcrumb":{"@id":"https:\/\/sandzakpress.net\/arhiva\/dostojanstveno-obiljezen-dan-srebrenice-u-skoplju\/#breadcrumb"},"inLanguage":"bs-BA","potentialAction":[{"@type":"ReadAction","target":["https:\/\/sandzakpress.net\/arhiva\/dostojanstveno-obiljezen-dan-srebrenice-u-skoplju\/"]}]},{"@type":"ImageObject","inLanguage":"bs-BA","@id":"https:\/\/sandzakpress.net\/arhiva\/dostojanstveno-obiljezen-dan-srebrenice-u-skoplju\/#primaryimage","url":"https:\/\/sandzakpress.net\/arhiva\/wp-content\/uploads\/2015\/07\/DSCN4395_600w_80c_vhigh.jpg","contentUrl":"https:\/\/sandzakpress.net\/arhiva\/wp-content\/uploads\/2015\/07\/DSCN4395_600w_80c_vhigh.jpg","width":600,"height":450},{"@type":"BreadcrumbList","@id":"https:\/\/sandzakpress.net\/arhiva\/dostojanstveno-obiljezen-dan-srebrenice-u-skoplju\/#breadcrumb","itemListElement":[{"@type":"ListItem","position":1,"name":"Home","item":"https:\/\/sandzakpress.net\/arhiva\/"},{"@type":"ListItem","position":2,"name":"Dostojanstveno obilje\u017een Dan Srebrenice u Skoplju"}]},{"@type":"WebSite","@id":"https:\/\/sandzakpress.net\/arhiva\/#website","url":"https:\/\/sandzakpress.net\/arhiva\/","name":"Sand\u017eak PRESS","description":"Prve elektronske novine u Sand\u017eaku","publisher":{"@id":"https:\/\/sandzakpress.net\/arhiva\/#\/schema\/person\/6e72b67d6e51910a1117b3b483ba20bd"},"potentialAction":[{"@type":"SearchAction","target":{"@type":"EntryPoint","urlTemplate":"https:\/\/sandzakpress.net\/arhiva\/?s={search_term_string}"},"query-input":{"@type":"PropertyValueSpecification","valueRequired":true,"valueName":"search_term_string"}}],"inLanguage":"bs-BA"},{"@type":["Person","Organization"],"@id":"https:\/\/sandzakpress.net\/arhiva\/#\/schema\/person\/6e72b67d6e51910a1117b3b483ba20bd","name":"Kul","image":{"@type":"ImageObject","inLanguage":"bs-BA","@id":"https:\/\/sandzakpress.net\/arhiva\/#\/schema\/person\/image\/","url":"https:\/\/secure.gravatar.com\/avatar\/42263f39aa27ac04c43cab85c280eb2e?s=96&d=mm&r=pg","contentUrl":"https:\/\/secure.gravatar.com\/avatar\/42263f39aa27ac04c43cab85c280eb2e?s=96&d=mm&r=pg","caption":"Kul"},"logo":{"@id":"https:\/\/sandzakpress.net\/arhiva\/#\/schema\/person\/image\/"}},{"@type":"Person","@id":"https:\/\/sandzakpress.net\/arhiva\/#\/schema\/person\/c8baee722073534b583ea7bdb2e36c02","name":"bosniak","image":{"@type":"ImageObject","inLanguage":"bs-BA","@id":"https:\/\/sandzakpress.net\/arhiva\/#\/schema\/person\/image\/","url":"https:\/\/secure.gravatar.com\/avatar\/a04fd330bfe3a36a72a0ad4a6d89fca7?s=96&d=mm&r=pg","contentUrl":"https:\/\/secure.gravatar.com\/avatar\/a04fd330bfe3a36a72a0ad4a6d89fca7?s=96&d=mm&r=pg","caption":"bosniak"},"url":"https:\/\/sandzakpress.net\/arhiva\/author\/bosniak\/"}]}},"_links":{"self":[{"href":"https:\/\/sandzakpress.net\/arhiva\/wp-json\/wp\/v2\/posts\/131126"}],"collection":[{"href":"https:\/\/sandzakpress.net\/arhiva\/wp-json\/wp\/v2\/posts"}],"about":[{"href":"https:\/\/sandzakpress.net\/arhiva\/wp-json\/wp\/v2\/types\/post"}],"author":[{"embeddable":true,"href":"https:\/\/sandzakpress.net\/arhiva\/wp-json\/wp\/v2\/users\/83"}],"replies":[{"embeddable":true,"href":"https:\/\/sandzakpress.net\/arhiva\/wp-json\/wp\/v2\/comments?post=131126"}],"version-history":[{"count":0,"href":"https:\/\/sandzakpress.net\/arhiva\/wp-json\/wp\/v2\/posts\/131126\/revisions"}],"wp:featuredmedia":[{"embeddable":true,"href":"https:\/\/sandzakpress.net\/arhiva\/wp-json\/wp\/v2\/media\/131127"}],"wp:attachment":[{"href":"https:\/\/sandzakpress.net\/arhiva\/wp-json\/wp\/v2\/media?parent=131126"}],"wp:term":[{"taxonomy":"category","embeddable":true,"href":"https:\/\/sandzakpress.net\/arhiva\/wp-json\/wp\/v2\/categories?post=131126"},{"taxonomy":"post_tag","embeddable":true,"href":"https:\/\/sandzakpress.net\/arhiva\/wp-json\/wp\/v2\/tags?post=131126"}],"curies":[{"name":"wp","href":"https:\/\/api.w.org\/{rel}","templated":true}]}}