{"id":131122,"date":"2015-07-13T12:23:28","date_gmt":"2015-07-13T10:23:28","guid":{"rendered":"https:\/\/sandzakpress.net\/arhiva\/?p=131122"},"modified":"2015-07-13T12:23:28","modified_gmt":"2015-07-13T10:23:28","slug":"sta-se-to-sve-desava-u-egiptu-da-li-ce-mursi-biti-pogubljen-za-bajram","status":"publish","type":"post","link":"https:\/\/sandzakpress.net\/arhiva\/sta-se-to-sve-desava-u-egiptu-da-li-ce-mursi-biti-pogubljen-za-bajram\/","title":{"rendered":"\u0160ta se to sve de\u0161ava u Egiptu- Da li \u0107e Mursi biti pogubljen za Bajram?"},"content":{"rendered":"<p><img decoding=\"async\" src=\"http:\/\/www.islambosna.ba\/wp-content\/uploads\/2015\/07\/156_1200x800_833033323_900x600.jpg\" alt=\"\" \/><\/p>\n<p><strong>Svijet &#8211; Od smrti egipatskog glavnog tu\u017eioca, Hi\u0161ama Berakata, egipatski posmatra\u010di predvi\u0111aju poja\u010danje slamanja opozicionih snaga, dok pojedini ukazuju da brzo pogubljenje predsjednika Muhammeda Mursija.<\/strong><\/p>\n<p>Prema egipatskom novinaru Halidu Abd el-D\u017eabiru, izvor blizak egipatskom ministru pravde, Ahmedu ez-Zindu, je otkrio informaciju koja potvr\u0111uje planove za sprovo\u0111enje smrtne kazne Mursiju koja \u0107e se izvr\u0161iti u nekoliko narednih dana, prenosi arapska internet stranica vijesti Arabi21.<br \/>\nNa svom Twitter profilu el-D\u017eabir je je upitao: \u201cDa li je vrijeme da pogubimo Mursija i njegovu bra\u0107u?\u201d, prenosi Arabi21.<\/p>\n<p>Na d\u017eenazi Berekata predsjednik Abdulfettah es-Sisi je obe\u0107ao da \u0107e se smrtne presude implementirati \u0161to je prije mogu\u0107e.<br \/>\n\u201cRuka pravde je okovana zakonom. Ne\u0107emo \u010dekati na to\u201d, kazao je on. \u201cPromjeniti \u0107emo zakon \u0161to \u0107e nam omogu\u0107iti da sprovedemo pravdu \u0161to je prije mogu\u0107e\u201d.<br \/>\nPredsjednik nije dao detalje planiranih reformi ali je nagovijestio da \u0107e sa\u010dekati promjenu \u017ealbenog procesa.<\/p>\n<p>U ovom trenutku, sve smrtne presude se \u0161alju vrhovnom muftiji, najvi\u0161oj vjerskoj vlasti u Egiptu, gdje se tra\u017ei njegovo mi\u0161ljenje, ali \u010dak i ukoliko muftija odobri, presude i dalje o\u010dekuje dugotrajan proces \u017ealbe.<br \/>\nU ekskluzivnom intervjuu za Arabi21, Ejman Nur, vode\u0107i i utjecajni \u010dlan liberalne egipatske opozicije, upozorio je Sisijevu vladu na implementiranje smrtne kazne nad Mursijem.<br \/>\n\u201cTakav korak bi najvi\u0161e \u0161tetio Sisijevoj politi\u010dkoj karijeri\u201d, kazao je Nur u intervjuu.<br \/>\nNur dalje ka\u017ee: \u201cSisi poku\u0161ava da opravda smrtne presude javnosti. Ali bez obzira koliko on nastoji da ih sprovede, pogubljenje Mursija \u0107e biti krajnje \u0161tetno\u201d.<br \/>\n\u201cNiko u Egiptu, \u0161irom regije ili zapravo globalno ne\u0107e prihvatiti da se Sisi osveti Mursiju na ovakav na\u010din\u201d.<\/p>\n<p>O\u010dekuju\u0107i da \u0107e Mursi do\u017eivjeti sli\u010dnu sudbinu kao Saddam Hussein, koji je pogubljen na bajram 2006., palestinski novinar i analiti\u010dar Abdelbari Atwan ka\u017ee: \u201cNe bi bilo iznena\u0111uju\u0107e da se jednog jutra probudimo, mo\u017eda \u010dak i prije Bajrama, i \u010dujemo vijesti da je Sisi pogubio predsjednika Muhammeda Mursija, vo\u0111u Muslimanske bra\u0107e, Muhammeda Bedi\u2019a, kao i niz drugih opozicionih vo\u0111a kojima je dosu\u0111ena smrtna kazna\u201d.<br \/>\n\u201cNedavna odluka da se ubrzaju pravni sudski postupci povezani sa smrtnim kaznama su jednostavno usmjereni da se postigne ovo\u201d, prenosi arapska novinska agencija Wattan rije\u010di Atwana.<br \/>\nNovine Al-Masry Al-Youm navode sudskog izvora koji je rekao da \u0107e Sisi razmotriti amandmane Zakona o krivi\u010dnom postupku koji \u0107e dozvoliti sudijama da biraju koje svjedoke \u0107e saslu\u0161ati na sudu.<br \/>\nAmandmani bi tako\u0111er mogli u\u010diniti da se presude Vrhovnog dr\u017eavnog suda podvrgnu samo ratifikaciji od strane predsjednika bez prava na \u017ealbu i da se proslijede Kasacionom sudu, najvi\u0161em \u017ealbenom sudu, \u0161to bi zna\u010dilo da su presude podvrgnute samo jednom krugu pregleda umjesto dva, navode novine.<\/p>\n<p>Dana 16. juna egipatski sud je potvrdio smrtnu kaznu koja je dosu\u0111ena prethodni mjesec Mursiju zbog masovnog bijega iz zatvora i napada na policiju tokom ustanka u zemlji iz 2011. godine. Presuda je do\u0161la nakon konsultacije sa vrhovnim muftijom.<br \/>\nTog dana tako\u0111er je 27 osoba osu\u0111eno na smrt uklju\u010duju\u0107i Badi\u2019a, Muhammeda Katatnija, biv\u0161eg predsjedavaju\u0107eg parlamenta, kao i vo\u0111e Bra\u0107e Hajrata \u0160atera, Muhammeda Beltad\u017eija i Muhammeda Abdelatu.<\/p>\n<p>Predsjednik Al\u017eira, Abdulaziz Boutafilka je ulo\u017eio znatan pritisak na egipatskog predsjednika tra\u017ee\u0107i od njega da ne sprovede smrtnu presudu nad Muhammedom Mursijem, prenosi Al-Araby Al-Jadeed. Al\u017eirsko nastojanje je do\u0161lo nakon poziva vo\u0111e tuni\u017eanske En-Nahda stranke, Ra\u0161ida el-Gannu\u0161ija, koji je nedavno posjetio Al\u017eir i susreo se sa Boutalfikom.<br \/>\nPrema Al-Araby Al-Jadeed, Boutalfika je obe\u0107ao da \u0107e izvr\u0161iti pritisak u tom pogledu. U pro\u0161losti, Al\u017eir je poku\u0161ao da odvrati biv\u0161eg predsjednika D\u017eemala Abdunnassira od izvr\u0161enja smrtne kazne nad Sejjidom Kutbom, ali bez uspjeha.<\/p>\n<p>Al\u017eir je odbio da proglasi Muslimansku bra\u0107u \u2018teroristi\u010dkom\u2019 organizacijom.<br \/>\nRanije, El-Gannu\u0161i se susreo sa predsjednicima nekoliko zemalja i zamolio ih da izvr\u0161e pritisak na Sisija da ne pogube Mursija.<br \/>\nJedan od zvani\u010dnika En-Nahde je kazao da je el-Gannu\u0161i razgovarao o smrtnim kaznama nad pripadnicima Muslimanske bra\u0107e i vo\u0111ama sa politi\u010darima, uklju\u010duju\u0107i i Muhammeda Mursija.<br \/>\nSisi je tako\u0111er izdao dekret u subotu koji mu omogu\u0107ava da otpusti slu\u017ebenike iz institucija koje su nezavisne od dr\u017eave. Ova odluka, stupa na snagu odmah, objavile su zvani\u010dne dr\u017eavne novine Al-Wakae Al-Masriya. One navode da predsjednik mo\u017ee otpustiti bilo kojeg slu\u017ebenika iz ovih institucija ukoliko postoje ozbiljni dokazi a koji su vezani za \u2018nacionalnu sigurnost\u2019.<br \/>\nOsim toga, slu\u017ebenici mogu biti otpu\u0161teni sa pozicije ukoliko \u2018neuspje\u0161no ispunjavaju svoje du\u017enosti, \u0161to mo\u017ee dovesti do \u0161tete op\u0107eg interesa\u2026\u201d<\/p>\n<p>Slu\u017ebenik koji postane \u2018nepouzdan ili neprikladan za poziciju koju obna\u0161a, osim zdravstvenih problema, tako\u0111er mo\u017ee biti otpu\u0161ten od strane predsjednika.<br \/>\nInstitucije koje su legitimno nezavisne od dr\u017eavne kontrole uklju\u010duju pravosudne organe poput Dr\u017eavnog vije\u0107a, Vrhovnog Ustavnog suda i vojnog pravosu\u0111a.<br \/>\nPrema ustavu, ovakve institucije imaju nezavisan bud\u017eet i njihovi slu\u017ebenici ne mogu biti otpu\u0161teni. Me\u0111utim, \u2018zakon \u0107e odrediti uvjete i procedure njihovog imenovanja, transfera, odlaska u penziju i disciplinske kaznene mjere\u201d.<\/p>\n<p>Vlada Egipta je tako\u0111er formirala ured za monitoring koje vodi Dr\u017eavni informacioni servis (SIS) kako bi provjeravali informacije koje prenose strani mediji u vezi situacije u zemlji, nekoliko dana nakon \u0161to su izdali vodi\u010d za strane novinare u Egiptu.<\/p>\n<p>Prema Huffington Postu, ured FactCheckEgypt \u0107e nastojati da provjeri strane izvje\u0161taje i izvore na koje se oslanjaju. Oni navode da je osoblje ureda obu\u010deno preko iMediaEthicks, ameri\u010dkog internet portala o \u2018medijskoj etici\u2019, koje \u0107e raditi u tandemu sa egipatskim vladinim SIS-om.<br \/>\nAmeri\u010dke online novine tvrde da je veliki broj novinara koji je pokrivao teroristi\u010dke napade na Sjevernom Sinaju ranije ovog mjeseca kontaktiran od strane FactCheckEgypt preko e maila kako bi prilagodili svoje izvje\u0161taje prema izjavama vlade, postavljaju\u0107i rok da se zahtjev ispuni.<\/p>\n<p>Izvor: IslamBosna<\/p>\n","protected":false},"excerpt":{"rendered":"<p>Svijet &#8211; Od smrti egipatskog glavnog tu\u017eioca, Hi\u0161ama Berakata, egipatski posmatra\u010di predvi\u0111aju poja\u010danje slamanja opozicionih snaga, dok pojedini ukazuju da brzo pogubljenje predsjednika Muhammeda Mursija. Prema egipatskom novinaru Halidu Abd el-D\u017eabiru, izvor blizak egipatskom ministru pravde, Ahmedu ez-Zindu, je otkrio informaciju koja potvr\u0111uje planove za sprovo\u0111enje smrtne kazne Mursiju koja \u0107e se izvr\u0161iti u nekoliko [&hellip;]<\/p>\n","protected":false},"author":83,"featured_media":131123,"comment_status":"open","ping_status":"open","sticky":false,"template":"","format":"standard","meta":{"footnotes":""},"categories":[10512],"tags":[],"class_list":{"0":"post-131122","1":"post","2":"type-post","3":"status-publish","4":"format-standard","5":"has-post-thumbnail","7":"category-islamski-svijet"},"yoast_head":"<!-- This site is optimized with the Yoast SEO Premium plugin v23.1 (Yoast SEO v24.9) - https:\/\/yoast.com\/wordpress\/plugins\/seo\/ -->\n<title>\u0160ta se to sve de\u0161ava u Egiptu- Da li \u0107e Mursi biti pogubljen za Bajram?<\/title>\n<meta name=\"robots\" content=\"index, follow, max-snippet:-1, max-image-preview:large, max-video-preview:-1\" \/>\n<link rel=\"canonical\" href=\"https:\/\/sandzakpress.net\/arhiva\/sta-se-to-sve-desava-u-egiptu-da-li-ce-mursi-biti-pogubljen-za-bajram\/\" \/>\n<meta property=\"og:locale\" content=\"bs_BA\" \/>\n<meta property=\"og:type\" content=\"article\" \/>\n<meta property=\"og:title\" content=\"\u0160ta se to sve de\u0161ava u Egiptu- Da li \u0107e Mursi biti pogubljen za Bajram?\" \/>\n<meta property=\"og:description\" content=\"Svijet &#8211; Od smrti egipatskog glavnog tu\u017eioca, Hi\u0161ama Berakata, egipatski posmatra\u010di predvi\u0111aju poja\u010danje slamanja opozicionih snaga, dok pojedini ukazuju da brzo pogubljenje predsjednika Muhammeda Mursija. Prema egipatskom novinaru Halidu Abd el-D\u017eabiru, izvor blizak egipatskom ministru pravde, Ahmedu ez-Zindu, je otkrio informaciju koja potvr\u0111uje planove za sprovo\u0111enje smrtne kazne Mursiju koja \u0107e se izvr\u0161iti u nekoliko [&hellip;]\" \/>\n<meta property=\"og:url\" content=\"https:\/\/sandzakpress.net\/arhiva\/sta-se-to-sve-desava-u-egiptu-da-li-ce-mursi-biti-pogubljen-za-bajram\/\" \/>\n<meta property=\"og:site_name\" content=\"Sand\u017eak PRESS\" \/>\n<meta property=\"article:published_time\" content=\"2015-07-13T10:23:28+00:00\" \/>\n<meta property=\"og:image\" content=\"https:\/\/sandzakpress.net\/arhiva\/wp-content\/uploads\/2015\/07\/156_1200x800_833033323_900x600.jpg\" \/>\n\t<meta property=\"og:image:width\" content=\"900\" \/>\n\t<meta property=\"og:image:height\" content=\"600\" \/>\n\t<meta property=\"og:image:type\" content=\"image\/jpeg\" \/>\n<meta name=\"author\" content=\"bosniak\" \/>\n<meta name=\"twitter:card\" content=\"summary_large_image\" \/>\n<meta name=\"twitter:label1\" content=\"Written by\" \/>\n\t<meta name=\"twitter:data1\" content=\"bosniak\" \/>\n\t<meta name=\"twitter:label2\" content=\"Est. reading time\" \/>\n\t<meta name=\"twitter:data2\" content=\"5 minuta\" \/>\n<script type=\"application\/ld+json\" class=\"yoast-schema-graph\">{\"@context\":\"https:\/\/schema.org\",\"@graph\":[{\"@type\":\"Article\",\"@id\":\"https:\/\/sandzakpress.net\/arhiva\/sta-se-to-sve-desava-u-egiptu-da-li-ce-mursi-biti-pogubljen-za-bajram\/#article\",\"isPartOf\":{\"@id\":\"https:\/\/sandzakpress.net\/arhiva\/sta-se-to-sve-desava-u-egiptu-da-li-ce-mursi-biti-pogubljen-za-bajram\/\"},\"author\":{\"name\":\"bosniak\",\"@id\":\"https:\/\/sandzakpress.net\/arhiva\/#\/schema\/person\/c8baee722073534b583ea7bdb2e36c02\"},\"headline\":\"\u0160ta se to sve de\u0161ava u Egiptu- Da li \u0107e Mursi biti pogubljen za Bajram?\",\"datePublished\":\"2015-07-13T10:23:28+00:00\",\"mainEntityOfPage\":{\"@id\":\"https:\/\/sandzakpress.net\/arhiva\/sta-se-to-sve-desava-u-egiptu-da-li-ce-mursi-biti-pogubljen-za-bajram\/\"},\"wordCount\":1033,\"commentCount\":1,\"publisher\":{\"@id\":\"https:\/\/sandzakpress.net\/arhiva\/#\/schema\/person\/6e72b67d6e51910a1117b3b483ba20bd\"},\"image\":{\"@id\":\"https:\/\/sandzakpress.net\/arhiva\/sta-se-to-sve-desava-u-egiptu-da-li-ce-mursi-biti-pogubljen-za-bajram\/#primaryimage\"},\"thumbnailUrl\":\"https:\/\/sandzakpress.net\/arhiva\/wp-content\/uploads\/2015\/07\/156_1200x800_833033323_900x600.jpg\",\"articleSection\":[\"Islamski svijet\"],\"inLanguage\":\"bs-BA\",\"potentialAction\":[{\"@type\":\"CommentAction\",\"name\":\"Comment\",\"target\":[\"https:\/\/sandzakpress.net\/arhiva\/sta-se-to-sve-desava-u-egiptu-da-li-ce-mursi-biti-pogubljen-za-bajram\/#respond\"]}]},{\"@type\":\"WebPage\",\"@id\":\"https:\/\/sandzakpress.net\/arhiva\/sta-se-to-sve-desava-u-egiptu-da-li-ce-mursi-biti-pogubljen-za-bajram\/\",\"url\":\"https:\/\/sandzakpress.net\/arhiva\/sta-se-to-sve-desava-u-egiptu-da-li-ce-mursi-biti-pogubljen-za-bajram\/\",\"name\":\"\u0160ta se to sve de\u0161ava u Egiptu- Da li \u0107e Mursi biti pogubljen za Bajram?\",\"isPartOf\":{\"@id\":\"https:\/\/sandzakpress.net\/arhiva\/#website\"},\"primaryImageOfPage\":{\"@id\":\"https:\/\/sandzakpress.net\/arhiva\/sta-se-to-sve-desava-u-egiptu-da-li-ce-mursi-biti-pogubljen-za-bajram\/#primaryimage\"},\"image\":{\"@id\":\"https:\/\/sandzakpress.net\/arhiva\/sta-se-to-sve-desava-u-egiptu-da-li-ce-mursi-biti-pogubljen-za-bajram\/#primaryimage\"},\"thumbnailUrl\":\"https:\/\/sandzakpress.net\/arhiva\/wp-content\/uploads\/2015\/07\/156_1200x800_833033323_900x600.jpg\",\"datePublished\":\"2015-07-13T10:23:28+00:00\",\"breadcrumb\":{\"@id\":\"https:\/\/sandzakpress.net\/arhiva\/sta-se-to-sve-desava-u-egiptu-da-li-ce-mursi-biti-pogubljen-za-bajram\/#breadcrumb\"},\"inLanguage\":\"bs-BA\",\"potentialAction\":[{\"@type\":\"ReadAction\",\"target\":[\"https:\/\/sandzakpress.net\/arhiva\/sta-se-to-sve-desava-u-egiptu-da-li-ce-mursi-biti-pogubljen-za-bajram\/\"]}]},{\"@type\":\"ImageObject\",\"inLanguage\":\"bs-BA\",\"@id\":\"https:\/\/sandzakpress.net\/arhiva\/sta-se-to-sve-desava-u-egiptu-da-li-ce-mursi-biti-pogubljen-za-bajram\/#primaryimage\",\"url\":\"https:\/\/sandzakpress.net\/arhiva\/wp-content\/uploads\/2015\/07\/156_1200x800_833033323_900x600.jpg\",\"contentUrl\":\"https:\/\/sandzakpress.net\/arhiva\/wp-content\/uploads\/2015\/07\/156_1200x800_833033323_900x600.jpg\",\"width\":900,\"height\":600},{\"@type\":\"BreadcrumbList\",\"@id\":\"https:\/\/sandzakpress.net\/arhiva\/sta-se-to-sve-desava-u-egiptu-da-li-ce-mursi-biti-pogubljen-za-bajram\/#breadcrumb\",\"itemListElement\":[{\"@type\":\"ListItem\",\"position\":1,\"name\":\"Home\",\"item\":\"https:\/\/sandzakpress.net\/arhiva\/\"},{\"@type\":\"ListItem\",\"position\":2,\"name\":\"\u0160ta se to sve de\u0161ava u Egiptu- Da li \u0107e Mursi biti pogubljen za Bajram?\"}]},{\"@type\":\"WebSite\",\"@id\":\"https:\/\/sandzakpress.net\/arhiva\/#website\",\"url\":\"https:\/\/sandzakpress.net\/arhiva\/\",\"name\":\"Sand\u017eak PRESS\",\"description\":\"Prve elektronske novine u Sand\u017eaku\",\"publisher\":{\"@id\":\"https:\/\/sandzakpress.net\/arhiva\/#\/schema\/person\/6e72b67d6e51910a1117b3b483ba20bd\"},\"potentialAction\":[{\"@type\":\"SearchAction\",\"target\":{\"@type\":\"EntryPoint\",\"urlTemplate\":\"https:\/\/sandzakpress.net\/arhiva\/?s={search_term_string}\"},\"query-input\":{\"@type\":\"PropertyValueSpecification\",\"valueRequired\":true,\"valueName\":\"search_term_string\"}}],\"inLanguage\":\"bs-BA\"},{\"@type\":[\"Person\",\"Organization\"],\"@id\":\"https:\/\/sandzakpress.net\/arhiva\/#\/schema\/person\/6e72b67d6e51910a1117b3b483ba20bd\",\"name\":\"Kul\",\"image\":{\"@type\":\"ImageObject\",\"inLanguage\":\"bs-BA\",\"@id\":\"https:\/\/sandzakpress.net\/arhiva\/#\/schema\/person\/image\/\",\"url\":\"https:\/\/secure.gravatar.com\/avatar\/42263f39aa27ac04c43cab85c280eb2e?s=96&d=mm&r=pg\",\"contentUrl\":\"https:\/\/secure.gravatar.com\/avatar\/42263f39aa27ac04c43cab85c280eb2e?s=96&d=mm&r=pg\",\"caption\":\"Kul\"},\"logo\":{\"@id\":\"https:\/\/sandzakpress.net\/arhiva\/#\/schema\/person\/image\/\"}},{\"@type\":\"Person\",\"@id\":\"https:\/\/sandzakpress.net\/arhiva\/#\/schema\/person\/c8baee722073534b583ea7bdb2e36c02\",\"name\":\"bosniak\",\"image\":{\"@type\":\"ImageObject\",\"inLanguage\":\"bs-BA\",\"@id\":\"https:\/\/sandzakpress.net\/arhiva\/#\/schema\/person\/image\/\",\"url\":\"https:\/\/secure.gravatar.com\/avatar\/a04fd330bfe3a36a72a0ad4a6d89fca7?s=96&d=mm&r=pg\",\"contentUrl\":\"https:\/\/secure.gravatar.com\/avatar\/a04fd330bfe3a36a72a0ad4a6d89fca7?s=96&d=mm&r=pg\",\"caption\":\"bosniak\"},\"url\":\"https:\/\/sandzakpress.net\/arhiva\/author\/bosniak\/\"}]}<\/script>\n<!-- \/ Yoast SEO Premium plugin. -->","yoast_head_json":{"title":"\u0160ta se to sve de\u0161ava u Egiptu- Da li \u0107e Mursi biti pogubljen za Bajram?","robots":{"index":"index","follow":"follow","max-snippet":"max-snippet:-1","max-image-preview":"max-image-preview:large","max-video-preview":"max-video-preview:-1"},"canonical":"https:\/\/sandzakpress.net\/arhiva\/sta-se-to-sve-desava-u-egiptu-da-li-ce-mursi-biti-pogubljen-za-bajram\/","og_locale":"bs_BA","og_type":"article","og_title":"\u0160ta se to sve de\u0161ava u Egiptu- Da li \u0107e Mursi biti pogubljen za Bajram?","og_description":"Svijet &#8211; Od smrti egipatskog glavnog tu\u017eioca, Hi\u0161ama Berakata, egipatski posmatra\u010di predvi\u0111aju poja\u010danje slamanja opozicionih snaga, dok pojedini ukazuju da brzo pogubljenje predsjednika Muhammeda Mursija. Prema egipatskom novinaru Halidu Abd el-D\u017eabiru, izvor blizak egipatskom ministru pravde, Ahmedu ez-Zindu, je otkrio informaciju koja potvr\u0111uje planove za sprovo\u0111enje smrtne kazne Mursiju koja \u0107e se izvr\u0161iti u nekoliko [&hellip;]","og_url":"https:\/\/sandzakpress.net\/arhiva\/sta-se-to-sve-desava-u-egiptu-da-li-ce-mursi-biti-pogubljen-za-bajram\/","og_site_name":"Sand\u017eak PRESS","article_published_time":"2015-07-13T10:23:28+00:00","og_image":[{"width":900,"height":600,"url":"https:\/\/sandzakpress.net\/arhiva\/wp-content\/uploads\/2015\/07\/156_1200x800_833033323_900x600.jpg","type":"image\/jpeg"}],"author":"bosniak","twitter_card":"summary_large_image","twitter_misc":{"Written by":"bosniak","Est. reading time":"5 minuta"},"schema":{"@context":"https:\/\/schema.org","@graph":[{"@type":"Article","@id":"https:\/\/sandzakpress.net\/arhiva\/sta-se-to-sve-desava-u-egiptu-da-li-ce-mursi-biti-pogubljen-za-bajram\/#article","isPartOf":{"@id":"https:\/\/sandzakpress.net\/arhiva\/sta-se-to-sve-desava-u-egiptu-da-li-ce-mursi-biti-pogubljen-za-bajram\/"},"author":{"name":"bosniak","@id":"https:\/\/sandzakpress.net\/arhiva\/#\/schema\/person\/c8baee722073534b583ea7bdb2e36c02"},"headline":"\u0160ta se to sve de\u0161ava u Egiptu- Da li \u0107e Mursi biti pogubljen za Bajram?","datePublished":"2015-07-13T10:23:28+00:00","mainEntityOfPage":{"@id":"https:\/\/sandzakpress.net\/arhiva\/sta-se-to-sve-desava-u-egiptu-da-li-ce-mursi-biti-pogubljen-za-bajram\/"},"wordCount":1033,"commentCount":1,"publisher":{"@id":"https:\/\/sandzakpress.net\/arhiva\/#\/schema\/person\/6e72b67d6e51910a1117b3b483ba20bd"},"image":{"@id":"https:\/\/sandzakpress.net\/arhiva\/sta-se-to-sve-desava-u-egiptu-da-li-ce-mursi-biti-pogubljen-za-bajram\/#primaryimage"},"thumbnailUrl":"https:\/\/sandzakpress.net\/arhiva\/wp-content\/uploads\/2015\/07\/156_1200x800_833033323_900x600.jpg","articleSection":["Islamski svijet"],"inLanguage":"bs-BA","potentialAction":[{"@type":"CommentAction","name":"Comment","target":["https:\/\/sandzakpress.net\/arhiva\/sta-se-to-sve-desava-u-egiptu-da-li-ce-mursi-biti-pogubljen-za-bajram\/#respond"]}]},{"@type":"WebPage","@id":"https:\/\/sandzakpress.net\/arhiva\/sta-se-to-sve-desava-u-egiptu-da-li-ce-mursi-biti-pogubljen-za-bajram\/","url":"https:\/\/sandzakpress.net\/arhiva\/sta-se-to-sve-desava-u-egiptu-da-li-ce-mursi-biti-pogubljen-za-bajram\/","name":"\u0160ta se to sve de\u0161ava u Egiptu- Da li \u0107e Mursi biti pogubljen za Bajram?","isPartOf":{"@id":"https:\/\/sandzakpress.net\/arhiva\/#website"},"primaryImageOfPage":{"@id":"https:\/\/sandzakpress.net\/arhiva\/sta-se-to-sve-desava-u-egiptu-da-li-ce-mursi-biti-pogubljen-za-bajram\/#primaryimage"},"image":{"@id":"https:\/\/sandzakpress.net\/arhiva\/sta-se-to-sve-desava-u-egiptu-da-li-ce-mursi-biti-pogubljen-za-bajram\/#primaryimage"},"thumbnailUrl":"https:\/\/sandzakpress.net\/arhiva\/wp-content\/uploads\/2015\/07\/156_1200x800_833033323_900x600.jpg","datePublished":"2015-07-13T10:23:28+00:00","breadcrumb":{"@id":"https:\/\/sandzakpress.net\/arhiva\/sta-se-to-sve-desava-u-egiptu-da-li-ce-mursi-biti-pogubljen-za-bajram\/#breadcrumb"},"inLanguage":"bs-BA","potentialAction":[{"@type":"ReadAction","target":["https:\/\/sandzakpress.net\/arhiva\/sta-se-to-sve-desava-u-egiptu-da-li-ce-mursi-biti-pogubljen-za-bajram\/"]}]},{"@type":"ImageObject","inLanguage":"bs-BA","@id":"https:\/\/sandzakpress.net\/arhiva\/sta-se-to-sve-desava-u-egiptu-da-li-ce-mursi-biti-pogubljen-za-bajram\/#primaryimage","url":"https:\/\/sandzakpress.net\/arhiva\/wp-content\/uploads\/2015\/07\/156_1200x800_833033323_900x600.jpg","contentUrl":"https:\/\/sandzakpress.net\/arhiva\/wp-content\/uploads\/2015\/07\/156_1200x800_833033323_900x600.jpg","width":900,"height":600},{"@type":"BreadcrumbList","@id":"https:\/\/sandzakpress.net\/arhiva\/sta-se-to-sve-desava-u-egiptu-da-li-ce-mursi-biti-pogubljen-za-bajram\/#breadcrumb","itemListElement":[{"@type":"ListItem","position":1,"name":"Home","item":"https:\/\/sandzakpress.net\/arhiva\/"},{"@type":"ListItem","position":2,"name":"\u0160ta se to sve de\u0161ava u Egiptu- Da li \u0107e Mursi biti pogubljen za Bajram?"}]},{"@type":"WebSite","@id":"https:\/\/sandzakpress.net\/arhiva\/#website","url":"https:\/\/sandzakpress.net\/arhiva\/","name":"Sand\u017eak PRESS","description":"Prve elektronske novine u Sand\u017eaku","publisher":{"@id":"https:\/\/sandzakpress.net\/arhiva\/#\/schema\/person\/6e72b67d6e51910a1117b3b483ba20bd"},"potentialAction":[{"@type":"SearchAction","target":{"@type":"EntryPoint","urlTemplate":"https:\/\/sandzakpress.net\/arhiva\/?s={search_term_string}"},"query-input":{"@type":"PropertyValueSpecification","valueRequired":true,"valueName":"search_term_string"}}],"inLanguage":"bs-BA"},{"@type":["Person","Organization"],"@id":"https:\/\/sandzakpress.net\/arhiva\/#\/schema\/person\/6e72b67d6e51910a1117b3b483ba20bd","name":"Kul","image":{"@type":"ImageObject","inLanguage":"bs-BA","@id":"https:\/\/sandzakpress.net\/arhiva\/#\/schema\/person\/image\/","url":"https:\/\/secure.gravatar.com\/avatar\/42263f39aa27ac04c43cab85c280eb2e?s=96&d=mm&r=pg","contentUrl":"https:\/\/secure.gravatar.com\/avatar\/42263f39aa27ac04c43cab85c280eb2e?s=96&d=mm&r=pg","caption":"Kul"},"logo":{"@id":"https:\/\/sandzakpress.net\/arhiva\/#\/schema\/person\/image\/"}},{"@type":"Person","@id":"https:\/\/sandzakpress.net\/arhiva\/#\/schema\/person\/c8baee722073534b583ea7bdb2e36c02","name":"bosniak","image":{"@type":"ImageObject","inLanguage":"bs-BA","@id":"https:\/\/sandzakpress.net\/arhiva\/#\/schema\/person\/image\/","url":"https:\/\/secure.gravatar.com\/avatar\/a04fd330bfe3a36a72a0ad4a6d89fca7?s=96&d=mm&r=pg","contentUrl":"https:\/\/secure.gravatar.com\/avatar\/a04fd330bfe3a36a72a0ad4a6d89fca7?s=96&d=mm&r=pg","caption":"bosniak"},"url":"https:\/\/sandzakpress.net\/arhiva\/author\/bosniak\/"}]}},"_links":{"self":[{"href":"https:\/\/sandzakpress.net\/arhiva\/wp-json\/wp\/v2\/posts\/131122"}],"collection":[{"href":"https:\/\/sandzakpress.net\/arhiva\/wp-json\/wp\/v2\/posts"}],"about":[{"href":"https:\/\/sandzakpress.net\/arhiva\/wp-json\/wp\/v2\/types\/post"}],"author":[{"embeddable":true,"href":"https:\/\/sandzakpress.net\/arhiva\/wp-json\/wp\/v2\/users\/83"}],"replies":[{"embeddable":true,"href":"https:\/\/sandzakpress.net\/arhiva\/wp-json\/wp\/v2\/comments?post=131122"}],"version-history":[{"count":0,"href":"https:\/\/sandzakpress.net\/arhiva\/wp-json\/wp\/v2\/posts\/131122\/revisions"}],"wp:featuredmedia":[{"embeddable":true,"href":"https:\/\/sandzakpress.net\/arhiva\/wp-json\/wp\/v2\/media\/131123"}],"wp:attachment":[{"href":"https:\/\/sandzakpress.net\/arhiva\/wp-json\/wp\/v2\/media?parent=131122"}],"wp:term":[{"taxonomy":"category","embeddable":true,"href":"https:\/\/sandzakpress.net\/arhiva\/wp-json\/wp\/v2\/categories?post=131122"},{"taxonomy":"post_tag","embeddable":true,"href":"https:\/\/sandzakpress.net\/arhiva\/wp-json\/wp\/v2\/tags?post=131122"}],"curies":[{"name":"wp","href":"https:\/\/api.w.org\/{rel}","templated":true}]}}