{"id":131108,"date":"2015-07-13T12:03:19","date_gmt":"2015-07-13T10:03:19","guid":{"rendered":"https:\/\/sandzakpress.net\/arhiva\/?p=131108"},"modified":"2015-07-13T12:03:19","modified_gmt":"2015-07-13T10:03:19","slug":"izrael-oslobodio-palestinskog-zatvorenika","status":"publish","type":"post","link":"https:\/\/sandzakpress.net\/arhiva\/izrael-oslobodio-palestinskog-zatvorenika\/","title":{"rendered":"Izrael oslobodio palestinskog zatvorenika"},"content":{"rendered":"<p><strong>Svijet &#8211; Izrael je oslobodio palestinskog zatvorenika Khadera Adnana, koji je \u0161trajkovao gla\u0111u 55 dana u izraelskom zatvoru.<\/strong><\/p>\n<p><iframe loading=\"lazy\" title=\"Izrael oslobodio Khadera Adnana\" width=\"696\" height=\"392\" src=\"https:\/\/www.youtube.com\/embed\/gANOCc0cKg8?feature=oembed\" frameborder=\"0\" allow=\"accelerometer; autoplay; encrypted-media; gyroscope; picture-in-picture\" allowfullscreen><\/iframe><\/p>\n<p>Adnan, koji je po\u010deo \u0161trajk gla\u0111u 6. aprila, ranije ovog mjeseca je smje\u0161ten u medicinski odjel izraelskog zatvora Ramla, kako bi bio pod posebnim lije\u010dni\u010dkim nadzorom.<\/p>\n<p>On je proveo godinu u &#8220;administrativnom pritvoru&#8221;, \u0161to je praksa koju Izrael prakticira za zatvaranje Palestinaca bez optu\u017enica ili su\u0111enja, nakon \u0161to su ga vojnici pro\u0161log jula odveli iz njegovog doma u Arrabehu, na sjeveru okupirane Zapadne obale.<\/p>\n<p>Njegov advokat Jawad Boulos je kazao u nedjelju Al Jazeeri da je Adnan oslobo\u0111en te da je Izrael tako\u0111er obe\u0107ao da ga ne\u0107e vi\u0161e pritvarati na osnovu pravilnika o administrativnom pritvoru, prema kojem Palestinci mogu biti zatvarani na periode od po \u0161est mjeseci, koji se mogu obnavljati neograni\u010deno dugo.<\/p>\n<p>To je bio deseti put da je zatvoren 37-godi\u0161nji pekar, otac \u0161estero djece. Adnan je proveo ukupno \u0161est godina u zatvoru.<\/p>\n<p>On je prethodno bio na du\u017eem \u0161trajku gla\u0111u i odbijao je hranu 66 dana tokom 2013. godine.<\/p>\n<p><strong>Upozorenja aktivista<\/strong><\/p>\n<p>Novinar Al Jazeere Imtiaz Tyab javio je sa Zapadne obale da Izrael &#8220;nije imao izbora&#8221; osim da oslobodi Adnana nakon upozorenja grupa za za\u0161titu ljudskih prava, uklju\u010duju\u0107i Crveni kri\u017e, da je on na ivici smrti.<\/p>\n<p>Adnan je dobro poznata figura u palestinskoj zajednici, te vode\u0107a osoba u politi\u010dkoj stranci Islamski d\u017eihad, ali je negirao da je ikada bio umije\u0161an u nasilje.<\/p>\n<p>Ranije ovog mjeseca je Adnanova supruga Randa kazala za Al Jazeeru: &#8220;Trenutno smo veoma zabrinuti za njegovo zdravlje. Pogor\u0161ava se. Znamo da bi mogao umrijeti ako se ne\u0161to brzo ne uradi&#8221;.<\/p>\n<p>Kako se njegovo zdravlje pogor\u0161avalo, Adnan je odbijao da se podvrgne medicinskim testiranjima ili da uzme vitamine, saop\u0107ilo je Dru\u0161tvo palestinskih zatvorenika.<\/p>\n<p>&#8220;Re\u010deno nam je da ne mo\u017ee stajati bez tu\u0111e pomo\u0107i i da ne mo\u017ee hodati, te da je privezan za bolni\u010dki krevet&#8221;, kazala je Randa. &#8220;\u010cuvari ga nadziru u svakom trenutku&#8221;.<\/p>\n<p>Njegovoj porodici je uskra\u0107eno pravo da ga posjete &#8220;zbog sigurnosnih razloga&#8221;.<\/p>\n<p>Procjenjuje se da je trenutno 426 Palestinaca zatvoreno u izraelskim zatvorima kao administrativni pritvorenici, navodi Mre\u017ea za podr\u0161ku zatvorenika Addameer iz Ramallaha.<\/p>\n<p>Izvor: Al Jazeera<\/p>\n","protected":false},"excerpt":{"rendered":"<p>Svijet &#8211; Izrael je oslobodio palestinskog zatvorenika Khadera Adnana, koji je \u0161trajkovao gla\u0111u 55 dana u izraelskom zatvoru. Adnan, koji je po\u010deo \u0161trajk gla\u0111u 6. aprila, ranije ovog mjeseca je smje\u0161ten u medicinski odjel izraelskog zatvora Ramla, kako bi bio pod posebnim lije\u010dni\u010dkim nadzorom. On je proveo godinu u &#8220;administrativnom pritvoru&#8221;, \u0161to je praksa koju [&hellip;]<\/p>\n","protected":false},"author":83,"featured_media":131109,"comment_status":"open","ping_status":"open","sticky":false,"template":"","format":"standard","meta":{"footnotes":""},"categories":[10512,798],"tags":[10249],"class_list":{"0":"post-131108","1":"post","2":"type-post","3":"status-publish","4":"format-standard","5":"has-post-thumbnail","7":"category-islamski-svijet","8":"category-teme","9":"tag-palestina"},"yoast_head":"<!-- This site is optimized with the Yoast SEO Premium plugin v23.1 (Yoast SEO v24.9) - https:\/\/yoast.com\/wordpress\/plugins\/seo\/ -->\n<title>Izrael oslobodio palestinskog zatvorenika<\/title>\n<meta name=\"robots\" content=\"index, follow, max-snippet:-1, max-image-preview:large, max-video-preview:-1\" \/>\n<link rel=\"canonical\" href=\"https:\/\/sandzakpress.net\/arhiva\/izrael-oslobodio-palestinskog-zatvorenika\/\" \/>\n<meta property=\"og:locale\" content=\"bs_BA\" \/>\n<meta property=\"og:type\" content=\"article\" \/>\n<meta property=\"og:title\" content=\"Izrael oslobodio palestinskog zatvorenika\" \/>\n<meta property=\"og:description\" content=\"Svijet &#8211; Izrael je oslobodio palestinskog zatvorenika Khadera Adnana, koji je \u0161trajkovao gla\u0111u 55 dana u izraelskom zatvoru. Adnan, koji je po\u010deo \u0161trajk gla\u0111u 6. aprila, ranije ovog mjeseca je smje\u0161ten u medicinski odjel izraelskog zatvora Ramla, kako bi bio pod posebnim lije\u010dni\u010dkim nadzorom. On je proveo godinu u &#8220;administrativnom pritvoru&#8221;, \u0161to je praksa koju [&hellip;]\" \/>\n<meta property=\"og:url\" content=\"https:\/\/sandzakpress.net\/arhiva\/izrael-oslobodio-palestinskog-zatvorenika\/\" \/>\n<meta property=\"og:site_name\" content=\"Sand\u017eak PRESS\" \/>\n<meta property=\"article:published_time\" content=\"2015-07-13T10:03:19+00:00\" \/>\n<meta property=\"og:image\" content=\"https:\/\/sandzakpress.net\/arhiva\/wp-content\/uploads\/2015\/07\/019.jpg\" \/>\n\t<meta property=\"og:image:width\" content=\"480\" \/>\n\t<meta property=\"og:image:height\" content=\"360\" \/>\n\t<meta property=\"og:image:type\" content=\"image\/jpeg\" \/>\n<meta name=\"author\" content=\"bosniak\" \/>\n<meta name=\"twitter:card\" content=\"summary_large_image\" \/>\n<meta name=\"twitter:label1\" content=\"Written by\" \/>\n\t<meta name=\"twitter:data1\" content=\"bosniak\" \/>\n\t<meta name=\"twitter:label2\" content=\"Est. reading time\" \/>\n\t<meta name=\"twitter:data2\" content=\"2 minute\" \/>\n<script type=\"application\/ld+json\" class=\"yoast-schema-graph\">{\"@context\":\"https:\/\/schema.org\",\"@graph\":[{\"@type\":\"Article\",\"@id\":\"https:\/\/sandzakpress.net\/arhiva\/izrael-oslobodio-palestinskog-zatvorenika\/#article\",\"isPartOf\":{\"@id\":\"https:\/\/sandzakpress.net\/arhiva\/izrael-oslobodio-palestinskog-zatvorenika\/\"},\"author\":{\"name\":\"bosniak\",\"@id\":\"https:\/\/sandzakpress.net\/arhiva\/#\/schema\/person\/c8baee722073534b583ea7bdb2e36c02\"},\"headline\":\"Izrael oslobodio palestinskog zatvorenika\",\"datePublished\":\"2015-07-13T10:03:19+00:00\",\"mainEntityOfPage\":{\"@id\":\"https:\/\/sandzakpress.net\/arhiva\/izrael-oslobodio-palestinskog-zatvorenika\/\"},\"wordCount\":395,\"commentCount\":0,\"publisher\":{\"@id\":\"https:\/\/sandzakpress.net\/arhiva\/#\/schema\/person\/6e72b67d6e51910a1117b3b483ba20bd\"},\"image\":{\"@id\":\"https:\/\/sandzakpress.net\/arhiva\/izrael-oslobodio-palestinskog-zatvorenika\/#primaryimage\"},\"thumbnailUrl\":\"https:\/\/sandzakpress.net\/arhiva\/wp-content\/uploads\/2015\/07\/019.jpg\",\"keywords\":[\"Palestina\"],\"articleSection\":[\"Islamski svijet\",\"NAJNOVIJE\"],\"inLanguage\":\"bs-BA\",\"potentialAction\":[{\"@type\":\"CommentAction\",\"name\":\"Comment\",\"target\":[\"https:\/\/sandzakpress.net\/arhiva\/izrael-oslobodio-palestinskog-zatvorenika\/#respond\"]}]},{\"@type\":\"WebPage\",\"@id\":\"https:\/\/sandzakpress.net\/arhiva\/izrael-oslobodio-palestinskog-zatvorenika\/\",\"url\":\"https:\/\/sandzakpress.net\/arhiva\/izrael-oslobodio-palestinskog-zatvorenika\/\",\"name\":\"Izrael oslobodio palestinskog zatvorenika\",\"isPartOf\":{\"@id\":\"https:\/\/sandzakpress.net\/arhiva\/#website\"},\"primaryImageOfPage\":{\"@id\":\"https:\/\/sandzakpress.net\/arhiva\/izrael-oslobodio-palestinskog-zatvorenika\/#primaryimage\"},\"image\":{\"@id\":\"https:\/\/sandzakpress.net\/arhiva\/izrael-oslobodio-palestinskog-zatvorenika\/#primaryimage\"},\"thumbnailUrl\":\"https:\/\/sandzakpress.net\/arhiva\/wp-content\/uploads\/2015\/07\/019.jpg\",\"datePublished\":\"2015-07-13T10:03:19+00:00\",\"breadcrumb\":{\"@id\":\"https:\/\/sandzakpress.net\/arhiva\/izrael-oslobodio-palestinskog-zatvorenika\/#breadcrumb\"},\"inLanguage\":\"bs-BA\",\"potentialAction\":[{\"@type\":\"ReadAction\",\"target\":[\"https:\/\/sandzakpress.net\/arhiva\/izrael-oslobodio-palestinskog-zatvorenika\/\"]}]},{\"@type\":\"ImageObject\",\"inLanguage\":\"bs-BA\",\"@id\":\"https:\/\/sandzakpress.net\/arhiva\/izrael-oslobodio-palestinskog-zatvorenika\/#primaryimage\",\"url\":\"https:\/\/sandzakpress.net\/arhiva\/wp-content\/uploads\/2015\/07\/019.jpg\",\"contentUrl\":\"https:\/\/sandzakpress.net\/arhiva\/wp-content\/uploads\/2015\/07\/019.jpg\",\"width\":480,\"height\":360},{\"@type\":\"BreadcrumbList\",\"@id\":\"https:\/\/sandzakpress.net\/arhiva\/izrael-oslobodio-palestinskog-zatvorenika\/#breadcrumb\",\"itemListElement\":[{\"@type\":\"ListItem\",\"position\":1,\"name\":\"Home\",\"item\":\"https:\/\/sandzakpress.net\/arhiva\/\"},{\"@type\":\"ListItem\",\"position\":2,\"name\":\"Izrael oslobodio palestinskog zatvorenika\"}]},{\"@type\":\"WebSite\",\"@id\":\"https:\/\/sandzakpress.net\/arhiva\/#website\",\"url\":\"https:\/\/sandzakpress.net\/arhiva\/\",\"name\":\"Sand\u017eak PRESS\",\"description\":\"Prve elektronske novine u Sand\u017eaku\",\"publisher\":{\"@id\":\"https:\/\/sandzakpress.net\/arhiva\/#\/schema\/person\/6e72b67d6e51910a1117b3b483ba20bd\"},\"potentialAction\":[{\"@type\":\"SearchAction\",\"target\":{\"@type\":\"EntryPoint\",\"urlTemplate\":\"https:\/\/sandzakpress.net\/arhiva\/?s={search_term_string}\"},\"query-input\":{\"@type\":\"PropertyValueSpecification\",\"valueRequired\":true,\"valueName\":\"search_term_string\"}}],\"inLanguage\":\"bs-BA\"},{\"@type\":[\"Person\",\"Organization\"],\"@id\":\"https:\/\/sandzakpress.net\/arhiva\/#\/schema\/person\/6e72b67d6e51910a1117b3b483ba20bd\",\"name\":\"Kul\",\"image\":{\"@type\":\"ImageObject\",\"inLanguage\":\"bs-BA\",\"@id\":\"https:\/\/sandzakpress.net\/arhiva\/#\/schema\/person\/image\/\",\"url\":\"https:\/\/secure.gravatar.com\/avatar\/42263f39aa27ac04c43cab85c280eb2e?s=96&d=mm&r=pg\",\"contentUrl\":\"https:\/\/secure.gravatar.com\/avatar\/42263f39aa27ac04c43cab85c280eb2e?s=96&d=mm&r=pg\",\"caption\":\"Kul\"},\"logo\":{\"@id\":\"https:\/\/sandzakpress.net\/arhiva\/#\/schema\/person\/image\/\"}},{\"@type\":\"Person\",\"@id\":\"https:\/\/sandzakpress.net\/arhiva\/#\/schema\/person\/c8baee722073534b583ea7bdb2e36c02\",\"name\":\"bosniak\",\"image\":{\"@type\":\"ImageObject\",\"inLanguage\":\"bs-BA\",\"@id\":\"https:\/\/sandzakpress.net\/arhiva\/#\/schema\/person\/image\/\",\"url\":\"https:\/\/secure.gravatar.com\/avatar\/a04fd330bfe3a36a72a0ad4a6d89fca7?s=96&d=mm&r=pg\",\"contentUrl\":\"https:\/\/secure.gravatar.com\/avatar\/a04fd330bfe3a36a72a0ad4a6d89fca7?s=96&d=mm&r=pg\",\"caption\":\"bosniak\"},\"url\":\"https:\/\/sandzakpress.net\/arhiva\/author\/bosniak\/\"}]}<\/script>\n<!-- \/ Yoast SEO Premium plugin. -->","yoast_head_json":{"title":"Izrael oslobodio palestinskog zatvorenika","robots":{"index":"index","follow":"follow","max-snippet":"max-snippet:-1","max-image-preview":"max-image-preview:large","max-video-preview":"max-video-preview:-1"},"canonical":"https:\/\/sandzakpress.net\/arhiva\/izrael-oslobodio-palestinskog-zatvorenika\/","og_locale":"bs_BA","og_type":"article","og_title":"Izrael oslobodio palestinskog zatvorenika","og_description":"Svijet &#8211; Izrael je oslobodio palestinskog zatvorenika Khadera Adnana, koji je \u0161trajkovao gla\u0111u 55 dana u izraelskom zatvoru. Adnan, koji je po\u010deo \u0161trajk gla\u0111u 6. aprila, ranije ovog mjeseca je smje\u0161ten u medicinski odjel izraelskog zatvora Ramla, kako bi bio pod posebnim lije\u010dni\u010dkim nadzorom. On je proveo godinu u &#8220;administrativnom pritvoru&#8221;, \u0161to je praksa koju [&hellip;]","og_url":"https:\/\/sandzakpress.net\/arhiva\/izrael-oslobodio-palestinskog-zatvorenika\/","og_site_name":"Sand\u017eak PRESS","article_published_time":"2015-07-13T10:03:19+00:00","og_image":[{"width":480,"height":360,"url":"https:\/\/sandzakpress.net\/arhiva\/wp-content\/uploads\/2015\/07\/019.jpg","type":"image\/jpeg"}],"author":"bosniak","twitter_card":"summary_large_image","twitter_misc":{"Written by":"bosniak","Est. reading time":"2 minute"},"schema":{"@context":"https:\/\/schema.org","@graph":[{"@type":"Article","@id":"https:\/\/sandzakpress.net\/arhiva\/izrael-oslobodio-palestinskog-zatvorenika\/#article","isPartOf":{"@id":"https:\/\/sandzakpress.net\/arhiva\/izrael-oslobodio-palestinskog-zatvorenika\/"},"author":{"name":"bosniak","@id":"https:\/\/sandzakpress.net\/arhiva\/#\/schema\/person\/c8baee722073534b583ea7bdb2e36c02"},"headline":"Izrael oslobodio palestinskog zatvorenika","datePublished":"2015-07-13T10:03:19+00:00","mainEntityOfPage":{"@id":"https:\/\/sandzakpress.net\/arhiva\/izrael-oslobodio-palestinskog-zatvorenika\/"},"wordCount":395,"commentCount":0,"publisher":{"@id":"https:\/\/sandzakpress.net\/arhiva\/#\/schema\/person\/6e72b67d6e51910a1117b3b483ba20bd"},"image":{"@id":"https:\/\/sandzakpress.net\/arhiva\/izrael-oslobodio-palestinskog-zatvorenika\/#primaryimage"},"thumbnailUrl":"https:\/\/sandzakpress.net\/arhiva\/wp-content\/uploads\/2015\/07\/019.jpg","keywords":["Palestina"],"articleSection":["Islamski svijet","NAJNOVIJE"],"inLanguage":"bs-BA","potentialAction":[{"@type":"CommentAction","name":"Comment","target":["https:\/\/sandzakpress.net\/arhiva\/izrael-oslobodio-palestinskog-zatvorenika\/#respond"]}]},{"@type":"WebPage","@id":"https:\/\/sandzakpress.net\/arhiva\/izrael-oslobodio-palestinskog-zatvorenika\/","url":"https:\/\/sandzakpress.net\/arhiva\/izrael-oslobodio-palestinskog-zatvorenika\/","name":"Izrael oslobodio palestinskog zatvorenika","isPartOf":{"@id":"https:\/\/sandzakpress.net\/arhiva\/#website"},"primaryImageOfPage":{"@id":"https:\/\/sandzakpress.net\/arhiva\/izrael-oslobodio-palestinskog-zatvorenika\/#primaryimage"},"image":{"@id":"https:\/\/sandzakpress.net\/arhiva\/izrael-oslobodio-palestinskog-zatvorenika\/#primaryimage"},"thumbnailUrl":"https:\/\/sandzakpress.net\/arhiva\/wp-content\/uploads\/2015\/07\/019.jpg","datePublished":"2015-07-13T10:03:19+00:00","breadcrumb":{"@id":"https:\/\/sandzakpress.net\/arhiva\/izrael-oslobodio-palestinskog-zatvorenika\/#breadcrumb"},"inLanguage":"bs-BA","potentialAction":[{"@type":"ReadAction","target":["https:\/\/sandzakpress.net\/arhiva\/izrael-oslobodio-palestinskog-zatvorenika\/"]}]},{"@type":"ImageObject","inLanguage":"bs-BA","@id":"https:\/\/sandzakpress.net\/arhiva\/izrael-oslobodio-palestinskog-zatvorenika\/#primaryimage","url":"https:\/\/sandzakpress.net\/arhiva\/wp-content\/uploads\/2015\/07\/019.jpg","contentUrl":"https:\/\/sandzakpress.net\/arhiva\/wp-content\/uploads\/2015\/07\/019.jpg","width":480,"height":360},{"@type":"BreadcrumbList","@id":"https:\/\/sandzakpress.net\/arhiva\/izrael-oslobodio-palestinskog-zatvorenika\/#breadcrumb","itemListElement":[{"@type":"ListItem","position":1,"name":"Home","item":"https:\/\/sandzakpress.net\/arhiva\/"},{"@type":"ListItem","position":2,"name":"Izrael oslobodio palestinskog zatvorenika"}]},{"@type":"WebSite","@id":"https:\/\/sandzakpress.net\/arhiva\/#website","url":"https:\/\/sandzakpress.net\/arhiva\/","name":"Sand\u017eak PRESS","description":"Prve elektronske novine u Sand\u017eaku","publisher":{"@id":"https:\/\/sandzakpress.net\/arhiva\/#\/schema\/person\/6e72b67d6e51910a1117b3b483ba20bd"},"potentialAction":[{"@type":"SearchAction","target":{"@type":"EntryPoint","urlTemplate":"https:\/\/sandzakpress.net\/arhiva\/?s={search_term_string}"},"query-input":{"@type":"PropertyValueSpecification","valueRequired":true,"valueName":"search_term_string"}}],"inLanguage":"bs-BA"},{"@type":["Person","Organization"],"@id":"https:\/\/sandzakpress.net\/arhiva\/#\/schema\/person\/6e72b67d6e51910a1117b3b483ba20bd","name":"Kul","image":{"@type":"ImageObject","inLanguage":"bs-BA","@id":"https:\/\/sandzakpress.net\/arhiva\/#\/schema\/person\/image\/","url":"https:\/\/secure.gravatar.com\/avatar\/42263f39aa27ac04c43cab85c280eb2e?s=96&d=mm&r=pg","contentUrl":"https:\/\/secure.gravatar.com\/avatar\/42263f39aa27ac04c43cab85c280eb2e?s=96&d=mm&r=pg","caption":"Kul"},"logo":{"@id":"https:\/\/sandzakpress.net\/arhiva\/#\/schema\/person\/image\/"}},{"@type":"Person","@id":"https:\/\/sandzakpress.net\/arhiva\/#\/schema\/person\/c8baee722073534b583ea7bdb2e36c02","name":"bosniak","image":{"@type":"ImageObject","inLanguage":"bs-BA","@id":"https:\/\/sandzakpress.net\/arhiva\/#\/schema\/person\/image\/","url":"https:\/\/secure.gravatar.com\/avatar\/a04fd330bfe3a36a72a0ad4a6d89fca7?s=96&d=mm&r=pg","contentUrl":"https:\/\/secure.gravatar.com\/avatar\/a04fd330bfe3a36a72a0ad4a6d89fca7?s=96&d=mm&r=pg","caption":"bosniak"},"url":"https:\/\/sandzakpress.net\/arhiva\/author\/bosniak\/"}]}},"_links":{"self":[{"href":"https:\/\/sandzakpress.net\/arhiva\/wp-json\/wp\/v2\/posts\/131108"}],"collection":[{"href":"https:\/\/sandzakpress.net\/arhiva\/wp-json\/wp\/v2\/posts"}],"about":[{"href":"https:\/\/sandzakpress.net\/arhiva\/wp-json\/wp\/v2\/types\/post"}],"author":[{"embeddable":true,"href":"https:\/\/sandzakpress.net\/arhiva\/wp-json\/wp\/v2\/users\/83"}],"replies":[{"embeddable":true,"href":"https:\/\/sandzakpress.net\/arhiva\/wp-json\/wp\/v2\/comments?post=131108"}],"version-history":[{"count":0,"href":"https:\/\/sandzakpress.net\/arhiva\/wp-json\/wp\/v2\/posts\/131108\/revisions"}],"wp:featuredmedia":[{"embeddable":true,"href":"https:\/\/sandzakpress.net\/arhiva\/wp-json\/wp\/v2\/media\/131109"}],"wp:attachment":[{"href":"https:\/\/sandzakpress.net\/arhiva\/wp-json\/wp\/v2\/media?parent=131108"}],"wp:term":[{"taxonomy":"category","embeddable":true,"href":"https:\/\/sandzakpress.net\/arhiva\/wp-json\/wp\/v2\/categories?post=131108"},{"taxonomy":"post_tag","embeddable":true,"href":"https:\/\/sandzakpress.net\/arhiva\/wp-json\/wp\/v2\/tags?post=131108"}],"curies":[{"name":"wp","href":"https:\/\/api.w.org\/{rel}","templated":true}]}}