{"id":131106,"date":"2015-07-13T12:00:31","date_gmt":"2015-07-13T10:00:31","guid":{"rendered":"https:\/\/sandzakpress.net\/arhiva\/?p=131106"},"modified":"2015-07-13T12:00:31","modified_gmt":"2015-07-13T10:00:31","slug":"stanovnici-jemena-ocajnicki-traze-vodu","status":"publish","type":"post","link":"https:\/\/sandzakpress.net\/arhiva\/stanovnici-jemena-ocajnicki-traze-vodu\/","title":{"rendered":"Stanovnici Jemena o\u010dajni\u010dki tra\u017ee vodu"},"content":{"rendered":"<p><strong>Svijet &#8211; Humanitarno primirje u Jemenu nije dugo potrajalo. Nastavljeni su artiljerijski napadi na gradove i zra\u010dni napadi koalicije na polo\u017eaje pokreta Husi.<\/strong><\/p>\n<p><iframe loading=\"lazy\" title=\"Borba za vodu u Jemenu\" width=\"696\" height=\"392\" src=\"https:\/\/www.youtube.com\/embed\/ZrIXTm6qtU4?feature=oembed\" frameborder=\"0\" allow=\"accelerometer; autoplay; encrypted-media; gyroscope; picture-in-picture\" allowfullscreen><\/iframe><\/p>\n<p>Borba za vodu, u kojoj jednako u\u010destvuju stari i mladi, scene su koje su sve \u010de\u0161\u0107e \u0161irom Jemena. U ratnom periodu te\u0161ko se dolazi do pitke vode.<\/p>\n<p>Potraga za njom postala je zada\u0107a s kojom se suo\u010dava Jemen. Ratne posljedice se ve\u0107 osjete svuda.<\/p>\n<p>Nedostatak vode, trajni nestanak struje, manjak hrane i sve ve\u0107e cijene tjeraju stanovni\u0161tvo na o\u010dajne postupke.<\/p>\n<p><strong>Potraga za vodom<br \/>\n<\/strong><br \/>\nDo vode se poku\u0161ava do\u0107i na bilo koji na\u010din. Ljudi prekidaju vodovodne instalacije i kopaju se bunari, ali do vode se te\u0161ko dolazi.<\/p>\n<p>Posebno je pogo\u0111en jug Jemena, koji je popri\u0161te neprestanih granatiranja i borbi. Potreba stanovni\u0161tva za vodom nije prioritetna briga strana u sukobu.<\/p>\n<p>&#8220;Vodovodne cijevi su odavno presu\u0161ile. To je natjeralo ljude da kopaju u poku\u0161aju da na\u0111u vodu. Ali vode nema nigdje&#8221;, kazao je jedan stanovnik Jemena.<\/p>\n<p>Mnogi jemenski gradovi se i dalje nalaze pod opsadom pokreta Husi i njihovih saveznika. Ne dopu\u0161taju dopremu humanitarne pomo\u0107i. Nema goriva za pokretanje stanica za preradu vode.<\/p>\n<p>Jemenska vlada nije u stanju odgovoriti na osnovne potrebe stanovni\u0161tva, \u010dak ni u podru\u010djima koja su pod njenom kontrolom.<\/p>\n<p>Izvor: Al Jazeera<\/p>\n","protected":false},"excerpt":{"rendered":"<p>Svijet &#8211; Humanitarno primirje u Jemenu nije dugo potrajalo. Nastavljeni su artiljerijski napadi na gradove i zra\u010dni napadi koalicije na polo\u017eaje pokreta Husi. Borba za vodu, u kojoj jednako u\u010destvuju stari i mladi, scene su koje su sve \u010de\u0161\u0107e \u0161irom Jemena. U ratnom periodu te\u0161ko se dolazi do pitke vode. Potraga za njom postala je [&hellip;]<\/p>\n","protected":false},"author":83,"featured_media":131107,"comment_status":"open","ping_status":"open","sticky":false,"template":"","format":"standard","meta":{"footnotes":""},"categories":[10512],"tags":[],"class_list":{"0":"post-131106","1":"post","2":"type-post","3":"status-publish","4":"format-standard","5":"has-post-thumbnail","7":"category-islamski-svijet"},"yoast_head":"<!-- This site is optimized with the Yoast SEO Premium plugin v23.1 (Yoast SEO v24.9) - https:\/\/yoast.com\/wordpress\/plugins\/seo\/ -->\n<title>Stanovnici Jemena o\u010dajni\u010dki tra\u017ee vodu<\/title>\n<meta name=\"robots\" content=\"index, follow, max-snippet:-1, max-image-preview:large, max-video-preview:-1\" \/>\n<link rel=\"canonical\" href=\"https:\/\/sandzakpress.net\/arhiva\/stanovnici-jemena-ocajnicki-traze-vodu\/\" \/>\n<meta property=\"og:locale\" content=\"bs_BA\" \/>\n<meta property=\"og:type\" content=\"article\" \/>\n<meta property=\"og:title\" content=\"Stanovnici Jemena o\u010dajni\u010dki tra\u017ee vodu\" \/>\n<meta property=\"og:description\" content=\"Svijet &#8211; Humanitarno primirje u Jemenu nije dugo potrajalo. Nastavljeni su artiljerijski napadi na gradove i zra\u010dni napadi koalicije na polo\u017eaje pokreta Husi. Borba za vodu, u kojoj jednako u\u010destvuju stari i mladi, scene su koje su sve \u010de\u0161\u0107e \u0161irom Jemena. U ratnom periodu te\u0161ko se dolazi do pitke vode. Potraga za njom postala je [&hellip;]\" \/>\n<meta property=\"og:url\" content=\"https:\/\/sandzakpress.net\/arhiva\/stanovnici-jemena-ocajnicki-traze-vodu\/\" \/>\n<meta property=\"og:site_name\" content=\"Sand\u017eak PRESS\" \/>\n<meta property=\"article:published_time\" content=\"2015-07-13T10:00:31+00:00\" \/>\n<meta property=\"og:image\" content=\"https:\/\/sandzakpress.net\/arhiva\/wp-content\/uploads\/2015\/07\/018.jpg\" \/>\n\t<meta property=\"og:image:width\" content=\"480\" \/>\n\t<meta property=\"og:image:height\" content=\"360\" \/>\n\t<meta property=\"og:image:type\" content=\"image\/jpeg\" \/>\n<meta name=\"author\" content=\"bosniak\" \/>\n<meta name=\"twitter:card\" content=\"summary_large_image\" \/>\n<meta name=\"twitter:label1\" content=\"Written by\" \/>\n\t<meta name=\"twitter:data1\" content=\"bosniak\" \/>\n\t<meta name=\"twitter:label2\" content=\"Est. reading time\" \/>\n\t<meta name=\"twitter:data2\" content=\"1 minuta\" \/>\n<script type=\"application\/ld+json\" class=\"yoast-schema-graph\">{\"@context\":\"https:\/\/schema.org\",\"@graph\":[{\"@type\":\"Article\",\"@id\":\"https:\/\/sandzakpress.net\/arhiva\/stanovnici-jemena-ocajnicki-traze-vodu\/#article\",\"isPartOf\":{\"@id\":\"https:\/\/sandzakpress.net\/arhiva\/stanovnici-jemena-ocajnicki-traze-vodu\/\"},\"author\":{\"name\":\"bosniak\",\"@id\":\"https:\/\/sandzakpress.net\/arhiva\/#\/schema\/person\/c8baee722073534b583ea7bdb2e36c02\"},\"headline\":\"Stanovnici Jemena o\u010dajni\u010dki tra\u017ee vodu\",\"datePublished\":\"2015-07-13T10:00:31+00:00\",\"mainEntityOfPage\":{\"@id\":\"https:\/\/sandzakpress.net\/arhiva\/stanovnici-jemena-ocajnicki-traze-vodu\/\"},\"wordCount\":242,\"commentCount\":0,\"publisher\":{\"@id\":\"https:\/\/sandzakpress.net\/arhiva\/#\/schema\/person\/6e72b67d6e51910a1117b3b483ba20bd\"},\"image\":{\"@id\":\"https:\/\/sandzakpress.net\/arhiva\/stanovnici-jemena-ocajnicki-traze-vodu\/#primaryimage\"},\"thumbnailUrl\":\"https:\/\/sandzakpress.net\/arhiva\/wp-content\/uploads\/2015\/07\/018.jpg\",\"articleSection\":[\"Islamski svijet\"],\"inLanguage\":\"bs-BA\",\"potentialAction\":[{\"@type\":\"CommentAction\",\"name\":\"Comment\",\"target\":[\"https:\/\/sandzakpress.net\/arhiva\/stanovnici-jemena-ocajnicki-traze-vodu\/#respond\"]}]},{\"@type\":\"WebPage\",\"@id\":\"https:\/\/sandzakpress.net\/arhiva\/stanovnici-jemena-ocajnicki-traze-vodu\/\",\"url\":\"https:\/\/sandzakpress.net\/arhiva\/stanovnici-jemena-ocajnicki-traze-vodu\/\",\"name\":\"Stanovnici Jemena o\u010dajni\u010dki tra\u017ee vodu\",\"isPartOf\":{\"@id\":\"https:\/\/sandzakpress.net\/arhiva\/#website\"},\"primaryImageOfPage\":{\"@id\":\"https:\/\/sandzakpress.net\/arhiva\/stanovnici-jemena-ocajnicki-traze-vodu\/#primaryimage\"},\"image\":{\"@id\":\"https:\/\/sandzakpress.net\/arhiva\/stanovnici-jemena-ocajnicki-traze-vodu\/#primaryimage\"},\"thumbnailUrl\":\"https:\/\/sandzakpress.net\/arhiva\/wp-content\/uploads\/2015\/07\/018.jpg\",\"datePublished\":\"2015-07-13T10:00:31+00:00\",\"breadcrumb\":{\"@id\":\"https:\/\/sandzakpress.net\/arhiva\/stanovnici-jemena-ocajnicki-traze-vodu\/#breadcrumb\"},\"inLanguage\":\"bs-BA\",\"potentialAction\":[{\"@type\":\"ReadAction\",\"target\":[\"https:\/\/sandzakpress.net\/arhiva\/stanovnici-jemena-ocajnicki-traze-vodu\/\"]}]},{\"@type\":\"ImageObject\",\"inLanguage\":\"bs-BA\",\"@id\":\"https:\/\/sandzakpress.net\/arhiva\/stanovnici-jemena-ocajnicki-traze-vodu\/#primaryimage\",\"url\":\"https:\/\/sandzakpress.net\/arhiva\/wp-content\/uploads\/2015\/07\/018.jpg\",\"contentUrl\":\"https:\/\/sandzakpress.net\/arhiva\/wp-content\/uploads\/2015\/07\/018.jpg\",\"width\":480,\"height\":360},{\"@type\":\"BreadcrumbList\",\"@id\":\"https:\/\/sandzakpress.net\/arhiva\/stanovnici-jemena-ocajnicki-traze-vodu\/#breadcrumb\",\"itemListElement\":[{\"@type\":\"ListItem\",\"position\":1,\"name\":\"Home\",\"item\":\"https:\/\/sandzakpress.net\/arhiva\/\"},{\"@type\":\"ListItem\",\"position\":2,\"name\":\"Stanovnici Jemena o\u010dajni\u010dki tra\u017ee vodu\"}]},{\"@type\":\"WebSite\",\"@id\":\"https:\/\/sandzakpress.net\/arhiva\/#website\",\"url\":\"https:\/\/sandzakpress.net\/arhiva\/\",\"name\":\"Sand\u017eak PRESS\",\"description\":\"Prve elektronske novine u Sand\u017eaku\",\"publisher\":{\"@id\":\"https:\/\/sandzakpress.net\/arhiva\/#\/schema\/person\/6e72b67d6e51910a1117b3b483ba20bd\"},\"potentialAction\":[{\"@type\":\"SearchAction\",\"target\":{\"@type\":\"EntryPoint\",\"urlTemplate\":\"https:\/\/sandzakpress.net\/arhiva\/?s={search_term_string}\"},\"query-input\":{\"@type\":\"PropertyValueSpecification\",\"valueRequired\":true,\"valueName\":\"search_term_string\"}}],\"inLanguage\":\"bs-BA\"},{\"@type\":[\"Person\",\"Organization\"],\"@id\":\"https:\/\/sandzakpress.net\/arhiva\/#\/schema\/person\/6e72b67d6e51910a1117b3b483ba20bd\",\"name\":\"Kul\",\"image\":{\"@type\":\"ImageObject\",\"inLanguage\":\"bs-BA\",\"@id\":\"https:\/\/sandzakpress.net\/arhiva\/#\/schema\/person\/image\/\",\"url\":\"https:\/\/secure.gravatar.com\/avatar\/42263f39aa27ac04c43cab85c280eb2e?s=96&d=mm&r=pg\",\"contentUrl\":\"https:\/\/secure.gravatar.com\/avatar\/42263f39aa27ac04c43cab85c280eb2e?s=96&d=mm&r=pg\",\"caption\":\"Kul\"},\"logo\":{\"@id\":\"https:\/\/sandzakpress.net\/arhiva\/#\/schema\/person\/image\/\"}},{\"@type\":\"Person\",\"@id\":\"https:\/\/sandzakpress.net\/arhiva\/#\/schema\/person\/c8baee722073534b583ea7bdb2e36c02\",\"name\":\"bosniak\",\"image\":{\"@type\":\"ImageObject\",\"inLanguage\":\"bs-BA\",\"@id\":\"https:\/\/sandzakpress.net\/arhiva\/#\/schema\/person\/image\/\",\"url\":\"https:\/\/secure.gravatar.com\/avatar\/a04fd330bfe3a36a72a0ad4a6d89fca7?s=96&d=mm&r=pg\",\"contentUrl\":\"https:\/\/secure.gravatar.com\/avatar\/a04fd330bfe3a36a72a0ad4a6d89fca7?s=96&d=mm&r=pg\",\"caption\":\"bosniak\"},\"url\":\"https:\/\/sandzakpress.net\/arhiva\/author\/bosniak\/\"}]}<\/script>\n<!-- \/ Yoast SEO Premium plugin. -->","yoast_head_json":{"title":"Stanovnici Jemena o\u010dajni\u010dki tra\u017ee vodu","robots":{"index":"index","follow":"follow","max-snippet":"max-snippet:-1","max-image-preview":"max-image-preview:large","max-video-preview":"max-video-preview:-1"},"canonical":"https:\/\/sandzakpress.net\/arhiva\/stanovnici-jemena-ocajnicki-traze-vodu\/","og_locale":"bs_BA","og_type":"article","og_title":"Stanovnici Jemena o\u010dajni\u010dki tra\u017ee vodu","og_description":"Svijet &#8211; Humanitarno primirje u Jemenu nije dugo potrajalo. Nastavljeni su artiljerijski napadi na gradove i zra\u010dni napadi koalicije na polo\u017eaje pokreta Husi. Borba za vodu, u kojoj jednako u\u010destvuju stari i mladi, scene su koje su sve \u010de\u0161\u0107e \u0161irom Jemena. U ratnom periodu te\u0161ko se dolazi do pitke vode. Potraga za njom postala je [&hellip;]","og_url":"https:\/\/sandzakpress.net\/arhiva\/stanovnici-jemena-ocajnicki-traze-vodu\/","og_site_name":"Sand\u017eak PRESS","article_published_time":"2015-07-13T10:00:31+00:00","og_image":[{"width":480,"height":360,"url":"https:\/\/sandzakpress.net\/arhiva\/wp-content\/uploads\/2015\/07\/018.jpg","type":"image\/jpeg"}],"author":"bosniak","twitter_card":"summary_large_image","twitter_misc":{"Written by":"bosniak","Est. reading time":"1 minuta"},"schema":{"@context":"https:\/\/schema.org","@graph":[{"@type":"Article","@id":"https:\/\/sandzakpress.net\/arhiva\/stanovnici-jemena-ocajnicki-traze-vodu\/#article","isPartOf":{"@id":"https:\/\/sandzakpress.net\/arhiva\/stanovnici-jemena-ocajnicki-traze-vodu\/"},"author":{"name":"bosniak","@id":"https:\/\/sandzakpress.net\/arhiva\/#\/schema\/person\/c8baee722073534b583ea7bdb2e36c02"},"headline":"Stanovnici Jemena o\u010dajni\u010dki tra\u017ee vodu","datePublished":"2015-07-13T10:00:31+00:00","mainEntityOfPage":{"@id":"https:\/\/sandzakpress.net\/arhiva\/stanovnici-jemena-ocajnicki-traze-vodu\/"},"wordCount":242,"commentCount":0,"publisher":{"@id":"https:\/\/sandzakpress.net\/arhiva\/#\/schema\/person\/6e72b67d6e51910a1117b3b483ba20bd"},"image":{"@id":"https:\/\/sandzakpress.net\/arhiva\/stanovnici-jemena-ocajnicki-traze-vodu\/#primaryimage"},"thumbnailUrl":"https:\/\/sandzakpress.net\/arhiva\/wp-content\/uploads\/2015\/07\/018.jpg","articleSection":["Islamski svijet"],"inLanguage":"bs-BA","potentialAction":[{"@type":"CommentAction","name":"Comment","target":["https:\/\/sandzakpress.net\/arhiva\/stanovnici-jemena-ocajnicki-traze-vodu\/#respond"]}]},{"@type":"WebPage","@id":"https:\/\/sandzakpress.net\/arhiva\/stanovnici-jemena-ocajnicki-traze-vodu\/","url":"https:\/\/sandzakpress.net\/arhiva\/stanovnici-jemena-ocajnicki-traze-vodu\/","name":"Stanovnici Jemena o\u010dajni\u010dki tra\u017ee vodu","isPartOf":{"@id":"https:\/\/sandzakpress.net\/arhiva\/#website"},"primaryImageOfPage":{"@id":"https:\/\/sandzakpress.net\/arhiva\/stanovnici-jemena-ocajnicki-traze-vodu\/#primaryimage"},"image":{"@id":"https:\/\/sandzakpress.net\/arhiva\/stanovnici-jemena-ocajnicki-traze-vodu\/#primaryimage"},"thumbnailUrl":"https:\/\/sandzakpress.net\/arhiva\/wp-content\/uploads\/2015\/07\/018.jpg","datePublished":"2015-07-13T10:00:31+00:00","breadcrumb":{"@id":"https:\/\/sandzakpress.net\/arhiva\/stanovnici-jemena-ocajnicki-traze-vodu\/#breadcrumb"},"inLanguage":"bs-BA","potentialAction":[{"@type":"ReadAction","target":["https:\/\/sandzakpress.net\/arhiva\/stanovnici-jemena-ocajnicki-traze-vodu\/"]}]},{"@type":"ImageObject","inLanguage":"bs-BA","@id":"https:\/\/sandzakpress.net\/arhiva\/stanovnici-jemena-ocajnicki-traze-vodu\/#primaryimage","url":"https:\/\/sandzakpress.net\/arhiva\/wp-content\/uploads\/2015\/07\/018.jpg","contentUrl":"https:\/\/sandzakpress.net\/arhiva\/wp-content\/uploads\/2015\/07\/018.jpg","width":480,"height":360},{"@type":"BreadcrumbList","@id":"https:\/\/sandzakpress.net\/arhiva\/stanovnici-jemena-ocajnicki-traze-vodu\/#breadcrumb","itemListElement":[{"@type":"ListItem","position":1,"name":"Home","item":"https:\/\/sandzakpress.net\/arhiva\/"},{"@type":"ListItem","position":2,"name":"Stanovnici Jemena o\u010dajni\u010dki tra\u017ee vodu"}]},{"@type":"WebSite","@id":"https:\/\/sandzakpress.net\/arhiva\/#website","url":"https:\/\/sandzakpress.net\/arhiva\/","name":"Sand\u017eak PRESS","description":"Prve elektronske novine u Sand\u017eaku","publisher":{"@id":"https:\/\/sandzakpress.net\/arhiva\/#\/schema\/person\/6e72b67d6e51910a1117b3b483ba20bd"},"potentialAction":[{"@type":"SearchAction","target":{"@type":"EntryPoint","urlTemplate":"https:\/\/sandzakpress.net\/arhiva\/?s={search_term_string}"},"query-input":{"@type":"PropertyValueSpecification","valueRequired":true,"valueName":"search_term_string"}}],"inLanguage":"bs-BA"},{"@type":["Person","Organization"],"@id":"https:\/\/sandzakpress.net\/arhiva\/#\/schema\/person\/6e72b67d6e51910a1117b3b483ba20bd","name":"Kul","image":{"@type":"ImageObject","inLanguage":"bs-BA","@id":"https:\/\/sandzakpress.net\/arhiva\/#\/schema\/person\/image\/","url":"https:\/\/secure.gravatar.com\/avatar\/42263f39aa27ac04c43cab85c280eb2e?s=96&d=mm&r=pg","contentUrl":"https:\/\/secure.gravatar.com\/avatar\/42263f39aa27ac04c43cab85c280eb2e?s=96&d=mm&r=pg","caption":"Kul"},"logo":{"@id":"https:\/\/sandzakpress.net\/arhiva\/#\/schema\/person\/image\/"}},{"@type":"Person","@id":"https:\/\/sandzakpress.net\/arhiva\/#\/schema\/person\/c8baee722073534b583ea7bdb2e36c02","name":"bosniak","image":{"@type":"ImageObject","inLanguage":"bs-BA","@id":"https:\/\/sandzakpress.net\/arhiva\/#\/schema\/person\/image\/","url":"https:\/\/secure.gravatar.com\/avatar\/a04fd330bfe3a36a72a0ad4a6d89fca7?s=96&d=mm&r=pg","contentUrl":"https:\/\/secure.gravatar.com\/avatar\/a04fd330bfe3a36a72a0ad4a6d89fca7?s=96&d=mm&r=pg","caption":"bosniak"},"url":"https:\/\/sandzakpress.net\/arhiva\/author\/bosniak\/"}]}},"_links":{"self":[{"href":"https:\/\/sandzakpress.net\/arhiva\/wp-json\/wp\/v2\/posts\/131106"}],"collection":[{"href":"https:\/\/sandzakpress.net\/arhiva\/wp-json\/wp\/v2\/posts"}],"about":[{"href":"https:\/\/sandzakpress.net\/arhiva\/wp-json\/wp\/v2\/types\/post"}],"author":[{"embeddable":true,"href":"https:\/\/sandzakpress.net\/arhiva\/wp-json\/wp\/v2\/users\/83"}],"replies":[{"embeddable":true,"href":"https:\/\/sandzakpress.net\/arhiva\/wp-json\/wp\/v2\/comments?post=131106"}],"version-history":[{"count":0,"href":"https:\/\/sandzakpress.net\/arhiva\/wp-json\/wp\/v2\/posts\/131106\/revisions"}],"wp:featuredmedia":[{"embeddable":true,"href":"https:\/\/sandzakpress.net\/arhiva\/wp-json\/wp\/v2\/media\/131107"}],"wp:attachment":[{"href":"https:\/\/sandzakpress.net\/arhiva\/wp-json\/wp\/v2\/media?parent=131106"}],"wp:term":[{"taxonomy":"category","embeddable":true,"href":"https:\/\/sandzakpress.net\/arhiva\/wp-json\/wp\/v2\/categories?post=131106"},{"taxonomy":"post_tag","embeddable":true,"href":"https:\/\/sandzakpress.net\/arhiva\/wp-json\/wp\/v2\/tags?post=131106"}],"curies":[{"name":"wp","href":"https:\/\/api.w.org\/{rel}","templated":true}]}}