{"id":131103,"date":"2015-07-13T11:57:59","date_gmt":"2015-07-13T09:57:59","guid":{"rendered":"https:\/\/sandzakpress.net\/arhiva\/?p=131103"},"modified":"2015-07-13T13:08:43","modified_gmt":"2015-07-13T11:08:43","slug":"asadov-rezim-granatira-u-vrijeme-iftara","status":"publish","type":"post","link":"https:\/\/sandzakpress.net\/arhiva\/asadov-rezim-granatira-u-vrijeme-iftara\/","title":{"rendered":"Asadov re\u017eim granatira u vrijeme iftara"},"content":{"rendered":"<p><img decoding=\"async\" src=\"http:\/\/balkans.aljazeera.net\/sites\/staff.balkans.aljazeera.com\/files\/styles\/aljazeera_article_main_image\/public\/sirija-main_3.jpg?itok=Ur7JdvrZ\" alt=\"Sirija, Napadi, Rat\" \/><\/p>\n<p><strong>Svijet &#8211; U vrijeme iftara avion sirijskog re\u017eima ispalio je \u0161est raketa na selo Salma u regiji poznatoj kao Kurdska planina. Minobaca\u010dke rakete zasule su sela na Kurdskoj i Turkmenskoj planini. U napadima su ranjene dvije osobe, \u0161to je izazvalo stra\u0161nu paniku me\u0111u stanovnicima tih mjesta i prouzrokovalo veliku materijalnu \u0161tetu. Prema svemu sude\u0107i, sirijski re\u017eim namjerno napada civile te periferije u iftarsko vrijeme.<\/strong><\/p>\n<p>Advokat Tariq Abdel Hadi smatra da je glavni razlog zbog kojeg sirijski re\u017eim napada te oblasti u vrijeme iftara zapravo njihova \u017eelja da ubiju \u0161to ve\u0107i broj civila, s obzirom na to da se porodice okupljaju oko trpeza u to vrijeme &#8220;te da udar bilo kakve eksplozivne naprave mo\u017ee dovesti do masakra i uni\u0161titi cijelu porodicu&#8221;.<\/p>\n<p><strong>Prodor u sela<br \/>\n<\/strong><br \/>\nAbdel Hadi za Al Jazeeru ka\u017ee da je dugoro\u010dni cilj sirijskog re\u017eima u raketiranju periferije Latakije prisiliti stanovnike na migraciju i ostaviti Slobodnu sirijsku armiju bez narodne podr\u0161ke. S druge strane, re\u017eim nastoji izvr\u0161iti prodor u sela i na tom podru\u010dju naseliti pripadnike svoje frakcije, \u0161to bi bio korak na putu uspostavljanja njihove sekta\u0161ke dr\u017eave na sirijskoj obali i posljednje rje\u0161enje za njihov ostanak na vlasti.<\/p>\n<p>Ipak, stanovnici tog podru\u010dja ustrajni su u tome da ostanu na svojim ognji\u0161tima i ne \u017eele pru\u017eiti mogu\u0107nost sirijskom re\u017eimu da ostvari svoje planove.<\/p>\n<p>Umm Issa, koja je ve\u0107 u poodmaklim godinama, isti\u010de da ona zajedno s unukom i njenom porodicom insistira na tome da ostane u selu. &#8220;Ovdje smo se rodili&#8221;, ka\u017ee ona, &#8220;od ove zemlje \u017eivimo i jedino mjesto gdje \u0107emo oti\u0107i odavde jeste grob.&#8221;<\/p>\n<p>Stanovnici koji \u017eive na periferiji Latakije sada iftare u isto\u010dnim dijelovima svojih domova. Na taj na\u010din poku\u0161avaju se za\u0161titi od raketa sirijskog re\u017eima koje padaju po njima sa zapadne strane, iz pravca teritorija pod kontrolom re\u017eimskih snaga. Zidovi domova tako postaju prepreka koja ih \u0161titi od direktnog udara raketa u prostorijama gdje se nalaze.<\/p>\n<p>Na pitanje za\u0161to se ne uzvrati na napade sirijskog re\u017eima, s obzirom na to da sirijska opozicija raspola\u017ee protutenkovskim raketama TOW, Abu Ahmad, oficir koji je napustio sirijski re\u017eim, poja\u0161njava da re\u017eimske snage u posljednje vrijeme napadaju sela te\u0161kim minobaca\u010dima preko planine, zbog \u010dega pobunjenici nisu u stanju odrediti ta\u010dne polo\u017eaje s kojih dolaze ti napadi niti mogu odgovoriti na njih kako bi ih zaustavili.<\/p>\n<p>Za Al Jazeeru dodaje: &#8220;Sirijski re\u017eim nas napada eksplozivnim buradima i projektilima iz svojih bombardera i helikoptera s velike visine, dok pobunjenici ne raspola\u017eu protuzra\u010dnom odbranom kojom bi im se mogli suprotstaviti.&#8221;<\/p>\n<p><strong>Barel-bombe<br \/>\n<\/strong><br \/>\nAbu Ahmad je apelovao na me\u0111unarodnu zajednicu, koju predstavljaju dr\u017eave grupe &#8220;Prijatelji sirijskog naroda&#8221; i politi\u010dku opoziciju da naoru\u017eaju pobunjenike protuzra\u010dnom odbranom kako bi se zaustavilo bombardiranje civila &#8220;barel-bombama i razli\u010ditim vrstama termobari\u010dkih i lutaju\u0107ih raketa te njihove pogibije u vlastitim domovima&#8221;.<\/p>\n<p>Abu Ahmad predla\u017ee da se Slobodna sirijska armija naoru\u017ea odgovaraju\u0107im oru\u017ejem, da im se dozvoli otvaranje fronta na sirijskoj obali i kretanje u pravcu teritorija pod kontrolom re\u017eima kako bi se re\u017eimske snage udaljile od sela na Kurdskoj i Turkmenskoj planini. Na taj na\u010din bi se zaustavilo raseljavanje stanovnika sa periferije Latakije i izbjeglica koje su pristigle iz Idliba i okoline, kao i iz pojedinih sela iz Sahl al-Gaba.<\/p>\n<p>Kurdska i Turkmenska planina nalaze se pod kontrolom opozicionih snaga, ali sirijski re\u017eim jo\u0161 dr\u017ei pod kontrolom strate\u0161ke polo\u017eaje na vrhu planine, \u0161to im dodatno olak\u0161ava napade na njihove mete. Upravo zbog toga su stotine civila izgubile \u017eivote jo\u0161 od oktobra, kada je zapo\u010dela sirijska revolucija.<\/p>\n<p>Prema podacima Sirijske obalne informativne mre\u017ee, u napadima sirijskog re\u017eima, tokom prvih dvadeset dana ramazana, ubijeno je \u0161est civila, dok je 17 ranjeno.<\/p>\n<p>Tako\u0111er su spaljeni i vo\u0107njaci jabuka te su nanesene ogromne materijalne \u0161tete na domovima, koje se procjenjuju na desetke hiljada dolara.<\/p>\n<p>Izvor: Al Jazeera<\/p>\n","protected":false},"excerpt":{"rendered":"<p>Svijet &#8211; U vrijeme iftara avion sirijskog re\u017eima ispalio je \u0161est raketa na selo Salma u regiji poznatoj kao Kurdska planina. Minobaca\u010dke rakete zasule su sela na Kurdskoj i Turkmenskoj planini. U napadima su ranjene dvije osobe, \u0161to je izazvalo stra\u0161nu paniku me\u0111u stanovnicima tih mjesta i prouzrokovalo veliku materijalnu \u0161tetu. Prema svemu sude\u0107i, sirijski [&hellip;]<\/p>\n","protected":false},"author":83,"featured_media":131104,"comment_status":"open","ping_status":"open","sticky":false,"template":"","format":"standard","meta":{"footnotes":""},"categories":[10512,8957],"tags":[],"class_list":{"0":"post-131103","1":"post","2":"type-post","3":"status-publish","4":"format-standard","5":"has-post-thumbnail","7":"category-islamski-svijet","8":"category-vijesti-dana"},"yoast_head":"<!-- This site is optimized with the Yoast SEO Premium plugin v23.1 (Yoast SEO v24.9) - https:\/\/yoast.com\/wordpress\/plugins\/seo\/ -->\n<title>Asadov re\u017eim granatira u vrijeme iftara<\/title>\n<meta name=\"robots\" content=\"index, follow, max-snippet:-1, max-image-preview:large, max-video-preview:-1\" \/>\n<link rel=\"canonical\" href=\"https:\/\/sandzakpress.net\/arhiva\/asadov-rezim-granatira-u-vrijeme-iftara\/\" \/>\n<meta property=\"og:locale\" content=\"bs_BA\" \/>\n<meta property=\"og:type\" content=\"article\" \/>\n<meta property=\"og:title\" content=\"Asadov re\u017eim granatira u vrijeme iftara\" \/>\n<meta property=\"og:description\" content=\"Svijet &#8211; U vrijeme iftara avion sirijskog re\u017eima ispalio je \u0161est raketa na selo Salma u regiji poznatoj kao Kurdska planina. Minobaca\u010dke rakete zasule su sela na Kurdskoj i Turkmenskoj planini. U napadima su ranjene dvije osobe, \u0161to je izazvalo stra\u0161nu paniku me\u0111u stanovnicima tih mjesta i prouzrokovalo veliku materijalnu \u0161tetu. Prema svemu sude\u0107i, sirijski [&hellip;]\" \/>\n<meta property=\"og:url\" content=\"https:\/\/sandzakpress.net\/arhiva\/asadov-rezim-granatira-u-vrijeme-iftara\/\" \/>\n<meta property=\"og:site_name\" content=\"Sand\u017eak PRESS\" \/>\n<meta property=\"article:published_time\" content=\"2015-07-13T09:57:59+00:00\" \/>\n<meta property=\"article:modified_time\" content=\"2015-07-13T11:08:43+00:00\" \/>\n<meta property=\"og:image\" content=\"https:\/\/sandzakpress.net\/arhiva\/wp-content\/uploads\/2015\/07\/sirija-main_3.jpg\" \/>\n\t<meta property=\"og:image:width\" content=\"900\" \/>\n\t<meta property=\"og:image:height\" content=\"602\" \/>\n\t<meta property=\"og:image:type\" content=\"image\/jpeg\" \/>\n<meta name=\"author\" content=\"bosniak\" \/>\n<meta name=\"twitter:card\" content=\"summary_large_image\" \/>\n<meta name=\"twitter:label1\" content=\"Written by\" \/>\n\t<meta name=\"twitter:data1\" content=\"bosniak\" \/>\n\t<meta name=\"twitter:label2\" content=\"Est. reading time\" \/>\n\t<meta name=\"twitter:data2\" content=\"3 minute\" \/>\n<script type=\"application\/ld+json\" class=\"yoast-schema-graph\">{\"@context\":\"https:\/\/schema.org\",\"@graph\":[{\"@type\":\"Article\",\"@id\":\"https:\/\/sandzakpress.net\/arhiva\/asadov-rezim-granatira-u-vrijeme-iftara\/#article\",\"isPartOf\":{\"@id\":\"https:\/\/sandzakpress.net\/arhiva\/asadov-rezim-granatira-u-vrijeme-iftara\/\"},\"author\":{\"name\":\"bosniak\",\"@id\":\"https:\/\/sandzakpress.net\/arhiva\/#\/schema\/person\/c8baee722073534b583ea7bdb2e36c02\"},\"headline\":\"Asadov re\u017eim granatira u vrijeme iftara\",\"datePublished\":\"2015-07-13T09:57:59+00:00\",\"dateModified\":\"2015-07-13T11:08:43+00:00\",\"mainEntityOfPage\":{\"@id\":\"https:\/\/sandzakpress.net\/arhiva\/asadov-rezim-granatira-u-vrijeme-iftara\/\"},\"wordCount\":690,\"commentCount\":1,\"publisher\":{\"@id\":\"https:\/\/sandzakpress.net\/arhiva\/#\/schema\/person\/6e72b67d6e51910a1117b3b483ba20bd\"},\"image\":{\"@id\":\"https:\/\/sandzakpress.net\/arhiva\/asadov-rezim-granatira-u-vrijeme-iftara\/#primaryimage\"},\"thumbnailUrl\":\"https:\/\/sandzakpress.net\/arhiva\/wp-content\/uploads\/2015\/07\/sirija-main_3.jpg\",\"articleSection\":[\"Islamski svijet\",\"VIJESTI DANA\"],\"inLanguage\":\"bs-BA\",\"potentialAction\":[{\"@type\":\"CommentAction\",\"name\":\"Comment\",\"target\":[\"https:\/\/sandzakpress.net\/arhiva\/asadov-rezim-granatira-u-vrijeme-iftara\/#respond\"]}]},{\"@type\":\"WebPage\",\"@id\":\"https:\/\/sandzakpress.net\/arhiva\/asadov-rezim-granatira-u-vrijeme-iftara\/\",\"url\":\"https:\/\/sandzakpress.net\/arhiva\/asadov-rezim-granatira-u-vrijeme-iftara\/\",\"name\":\"Asadov re\u017eim granatira u vrijeme iftara\",\"isPartOf\":{\"@id\":\"https:\/\/sandzakpress.net\/arhiva\/#website\"},\"primaryImageOfPage\":{\"@id\":\"https:\/\/sandzakpress.net\/arhiva\/asadov-rezim-granatira-u-vrijeme-iftara\/#primaryimage\"},\"image\":{\"@id\":\"https:\/\/sandzakpress.net\/arhiva\/asadov-rezim-granatira-u-vrijeme-iftara\/#primaryimage\"},\"thumbnailUrl\":\"https:\/\/sandzakpress.net\/arhiva\/wp-content\/uploads\/2015\/07\/sirija-main_3.jpg\",\"datePublished\":\"2015-07-13T09:57:59+00:00\",\"dateModified\":\"2015-07-13T11:08:43+00:00\",\"breadcrumb\":{\"@id\":\"https:\/\/sandzakpress.net\/arhiva\/asadov-rezim-granatira-u-vrijeme-iftara\/#breadcrumb\"},\"inLanguage\":\"bs-BA\",\"potentialAction\":[{\"@type\":\"ReadAction\",\"target\":[\"https:\/\/sandzakpress.net\/arhiva\/asadov-rezim-granatira-u-vrijeme-iftara\/\"]}]},{\"@type\":\"ImageObject\",\"inLanguage\":\"bs-BA\",\"@id\":\"https:\/\/sandzakpress.net\/arhiva\/asadov-rezim-granatira-u-vrijeme-iftara\/#primaryimage\",\"url\":\"https:\/\/sandzakpress.net\/arhiva\/wp-content\/uploads\/2015\/07\/sirija-main_3.jpg\",\"contentUrl\":\"https:\/\/sandzakpress.net\/arhiva\/wp-content\/uploads\/2015\/07\/sirija-main_3.jpg\",\"width\":900,\"height\":602},{\"@type\":\"BreadcrumbList\",\"@id\":\"https:\/\/sandzakpress.net\/arhiva\/asadov-rezim-granatira-u-vrijeme-iftara\/#breadcrumb\",\"itemListElement\":[{\"@type\":\"ListItem\",\"position\":1,\"name\":\"Home\",\"item\":\"https:\/\/sandzakpress.net\/arhiva\/\"},{\"@type\":\"ListItem\",\"position\":2,\"name\":\"Asadov re\u017eim granatira u vrijeme iftara\"}]},{\"@type\":\"WebSite\",\"@id\":\"https:\/\/sandzakpress.net\/arhiva\/#website\",\"url\":\"https:\/\/sandzakpress.net\/arhiva\/\",\"name\":\"Sand\u017eak PRESS\",\"description\":\"Prve elektronske novine u Sand\u017eaku\",\"publisher\":{\"@id\":\"https:\/\/sandzakpress.net\/arhiva\/#\/schema\/person\/6e72b67d6e51910a1117b3b483ba20bd\"},\"potentialAction\":[{\"@type\":\"SearchAction\",\"target\":{\"@type\":\"EntryPoint\",\"urlTemplate\":\"https:\/\/sandzakpress.net\/arhiva\/?s={search_term_string}\"},\"query-input\":{\"@type\":\"PropertyValueSpecification\",\"valueRequired\":true,\"valueName\":\"search_term_string\"}}],\"inLanguage\":\"bs-BA\"},{\"@type\":[\"Person\",\"Organization\"],\"@id\":\"https:\/\/sandzakpress.net\/arhiva\/#\/schema\/person\/6e72b67d6e51910a1117b3b483ba20bd\",\"name\":\"Kul\",\"image\":{\"@type\":\"ImageObject\",\"inLanguage\":\"bs-BA\",\"@id\":\"https:\/\/sandzakpress.net\/arhiva\/#\/schema\/person\/image\/\",\"url\":\"https:\/\/secure.gravatar.com\/avatar\/42263f39aa27ac04c43cab85c280eb2e?s=96&d=mm&r=pg\",\"contentUrl\":\"https:\/\/secure.gravatar.com\/avatar\/42263f39aa27ac04c43cab85c280eb2e?s=96&d=mm&r=pg\",\"caption\":\"Kul\"},\"logo\":{\"@id\":\"https:\/\/sandzakpress.net\/arhiva\/#\/schema\/person\/image\/\"}},{\"@type\":\"Person\",\"@id\":\"https:\/\/sandzakpress.net\/arhiva\/#\/schema\/person\/c8baee722073534b583ea7bdb2e36c02\",\"name\":\"bosniak\",\"image\":{\"@type\":\"ImageObject\",\"inLanguage\":\"bs-BA\",\"@id\":\"https:\/\/sandzakpress.net\/arhiva\/#\/schema\/person\/image\/\",\"url\":\"https:\/\/secure.gravatar.com\/avatar\/a04fd330bfe3a36a72a0ad4a6d89fca7?s=96&d=mm&r=pg\",\"contentUrl\":\"https:\/\/secure.gravatar.com\/avatar\/a04fd330bfe3a36a72a0ad4a6d89fca7?s=96&d=mm&r=pg\",\"caption\":\"bosniak\"},\"url\":\"https:\/\/sandzakpress.net\/arhiva\/author\/bosniak\/\"}]}<\/script>\n<!-- \/ Yoast SEO Premium plugin. -->","yoast_head_json":{"title":"Asadov re\u017eim granatira u vrijeme iftara","robots":{"index":"index","follow":"follow","max-snippet":"max-snippet:-1","max-image-preview":"max-image-preview:large","max-video-preview":"max-video-preview:-1"},"canonical":"https:\/\/sandzakpress.net\/arhiva\/asadov-rezim-granatira-u-vrijeme-iftara\/","og_locale":"bs_BA","og_type":"article","og_title":"Asadov re\u017eim granatira u vrijeme iftara","og_description":"Svijet &#8211; U vrijeme iftara avion sirijskog re\u017eima ispalio je \u0161est raketa na selo Salma u regiji poznatoj kao Kurdska planina. Minobaca\u010dke rakete zasule su sela na Kurdskoj i Turkmenskoj planini. U napadima su ranjene dvije osobe, \u0161to je izazvalo stra\u0161nu paniku me\u0111u stanovnicima tih mjesta i prouzrokovalo veliku materijalnu \u0161tetu. Prema svemu sude\u0107i, sirijski [&hellip;]","og_url":"https:\/\/sandzakpress.net\/arhiva\/asadov-rezim-granatira-u-vrijeme-iftara\/","og_site_name":"Sand\u017eak PRESS","article_published_time":"2015-07-13T09:57:59+00:00","article_modified_time":"2015-07-13T11:08:43+00:00","og_image":[{"width":900,"height":602,"url":"https:\/\/sandzakpress.net\/arhiva\/wp-content\/uploads\/2015\/07\/sirija-main_3.jpg","type":"image\/jpeg"}],"author":"bosniak","twitter_card":"summary_large_image","twitter_misc":{"Written by":"bosniak","Est. reading time":"3 minute"},"schema":{"@context":"https:\/\/schema.org","@graph":[{"@type":"Article","@id":"https:\/\/sandzakpress.net\/arhiva\/asadov-rezim-granatira-u-vrijeme-iftara\/#article","isPartOf":{"@id":"https:\/\/sandzakpress.net\/arhiva\/asadov-rezim-granatira-u-vrijeme-iftara\/"},"author":{"name":"bosniak","@id":"https:\/\/sandzakpress.net\/arhiva\/#\/schema\/person\/c8baee722073534b583ea7bdb2e36c02"},"headline":"Asadov re\u017eim granatira u vrijeme iftara","datePublished":"2015-07-13T09:57:59+00:00","dateModified":"2015-07-13T11:08:43+00:00","mainEntityOfPage":{"@id":"https:\/\/sandzakpress.net\/arhiva\/asadov-rezim-granatira-u-vrijeme-iftara\/"},"wordCount":690,"commentCount":1,"publisher":{"@id":"https:\/\/sandzakpress.net\/arhiva\/#\/schema\/person\/6e72b67d6e51910a1117b3b483ba20bd"},"image":{"@id":"https:\/\/sandzakpress.net\/arhiva\/asadov-rezim-granatira-u-vrijeme-iftara\/#primaryimage"},"thumbnailUrl":"https:\/\/sandzakpress.net\/arhiva\/wp-content\/uploads\/2015\/07\/sirija-main_3.jpg","articleSection":["Islamski svijet","VIJESTI DANA"],"inLanguage":"bs-BA","potentialAction":[{"@type":"CommentAction","name":"Comment","target":["https:\/\/sandzakpress.net\/arhiva\/asadov-rezim-granatira-u-vrijeme-iftara\/#respond"]}]},{"@type":"WebPage","@id":"https:\/\/sandzakpress.net\/arhiva\/asadov-rezim-granatira-u-vrijeme-iftara\/","url":"https:\/\/sandzakpress.net\/arhiva\/asadov-rezim-granatira-u-vrijeme-iftara\/","name":"Asadov re\u017eim granatira u vrijeme iftara","isPartOf":{"@id":"https:\/\/sandzakpress.net\/arhiva\/#website"},"primaryImageOfPage":{"@id":"https:\/\/sandzakpress.net\/arhiva\/asadov-rezim-granatira-u-vrijeme-iftara\/#primaryimage"},"image":{"@id":"https:\/\/sandzakpress.net\/arhiva\/asadov-rezim-granatira-u-vrijeme-iftara\/#primaryimage"},"thumbnailUrl":"https:\/\/sandzakpress.net\/arhiva\/wp-content\/uploads\/2015\/07\/sirija-main_3.jpg","datePublished":"2015-07-13T09:57:59+00:00","dateModified":"2015-07-13T11:08:43+00:00","breadcrumb":{"@id":"https:\/\/sandzakpress.net\/arhiva\/asadov-rezim-granatira-u-vrijeme-iftara\/#breadcrumb"},"inLanguage":"bs-BA","potentialAction":[{"@type":"ReadAction","target":["https:\/\/sandzakpress.net\/arhiva\/asadov-rezim-granatira-u-vrijeme-iftara\/"]}]},{"@type":"ImageObject","inLanguage":"bs-BA","@id":"https:\/\/sandzakpress.net\/arhiva\/asadov-rezim-granatira-u-vrijeme-iftara\/#primaryimage","url":"https:\/\/sandzakpress.net\/arhiva\/wp-content\/uploads\/2015\/07\/sirija-main_3.jpg","contentUrl":"https:\/\/sandzakpress.net\/arhiva\/wp-content\/uploads\/2015\/07\/sirija-main_3.jpg","width":900,"height":602},{"@type":"BreadcrumbList","@id":"https:\/\/sandzakpress.net\/arhiva\/asadov-rezim-granatira-u-vrijeme-iftara\/#breadcrumb","itemListElement":[{"@type":"ListItem","position":1,"name":"Home","item":"https:\/\/sandzakpress.net\/arhiva\/"},{"@type":"ListItem","position":2,"name":"Asadov re\u017eim granatira u vrijeme iftara"}]},{"@type":"WebSite","@id":"https:\/\/sandzakpress.net\/arhiva\/#website","url":"https:\/\/sandzakpress.net\/arhiva\/","name":"Sand\u017eak PRESS","description":"Prve elektronske novine u Sand\u017eaku","publisher":{"@id":"https:\/\/sandzakpress.net\/arhiva\/#\/schema\/person\/6e72b67d6e51910a1117b3b483ba20bd"},"potentialAction":[{"@type":"SearchAction","target":{"@type":"EntryPoint","urlTemplate":"https:\/\/sandzakpress.net\/arhiva\/?s={search_term_string}"},"query-input":{"@type":"PropertyValueSpecification","valueRequired":true,"valueName":"search_term_string"}}],"inLanguage":"bs-BA"},{"@type":["Person","Organization"],"@id":"https:\/\/sandzakpress.net\/arhiva\/#\/schema\/person\/6e72b67d6e51910a1117b3b483ba20bd","name":"Kul","image":{"@type":"ImageObject","inLanguage":"bs-BA","@id":"https:\/\/sandzakpress.net\/arhiva\/#\/schema\/person\/image\/","url":"https:\/\/secure.gravatar.com\/avatar\/42263f39aa27ac04c43cab85c280eb2e?s=96&d=mm&r=pg","contentUrl":"https:\/\/secure.gravatar.com\/avatar\/42263f39aa27ac04c43cab85c280eb2e?s=96&d=mm&r=pg","caption":"Kul"},"logo":{"@id":"https:\/\/sandzakpress.net\/arhiva\/#\/schema\/person\/image\/"}},{"@type":"Person","@id":"https:\/\/sandzakpress.net\/arhiva\/#\/schema\/person\/c8baee722073534b583ea7bdb2e36c02","name":"bosniak","image":{"@type":"ImageObject","inLanguage":"bs-BA","@id":"https:\/\/sandzakpress.net\/arhiva\/#\/schema\/person\/image\/","url":"https:\/\/secure.gravatar.com\/avatar\/a04fd330bfe3a36a72a0ad4a6d89fca7?s=96&d=mm&r=pg","contentUrl":"https:\/\/secure.gravatar.com\/avatar\/a04fd330bfe3a36a72a0ad4a6d89fca7?s=96&d=mm&r=pg","caption":"bosniak"},"url":"https:\/\/sandzakpress.net\/arhiva\/author\/bosniak\/"}]}},"_links":{"self":[{"href":"https:\/\/sandzakpress.net\/arhiva\/wp-json\/wp\/v2\/posts\/131103"}],"collection":[{"href":"https:\/\/sandzakpress.net\/arhiva\/wp-json\/wp\/v2\/posts"}],"about":[{"href":"https:\/\/sandzakpress.net\/arhiva\/wp-json\/wp\/v2\/types\/post"}],"author":[{"embeddable":true,"href":"https:\/\/sandzakpress.net\/arhiva\/wp-json\/wp\/v2\/users\/83"}],"replies":[{"embeddable":true,"href":"https:\/\/sandzakpress.net\/arhiva\/wp-json\/wp\/v2\/comments?post=131103"}],"version-history":[{"count":0,"href":"https:\/\/sandzakpress.net\/arhiva\/wp-json\/wp\/v2\/posts\/131103\/revisions"}],"wp:featuredmedia":[{"embeddable":true,"href":"https:\/\/sandzakpress.net\/arhiva\/wp-json\/wp\/v2\/media\/131104"}],"wp:attachment":[{"href":"https:\/\/sandzakpress.net\/arhiva\/wp-json\/wp\/v2\/media?parent=131103"}],"wp:term":[{"taxonomy":"category","embeddable":true,"href":"https:\/\/sandzakpress.net\/arhiva\/wp-json\/wp\/v2\/categories?post=131103"},{"taxonomy":"post_tag","embeddable":true,"href":"https:\/\/sandzakpress.net\/arhiva\/wp-json\/wp\/v2\/tags?post=131103"}],"curies":[{"name":"wp","href":"https:\/\/api.w.org\/{rel}","templated":true}]}}