{"id":13095,"date":"2011-02-22T18:53:30","date_gmt":"2011-02-22T17:53:30","guid":{"rendered":"https:\/\/sandzakpress.net\/arhiva\/?p=13095"},"modified":"2011-02-22T21:36:28","modified_gmt":"2011-02-22T20:36:28","slug":"propisno-pocrnogorcavanje-bosnjaka-u-cg","status":"publish","type":"post","link":"https:\/\/sandzakpress.net\/arhiva\/propisno-pocrnogorcavanje-bosnjaka-u-cg\/","title":{"rendered":"P(r)opisno pocrnogor\u010davanje Bo\u0161njaka u CG"},"content":{"rendered":"<p><a href=\"https:\/\/sandzakpress.net\/arhiva\/wp-content\/uploads\/2011\/02\/muslimanka_u_sjeni_krsta.jpg\"><img loading=\"lazy\" decoding=\"async\" class=\"aligncenter size-full wp-image-13099\" title=\"muslimanka_u_sjeni_krsta\" src=\"https:\/\/sandzakpress.net\/arhiva\/wp-content\/uploads\/2011\/02\/muslimanka_u_sjeni_krsta.jpg\" alt=\"\" width=\"616\" height=\"285\" \/><\/a><\/p>\n<p><strong>Predsjednik Bo\u0161nja\u010dke stranke i crnogorski minister bez portfelja Rafet Husovi\u0107 u interview za portalanalitika.me, reagiraju\u0107i na istra\u017eivanje Bo\u0161njaci.Net o pocrnogor\u010davanju Bo\u0161njaka, ustvrdio je da\u00a0<a href=\"http:\/\/www.portalanalitika.me\/politika\/licnosti\/20125\" target=\"_blank\"><span style=\"color: blue;\">\u201cNema pritiska na Bo\u0161njake uo\u010di popisa\u201d<\/span><\/a>, pa iako nije na\u0161ao za shodno da se prije izno\u0161enja takve javne konstatacije makar konsultira sa istra\u017eiva\u010dima, da ima u uvid kakve podatke posjedujemo! <\/strong><\/p>\n<p>Mini star i predsjednik BS, koja je u crnogorskoj vladaju\u0107oj koalciji, u istom razgovoru tvrdi (o onome \u0161to su Bo\u0161njaci.Net transparentno pisali), da je bilo pritisaka 2003., ali za ovaj popis mo\u017eda je htio re\u0107i da sada, osam godina kasnije, ono \u0161to je preostalo od Bo\u0161njaka, sada sami vr\u0161e pritisak na crnogorske popisiva\u010de (\u010ditajte istrebljiva\u010de) kako bi ih vladaju\u0107i \u201chumanisti\u201d i bo\u0161nja\u010dki \u0161minkeri popisali kao Crnogorce.<\/p>\n<p>\u010cestitamo gospodine Husovi\u0107u, ministre bez portfelja! Sjajno! Izvanredno odra\u0111ujete svoj posao, \u010dak i vi\u0161e nego gospodar tra\u017ei od vas i puno vi\u0161e nego su Bo\u0161njaci o\u010dekivali od vas. Ipak, priznate \u0107ete da nije uljudino obmanjivati javnost, posebno kada u istom interview sami sebe demantujete!<\/p>\n<p><strong>Prvo: <\/strong>Ka\u017eete da BS smatra da je popis stanovni\u0161tva statisti\u010dka kategorija&#8230; Vi to samo predpostavljate (smatrate), a mi podvla\u010dimo\u00a0<span style=\"text-decoration: underline;\">da je to elementarno pravo svakog gra\u0111anina o kojem nema poga\u0111anja niti nagodbe. Niko to nama ne daje iz milosti. To su svjetski standardi demokracije!<\/span><\/p>\n<p><strong>Drugo: <\/strong>Odbacujete navode web magazina Bosnjaci.Net a da istovremeno vi gospodine ministre tvrdite. Opet, zar nije paradoks odbacivati navod a istovremeno sami tvrdite da nemate takve informacije o pritiscima i kupovini Bo\u0161njaka. To se u \u201eeuropskoj i gra\u0111anskoj\u201c CG zove pocrnogor\u010davanje. Naravno da nemate takve informacije, vi ste sada Podgori\u010danin, gospodin mini star, i uz to daleko ste od naroda svog! Zaista ne mo\u017eemo da shvatimo da se zarad tri poslani\u010dka mandata i jedne ministarske stolice treba prevariti bo\u0161nja\u010dki narod i sa zlo\u010dincima naroda svog napraviti koaliciju. Zar se zbog jedne takve koalicije bo\u0161nja\u010dki narod treba tjerati da pere krvave ruke katila.<\/p>\n<p><strong>Tre\u0107e: <\/strong>Ka\u017eete, odnosno naga\u0111ate, da muftija Zukurli\u0107 stoji iza svega. To nije istina gospodine ministre Husovi\u0107u. Ovo su pisali Bo\u0161njaci koji godinama gledaju kako doma\u0107i izdajnici bo\u0161nja\u010dkog naroda u CG i ju\u017enom Sand\u017eaku, jeftino prodaju svoj narod i Sand\u017eak. Ovo su stavovi svakog normalnog i nekorumpiranog Bo\u0161njaka koji razmi\u0161lja o sebi i svojoj djeci. Takva je redakcija Bo\u0161njaci.net!<\/p>\n<table border=\"0\" cellspacing=\"0\" cellpadding=\"5\" width=\"350\" align=\"left\" bgcolor=\"Gainsboro\">\n<tbody>\n<tr>\n<td align=\"left\"><span style=\"color: black;\"><img decoding=\"async\" src=\"http:\/\/www.bosnjaci.net\/foto\/Rafet_Husovic656.jpg\" border=\"0\" alt=\"\" width=\"350\" \/><br \/>\nMinistar Husovi\u0107<\/span><\/td>\n<\/tr>\n<\/tbody>\n<\/table>\n<p><strong>\u010cetvrto: <\/strong>Gospodine ministre Husovi\u0107u, ve\u0107 petu godinu rabite slogane, da su Bo\u0161njaci glasali za nezavisnu CG. Bo\u0161njaci su glasali po svojoj savjesti dok su se pojedinci dobro okoristili. O tome \u0107emo neke naredne prilike. Smatramo da je va\u017enije da u javnost iznosite podatke, kako su Bo\u0161njaci izigrani i prevareni od strane vladaju\u0107e DPS, jer je pao u vodu potpisani Sporazum koji dozvoljava autonomiju dijela Sand\u017eaka u Crnoj Gori, a uz to i Zakon o pravima manjina koji je pao na Ustavnom sudu CG!<\/p>\n<p><strong>Peto: <\/strong>Koliko je CG demokratska o tome govore izvje\u0161taji me\u0111unarodnih i doma\u0107ih institucija u CG koje se bavi za\u0161titom ljudskih prava. Oni misle suprotno od vas ministre Husovi\u0107u. Za\u0161to ih ne demantujete?<\/p>\n<p><strong>\u0160esto: <\/strong>Ta\u010dno je ministre Husovi\u0107u da je polo\u017eaj Bo\u0161njaka sve bolji u CG, ali samo kada se ti\u010de rukovodstva BS. Vama je zaista odli\u010dno. Sla\u017eemo se sa vama da vi i va\u0161i partijski drugovi nikada niste \u017eivjeli bolje nego sada. O tome mi nismo ni pisali, vi ste to sami javno priznali i mi se sla\u017eemo sa vama. Aferim!!!<\/p>\n<p><strong>Sedmo: <\/strong>Ka\u017eete da je 2003. godine bilo pritisaka na Bo\u0161njake CG prilikom popisa stanovni\u0161tva, danas, osam godina kasnije ti pritisci su jo\u0161 \u017ee\u0161\u0107i. Vi to ne vidite, na\u017ealost bo\u0161nja\u010dka nacija u CG \u0107e to itekako osjetiti, pa iako ima onh Bo\u0161njaka koji ne\u0107e dozvoliti pocrnogor\u010davanje i pokr\u0161tavanje svojeg potomstva pod pla\u0161tom &#8220;gra\u0111anske CG&#8221;!<\/p>\n<p><strong>Osmo: <\/strong>Ujedno tvrdite da DPS ne po\u0161tuje dogovore koje su postigli i potpisali sa va\u0161om BS i vi ste jo\u0161 uvijek sa njima u koalciji?! Niste odgovorili kakvim mehanizmima vi raspola\u017eete da ih prisilite da po\u0161tuju iste? Ko vam garantuje da i sada nije jo\u0161 gore nego tada?<\/p>\n<p><strong>Deveto: <\/strong>\u0160to se ti\u010de puta Plav &#8211; Podgorica i statusa Op\u0107ina Gusinje i Petnjica, gospodine ministre, i mala bo\u0161nja\u010dka djeca znaju za obmane vladaju\u0107e hunte.<\/p>\n<p>I na kraju ne shvatljivo je da \u010delnici Bo\u0161nja\u010dke stranke ne vide \u0161ta se valja s onu i s ovu stranu Lov\u0107ena. Pa vidite li o\u010di vam prsle kako \u017eestoku kampanju vode za gra\u0111anina vi\u0161e procrnogorske i prosrpske stranke, a sa njima i crkve.<br \/>\nKonkretno, \u0161ta je BS uradila da pred ovaj popis podigne svijest Bo\u0161njaka i da Bo\u0161njake za\u0161itite od asimilacije, odnosno nacija se kupuje \/ prodaje za sitne pare? Ustoli\u010davanje nekoliko pojedinaca u Podgorici nije garancija za svijetlu budu\u0107nost Bo\u0161njaka u CG i ju\u017enom Sand\u017eaku. Pro\u0161etajte malo i do Ro\u017eaja, Plava, Bijelog Polja, Berana, Pljevalja&#8230;, Skoknite do sarajevske Ilid\u017ee, Kranja i Ljubljane, Luksemburga i Njema\u010dke&#8230; umije\u0161ajte se me\u0111u narod i pitajte ih ko ih potkupljuje i kolika je cijena nekog novope\u010denog Crnogorca. Ako to ne uradite onda uzimate previ\u0161e prava da govorite u ime svih Bo\u0161njaka.<\/p>\n<p>Autor: <strong>Uredni\u0161tvo Bo\u0161njaci Net<\/strong><\/p>\n<p>Izvor: <strong>Bosnjaci.net<\/strong><\/p>\n","protected":false},"excerpt":{"rendered":"<p>Predsjednik Bo\u0161nja\u010dke stranke i crnogorski minister bez portfelja Rafet Husovi\u0107 u interview za portalanalitika.me, reagiraju\u0107i na istra\u017eivanje Bo\u0161njaci.Net o pocrnogor\u010davanju Bo\u0161njaka, ustvrdio je da\u00a0\u201cNema pritiska na Bo\u0161njake uo\u010di popisa\u201d, pa iako nije na\u0161ao za shodno da se prije izno\u0161enja takve javne konstatacije makar konsultira sa istra\u017eiva\u010dima, da ima u uvid kakve podatke posjedujemo! Mini star [&hellip;]<\/p>\n","protected":false},"author":83,"featured_media":13099,"comment_status":"open","ping_status":"open","sticky":false,"template":"","format":"standard","meta":{"footnotes":""},"categories":[398,397,396,395,399],"tags":[],"class_list":{"0":"post-13095","1":"post","2":"type-post","3":"status-publish","4":"format-standard","5":"has-post-thumbnail","7":"category-rozaje","8":"category-berane","9":"category-bijelo_polje","10":"category-pljevlja_","11":"category-plav_"},"yoast_head":"<!-- This site is optimized with the Yoast SEO Premium plugin v23.1 (Yoast SEO v24.9) - https:\/\/yoast.com\/wordpress\/plugins\/seo\/ -->\n<title>P(r)opisno pocrnogor\u010davanje Bo\u0161njaka u CG<\/title>\n<meta name=\"robots\" content=\"index, follow, max-snippet:-1, max-image-preview:large, max-video-preview:-1\" \/>\n<link rel=\"canonical\" href=\"https:\/\/sandzakpress.net\/arhiva\/propisno-pocrnogorcavanje-bosnjaka-u-cg\/\" \/>\n<meta property=\"og:locale\" content=\"bs_BA\" \/>\n<meta property=\"og:type\" content=\"article\" \/>\n<meta property=\"og:title\" content=\"P(r)opisno pocrnogor\u010davanje Bo\u0161njaka u CG\" \/>\n<meta property=\"og:description\" content=\"Predsjednik Bo\u0161nja\u010dke stranke i crnogorski minister bez portfelja Rafet Husovi\u0107 u interview za portalanalitika.me, reagiraju\u0107i na istra\u017eivanje Bo\u0161njaci.Net o pocrnogor\u010davanju Bo\u0161njaka, ustvrdio je da\u00a0\u201cNema pritiska na Bo\u0161njake uo\u010di popisa\u201d, pa iako nije na\u0161ao za shodno da se prije izno\u0161enja takve javne konstatacije makar konsultira sa istra\u017eiva\u010dima, da ima u uvid kakve podatke posjedujemo! Mini star [&hellip;]\" \/>\n<meta property=\"og:url\" content=\"https:\/\/sandzakpress.net\/arhiva\/propisno-pocrnogorcavanje-bosnjaka-u-cg\/\" \/>\n<meta property=\"og:site_name\" content=\"Sand\u017eak PRESS\" \/>\n<meta property=\"article:published_time\" content=\"2011-02-22T17:53:30+00:00\" \/>\n<meta property=\"article:modified_time\" content=\"2011-02-22T20:36:28+00:00\" \/>\n<meta property=\"og:image\" content=\"https:\/\/sandzakpress.net\/arhiva\/wp-content\/uploads\/2011\/02\/muslimanka_u_sjeni_krsta.jpg\" \/>\n\t<meta property=\"og:image:width\" content=\"616\" \/>\n\t<meta property=\"og:image:height\" content=\"285\" \/>\n\t<meta property=\"og:image:type\" content=\"image\/jpeg\" \/>\n<meta name=\"author\" content=\"bosniak\" \/>\n<meta name=\"twitter:card\" content=\"summary_large_image\" \/>\n<meta name=\"twitter:label1\" content=\"Written by\" \/>\n\t<meta name=\"twitter:data1\" content=\"bosniak\" \/>\n\t<meta name=\"twitter:label2\" content=\"Est. reading time\" \/>\n\t<meta name=\"twitter:data2\" content=\"5 minuta\" \/>\n<script type=\"application\/ld+json\" class=\"yoast-schema-graph\">{\"@context\":\"https:\/\/schema.org\",\"@graph\":[{\"@type\":\"Article\",\"@id\":\"https:\/\/sandzakpress.net\/arhiva\/propisno-pocrnogorcavanje-bosnjaka-u-cg\/#article\",\"isPartOf\":{\"@id\":\"https:\/\/sandzakpress.net\/arhiva\/propisno-pocrnogorcavanje-bosnjaka-u-cg\/\"},\"author\":{\"name\":\"bosniak\",\"@id\":\"https:\/\/sandzakpress.net\/arhiva\/#\/schema\/person\/c8baee722073534b583ea7bdb2e36c02\"},\"headline\":\"P(r)opisno pocrnogor\u010davanje Bo\u0161njaka u CG\",\"datePublished\":\"2011-02-22T17:53:30+00:00\",\"dateModified\":\"2011-02-22T20:36:28+00:00\",\"mainEntityOfPage\":{\"@id\":\"https:\/\/sandzakpress.net\/arhiva\/propisno-pocrnogorcavanje-bosnjaka-u-cg\/\"},\"wordCount\":957,\"commentCount\":10,\"publisher\":{\"@id\":\"https:\/\/sandzakpress.net\/arhiva\/#\/schema\/person\/6e72b67d6e51910a1117b3b483ba20bd\"},\"image\":{\"@id\":\"https:\/\/sandzakpress.net\/arhiva\/propisno-pocrnogorcavanje-bosnjaka-u-cg\/#primaryimage\"},\"thumbnailUrl\":\"https:\/\/sandzakpress.net\/arhiva\/wp-content\/uploads\/2011\/02\/muslimanka_u_sjeni_krsta.jpg\",\"articleSection\":[\"Ro\u017eaje\",\"Berane\",\"Bijelo Polje\",\"Pljevlja\",\"Plav\"],\"inLanguage\":\"bs-BA\",\"potentialAction\":[{\"@type\":\"CommentAction\",\"name\":\"Comment\",\"target\":[\"https:\/\/sandzakpress.net\/arhiva\/propisno-pocrnogorcavanje-bosnjaka-u-cg\/#respond\"]}]},{\"@type\":\"WebPage\",\"@id\":\"https:\/\/sandzakpress.net\/arhiva\/propisno-pocrnogorcavanje-bosnjaka-u-cg\/\",\"url\":\"https:\/\/sandzakpress.net\/arhiva\/propisno-pocrnogorcavanje-bosnjaka-u-cg\/\",\"name\":\"P(r)opisno pocrnogor\u010davanje Bo\u0161njaka u CG\",\"isPartOf\":{\"@id\":\"https:\/\/sandzakpress.net\/arhiva\/#website\"},\"primaryImageOfPage\":{\"@id\":\"https:\/\/sandzakpress.net\/arhiva\/propisno-pocrnogorcavanje-bosnjaka-u-cg\/#primaryimage\"},\"image\":{\"@id\":\"https:\/\/sandzakpress.net\/arhiva\/propisno-pocrnogorcavanje-bosnjaka-u-cg\/#primaryimage\"},\"thumbnailUrl\":\"https:\/\/sandzakpress.net\/arhiva\/wp-content\/uploads\/2011\/02\/muslimanka_u_sjeni_krsta.jpg\",\"datePublished\":\"2011-02-22T17:53:30+00:00\",\"dateModified\":\"2011-02-22T20:36:28+00:00\",\"breadcrumb\":{\"@id\":\"https:\/\/sandzakpress.net\/arhiva\/propisno-pocrnogorcavanje-bosnjaka-u-cg\/#breadcrumb\"},\"inLanguage\":\"bs-BA\",\"potentialAction\":[{\"@type\":\"ReadAction\",\"target\":[\"https:\/\/sandzakpress.net\/arhiva\/propisno-pocrnogorcavanje-bosnjaka-u-cg\/\"]}]},{\"@type\":\"ImageObject\",\"inLanguage\":\"bs-BA\",\"@id\":\"https:\/\/sandzakpress.net\/arhiva\/propisno-pocrnogorcavanje-bosnjaka-u-cg\/#primaryimage\",\"url\":\"https:\/\/sandzakpress.net\/arhiva\/wp-content\/uploads\/2011\/02\/muslimanka_u_sjeni_krsta.jpg\",\"contentUrl\":\"https:\/\/sandzakpress.net\/arhiva\/wp-content\/uploads\/2011\/02\/muslimanka_u_sjeni_krsta.jpg\",\"width\":616,\"height\":285},{\"@type\":\"BreadcrumbList\",\"@id\":\"https:\/\/sandzakpress.net\/arhiva\/propisno-pocrnogorcavanje-bosnjaka-u-cg\/#breadcrumb\",\"itemListElement\":[{\"@type\":\"ListItem\",\"position\":1,\"name\":\"Home\",\"item\":\"https:\/\/sandzakpress.net\/arhiva\/\"},{\"@type\":\"ListItem\",\"position\":2,\"name\":\"P(r)opisno pocrnogor\u010davanje Bo\u0161njaka u CG\"}]},{\"@type\":\"WebSite\",\"@id\":\"https:\/\/sandzakpress.net\/arhiva\/#website\",\"url\":\"https:\/\/sandzakpress.net\/arhiva\/\",\"name\":\"Sand\u017eak PRESS\",\"description\":\"Prve elektronske novine u Sand\u017eaku\",\"publisher\":{\"@id\":\"https:\/\/sandzakpress.net\/arhiva\/#\/schema\/person\/6e72b67d6e51910a1117b3b483ba20bd\"},\"potentialAction\":[{\"@type\":\"SearchAction\",\"target\":{\"@type\":\"EntryPoint\",\"urlTemplate\":\"https:\/\/sandzakpress.net\/arhiva\/?s={search_term_string}\"},\"query-input\":{\"@type\":\"PropertyValueSpecification\",\"valueRequired\":true,\"valueName\":\"search_term_string\"}}],\"inLanguage\":\"bs-BA\"},{\"@type\":[\"Person\",\"Organization\"],\"@id\":\"https:\/\/sandzakpress.net\/arhiva\/#\/schema\/person\/6e72b67d6e51910a1117b3b483ba20bd\",\"name\":\"Kul\",\"image\":{\"@type\":\"ImageObject\",\"inLanguage\":\"bs-BA\",\"@id\":\"https:\/\/sandzakpress.net\/arhiva\/#\/schema\/person\/image\/\",\"url\":\"https:\/\/secure.gravatar.com\/avatar\/42263f39aa27ac04c43cab85c280eb2e?s=96&d=mm&r=pg\",\"contentUrl\":\"https:\/\/secure.gravatar.com\/avatar\/42263f39aa27ac04c43cab85c280eb2e?s=96&d=mm&r=pg\",\"caption\":\"Kul\"},\"logo\":{\"@id\":\"https:\/\/sandzakpress.net\/arhiva\/#\/schema\/person\/image\/\"}},{\"@type\":\"Person\",\"@id\":\"https:\/\/sandzakpress.net\/arhiva\/#\/schema\/person\/c8baee722073534b583ea7bdb2e36c02\",\"name\":\"bosniak\",\"image\":{\"@type\":\"ImageObject\",\"inLanguage\":\"bs-BA\",\"@id\":\"https:\/\/sandzakpress.net\/arhiva\/#\/schema\/person\/image\/\",\"url\":\"https:\/\/secure.gravatar.com\/avatar\/a04fd330bfe3a36a72a0ad4a6d89fca7?s=96&d=mm&r=pg\",\"contentUrl\":\"https:\/\/secure.gravatar.com\/avatar\/a04fd330bfe3a36a72a0ad4a6d89fca7?s=96&d=mm&r=pg\",\"caption\":\"bosniak\"},\"url\":\"https:\/\/sandzakpress.net\/arhiva\/author\/bosniak\/\"}]}<\/script>\n<!-- \/ Yoast SEO Premium plugin. -->","yoast_head_json":{"title":"P(r)opisno pocrnogor\u010davanje Bo\u0161njaka u CG","robots":{"index":"index","follow":"follow","max-snippet":"max-snippet:-1","max-image-preview":"max-image-preview:large","max-video-preview":"max-video-preview:-1"},"canonical":"https:\/\/sandzakpress.net\/arhiva\/propisno-pocrnogorcavanje-bosnjaka-u-cg\/","og_locale":"bs_BA","og_type":"article","og_title":"P(r)opisno pocrnogor\u010davanje Bo\u0161njaka u CG","og_description":"Predsjednik Bo\u0161nja\u010dke stranke i crnogorski minister bez portfelja Rafet Husovi\u0107 u interview za portalanalitika.me, reagiraju\u0107i na istra\u017eivanje Bo\u0161njaci.Net o pocrnogor\u010davanju Bo\u0161njaka, ustvrdio je da\u00a0\u201cNema pritiska na Bo\u0161njake uo\u010di popisa\u201d, pa iako nije na\u0161ao za shodno da se prije izno\u0161enja takve javne konstatacije makar konsultira sa istra\u017eiva\u010dima, da ima u uvid kakve podatke posjedujemo! Mini star [&hellip;]","og_url":"https:\/\/sandzakpress.net\/arhiva\/propisno-pocrnogorcavanje-bosnjaka-u-cg\/","og_site_name":"Sand\u017eak PRESS","article_published_time":"2011-02-22T17:53:30+00:00","article_modified_time":"2011-02-22T20:36:28+00:00","og_image":[{"width":616,"height":285,"url":"https:\/\/sandzakpress.net\/arhiva\/wp-content\/uploads\/2011\/02\/muslimanka_u_sjeni_krsta.jpg","type":"image\/jpeg"}],"author":"bosniak","twitter_card":"summary_large_image","twitter_misc":{"Written by":"bosniak","Est. reading time":"5 minuta"},"schema":{"@context":"https:\/\/schema.org","@graph":[{"@type":"Article","@id":"https:\/\/sandzakpress.net\/arhiva\/propisno-pocrnogorcavanje-bosnjaka-u-cg\/#article","isPartOf":{"@id":"https:\/\/sandzakpress.net\/arhiva\/propisno-pocrnogorcavanje-bosnjaka-u-cg\/"},"author":{"name":"bosniak","@id":"https:\/\/sandzakpress.net\/arhiva\/#\/schema\/person\/c8baee722073534b583ea7bdb2e36c02"},"headline":"P(r)opisno pocrnogor\u010davanje Bo\u0161njaka u CG","datePublished":"2011-02-22T17:53:30+00:00","dateModified":"2011-02-22T20:36:28+00:00","mainEntityOfPage":{"@id":"https:\/\/sandzakpress.net\/arhiva\/propisno-pocrnogorcavanje-bosnjaka-u-cg\/"},"wordCount":957,"commentCount":10,"publisher":{"@id":"https:\/\/sandzakpress.net\/arhiva\/#\/schema\/person\/6e72b67d6e51910a1117b3b483ba20bd"},"image":{"@id":"https:\/\/sandzakpress.net\/arhiva\/propisno-pocrnogorcavanje-bosnjaka-u-cg\/#primaryimage"},"thumbnailUrl":"https:\/\/sandzakpress.net\/arhiva\/wp-content\/uploads\/2011\/02\/muslimanka_u_sjeni_krsta.jpg","articleSection":["Ro\u017eaje","Berane","Bijelo Polje","Pljevlja","Plav"],"inLanguage":"bs-BA","potentialAction":[{"@type":"CommentAction","name":"Comment","target":["https:\/\/sandzakpress.net\/arhiva\/propisno-pocrnogorcavanje-bosnjaka-u-cg\/#respond"]}]},{"@type":"WebPage","@id":"https:\/\/sandzakpress.net\/arhiva\/propisno-pocrnogorcavanje-bosnjaka-u-cg\/","url":"https:\/\/sandzakpress.net\/arhiva\/propisno-pocrnogorcavanje-bosnjaka-u-cg\/","name":"P(r)opisno pocrnogor\u010davanje Bo\u0161njaka u CG","isPartOf":{"@id":"https:\/\/sandzakpress.net\/arhiva\/#website"},"primaryImageOfPage":{"@id":"https:\/\/sandzakpress.net\/arhiva\/propisno-pocrnogorcavanje-bosnjaka-u-cg\/#primaryimage"},"image":{"@id":"https:\/\/sandzakpress.net\/arhiva\/propisno-pocrnogorcavanje-bosnjaka-u-cg\/#primaryimage"},"thumbnailUrl":"https:\/\/sandzakpress.net\/arhiva\/wp-content\/uploads\/2011\/02\/muslimanka_u_sjeni_krsta.jpg","datePublished":"2011-02-22T17:53:30+00:00","dateModified":"2011-02-22T20:36:28+00:00","breadcrumb":{"@id":"https:\/\/sandzakpress.net\/arhiva\/propisno-pocrnogorcavanje-bosnjaka-u-cg\/#breadcrumb"},"inLanguage":"bs-BA","potentialAction":[{"@type":"ReadAction","target":["https:\/\/sandzakpress.net\/arhiva\/propisno-pocrnogorcavanje-bosnjaka-u-cg\/"]}]},{"@type":"ImageObject","inLanguage":"bs-BA","@id":"https:\/\/sandzakpress.net\/arhiva\/propisno-pocrnogorcavanje-bosnjaka-u-cg\/#primaryimage","url":"https:\/\/sandzakpress.net\/arhiva\/wp-content\/uploads\/2011\/02\/muslimanka_u_sjeni_krsta.jpg","contentUrl":"https:\/\/sandzakpress.net\/arhiva\/wp-content\/uploads\/2011\/02\/muslimanka_u_sjeni_krsta.jpg","width":616,"height":285},{"@type":"BreadcrumbList","@id":"https:\/\/sandzakpress.net\/arhiva\/propisno-pocrnogorcavanje-bosnjaka-u-cg\/#breadcrumb","itemListElement":[{"@type":"ListItem","position":1,"name":"Home","item":"https:\/\/sandzakpress.net\/arhiva\/"},{"@type":"ListItem","position":2,"name":"P(r)opisno pocrnogor\u010davanje Bo\u0161njaka u CG"}]},{"@type":"WebSite","@id":"https:\/\/sandzakpress.net\/arhiva\/#website","url":"https:\/\/sandzakpress.net\/arhiva\/","name":"Sand\u017eak PRESS","description":"Prve elektronske novine u Sand\u017eaku","publisher":{"@id":"https:\/\/sandzakpress.net\/arhiva\/#\/schema\/person\/6e72b67d6e51910a1117b3b483ba20bd"},"potentialAction":[{"@type":"SearchAction","target":{"@type":"EntryPoint","urlTemplate":"https:\/\/sandzakpress.net\/arhiva\/?s={search_term_string}"},"query-input":{"@type":"PropertyValueSpecification","valueRequired":true,"valueName":"search_term_string"}}],"inLanguage":"bs-BA"},{"@type":["Person","Organization"],"@id":"https:\/\/sandzakpress.net\/arhiva\/#\/schema\/person\/6e72b67d6e51910a1117b3b483ba20bd","name":"Kul","image":{"@type":"ImageObject","inLanguage":"bs-BA","@id":"https:\/\/sandzakpress.net\/arhiva\/#\/schema\/person\/image\/","url":"https:\/\/secure.gravatar.com\/avatar\/42263f39aa27ac04c43cab85c280eb2e?s=96&d=mm&r=pg","contentUrl":"https:\/\/secure.gravatar.com\/avatar\/42263f39aa27ac04c43cab85c280eb2e?s=96&d=mm&r=pg","caption":"Kul"},"logo":{"@id":"https:\/\/sandzakpress.net\/arhiva\/#\/schema\/person\/image\/"}},{"@type":"Person","@id":"https:\/\/sandzakpress.net\/arhiva\/#\/schema\/person\/c8baee722073534b583ea7bdb2e36c02","name":"bosniak","image":{"@type":"ImageObject","inLanguage":"bs-BA","@id":"https:\/\/sandzakpress.net\/arhiva\/#\/schema\/person\/image\/","url":"https:\/\/secure.gravatar.com\/avatar\/a04fd330bfe3a36a72a0ad4a6d89fca7?s=96&d=mm&r=pg","contentUrl":"https:\/\/secure.gravatar.com\/avatar\/a04fd330bfe3a36a72a0ad4a6d89fca7?s=96&d=mm&r=pg","caption":"bosniak"},"url":"https:\/\/sandzakpress.net\/arhiva\/author\/bosniak\/"}]}},"_links":{"self":[{"href":"https:\/\/sandzakpress.net\/arhiva\/wp-json\/wp\/v2\/posts\/13095"}],"collection":[{"href":"https:\/\/sandzakpress.net\/arhiva\/wp-json\/wp\/v2\/posts"}],"about":[{"href":"https:\/\/sandzakpress.net\/arhiva\/wp-json\/wp\/v2\/types\/post"}],"author":[{"embeddable":true,"href":"https:\/\/sandzakpress.net\/arhiva\/wp-json\/wp\/v2\/users\/83"}],"replies":[{"embeddable":true,"href":"https:\/\/sandzakpress.net\/arhiva\/wp-json\/wp\/v2\/comments?post=13095"}],"version-history":[{"count":0,"href":"https:\/\/sandzakpress.net\/arhiva\/wp-json\/wp\/v2\/posts\/13095\/revisions"}],"wp:featuredmedia":[{"embeddable":true,"href":"https:\/\/sandzakpress.net\/arhiva\/wp-json\/wp\/v2\/media\/13099"}],"wp:attachment":[{"href":"https:\/\/sandzakpress.net\/arhiva\/wp-json\/wp\/v2\/media?parent=13095"}],"wp:term":[{"taxonomy":"category","embeddable":true,"href":"https:\/\/sandzakpress.net\/arhiva\/wp-json\/wp\/v2\/categories?post=13095"},{"taxonomy":"post_tag","embeddable":true,"href":"https:\/\/sandzakpress.net\/arhiva\/wp-json\/wp\/v2\/tags?post=13095"}],"curies":[{"name":"wp","href":"https:\/\/api.w.org\/{rel}","templated":true}]}}