{"id":130874,"date":"2015-07-09T00:02:25","date_gmt":"2015-07-08T22:02:25","guid":{"rendered":"https:\/\/sandzakpress.net\/arhiva\/?p=130874"},"modified":"2015-07-09T00:02:25","modified_gmt":"2015-07-08T22:02:25","slug":"izrael-zatrazio-od-hamasa-oslobadanje-zarobljenika","status":"publish","type":"post","link":"https:\/\/sandzakpress.net\/arhiva\/izrael-zatrazio-od-hamasa-oslobadanje-zarobljenika\/","title":{"rendered":"Izrael zatra\u017eio od Hamasa osloba\u0111anje zarobljenika"},"content":{"rendered":"<p><strong><a href=\"https:\/\/sandzakpress.net\/arhiva\/wp-content\/uploads\/2015\/07\/hamas.jpg\"><img loading=\"lazy\" decoding=\"async\" class=\" size-full wp-image-130875 aligncenter\" src=\"https:\/\/sandzakpress.net\/arhiva\/wp-content\/uploads\/2015\/07\/hamas.jpg\" alt=\"hamas\" width=\"600\" height=\"337\" \/><\/a>Predsjednik Politbiroa islamskog pokreta Hamas, Halid Mi\u0161\u2019al saop\u0107io je da je Izrael, posredstvom svojih evropskih posrednika tra\u017eio od Hamasa da im preda dva zarobljenika i dva tijela ubijenih vojnika koji su, prema njihovim tvrdnjama, u Hamasovim rukama od pro\u0161logodi\u0161nje izraelske agresije na Pojas Gazze.\u00a0<\/strong><\/p>\n<p>Mi\u0161\u2019al je kazao da je Hamas odbio dati bilo kakve podatke o zarobljenim izraelskim vojnicima bilo da su \u017eivi ili mrtvi prije nego \u0161to Izrael oslobodi sve palestinske zatvorenike koje je uhapsio nakon osloba\u0111anja u razmjeni sa izraelskim vojnikom Giladom \u0160alitom koji je nekoliko godina bio u zarobljeni\u0161tvu kod Hamasa, a koji je predat Izraelu u oktobru 2011.<\/p>\n<p>U svom obra\u0107anju pred novinarima u Dohi Halid Mi\u0161\u2019al nije \u017eelio govoriti i iznositi detalje o ovome, a ovo je prvi put da je Hamas uop\u0107e, javno, spomenuo ovo pitanje. Hamas do sada nije \u017eelio ni potvrditi ni negirati da se u njihovom zarobljeni\u0161tvu nalazi iko od izraelskih vojnika, bilo \u017eivih ili mrtvih \u010dija tijela potra\u017euju porodice i izraelska vojska.<\/p>\n<p>Izraelski ministar odbrane ponovio je u ponedjeljak svoje mi\u0161ljenje da je povratak tijela dvojice ubijenih vojnika tokom pro\u0161logodi\u0161njeg rata protiv stanovnika Gazze te\u0161ka misija.<br \/>\nPrema Quds Pressu, Moshe Ya\u2019alon je to izjavio tokom sve\u010dane komemoracije izraelskih vojnika koji su ubijeni tokom ofanzive na Pojas Gazze. Doga\u0111aj se odr\u017eao na vojnom groblju u Jerusalemu, a prisustvovali su premijer Benjamin Netanyahu i predsjednik Reuven Rivlin.<br \/>\n\u201cRukovodstvo izraelske odbrane se zala\u017ee da povrati tijela dvojice vojnika\u201d, kazao je Ya\u2019alon. \u201cOvo je eti\u010dka du\u017enost, oni su ot\u0161li u borbu na osnovu na\u0161e zapovijedi\u201d.<br \/>\nMe\u0111utim, on je priznao da \u0107e povratak njihovih tijela biti \u2018te\u017eak\u2019 i \u2018pun prepreka\u2019. Izrael, dodao je on, ima agresivnog neprijatelja, koji nema ljudskog osje\u0107aja.<br \/>\nNetanyahu je uvjeravao prisutne da \u0107e vlada ulo\u017eiti maksimalan napor kako bi povratila tijela Shaula Arona i Hadar Goldena da budu sahranjeni u Izraelu. \u201c<\/p>\n<p>Netanyahu, \u010dija je ofanziva ubila pro\u0161log ljeta 2.260 stanovnika Gazze, uklju\u010duju\u0107i vi\u0161e od 500 djece, a koji sada odbacuje rje\u0161enje o dvije dr\u017eave, vratio se staroj propagandi kako bi naglasio svoje stajali\u0161te. \u201cMi volimo mir i mi smo spemni da branimo sebe, na\u0161e sinove i na\u0161u budu\u0107nost\u201d, tvrdi on. \u201cMi volimo \u017eivot, ali na\u0161i neprijatelji vole smrt\u201d.<\/p>\n<p><strong>IslamBosna.ba<\/strong><\/p>\n","protected":false},"excerpt":{"rendered":"<p>Predsjednik Politbiroa islamskog pokreta Hamas, Halid Mi\u0161\u2019al saop\u0107io je da je Izrael, posredstvom svojih evropskih posrednika tra\u017eio od Hamasa da im preda dva zarobljenika i dva tijela ubijenih vojnika koji su, prema njihovim tvrdnjama, u Hamasovim rukama od pro\u0161logodi\u0161nje izraelske agresije na Pojas Gazze.\u00a0 Mi\u0161\u2019al je kazao da je Hamas odbio dati bilo kakve podatke [&hellip;]<\/p>\n","protected":false},"author":83,"featured_media":130875,"comment_status":"open","ping_status":"open","sticky":false,"template":"","format":"standard","meta":{"footnotes":""},"categories":[10512,798,10429],"tags":[],"class_list":{"0":"post-130874","1":"post","2":"type-post","3":"status-publish","4":"format-standard","5":"has-post-thumbnail","7":"category-islamski-svijet","8":"category-teme","9":"category-vazno"},"yoast_head":"<!-- This site is optimized with the Yoast SEO Premium plugin v23.1 (Yoast SEO v24.9) - https:\/\/yoast.com\/wordpress\/plugins\/seo\/ -->\n<title>Izrael zatra\u017eio od Hamasa osloba\u0111anje zarobljenika<\/title>\n<meta name=\"robots\" content=\"index, follow, max-snippet:-1, max-image-preview:large, max-video-preview:-1\" \/>\n<link rel=\"canonical\" href=\"https:\/\/sandzakpress.net\/arhiva\/izrael-zatrazio-od-hamasa-oslobadanje-zarobljenika\/\" \/>\n<meta property=\"og:locale\" content=\"bs_BA\" \/>\n<meta property=\"og:type\" content=\"article\" \/>\n<meta property=\"og:title\" content=\"Izrael zatra\u017eio od Hamasa osloba\u0111anje zarobljenika\" \/>\n<meta property=\"og:description\" content=\"Predsjednik Politbiroa islamskog pokreta Hamas, Halid Mi\u0161\u2019al saop\u0107io je da je Izrael, posredstvom svojih evropskih posrednika tra\u017eio od Hamasa da im preda dva zarobljenika i dva tijela ubijenih vojnika koji su, prema njihovim tvrdnjama, u Hamasovim rukama od pro\u0161logodi\u0161nje izraelske agresije na Pojas Gazze.\u00a0 Mi\u0161\u2019al je kazao da je Hamas odbio dati bilo kakve podatke [&hellip;]\" \/>\n<meta property=\"og:url\" content=\"https:\/\/sandzakpress.net\/arhiva\/izrael-zatrazio-od-hamasa-oslobadanje-zarobljenika\/\" \/>\n<meta property=\"og:site_name\" content=\"Sand\u017eak PRESS\" \/>\n<meta property=\"article:published_time\" content=\"2015-07-08T22:02:25+00:00\" \/>\n<meta property=\"og:image\" content=\"https:\/\/sandzakpress.net\/arhiva\/wp-content\/uploads\/2015\/07\/hamas.jpg\" \/>\n\t<meta property=\"og:image:width\" content=\"600\" \/>\n\t<meta property=\"og:image:height\" content=\"337\" \/>\n\t<meta property=\"og:image:type\" content=\"image\/jpeg\" \/>\n<meta name=\"author\" content=\"bosniak\" \/>\n<meta name=\"twitter:card\" content=\"summary_large_image\" \/>\n<meta name=\"twitter:label1\" content=\"Written by\" \/>\n\t<meta name=\"twitter:data1\" content=\"bosniak\" \/>\n\t<meta name=\"twitter:label2\" content=\"Est. reading time\" \/>\n\t<meta name=\"twitter:data2\" content=\"2 minute\" \/>\n<script type=\"application\/ld+json\" class=\"yoast-schema-graph\">{\"@context\":\"https:\/\/schema.org\",\"@graph\":[{\"@type\":\"Article\",\"@id\":\"https:\/\/sandzakpress.net\/arhiva\/izrael-zatrazio-od-hamasa-oslobadanje-zarobljenika\/#article\",\"isPartOf\":{\"@id\":\"https:\/\/sandzakpress.net\/arhiva\/izrael-zatrazio-od-hamasa-oslobadanje-zarobljenika\/\"},\"author\":{\"name\":\"bosniak\",\"@id\":\"https:\/\/sandzakpress.net\/arhiva\/#\/schema\/person\/c8baee722073534b583ea7bdb2e36c02\"},\"headline\":\"Izrael zatra\u017eio od Hamasa osloba\u0111anje zarobljenika\",\"datePublished\":\"2015-07-08T22:02:25+00:00\",\"mainEntityOfPage\":{\"@id\":\"https:\/\/sandzakpress.net\/arhiva\/izrael-zatrazio-od-hamasa-oslobadanje-zarobljenika\/\"},\"wordCount\":406,\"commentCount\":0,\"publisher\":{\"@id\":\"https:\/\/sandzakpress.net\/arhiva\/#\/schema\/person\/6e72b67d6e51910a1117b3b483ba20bd\"},\"image\":{\"@id\":\"https:\/\/sandzakpress.net\/arhiva\/izrael-zatrazio-od-hamasa-oslobadanje-zarobljenika\/#primaryimage\"},\"thumbnailUrl\":\"https:\/\/sandzakpress.net\/arhiva\/wp-content\/uploads\/2015\/07\/hamas.jpg\",\"articleSection\":[\"Islamski svijet\",\"NAJNOVIJE\",\"VA\u017dNO!\"],\"inLanguage\":\"bs-BA\",\"potentialAction\":[{\"@type\":\"CommentAction\",\"name\":\"Comment\",\"target\":[\"https:\/\/sandzakpress.net\/arhiva\/izrael-zatrazio-od-hamasa-oslobadanje-zarobljenika\/#respond\"]}]},{\"@type\":\"WebPage\",\"@id\":\"https:\/\/sandzakpress.net\/arhiva\/izrael-zatrazio-od-hamasa-oslobadanje-zarobljenika\/\",\"url\":\"https:\/\/sandzakpress.net\/arhiva\/izrael-zatrazio-od-hamasa-oslobadanje-zarobljenika\/\",\"name\":\"Izrael zatra\u017eio od Hamasa osloba\u0111anje zarobljenika\",\"isPartOf\":{\"@id\":\"https:\/\/sandzakpress.net\/arhiva\/#website\"},\"primaryImageOfPage\":{\"@id\":\"https:\/\/sandzakpress.net\/arhiva\/izrael-zatrazio-od-hamasa-oslobadanje-zarobljenika\/#primaryimage\"},\"image\":{\"@id\":\"https:\/\/sandzakpress.net\/arhiva\/izrael-zatrazio-od-hamasa-oslobadanje-zarobljenika\/#primaryimage\"},\"thumbnailUrl\":\"https:\/\/sandzakpress.net\/arhiva\/wp-content\/uploads\/2015\/07\/hamas.jpg\",\"datePublished\":\"2015-07-08T22:02:25+00:00\",\"breadcrumb\":{\"@id\":\"https:\/\/sandzakpress.net\/arhiva\/izrael-zatrazio-od-hamasa-oslobadanje-zarobljenika\/#breadcrumb\"},\"inLanguage\":\"bs-BA\",\"potentialAction\":[{\"@type\":\"ReadAction\",\"target\":[\"https:\/\/sandzakpress.net\/arhiva\/izrael-zatrazio-od-hamasa-oslobadanje-zarobljenika\/\"]}]},{\"@type\":\"ImageObject\",\"inLanguage\":\"bs-BA\",\"@id\":\"https:\/\/sandzakpress.net\/arhiva\/izrael-zatrazio-od-hamasa-oslobadanje-zarobljenika\/#primaryimage\",\"url\":\"https:\/\/sandzakpress.net\/arhiva\/wp-content\/uploads\/2015\/07\/hamas.jpg\",\"contentUrl\":\"https:\/\/sandzakpress.net\/arhiva\/wp-content\/uploads\/2015\/07\/hamas.jpg\",\"width\":600,\"height\":337},{\"@type\":\"BreadcrumbList\",\"@id\":\"https:\/\/sandzakpress.net\/arhiva\/izrael-zatrazio-od-hamasa-oslobadanje-zarobljenika\/#breadcrumb\",\"itemListElement\":[{\"@type\":\"ListItem\",\"position\":1,\"name\":\"Home\",\"item\":\"https:\/\/sandzakpress.net\/arhiva\/\"},{\"@type\":\"ListItem\",\"position\":2,\"name\":\"Izrael zatra\u017eio od Hamasa osloba\u0111anje zarobljenika\"}]},{\"@type\":\"WebSite\",\"@id\":\"https:\/\/sandzakpress.net\/arhiva\/#website\",\"url\":\"https:\/\/sandzakpress.net\/arhiva\/\",\"name\":\"Sand\u017eak PRESS\",\"description\":\"Prve elektronske novine u Sand\u017eaku\",\"publisher\":{\"@id\":\"https:\/\/sandzakpress.net\/arhiva\/#\/schema\/person\/6e72b67d6e51910a1117b3b483ba20bd\"},\"potentialAction\":[{\"@type\":\"SearchAction\",\"target\":{\"@type\":\"EntryPoint\",\"urlTemplate\":\"https:\/\/sandzakpress.net\/arhiva\/?s={search_term_string}\"},\"query-input\":{\"@type\":\"PropertyValueSpecification\",\"valueRequired\":true,\"valueName\":\"search_term_string\"}}],\"inLanguage\":\"bs-BA\"},{\"@type\":[\"Person\",\"Organization\"],\"@id\":\"https:\/\/sandzakpress.net\/arhiva\/#\/schema\/person\/6e72b67d6e51910a1117b3b483ba20bd\",\"name\":\"Kul\",\"image\":{\"@type\":\"ImageObject\",\"inLanguage\":\"bs-BA\",\"@id\":\"https:\/\/sandzakpress.net\/arhiva\/#\/schema\/person\/image\/\",\"url\":\"https:\/\/secure.gravatar.com\/avatar\/42263f39aa27ac04c43cab85c280eb2e?s=96&d=mm&r=pg\",\"contentUrl\":\"https:\/\/secure.gravatar.com\/avatar\/42263f39aa27ac04c43cab85c280eb2e?s=96&d=mm&r=pg\",\"caption\":\"Kul\"},\"logo\":{\"@id\":\"https:\/\/sandzakpress.net\/arhiva\/#\/schema\/person\/image\/\"}},{\"@type\":\"Person\",\"@id\":\"https:\/\/sandzakpress.net\/arhiva\/#\/schema\/person\/c8baee722073534b583ea7bdb2e36c02\",\"name\":\"bosniak\",\"image\":{\"@type\":\"ImageObject\",\"inLanguage\":\"bs-BA\",\"@id\":\"https:\/\/sandzakpress.net\/arhiva\/#\/schema\/person\/image\/\",\"url\":\"https:\/\/secure.gravatar.com\/avatar\/a04fd330bfe3a36a72a0ad4a6d89fca7?s=96&d=mm&r=pg\",\"contentUrl\":\"https:\/\/secure.gravatar.com\/avatar\/a04fd330bfe3a36a72a0ad4a6d89fca7?s=96&d=mm&r=pg\",\"caption\":\"bosniak\"},\"url\":\"https:\/\/sandzakpress.net\/arhiva\/author\/bosniak\/\"}]}<\/script>\n<!-- \/ Yoast SEO Premium plugin. -->","yoast_head_json":{"title":"Izrael zatra\u017eio od Hamasa osloba\u0111anje zarobljenika","robots":{"index":"index","follow":"follow","max-snippet":"max-snippet:-1","max-image-preview":"max-image-preview:large","max-video-preview":"max-video-preview:-1"},"canonical":"https:\/\/sandzakpress.net\/arhiva\/izrael-zatrazio-od-hamasa-oslobadanje-zarobljenika\/","og_locale":"bs_BA","og_type":"article","og_title":"Izrael zatra\u017eio od Hamasa osloba\u0111anje zarobljenika","og_description":"Predsjednik Politbiroa islamskog pokreta Hamas, Halid Mi\u0161\u2019al saop\u0107io je da je Izrael, posredstvom svojih evropskih posrednika tra\u017eio od Hamasa da im preda dva zarobljenika i dva tijela ubijenih vojnika koji su, prema njihovim tvrdnjama, u Hamasovim rukama od pro\u0161logodi\u0161nje izraelske agresije na Pojas Gazze.\u00a0 Mi\u0161\u2019al je kazao da je Hamas odbio dati bilo kakve podatke [&hellip;]","og_url":"https:\/\/sandzakpress.net\/arhiva\/izrael-zatrazio-od-hamasa-oslobadanje-zarobljenika\/","og_site_name":"Sand\u017eak PRESS","article_published_time":"2015-07-08T22:02:25+00:00","og_image":[{"width":600,"height":337,"url":"https:\/\/sandzakpress.net\/arhiva\/wp-content\/uploads\/2015\/07\/hamas.jpg","type":"image\/jpeg"}],"author":"bosniak","twitter_card":"summary_large_image","twitter_misc":{"Written by":"bosniak","Est. reading time":"2 minute"},"schema":{"@context":"https:\/\/schema.org","@graph":[{"@type":"Article","@id":"https:\/\/sandzakpress.net\/arhiva\/izrael-zatrazio-od-hamasa-oslobadanje-zarobljenika\/#article","isPartOf":{"@id":"https:\/\/sandzakpress.net\/arhiva\/izrael-zatrazio-od-hamasa-oslobadanje-zarobljenika\/"},"author":{"name":"bosniak","@id":"https:\/\/sandzakpress.net\/arhiva\/#\/schema\/person\/c8baee722073534b583ea7bdb2e36c02"},"headline":"Izrael zatra\u017eio od Hamasa osloba\u0111anje zarobljenika","datePublished":"2015-07-08T22:02:25+00:00","mainEntityOfPage":{"@id":"https:\/\/sandzakpress.net\/arhiva\/izrael-zatrazio-od-hamasa-oslobadanje-zarobljenika\/"},"wordCount":406,"commentCount":0,"publisher":{"@id":"https:\/\/sandzakpress.net\/arhiva\/#\/schema\/person\/6e72b67d6e51910a1117b3b483ba20bd"},"image":{"@id":"https:\/\/sandzakpress.net\/arhiva\/izrael-zatrazio-od-hamasa-oslobadanje-zarobljenika\/#primaryimage"},"thumbnailUrl":"https:\/\/sandzakpress.net\/arhiva\/wp-content\/uploads\/2015\/07\/hamas.jpg","articleSection":["Islamski svijet","NAJNOVIJE","VA\u017dNO!"],"inLanguage":"bs-BA","potentialAction":[{"@type":"CommentAction","name":"Comment","target":["https:\/\/sandzakpress.net\/arhiva\/izrael-zatrazio-od-hamasa-oslobadanje-zarobljenika\/#respond"]}]},{"@type":"WebPage","@id":"https:\/\/sandzakpress.net\/arhiva\/izrael-zatrazio-od-hamasa-oslobadanje-zarobljenika\/","url":"https:\/\/sandzakpress.net\/arhiva\/izrael-zatrazio-od-hamasa-oslobadanje-zarobljenika\/","name":"Izrael zatra\u017eio od Hamasa osloba\u0111anje zarobljenika","isPartOf":{"@id":"https:\/\/sandzakpress.net\/arhiva\/#website"},"primaryImageOfPage":{"@id":"https:\/\/sandzakpress.net\/arhiva\/izrael-zatrazio-od-hamasa-oslobadanje-zarobljenika\/#primaryimage"},"image":{"@id":"https:\/\/sandzakpress.net\/arhiva\/izrael-zatrazio-od-hamasa-oslobadanje-zarobljenika\/#primaryimage"},"thumbnailUrl":"https:\/\/sandzakpress.net\/arhiva\/wp-content\/uploads\/2015\/07\/hamas.jpg","datePublished":"2015-07-08T22:02:25+00:00","breadcrumb":{"@id":"https:\/\/sandzakpress.net\/arhiva\/izrael-zatrazio-od-hamasa-oslobadanje-zarobljenika\/#breadcrumb"},"inLanguage":"bs-BA","potentialAction":[{"@type":"ReadAction","target":["https:\/\/sandzakpress.net\/arhiva\/izrael-zatrazio-od-hamasa-oslobadanje-zarobljenika\/"]}]},{"@type":"ImageObject","inLanguage":"bs-BA","@id":"https:\/\/sandzakpress.net\/arhiva\/izrael-zatrazio-od-hamasa-oslobadanje-zarobljenika\/#primaryimage","url":"https:\/\/sandzakpress.net\/arhiva\/wp-content\/uploads\/2015\/07\/hamas.jpg","contentUrl":"https:\/\/sandzakpress.net\/arhiva\/wp-content\/uploads\/2015\/07\/hamas.jpg","width":600,"height":337},{"@type":"BreadcrumbList","@id":"https:\/\/sandzakpress.net\/arhiva\/izrael-zatrazio-od-hamasa-oslobadanje-zarobljenika\/#breadcrumb","itemListElement":[{"@type":"ListItem","position":1,"name":"Home","item":"https:\/\/sandzakpress.net\/arhiva\/"},{"@type":"ListItem","position":2,"name":"Izrael zatra\u017eio od Hamasa osloba\u0111anje zarobljenika"}]},{"@type":"WebSite","@id":"https:\/\/sandzakpress.net\/arhiva\/#website","url":"https:\/\/sandzakpress.net\/arhiva\/","name":"Sand\u017eak PRESS","description":"Prve elektronske novine u Sand\u017eaku","publisher":{"@id":"https:\/\/sandzakpress.net\/arhiva\/#\/schema\/person\/6e72b67d6e51910a1117b3b483ba20bd"},"potentialAction":[{"@type":"SearchAction","target":{"@type":"EntryPoint","urlTemplate":"https:\/\/sandzakpress.net\/arhiva\/?s={search_term_string}"},"query-input":{"@type":"PropertyValueSpecification","valueRequired":true,"valueName":"search_term_string"}}],"inLanguage":"bs-BA"},{"@type":["Person","Organization"],"@id":"https:\/\/sandzakpress.net\/arhiva\/#\/schema\/person\/6e72b67d6e51910a1117b3b483ba20bd","name":"Kul","image":{"@type":"ImageObject","inLanguage":"bs-BA","@id":"https:\/\/sandzakpress.net\/arhiva\/#\/schema\/person\/image\/","url":"https:\/\/secure.gravatar.com\/avatar\/42263f39aa27ac04c43cab85c280eb2e?s=96&d=mm&r=pg","contentUrl":"https:\/\/secure.gravatar.com\/avatar\/42263f39aa27ac04c43cab85c280eb2e?s=96&d=mm&r=pg","caption":"Kul"},"logo":{"@id":"https:\/\/sandzakpress.net\/arhiva\/#\/schema\/person\/image\/"}},{"@type":"Person","@id":"https:\/\/sandzakpress.net\/arhiva\/#\/schema\/person\/c8baee722073534b583ea7bdb2e36c02","name":"bosniak","image":{"@type":"ImageObject","inLanguage":"bs-BA","@id":"https:\/\/sandzakpress.net\/arhiva\/#\/schema\/person\/image\/","url":"https:\/\/secure.gravatar.com\/avatar\/a04fd330bfe3a36a72a0ad4a6d89fca7?s=96&d=mm&r=pg","contentUrl":"https:\/\/secure.gravatar.com\/avatar\/a04fd330bfe3a36a72a0ad4a6d89fca7?s=96&d=mm&r=pg","caption":"bosniak"},"url":"https:\/\/sandzakpress.net\/arhiva\/author\/bosniak\/"}]}},"_links":{"self":[{"href":"https:\/\/sandzakpress.net\/arhiva\/wp-json\/wp\/v2\/posts\/130874"}],"collection":[{"href":"https:\/\/sandzakpress.net\/arhiva\/wp-json\/wp\/v2\/posts"}],"about":[{"href":"https:\/\/sandzakpress.net\/arhiva\/wp-json\/wp\/v2\/types\/post"}],"author":[{"embeddable":true,"href":"https:\/\/sandzakpress.net\/arhiva\/wp-json\/wp\/v2\/users\/83"}],"replies":[{"embeddable":true,"href":"https:\/\/sandzakpress.net\/arhiva\/wp-json\/wp\/v2\/comments?post=130874"}],"version-history":[{"count":0,"href":"https:\/\/sandzakpress.net\/arhiva\/wp-json\/wp\/v2\/posts\/130874\/revisions"}],"wp:featuredmedia":[{"embeddable":true,"href":"https:\/\/sandzakpress.net\/arhiva\/wp-json\/wp\/v2\/media\/130875"}],"wp:attachment":[{"href":"https:\/\/sandzakpress.net\/arhiva\/wp-json\/wp\/v2\/media?parent=130874"}],"wp:term":[{"taxonomy":"category","embeddable":true,"href":"https:\/\/sandzakpress.net\/arhiva\/wp-json\/wp\/v2\/categories?post=130874"},{"taxonomy":"post_tag","embeddable":true,"href":"https:\/\/sandzakpress.net\/arhiva\/wp-json\/wp\/v2\/tags?post=130874"}],"curies":[{"name":"wp","href":"https:\/\/api.w.org\/{rel}","templated":true}]}}