{"id":130776,"date":"2015-07-07T11:58:32","date_gmt":"2015-07-07T09:58:32","guid":{"rendered":"https:\/\/sandzakpress.net\/arhiva\/?p=130776"},"modified":"2015-07-07T11:58:32","modified_gmt":"2015-07-07T09:58:32","slug":"palestinski-krscanin-budi-muslimane-na-sehur","status":"publish","type":"post","link":"https:\/\/sandzakpress.net\/arhiva\/palestinski-krscanin-budi-muslimane-na-sehur\/","title":{"rendered":"Palestinski kr\u0161\u0107anin budi muslimane na sehur"},"content":{"rendered":"<p><strong>Svijet &#8211; Michael Ayoub je palestinski kr\u0161\u0107anin koji ve\u0107 12 godina tokom ramazana dobrovoljno budi kom\u0161ije muslimane na sehur, objed pred po\u010detak dnevnog posta.<\/strong><\/p>\n<p><iframe loading=\"lazy\" title=\"Kr\u0161\u0107anin budi muslimane na sehur\" width=\"696\" height=\"392\" src=\"https:\/\/www.youtube.com\/embed\/UJmBcs2pIx0?feature=oembed\" frameborder=\"0\" allow=\"accelerometer; autoplay; encrypted-media; gyroscope; picture-in-picture\" allowfullscreen><\/iframe><\/p>\n<p>Ovaj \u010dovjek iz grada Akka ka\u017ee da je sretan zbog toga jer se ve\u0107 stolje\u0107ima ukazuje na povezanost arapskih stanovnika muslimana i kr\u0161\u0107ana.<\/p>\n<p>&#8220;Dolaskom mjeseca ramazana, svake godine, pripremam se za ovu priliku. To zanimanje je veoma te\u0161ko, jer zahtijeva veoma rano bu\u0111enje. Ipak, rano ustajanje poma\u017ee zdravlju&#8221;, rekao je Michael Ayoub.<\/p>\n<p>Tradicionalnu odje\u0107u koju obla\u010di za ovu namjenu je posebno sa\u0161ila njegova sestra.<\/p>\n<p>&#8220;\u010cinjenica da ja kao kr\u0161\u0107anin budim bra\u0107u muslimane na sehur pri\u010dinjava mi zadovoljstvo. Hvala Bogu, \u010dasni ramazan vidim kao zajedni\u010dki mjesec, nije va\u017eno o kojoj vjeri je rije\u010d&#8221;, dodao je Ayoub.<\/p>\n<p>Ramazan kao simbol bratstva<\/p>\n<p>Za njega mjesec ramazan predstavlja simbol pobjede, simbol bratstva, jer sara\u0111uje s bra\u0107om muslimanima. Ramazan je mjesec ispita za svakog muslimana, \u010dak i za svakog kr\u0161\u0107anina, navodi Michael Ayoub.<\/p>\n<p>Tokom ovog mjeseca osje\u0107aji su pomije\u0161ani. &#8220;Kada bra\u0107u muslimane budim na sehur, ve\u0107ina se odazove, a iz nekih ku\u0107a nema nikakvog odgovora, iako bi se trebali odazvati&#8221;, komentari\u0161e Ayoub.<\/p>\n<p>Njegova poruka je da me\u0111u ljudima trebaju vladati sloga, ljubav, mir i iskrena vjera. Sve te pozitivne stvari donosi ramazan.<\/p>\n<p>Izvor: Al Jazeera<\/p>\n","protected":false},"excerpt":{"rendered":"<p>Svijet &#8211; Michael Ayoub je palestinski kr\u0161\u0107anin koji ve\u0107 12 godina tokom ramazana dobrovoljno budi kom\u0161ije muslimane na sehur, objed pred po\u010detak dnevnog posta. Ovaj \u010dovjek iz grada Akka ka\u017ee da je sretan zbog toga jer se ve\u0107 stolje\u0107ima ukazuje na povezanost arapskih stanovnika muslimana i kr\u0161\u0107ana. &#8220;Dolaskom mjeseca ramazana, svake godine, pripremam se za [&hellip;]<\/p>\n","protected":false},"author":83,"featured_media":130777,"comment_status":"open","ping_status":"open","sticky":false,"template":"","format":"standard","meta":{"footnotes":""},"categories":[802],"tags":[10249],"class_list":{"0":"post-130776","1":"post","2":"type-post","3":"status-publish","4":"format-standard","5":"has-post-thumbnail","7":"category-islamska_zajednica","8":"tag-palestina"},"yoast_head":"<!-- This site is optimized with the Yoast SEO Premium plugin v23.1 (Yoast SEO v24.9) - https:\/\/yoast.com\/wordpress\/plugins\/seo\/ -->\n<title>Palestinski kr\u0161\u0107anin budi muslimane na sehur<\/title>\n<meta name=\"robots\" content=\"index, follow, max-snippet:-1, max-image-preview:large, max-video-preview:-1\" \/>\n<link rel=\"canonical\" href=\"https:\/\/sandzakpress.net\/arhiva\/palestinski-krscanin-budi-muslimane-na-sehur\/\" \/>\n<meta property=\"og:locale\" content=\"bs_BA\" \/>\n<meta property=\"og:type\" content=\"article\" \/>\n<meta property=\"og:title\" content=\"Palestinski kr\u0161\u0107anin budi muslimane na sehur\" \/>\n<meta property=\"og:description\" content=\"Svijet &#8211; Michael Ayoub je palestinski kr\u0161\u0107anin koji ve\u0107 12 godina tokom ramazana dobrovoljno budi kom\u0161ije muslimane na sehur, objed pred po\u010detak dnevnog posta. Ovaj \u010dovjek iz grada Akka ka\u017ee da je sretan zbog toga jer se ve\u0107 stolje\u0107ima ukazuje na povezanost arapskih stanovnika muslimana i kr\u0161\u0107ana. &#8220;Dolaskom mjeseca ramazana, svake godine, pripremam se za [&hellip;]\" \/>\n<meta property=\"og:url\" content=\"https:\/\/sandzakpress.net\/arhiva\/palestinski-krscanin-budi-muslimane-na-sehur\/\" \/>\n<meta property=\"og:site_name\" content=\"Sand\u017eak PRESS\" \/>\n<meta property=\"article:published_time\" content=\"2015-07-07T09:58:32+00:00\" \/>\n<meta property=\"og:image\" content=\"https:\/\/sandzakpress.net\/arhiva\/wp-content\/uploads\/2015\/07\/08.jpg\" \/>\n\t<meta property=\"og:image:width\" content=\"480\" \/>\n\t<meta property=\"og:image:height\" content=\"360\" \/>\n\t<meta property=\"og:image:type\" content=\"image\/jpeg\" \/>\n<meta name=\"author\" content=\"bosniak\" \/>\n<meta name=\"twitter:card\" content=\"summary_large_image\" \/>\n<meta name=\"twitter:label1\" content=\"Written by\" \/>\n\t<meta name=\"twitter:data1\" content=\"bosniak\" \/>\n\t<meta name=\"twitter:label2\" content=\"Est. reading time\" \/>\n\t<meta name=\"twitter:data2\" content=\"1 minuta\" \/>\n<script type=\"application\/ld+json\" class=\"yoast-schema-graph\">{\"@context\":\"https:\/\/schema.org\",\"@graph\":[{\"@type\":\"Article\",\"@id\":\"https:\/\/sandzakpress.net\/arhiva\/palestinski-krscanin-budi-muslimane-na-sehur\/#article\",\"isPartOf\":{\"@id\":\"https:\/\/sandzakpress.net\/arhiva\/palestinski-krscanin-budi-muslimane-na-sehur\/\"},\"author\":{\"name\":\"bosniak\",\"@id\":\"https:\/\/sandzakpress.net\/arhiva\/#\/schema\/person\/c8baee722073534b583ea7bdb2e36c02\"},\"headline\":\"Palestinski kr\u0161\u0107anin budi muslimane na sehur\",\"datePublished\":\"2015-07-07T09:58:32+00:00\",\"mainEntityOfPage\":{\"@id\":\"https:\/\/sandzakpress.net\/arhiva\/palestinski-krscanin-budi-muslimane-na-sehur\/\"},\"wordCount\":242,\"commentCount\":7,\"publisher\":{\"@id\":\"https:\/\/sandzakpress.net\/arhiva\/#\/schema\/person\/6e72b67d6e51910a1117b3b483ba20bd\"},\"image\":{\"@id\":\"https:\/\/sandzakpress.net\/arhiva\/palestinski-krscanin-budi-muslimane-na-sehur\/#primaryimage\"},\"thumbnailUrl\":\"https:\/\/sandzakpress.net\/arhiva\/wp-content\/uploads\/2015\/07\/08.jpg\",\"keywords\":[\"Palestina\"],\"articleSection\":[\"Islamska zajednica\"],\"inLanguage\":\"bs-BA\",\"potentialAction\":[{\"@type\":\"CommentAction\",\"name\":\"Comment\",\"target\":[\"https:\/\/sandzakpress.net\/arhiva\/palestinski-krscanin-budi-muslimane-na-sehur\/#respond\"]}]},{\"@type\":\"WebPage\",\"@id\":\"https:\/\/sandzakpress.net\/arhiva\/palestinski-krscanin-budi-muslimane-na-sehur\/\",\"url\":\"https:\/\/sandzakpress.net\/arhiva\/palestinski-krscanin-budi-muslimane-na-sehur\/\",\"name\":\"Palestinski kr\u0161\u0107anin budi muslimane na sehur\",\"isPartOf\":{\"@id\":\"https:\/\/sandzakpress.net\/arhiva\/#website\"},\"primaryImageOfPage\":{\"@id\":\"https:\/\/sandzakpress.net\/arhiva\/palestinski-krscanin-budi-muslimane-na-sehur\/#primaryimage\"},\"image\":{\"@id\":\"https:\/\/sandzakpress.net\/arhiva\/palestinski-krscanin-budi-muslimane-na-sehur\/#primaryimage\"},\"thumbnailUrl\":\"https:\/\/sandzakpress.net\/arhiva\/wp-content\/uploads\/2015\/07\/08.jpg\",\"datePublished\":\"2015-07-07T09:58:32+00:00\",\"breadcrumb\":{\"@id\":\"https:\/\/sandzakpress.net\/arhiva\/palestinski-krscanin-budi-muslimane-na-sehur\/#breadcrumb\"},\"inLanguage\":\"bs-BA\",\"potentialAction\":[{\"@type\":\"ReadAction\",\"target\":[\"https:\/\/sandzakpress.net\/arhiva\/palestinski-krscanin-budi-muslimane-na-sehur\/\"]}]},{\"@type\":\"ImageObject\",\"inLanguage\":\"bs-BA\",\"@id\":\"https:\/\/sandzakpress.net\/arhiva\/palestinski-krscanin-budi-muslimane-na-sehur\/#primaryimage\",\"url\":\"https:\/\/sandzakpress.net\/arhiva\/wp-content\/uploads\/2015\/07\/08.jpg\",\"contentUrl\":\"https:\/\/sandzakpress.net\/arhiva\/wp-content\/uploads\/2015\/07\/08.jpg\",\"width\":480,\"height\":360},{\"@type\":\"BreadcrumbList\",\"@id\":\"https:\/\/sandzakpress.net\/arhiva\/palestinski-krscanin-budi-muslimane-na-sehur\/#breadcrumb\",\"itemListElement\":[{\"@type\":\"ListItem\",\"position\":1,\"name\":\"Home\",\"item\":\"https:\/\/sandzakpress.net\/arhiva\/\"},{\"@type\":\"ListItem\",\"position\":2,\"name\":\"Palestinski kr\u0161\u0107anin budi muslimane na sehur\"}]},{\"@type\":\"WebSite\",\"@id\":\"https:\/\/sandzakpress.net\/arhiva\/#website\",\"url\":\"https:\/\/sandzakpress.net\/arhiva\/\",\"name\":\"Sand\u017eak PRESS\",\"description\":\"Prve elektronske novine u Sand\u017eaku\",\"publisher\":{\"@id\":\"https:\/\/sandzakpress.net\/arhiva\/#\/schema\/person\/6e72b67d6e51910a1117b3b483ba20bd\"},\"potentialAction\":[{\"@type\":\"SearchAction\",\"target\":{\"@type\":\"EntryPoint\",\"urlTemplate\":\"https:\/\/sandzakpress.net\/arhiva\/?s={search_term_string}\"},\"query-input\":{\"@type\":\"PropertyValueSpecification\",\"valueRequired\":true,\"valueName\":\"search_term_string\"}}],\"inLanguage\":\"bs-BA\"},{\"@type\":[\"Person\",\"Organization\"],\"@id\":\"https:\/\/sandzakpress.net\/arhiva\/#\/schema\/person\/6e72b67d6e51910a1117b3b483ba20bd\",\"name\":\"Kul\",\"image\":{\"@type\":\"ImageObject\",\"inLanguage\":\"bs-BA\",\"@id\":\"https:\/\/sandzakpress.net\/arhiva\/#\/schema\/person\/image\/\",\"url\":\"https:\/\/secure.gravatar.com\/avatar\/42263f39aa27ac04c43cab85c280eb2e?s=96&d=mm&r=pg\",\"contentUrl\":\"https:\/\/secure.gravatar.com\/avatar\/42263f39aa27ac04c43cab85c280eb2e?s=96&d=mm&r=pg\",\"caption\":\"Kul\"},\"logo\":{\"@id\":\"https:\/\/sandzakpress.net\/arhiva\/#\/schema\/person\/image\/\"}},{\"@type\":\"Person\",\"@id\":\"https:\/\/sandzakpress.net\/arhiva\/#\/schema\/person\/c8baee722073534b583ea7bdb2e36c02\",\"name\":\"bosniak\",\"image\":{\"@type\":\"ImageObject\",\"inLanguage\":\"bs-BA\",\"@id\":\"https:\/\/sandzakpress.net\/arhiva\/#\/schema\/person\/image\/\",\"url\":\"https:\/\/secure.gravatar.com\/avatar\/a04fd330bfe3a36a72a0ad4a6d89fca7?s=96&d=mm&r=pg\",\"contentUrl\":\"https:\/\/secure.gravatar.com\/avatar\/a04fd330bfe3a36a72a0ad4a6d89fca7?s=96&d=mm&r=pg\",\"caption\":\"bosniak\"},\"url\":\"https:\/\/sandzakpress.net\/arhiva\/author\/bosniak\/\"}]}<\/script>\n<!-- \/ Yoast SEO Premium plugin. -->","yoast_head_json":{"title":"Palestinski kr\u0161\u0107anin budi muslimane na sehur","robots":{"index":"index","follow":"follow","max-snippet":"max-snippet:-1","max-image-preview":"max-image-preview:large","max-video-preview":"max-video-preview:-1"},"canonical":"https:\/\/sandzakpress.net\/arhiva\/palestinski-krscanin-budi-muslimane-na-sehur\/","og_locale":"bs_BA","og_type":"article","og_title":"Palestinski kr\u0161\u0107anin budi muslimane na sehur","og_description":"Svijet &#8211; Michael Ayoub je palestinski kr\u0161\u0107anin koji ve\u0107 12 godina tokom ramazana dobrovoljno budi kom\u0161ije muslimane na sehur, objed pred po\u010detak dnevnog posta. Ovaj \u010dovjek iz grada Akka ka\u017ee da je sretan zbog toga jer se ve\u0107 stolje\u0107ima ukazuje na povezanost arapskih stanovnika muslimana i kr\u0161\u0107ana. &#8220;Dolaskom mjeseca ramazana, svake godine, pripremam se za [&hellip;]","og_url":"https:\/\/sandzakpress.net\/arhiva\/palestinski-krscanin-budi-muslimane-na-sehur\/","og_site_name":"Sand\u017eak PRESS","article_published_time":"2015-07-07T09:58:32+00:00","og_image":[{"width":480,"height":360,"url":"https:\/\/sandzakpress.net\/arhiva\/wp-content\/uploads\/2015\/07\/08.jpg","type":"image\/jpeg"}],"author":"bosniak","twitter_card":"summary_large_image","twitter_misc":{"Written by":"bosniak","Est. reading time":"1 minuta"},"schema":{"@context":"https:\/\/schema.org","@graph":[{"@type":"Article","@id":"https:\/\/sandzakpress.net\/arhiva\/palestinski-krscanin-budi-muslimane-na-sehur\/#article","isPartOf":{"@id":"https:\/\/sandzakpress.net\/arhiva\/palestinski-krscanin-budi-muslimane-na-sehur\/"},"author":{"name":"bosniak","@id":"https:\/\/sandzakpress.net\/arhiva\/#\/schema\/person\/c8baee722073534b583ea7bdb2e36c02"},"headline":"Palestinski kr\u0161\u0107anin budi muslimane na sehur","datePublished":"2015-07-07T09:58:32+00:00","mainEntityOfPage":{"@id":"https:\/\/sandzakpress.net\/arhiva\/palestinski-krscanin-budi-muslimane-na-sehur\/"},"wordCount":242,"commentCount":7,"publisher":{"@id":"https:\/\/sandzakpress.net\/arhiva\/#\/schema\/person\/6e72b67d6e51910a1117b3b483ba20bd"},"image":{"@id":"https:\/\/sandzakpress.net\/arhiva\/palestinski-krscanin-budi-muslimane-na-sehur\/#primaryimage"},"thumbnailUrl":"https:\/\/sandzakpress.net\/arhiva\/wp-content\/uploads\/2015\/07\/08.jpg","keywords":["Palestina"],"articleSection":["Islamska zajednica"],"inLanguage":"bs-BA","potentialAction":[{"@type":"CommentAction","name":"Comment","target":["https:\/\/sandzakpress.net\/arhiva\/palestinski-krscanin-budi-muslimane-na-sehur\/#respond"]}]},{"@type":"WebPage","@id":"https:\/\/sandzakpress.net\/arhiva\/palestinski-krscanin-budi-muslimane-na-sehur\/","url":"https:\/\/sandzakpress.net\/arhiva\/palestinski-krscanin-budi-muslimane-na-sehur\/","name":"Palestinski kr\u0161\u0107anin budi muslimane na sehur","isPartOf":{"@id":"https:\/\/sandzakpress.net\/arhiva\/#website"},"primaryImageOfPage":{"@id":"https:\/\/sandzakpress.net\/arhiva\/palestinski-krscanin-budi-muslimane-na-sehur\/#primaryimage"},"image":{"@id":"https:\/\/sandzakpress.net\/arhiva\/palestinski-krscanin-budi-muslimane-na-sehur\/#primaryimage"},"thumbnailUrl":"https:\/\/sandzakpress.net\/arhiva\/wp-content\/uploads\/2015\/07\/08.jpg","datePublished":"2015-07-07T09:58:32+00:00","breadcrumb":{"@id":"https:\/\/sandzakpress.net\/arhiva\/palestinski-krscanin-budi-muslimane-na-sehur\/#breadcrumb"},"inLanguage":"bs-BA","potentialAction":[{"@type":"ReadAction","target":["https:\/\/sandzakpress.net\/arhiva\/palestinski-krscanin-budi-muslimane-na-sehur\/"]}]},{"@type":"ImageObject","inLanguage":"bs-BA","@id":"https:\/\/sandzakpress.net\/arhiva\/palestinski-krscanin-budi-muslimane-na-sehur\/#primaryimage","url":"https:\/\/sandzakpress.net\/arhiva\/wp-content\/uploads\/2015\/07\/08.jpg","contentUrl":"https:\/\/sandzakpress.net\/arhiva\/wp-content\/uploads\/2015\/07\/08.jpg","width":480,"height":360},{"@type":"BreadcrumbList","@id":"https:\/\/sandzakpress.net\/arhiva\/palestinski-krscanin-budi-muslimane-na-sehur\/#breadcrumb","itemListElement":[{"@type":"ListItem","position":1,"name":"Home","item":"https:\/\/sandzakpress.net\/arhiva\/"},{"@type":"ListItem","position":2,"name":"Palestinski kr\u0161\u0107anin budi muslimane na sehur"}]},{"@type":"WebSite","@id":"https:\/\/sandzakpress.net\/arhiva\/#website","url":"https:\/\/sandzakpress.net\/arhiva\/","name":"Sand\u017eak PRESS","description":"Prve elektronske novine u Sand\u017eaku","publisher":{"@id":"https:\/\/sandzakpress.net\/arhiva\/#\/schema\/person\/6e72b67d6e51910a1117b3b483ba20bd"},"potentialAction":[{"@type":"SearchAction","target":{"@type":"EntryPoint","urlTemplate":"https:\/\/sandzakpress.net\/arhiva\/?s={search_term_string}"},"query-input":{"@type":"PropertyValueSpecification","valueRequired":true,"valueName":"search_term_string"}}],"inLanguage":"bs-BA"},{"@type":["Person","Organization"],"@id":"https:\/\/sandzakpress.net\/arhiva\/#\/schema\/person\/6e72b67d6e51910a1117b3b483ba20bd","name":"Kul","image":{"@type":"ImageObject","inLanguage":"bs-BA","@id":"https:\/\/sandzakpress.net\/arhiva\/#\/schema\/person\/image\/","url":"https:\/\/secure.gravatar.com\/avatar\/42263f39aa27ac04c43cab85c280eb2e?s=96&d=mm&r=pg","contentUrl":"https:\/\/secure.gravatar.com\/avatar\/42263f39aa27ac04c43cab85c280eb2e?s=96&d=mm&r=pg","caption":"Kul"},"logo":{"@id":"https:\/\/sandzakpress.net\/arhiva\/#\/schema\/person\/image\/"}},{"@type":"Person","@id":"https:\/\/sandzakpress.net\/arhiva\/#\/schema\/person\/c8baee722073534b583ea7bdb2e36c02","name":"bosniak","image":{"@type":"ImageObject","inLanguage":"bs-BA","@id":"https:\/\/sandzakpress.net\/arhiva\/#\/schema\/person\/image\/","url":"https:\/\/secure.gravatar.com\/avatar\/a04fd330bfe3a36a72a0ad4a6d89fca7?s=96&d=mm&r=pg","contentUrl":"https:\/\/secure.gravatar.com\/avatar\/a04fd330bfe3a36a72a0ad4a6d89fca7?s=96&d=mm&r=pg","caption":"bosniak"},"url":"https:\/\/sandzakpress.net\/arhiva\/author\/bosniak\/"}]}},"_links":{"self":[{"href":"https:\/\/sandzakpress.net\/arhiva\/wp-json\/wp\/v2\/posts\/130776"}],"collection":[{"href":"https:\/\/sandzakpress.net\/arhiva\/wp-json\/wp\/v2\/posts"}],"about":[{"href":"https:\/\/sandzakpress.net\/arhiva\/wp-json\/wp\/v2\/types\/post"}],"author":[{"embeddable":true,"href":"https:\/\/sandzakpress.net\/arhiva\/wp-json\/wp\/v2\/users\/83"}],"replies":[{"embeddable":true,"href":"https:\/\/sandzakpress.net\/arhiva\/wp-json\/wp\/v2\/comments?post=130776"}],"version-history":[{"count":0,"href":"https:\/\/sandzakpress.net\/arhiva\/wp-json\/wp\/v2\/posts\/130776\/revisions"}],"wp:featuredmedia":[{"embeddable":true,"href":"https:\/\/sandzakpress.net\/arhiva\/wp-json\/wp\/v2\/media\/130777"}],"wp:attachment":[{"href":"https:\/\/sandzakpress.net\/arhiva\/wp-json\/wp\/v2\/media?parent=130776"}],"wp:term":[{"taxonomy":"category","embeddable":true,"href":"https:\/\/sandzakpress.net\/arhiva\/wp-json\/wp\/v2\/categories?post=130776"},{"taxonomy":"post_tag","embeddable":true,"href":"https:\/\/sandzakpress.net\/arhiva\/wp-json\/wp\/v2\/tags?post=130776"}],"curies":[{"name":"wp","href":"https:\/\/api.w.org\/{rel}","templated":true}]}}